{"id":1395,"date":"2016-10-31T18:28:14","date_gmt":"2016-11-01T00:28:14","guid":{"rendered":"https:\/\/prensalibre-com-develop.go-vip.co\/guatevision\/?p=1395"},"modified":"2016-10-31T18:35:27","modified_gmt":"2016-11-01T00:35:27","slug":"mineduc-nombra-director-interino-para-digef","status":"publish","type":"post","link":"https:\/\/prensalibre-com-develop.go-vip.co\/guatevision\/historico\/mineduc-nombra-director-interino-para-digef","title":{"rendered":"Mineduc nombra director interino para Digef"},"content":{"rendered":"<p style=\"text-align: justify;\">Marco Antonio V\u00e9lez, subdirector Administrativo de la Direcci\u00f3n General de Educaci\u00f3n F\u00edsica\u00a0-Digef- asumir\u00e1 de forma interina la Direcci\u00f3n General de dicha dependencia, para garantizar la continuidad del\u00a0trabajo de la Digef.<\/p>\n<p style=\"text-align: justify;\">Las autoridades del Ministerio de Educaci\u00f3n indicaron estar a disposici\u00f3n del Ministerio P\u00fablico, en torno al proceso legal\u00a0que se desarrolla contra Enrique Jos\u00e9 Escobar Sol\u00f3rzano, Director General de Educaci\u00f3n F\u00edsica. Las instrucciones giradas van entorno a brindar informaci\u00f3n y documentos que la fiscal\u00eda solicite.<\/p>\n\n<ul>\n<li>\n<h4>Con informaci\u00f3n de Betzi Vasquez.<\/h4>\n<\/li>\n<\/ul>\n<p>&nbsp;<\/p>\n","protected":false},"excerpt":{"rendered":"<p>Autoridades del Ministerio de Educaci\u00f3n indicaron estar a disposici\u00f3n del MP, en torno al proceso legal que se desarrolla contra el Director de Digef.<\/p>\n","protected":false},"author":218,"featured_media":1408,"comment_status":"open","ping_status":"open","sticky":false,"template":"","format":"standard","meta":{"_jetpack_memberships_contains_paid_content":false,"footnotes":""},"categories":[],"etiqueta":[],"class_list":["post-1395","post","type-post","status-publish","format-standard","has-post-thumbnail","hentry"],"yoast_head":"<!-- This site is optimized with the Yoast SEO plugin v23.9 - https:\/\/yoast.com\/wordpress\/plugins\/seo\/ -->\n<title>Mineduc nombra director interino para Digef<\/title>\n<meta name=\"description\" content=\"Autoridades del Ministerio de Educaci\u00f3n indicaron estar a disposici\u00f3n del MP, en torno al proceso legal que se desarrolla contra el Director de Digef.\" \/>\n<meta name=\"robots\" content=\"index, follow, max-snippet:-1, max-image-preview:large, max-video-preview:-1\" \/>\n<link rel=\"canonical\" href=\"https:\/\/prensalibre-com-develop.go-vip.co\/guatevision\/historico\/mineduc-nombra-director-interino-para-digef\" \/>\n<meta property=\"og:locale\" content=\"es_ES\" \/>\n<meta property=\"og:type\" content=\"article\" \/>\n<meta property=\"og:title\" content=\"Mineduc nombra director interino para Digef\" \/>\n<meta property=\"og:description\" content=\"Autoridades del Ministerio de Educaci\u00f3n indicaron estar a disposici\u00f3n del MP, en torno al proceso legal que se desarrolla contra el Director de Digef.\" \/>\n<meta property=\"og:url\" content=\"https:\/\/prensalibre-com-develop.go-vip.co\/guatevision\/historico\/mineduc-nombra-director-interino-para-digef\" \/>\n<meta property=\"og:site_name\" content=\"Guatevision\" \/>\n<meta property=\"article:published_time\" content=\"2016-11-01T00:28:14+00:00\" \/>\n<meta property=\"article:modified_time\" content=\"2016-11-01T00:35:27+00:00\" \/>\n<meta property=\"og:image\" content=\"https:\/\/prensalibre-com-develop.go-vip.co\/guatevision\/wp-content\/uploads\/sites\/2\/2016\/10\/Fachad-DIGEF-6.jpg?quality=82\" \/>\n\t<meta property=\"og:image:width\" content=\"448\" \/>\n\t<meta property=\"og:image:height\" content=\"299\" \/>\n\t<meta property=\"og:image:type\" content=\"image\/jpeg\" \/>\n<meta name=\"author\" content=\"Redacci\u00f3n Guatevisi\u00f3n\" \/>\n<meta name=\"twitter:card\" content=\"summary_large_image\" \/>\n<meta name=\"twitter:label1\" content=\"Written by\" \/>\n\t<meta name=\"twitter:data1\" content=\"Redacci\u00f3n Guatevisi\u00f3n\" \/>\n<script type=\"application\/ld+json\" class=\"yoast-schema-graph\">{\"@context\":\"https:\/\/schema.org\",\"@graph\":[{\"@type\":\"Article\",\"@id\":\"https:\/\/prensalibre-com-develop.go-vip.co\/guatevision\/historico\/mineduc-nombra-director-interino-para-digef#article\",\"isPartOf\":{\"@id\":\"https:\/\/prensalibre-com-develop.go-vip.co\/guatevision\/historico\/mineduc-nombra-director-interino-para-digef\"},\"author\":{\"name\":\"Redacci\u00f3n Guatevisi\u00f3n\",\"@id\":\"https:\/\/prensalibre-com-develop.go-vip.co\/guatevision\/#\/schema\/person\/7c26ea5ceee1b7266a573b2125e1c2aa\"},\"headline\":\"Mineduc nombra director interino para Digef\",\"datePublished\":\"2016-11-01T00:28:14+00:00\",\"dateModified\":\"2016-11-01T00:35:27+00:00\",\"mainEntityOfPage\":{\"@id\":\"https:\/\/prensalibre-com-develop.go-vip.co\/guatevision\/historico\/mineduc-nombra-director-interino-para-digef\"},\"wordCount\":103,\"commentCount\":0,\"publisher\":{\"@id\":\"https:\/\/prensalibre-com-develop.go-vip.co\/guatevision\/#organization\"},\"image\":{\"@id\":\"https:\/\/prensalibre-com-develop.go-vip.co\/guatevision\/historico\/mineduc-nombra-director-interino-para-digef#primaryimage\"},\"thumbnailUrl\":\"https:\/\/prensalibre-com-develop.go-vip.co\/guatevision\/wp-content\/uploads\/sites\/2\/2016\/10\/Fachad-DIGEF-6.jpg?quality=82\",\"keywords\":[\"DIGEF\",\"Educaci\u00f3n F\u00edsica\",\"MP\"],\"inLanguage\":\"es-GT\",\"potentialAction\":[{\"@type\":\"CommentAction\",\"name\":\"Comment\",\"target\":[\"https:\/\/prensalibre-com-develop.go-vip.co\/guatevision\/historico\/mineduc-nombra-director-interino-para-digef#respond\"]}]},{\"@type\":\"WebPage\",\"@id\":\"https:\/\/prensalibre-com-develop.go-vip.co\/guatevision\/historico\/mineduc-nombra-director-interino-para-digef\",\"url\":\"https:\/\/prensalibre-com-develop.go-vip.co\/guatevision\/historico\/mineduc-nombra-director-interino-para-digef\",\"name\":\"Mineduc nombra director interino para Digef\",\"isPartOf\":{\"@id\":\"https:\/\/prensalibre-com-develop.go-vip.co\/guatevision\/#website\"},\"primaryImageOfPage\":{\"@id\":\"https:\/\/prensalibre-com-develop.go-vip.co\/guatevision\/historico\/mineduc-nombra-director-interino-para-digef#primaryimage\"},\"image\":{\"@id\":\"https:\/\/prensalibre-com-develop.go-vip.co\/guatevision\/historico\/mineduc-nombra-director-interino-para-digef#primaryimage\"},\"thumbnailUrl\":\"https:\/\/prensalibre-com-develop.go-vip.co\/guatevision\/wp-content\/uploads\/sites\/2\/2016\/10\/Fachad-DIGEF-6.jpg?quality=82\",\"datePublished\":\"2016-11-01T00:28:14+00:00\",\"dateModified\":\"2016-11-01T00:35:27+00:00\",\"description\":\"Autoridades del Ministerio de Educaci\u00f3n indicaron estar a disposici\u00f3n del MP, en torno al proceso legal que se desarrolla contra el Director de Digef.\",\"inLanguage\":\"es-GT\",\"potentialAction\":[{\"@type\":\"ReadAction\",\"target\":[\"https:\/\/prensalibre-com-develop.go-vip.co\/guatevision\/historico\/mineduc-nombra-director-interino-para-digef\"]}]},{\"@type\":\"ImageObject\",\"inLanguage\":\"es-GT\",\"@id\":\"https:\/\/prensalibre-com-develop.go-vip.co\/guatevision\/historico\/mineduc-nombra-director-interino-para-digef#primaryimage\",\"url\":\"https:\/\/prensalibre-com-develop.go-vip.co\/guatevision\/wp-content\/uploads\/sites\/2\/2016\/10\/Fachad-DIGEF-6.jpg?quality=82\",\"contentUrl\":\"https:\/\/prensalibre-com-develop.go-vip.co\/guatevision\/wp-content\/uploads\/sites\/2\/2016\/10\/Fachad-DIGEF-6.jpg?quality=82\",\"width\":448,\"height\":299,\"caption\":\"Digef Guatevision\"},{\"@type\":\"WebSite\",\"@id\":\"https:\/\/prensalibre-com-develop.go-vip.co\/guatevision\/#website\",\"url\":\"https:\/\/prensalibre-com-develop.go-vip.co\/guatevision\/\",\"name\":\"Guatevision\",\"description\":\"\u00a1Enciende Lo Bueno!\",\"publisher\":{\"@id\":\"https:\/\/prensalibre-com-develop.go-vip.co\/guatevision\/#organization\"},\"potentialAction\":[{\"@type\":\"SearchAction\",\"target\":{\"@type\":\"EntryPoint\",\"urlTemplate\":\"https:\/\/prensalibre-com-develop.go-vip.co\/guatevision\/?s={search_term_string}\"},\"query-input\":{\"@type\":\"PropertyValueSpecification\",\"valueRequired\":true,\"valueName\":\"search_term_string\"}}],\"inLanguage\":\"es-GT\"},{\"@type\":\"Organization\",\"@id\":\"https:\/\/prensalibre-com-develop.go-vip.co\/guatevision\/#organization\",\"name\":\"Guatevision\",\"url\":\"https:\/\/prensalibre-com-develop.go-vip.co\/guatevision\/\",\"logo\":{\"@type\":\"ImageObject\",\"inLanguage\":\"es-GT\",\"@id\":\"https:\/\/prensalibre-com-develop.go-vip.co\/guatevision\/#\/schema\/logo\/image\/\",\"url\":\"https:\/\/prensalibre-com-develop.go-vip.co\/guatevision\/wp-content\/uploads\/sites\/2\/2026\/04\/Diseno-sin-titulo.png?quality=82\",\"contentUrl\":\"https:\/\/prensalibre-com-develop.go-vip.co\/guatevision\/wp-content\/uploads\/sites\/2\/2026\/04\/Diseno-sin-titulo.png?quality=82\",\"width\":1000,\"height\":600,\"caption\":\"Guatevision\"},\"image\":{\"@id\":\"https:\/\/prensalibre-com-develop.go-vip.co\/guatevision\/#\/schema\/logo\/image\/\"}},{\"@type\":\"Person\",\"@id\":\"https:\/\/prensalibre-com-develop.go-vip.co\/guatevision\/#\/schema\/person\/7c26ea5ceee1b7266a573b2125e1c2aa\",\"name\":\"Redacci\u00f3n Guatevisi\u00f3n\",\"image\":{\"@type\":\"ImageObject\",\"inLanguage\":\"es-GT\",\"@id\":\"https:\/\/prensalibre-com-develop.go-vip.co\/guatevision\/#\/schema\/person\/image\/6d36cd161df0dff3760fc313fe2275f7\",\"url\":\"https:\/\/secure.gravatar.com\/avatar\/30137a0ea5fbd7114184dc546048a84bb0a0138981443c3af84a9d824dffdd9b?s=96&d=mm&r=g\",\"contentUrl\":\"https:\/\/secure.gravatar.com\/avatar\/30137a0ea5fbd7114184dc546048a84bb0a0138981443c3af84a9d824dffdd9b?s=96&d=mm&r=g\",\"caption\":\"Redacci\u00f3n Guatevisi\u00f3n\"},\"url\":\"https:\/\/prensalibre-com-develop.go-vip.co\/guatevision\/author\/redacciongtv\"}]}<\/script>\n<!-- \/ Yoast SEO plugin. -->","yoast_head_json":{"title":"Mineduc nombra director interino para Digef","description":"Autoridades del Ministerio de Educaci\u00f3n indicaron estar a disposici\u00f3n del MP, en torno al proceso legal que se desarrolla contra el Director de Digef.","robots":{"index":"index","follow":"follow","max-snippet":"max-snippet:-1","max-image-preview":"max-image-preview:large","max-video-preview":"max-video-preview:-1"},"canonical":"https:\/\/prensalibre-com-develop.go-vip.co\/guatevision\/historico\/mineduc-nombra-director-interino-para-digef","og_locale":"es_ES","og_type":"article","og_title":"Mineduc nombra director interino para Digef","og_description":"Autoridades del Ministerio de Educaci\u00f3n indicaron estar a disposici\u00f3n del MP, en torno al proceso legal que se desarrolla contra el Director de Digef.","og_url":"https:\/\/prensalibre-com-develop.go-vip.co\/guatevision\/historico\/mineduc-nombra-director-interino-para-digef","og_site_name":"Guatevision","article_published_time":"2016-11-01T00:28:14+00:00","article_modified_time":"2016-11-01T00:35:27+00:00","og_image":[{"width":448,"height":299,"url":"https:\/\/prensalibre-com-develop.go-vip.co\/guatevision\/wp-content\/uploads\/sites\/2\/2016\/10\/Fachad-DIGEF-6.jpg?quality=82","type":"image\/jpeg"}],"author":"Redacci\u00f3n Guatevisi\u00f3n","twitter_card":"summary_large_image","twitter_misc":{"Written by":"Redacci\u00f3n Guatevisi\u00f3n"},"schema":{"@context":"https:\/\/schema.org","@graph":[{"@type":"Article","@id":"https:\/\/prensalibre-com-develop.go-vip.co\/guatevision\/historico\/mineduc-nombra-director-interino-para-digef#article","isPartOf":{"@id":"https:\/\/prensalibre-com-develop.go-vip.co\/guatevision\/historico\/mineduc-nombra-director-interino-para-digef"},"author":{"name":"Redacci\u00f3n Guatevisi\u00f3n","@id":"https:\/\/prensalibre-com-develop.go-vip.co\/guatevision\/#\/schema\/person\/7c26ea5ceee1b7266a573b2125e1c2aa"},"headline":"Mineduc nombra director interino para Digef","datePublished":"2016-11-01T00:28:14+00:00","dateModified":"2016-11-01T00:35:27+00:00","mainEntityOfPage":{"@id":"https:\/\/prensalibre-com-develop.go-vip.co\/guatevision\/historico\/mineduc-nombra-director-interino-para-digef"},"wordCount":103,"commentCount":0,"publisher":{"@id":"https:\/\/prensalibre-com-develop.go-vip.co\/guatevision\/#organization"},"image":{"@id":"https:\/\/prensalibre-com-develop.go-vip.co\/guatevision\/historico\/mineduc-nombra-director-interino-para-digef#primaryimage"},"thumbnailUrl":"https:\/\/prensalibre-com-develop.go-vip.co\/guatevision\/wp-content\/uploads\/sites\/2\/2016\/10\/Fachad-DIGEF-6.jpg?quality=82","keywords":["DIGEF","Educaci\u00f3n F\u00edsica","MP"],"inLanguage":"es-GT","potentialAction":[{"@type":"CommentAction","name":"Comment","target":["https:\/\/prensalibre-com-develop.go-vip.co\/guatevision\/historico\/mineduc-nombra-director-interino-para-digef#respond"]}]},{"@type":"WebPage","@id":"https:\/\/prensalibre-com-develop.go-vip.co\/guatevision\/historico\/mineduc-nombra-director-interino-para-digef","url":"https:\/\/prensalibre-com-develop.go-vip.co\/guatevision\/historico\/mineduc-nombra-director-interino-para-digef","name":"Mineduc nombra director interino para Digef","isPartOf":{"@id":"https:\/\/prensalibre-com-develop.go-vip.co\/guatevision\/#website"},"primaryImageOfPage":{"@id":"https:\/\/prensalibre-com-develop.go-vip.co\/guatevision\/historico\/mineduc-nombra-director-interino-para-digef#primaryimage"},"image":{"@id":"https:\/\/prensalibre-com-develop.go-vip.co\/guatevision\/historico\/mineduc-nombra-director-interino-para-digef#primaryimage"},"thumbnailUrl":"https:\/\/prensalibre-com-develop.go-vip.co\/guatevision\/wp-content\/uploads\/sites\/2\/2016\/10\/Fachad-DIGEF-6.jpg?quality=82","datePublished":"2016-11-01T00:28:14+00:00","dateModified":"2016-11-01T00:35:27+00:00","description":"Autoridades del Ministerio de Educaci\u00f3n indicaron estar a disposici\u00f3n del MP, en torno al proceso legal que se desarrolla contra el Director de Digef.","inLanguage":"es-GT","potentialAction":[{"@type":"ReadAction","target":["https:\/\/prensalibre-com-develop.go-vip.co\/guatevision\/historico\/mineduc-nombra-director-interino-para-digef"]}]},{"@type":"ImageObject","inLanguage":"es-GT","@id":"https:\/\/prensalibre-com-develop.go-vip.co\/guatevision\/historico\/mineduc-nombra-director-interino-para-digef#primaryimage","url":"https:\/\/prensalibre-com-develop.go-vip.co\/guatevision\/wp-content\/uploads\/sites\/2\/2016\/10\/Fachad-DIGEF-6.jpg?quality=82","contentUrl":"https:\/\/prensalibre-com-develop.go-vip.co\/guatevision\/wp-content\/uploads\/sites\/2\/2016\/10\/Fachad-DIGEF-6.jpg?quality=82","width":448,"height":299,"caption":"Digef Guatevision"},{"@type":"WebSite","@id":"https:\/\/prensalibre-com-develop.go-vip.co\/guatevision\/#website","url":"https:\/\/prensalibre-com-develop.go-vip.co\/guatevision\/","name":"Guatevision","description":"\u00a1Enciende Lo Bueno!","publisher":{"@id":"https:\/\/prensalibre-com-develop.go-vip.co\/guatevision\/#organization"},"potentialAction":[{"@type":"SearchAction","target":{"@type":"EntryPoint","urlTemplate":"https:\/\/prensalibre-com-develop.go-vip.co\/guatevision\/?s={search_term_string}"},"query-input":{"@type":"PropertyValueSpecification","valueRequired":true,"valueName":"search_term_string"}}],"inLanguage":"es-GT"},{"@type":"Organization","@id":"https:\/\/prensalibre-com-develop.go-vip.co\/guatevision\/#organization","name":"Guatevision","url":"https:\/\/prensalibre-com-develop.go-vip.co\/guatevision\/","logo":{"@type":"ImageObject","inLanguage":"es-GT","@id":"https:\/\/prensalibre-com-develop.go-vip.co\/guatevision\/#\/schema\/logo\/image\/","url":"https:\/\/prensalibre-com-develop.go-vip.co\/guatevision\/wp-content\/uploads\/sites\/2\/2026\/04\/Diseno-sin-titulo.png?quality=82","contentUrl":"https:\/\/prensalibre-com-develop.go-vip.co\/guatevision\/wp-content\/uploads\/sites\/2\/2026\/04\/Diseno-sin-titulo.png?quality=82","width":1000,"height":600,"caption":"Guatevision"},"image":{"@id":"https:\/\/prensalibre-com-develop.go-vip.co\/guatevision\/#\/schema\/logo\/image\/"}},{"@type":"Person","@id":"https:\/\/prensalibre-com-develop.go-vip.co\/guatevision\/#\/schema\/person\/7c26ea5ceee1b7266a573b2125e1c2aa","name":"Redacci\u00f3n Guatevisi\u00f3n","image":{"@type":"ImageObject","inLanguage":"es-GT","@id":"https:\/\/prensalibre-com-develop.go-vip.co\/guatevision\/#\/schema\/person\/image\/6d36cd161df0dff3760fc313fe2275f7","url":"https:\/\/secure.gravatar.com\/avatar\/30137a0ea5fbd7114184dc546048a84bb0a0138981443c3af84a9d824dffdd9b?s=96&d=mm&r=g","contentUrl":"https:\/\/secure.gravatar.com\/avatar\/30137a0ea5fbd7114184dc546048a84bb0a0138981443c3af84a9d824dffdd9b?s=96&d=mm&r=g","caption":"Redacci\u00f3n Guatevisi\u00f3n"},"url":"https:\/\/prensalibre-com-develop.go-vip.co\/guatevision\/author\/redacciongtv"}]}},"jetpack_featured_media_url":"https:\/\/prensalibre-com-develop.go-vip.co\/guatevision\/wp-content\/uploads\/sites\/2\/2016\/10\/Fachad-DIGEF-6.jpg?quality=82","jetpack_sharing_enabled":true,"_links":{"self":[{"href":"https:\/\/prensalibre-com-develop.go-vip.co\/guatevision\/wp-json\/wp\/v2\/posts\/1395","targetHints":{"allow":["GET"]}}],"collection":[{"href":"https:\/\/prensalibre-com-develop.go-vip.co\/guatevision\/wp-json\/wp\/v2\/posts"}],"about":[{"href":"https:\/\/prensalibre-com-develop.go-vip.co\/guatevision\/wp-json\/wp\/v2\/types\/post"}],"author":[{"embeddable":true,"href":"https:\/\/prensalibre-com-develop.go-vip.co\/guatevision\/wp-json\/wp\/v2\/users\/218"}],"replies":[{"embeddable":true,"href":"https:\/\/prensalibre-com-develop.go-vip.co\/guatevision\/wp-json\/wp\/v2\/comments?post=1395"}],"version-history":[{"count":0,"href":"https:\/\/prensalibre-com-develop.go-vip.co\/guatevision\/wp-json\/wp\/v2\/posts\/1395\/revisions"}],"wp:featuredmedia":[{"embeddable":true,"href":"https:\/\/prensalibre-com-develop.go-vip.co\/guatevision\/wp-json\/wp\/v2\/media\/1408"}],"wp:attachment":[{"href":"https:\/\/prensalibre-com-develop.go-vip.co\/guatevision\/wp-json\/wp\/v2\/media?parent=1395"}],"wp:term":[{"taxonomy":"category","embeddable":true,"href":"https:\/\/prensalibre-com-develop.go-vip.co\/guatevision\/wp-json\/wp\/v2\/categories?post=1395"},{"taxonomy":"etiqueta","embeddable":true,"href":"https:\/\/prensalibre-com-develop.go-vip.co\/guatevision\/wp-json\/wp\/v2\/etiqueta?post=1395"}],"curies":[{"name":"wp","href":"https:\/\/api.w.org\/{rel}","templated":true}]}}