{"id":145119,"date":"2018-01-21T08:39:27","date_gmt":"2018-01-21T14:39:27","guid":{"rendered":"https:\/\/prensalibre-com-develop.go-vip.co\/guatevision\/?p=145119"},"modified":"2018-01-21T08:39:27","modified_gmt":"2018-01-21T14:39:27","slug":"odebrecht-caso-manuel-baldizon","status":"publish","type":"post","link":"https:\/\/prensalibre-com-develop.go-vip.co\/guatevision\/historico\/odebrecht-caso-manuel-baldizon","title":{"rendered":"Odebrecht el caso contra Manuel Baldiz\u00f3n"},"content":{"rendered":"<p>El ex candidato presidencial del partido L\u00edder y exdiputado del Congreso fue detenido cuando intentaba ingresar a Estados Unidos de manera ilegal este s\u00e1bado, sin embargo el Ministerio P\u00fablico (MP) y la Comisi\u00f3n Internacional Contra la Impunidad (CICIG) le giraron una orden de captura acusado de al menos tres delitos por el caso Odebrecht.<\/p>\n<ul>\n<li>\n<h6>Tambi\u00e9n puede ver:\u00a0<a href=\"https:\/\/prensalibre-com-develop.go-vip.co\/guatevision\/2018\/01\/21\/ee-uu-captura-a-manuel-baldizon-oficialmente-sindicado-por-caso-odebrecht\/\" target=\"_blank\" rel=\"noopener\">EE.UU. captura a Manuel Baldiz\u00f3n, oficialmente sindicado por caso Odebrecht<\/a><\/h6>\n<\/li>\n<\/ul>\n<p>La constructora brasile\u00f1a Norberto Odebrecht ten\u00eda negocios en m\u00e1s de 12 pa\u00edses, entre ellos Guatemala, M\u00e9xico, Venezuela y el mismo Brasil, en los que hizo pagos corruptos por alrededor de US$439 millones \u2014Q3 mil 292.5 millones\u2014, con los cuales se garantizaba los proyectos que desarrollaban en los diferentes lugares.<\/p>\n\n<blockquote class=\"twitter-tweet\" data-width=\"500\" data-dnt=\"true\">\n<p lang=\"es\" dir=\"ltr\">Las dilencias de est\u00e9 s\u00e1bado en el que est\u00e1 involucrado el excandidato por el Partido LIDER Manuel Baldiz\u00f3n es por el caso <a href=\"https:\/\/twitter.com\/hashtag\/Odebrecht?src=hash&amp;ref_src=twsrc%5Etfw\">#Odebrecht<\/a><\/p>\n<p>&mdash; Ver\u00f3nica Orantes (@VeronicaOrants) <a href=\"https:\/\/twitter.com\/VeronicaOrants\/status\/955071851126054914?ref_src=twsrc%5Etfw\">January 21, 2018<\/a><\/p><\/blockquote>\n<p><script async src=\"https:\/\/platform.twitter.com\/widgets.js\" charset=\"utf-8\"><\/script><\/p>\n<ul>\n<li>\n<h6>Tambi\u00e9n puede ver:\u00a0<a href=\"https:\/\/prensalibre-com-develop.go-vip.co\/guatevision\/2017\/12\/17\/odebrecht-gigante-la-construccion-la-corrupcion\/\" target=\"_blank\" rel=\"noopener\">Odebrecht: un gigante de la construcci\u00f3n y la corrupci\u00f3n<\/a><\/h6>\n<\/li>\n<\/ul>\n<p>Entre las confesiones de los funcionarios de Odebrecht ante la justicia estadounidense, se conoci\u00f3 que la firma brasile\u00f1a habr\u00eda entregado sobornos por US$18 millones a pol\u00edticos y empresarios guatemaltecos.<\/p>\n<p>El contrato fue aprobado por el Congreso en 2012 durante el gobierno del Partido Patriota (PP) por una amplia mayor\u00eda de legisladores, el contrato inicial contemplaba el pago de US$399.4 millones.<\/p>\n<p><strong>Entre los negocios m\u00e1s visibles de Manuel Baldiz\u00f3n est\u00e1 el desarrollo de centros comerciales, vivienda, hoteles, transporte de pasajeros y distribuidoras comerciales.<\/strong> Tanto en la capital como en la provincia, sobre todo en Pet\u00e9n.<\/p>\n<p>Por el momento se desconoce que si parte del dinero por la construcci\u00f3n del proyecto que ten\u00eda a su cargo Odebrecht fue a parar a la campa\u00f1a del partido L\u00edder en 2015 y sea parte de acusaci\u00f3n que enfrenta el excandidato.<\/p>\n<h3>Baldiz\u00f3n como diputado<\/h3>\n<p><a href=\"http:\/\/prensalibre-com-develop.go-vip.co\/guatemala\/justicia\/baldizon-en-la-mira-de-la-fiscalia-contra-lavado\" target=\"_blank\" rel=\"noopener\">En 2007, como presidente de la Comisi\u00f3n de Finanzas, Baldiz\u00f3n consigui\u00f3 apoyo para aprobar un presupuesto del Estado para el siguiente a\u00f1o, que dej\u00f3 discrecionalidad al Ejecutivo para transferir fondos, seguir usando fideicomisos y organizaciones no gubernamentales (ONG) para obras del Estado<\/a>.<\/p>\n<p>Adem\u00e1s, el entonces diputado uneista fue cuestionado por querer favorecer a alcaldes afines en el Listado Geogr\u00e1fico de Obras.<\/p>\n<p>En 2008, favoreci\u00f3 un presupuesto para el a\u00f1o siguiente en el que se entreg\u00f3 Q197 millones a 37 ONG, entre ellas, a la Asociaci\u00f3n Guatemalteca de Juristas, que apoy\u00f3 a Baldiz\u00f3n con marchas a favor de una iniciativa de reforma a la Ley Electoral propuesta por \u00e9l.<\/p>\n<p>Tambi\u00e9n se entreg\u00f3, en el presupuesto 2009, Q8 millones a una ONG de reciente creaci\u00f3n, y ese mismo a\u00f1o fue se\u00f1alado por otros legisladores de manipular el programa del Adulto Mayor a favor de su campa\u00f1a pol\u00edtica.<\/p>\n<blockquote class=\"twitter-tweet\" data-width=\"500\" data-dnt=\"true\">\n<p lang=\"es\" dir=\"ltr\">Manuel Baldiz\u00f3n est\u00e1 detenido en EE.UU se est\u00e1 a la espera si el pa\u00eds norteamericano lo expulsar\u00e1 hacia Guatemala.<\/p>\n<p>&mdash; Ver\u00f3nica Orantes (@VeronicaOrants) <a href=\"https:\/\/twitter.com\/VeronicaOrants\/status\/955071408333377537?ref_src=twsrc%5Etfw\">January 21, 2018<\/a><\/p><\/blockquote>\n<p><script async src=\"https:\/\/platform.twitter.com\/widgets.js\" charset=\"utf-8\"><\/script><\/p>\n<p>En 2014 y 2015, el bloque L\u00edder, del cual fue candidato presidencial, evidenci\u00f3 que ten\u00eda una alianza con el oficialista Partido Patriota (PP) para, entre otras cosas, elegir a magistrados de las cortes.<\/p>\n<p>Dicha alianza y pr\u00e1cticas pol\u00edticas durante su campa\u00f1a, m\u00e1s los hechos de corrupci\u00f3n descubiertos el a\u00f1o pasado, sepultaron las aspiraciones de Baldiz\u00f3n de llegar a la Presidencia de la Rep\u00fablica.<\/p>\n<h3>El pr\u00f3fugo Alejandro Sinibaldi<\/h3>\n<p><img loading=\"lazy\" decoding=\"async\" class=\"aligncenter size-full wp-image-108500\" src=\"https:\/\/prensalibre-com-develop.go-vip.co\/guatevision\/wp-content\/uploads\/2017\/08\/Captura-de-pantalla-2017-08-25-a-las-9.55.15-PM.png\" alt=\"Alejandro Sinibaldi, foto Soy502\" width=\"660\" height=\"371\" srcset=\"https:\/\/prensalibre-com-develop.go-vip.co\/guatevision\/wp-content\/uploads\/sites\/2\/2017\/08\/Captura-de-pantalla-2017-08-25-a-las-9.55.15-PM.png 660w, https:\/\/prensalibre-com-develop.go-vip.co\/guatevision\/wp-content\/uploads\/sites\/2\/2017\/08\/Captura-de-pantalla-2017-08-25-a-las-9.55.15-PM.png?resize=300,169 300w, https:\/\/prensalibre-com-develop.go-vip.co\/guatevision\/wp-content\/uploads\/sites\/2\/2017\/08\/Captura-de-pantalla-2017-08-25-a-las-9.55.15-PM.png?resize=276,154 276w, https:\/\/prensalibre-com-develop.go-vip.co\/guatevision\/wp-content\/uploads\/sites\/2\/2017\/08\/Captura-de-pantalla-2017-08-25-a-las-9.55.15-PM.png?resize=260,146 260w, https:\/\/prensalibre-com-develop.go-vip.co\/guatevision\/wp-content\/uploads\/sites\/2\/2017\/08\/Captura-de-pantalla-2017-08-25-a-las-9.55.15-PM.png?resize=150,84 150w\" sizes=\"auto, (max-width: 660px) 100vw, 660px\" \/><\/p>\n<p>El jefe de la Fiscal\u00eda Especial contra la Impunidad, Juan Francisco Sandoval confirm\u00f3 que se ampli\u00f3 la orden de captura contra el exministro de Comunicaciones, Alejandro Sinibaldi, tambi\u00e9n se\u00f1alado de asociaci\u00f3n il\u00edcita, cohecho pasivo y lavado de dinero u otros activos.<\/p>\n<h3>\u00a0Departamento de sobornos y los contratos con Guatemala<\/h3>\n<p><iframe loading=\"lazy\" src=\"https:\/\/www.youtube.com\/embed\/pjMcwUabo5E\" width=\"560\" height=\"315\" frameborder=\"0\" allowfullscreen=\"allowfullscreen\"><\/iframe><br \/>\nBajo el mando de Marcelo Odebrecht, uno de los fundadores las actividades de corrupci\u00f3n se multiplicaron en la gigantesca constructora.<\/p>\n<p>Los investigadores del caso Lava Jato descubrieron que Odebrecht sobornaba pol\u00edticos para asegurarse millonarios contratos sobrefacturados en Petrobras y otras empresas estatales.<\/p>\n<p>Los pol\u00edticos seg\u00fan <strong>la investigaci\u00f3n tambi\u00e9n recib\u00edan sobornos -a t\u00edtulo personal o disfrazados de donaciones electorales- a cambio de leyes y regulaciones favorables a la compa\u00f1\u00eda.<\/strong> Semejante movimiento de dinero por debajo de la mesa era meticulosamente registrado y gestionado por un departamento dentro de la empresa, dedicado exclusivamente a esa tarea.<\/p>\n<p>Tras resistir durante casi dos a\u00f1os a una lluvia de acusaciones, el grupo acord\u00f3 revelar sus delitos para suavizar las condena y poder salvar la empresa.<\/p>\n<p>As\u00ed, 77 ejecutivos y exejecutivos firmaron un acuerdo de delaci\u00f3n premiada y relataron en detalle los engranajes de la corrupci\u00f3n. Marcelo pudo reducir de 19 a 10 sus a\u00f1os de condena.<\/p>\n<ul>\n<li>Con informaci\u00f3n de Irene de Le\u00f3n y Glenda S\u00e1nchez \/ Prensa Libre y Ver\u00f3nica Orantes.<\/li>\n<\/ul>\n","protected":false},"excerpt":{"rendered":"<p>El ex candidato presidencial del partido l\u00edder y exdiputado del Congreso fue detenido cuando intentaba ingresar a Estados Unidos de manera ilegal, pero Guatemala lo sindica en el Caso Odebrecht<\/p>\n","protected":false},"author":111,"featured_media":145122,"comment_status":"open","ping_status":"closed","sticky":false,"template":"","format":"standard","meta":{"_jetpack_newsletter_access":"","_jetpack_dont_email_post_to_subs":false,"_jetpack_newsletter_tier_id":0,"_jetpack_memberships_contains_paywalled_content":false,"_jetpack_memberships_contains_paid_content":false,"footnotes":"","jetpack_post_was_ever_published":false},"categories":[],"etiqueta":[],"class_list":["post-145119","post","type-post","status-publish","format-standard","has-post-thumbnail","hentry"],"yoast_head":"<!-- This site is optimized with the Yoast SEO plugin v23.9 - https:\/\/yoast.com\/wordpress\/plugins\/seo\/ -->\n<title>Odebrecht el caso contra Manuel Baldiz\u00f3n<\/title>\n<meta name=\"description\" content=\"El ex candidato presidencial del partido l\u00edder y exdiputado del Congreso fue detenido cuando intentaba ingresar a Estados Unidos de manera ilegal, pero Guatemala lo sindica en el Caso Odebrecht\" \/>\n<meta name=\"robots\" content=\"index, follow, max-snippet:-1, max-image-preview:large, max-video-preview:-1\" \/>\n<link rel=\"canonical\" href=\"https:\/\/prensalibre-com-develop.go-vip.co\/guatevision\/historico\/odebrecht-caso-manuel-baldizon\" \/>\n<meta property=\"og:locale\" content=\"es_ES\" \/>\n<meta property=\"og:type\" content=\"article\" \/>\n<meta property=\"og:title\" content=\"Odebrecht el caso contra Manuel Baldiz\u00f3n\" \/>\n<meta property=\"og:description\" content=\"El ex candidato presidencial del partido l\u00edder y exdiputado del Congreso fue detenido cuando intentaba ingresar a Estados Unidos de manera ilegal, pero Guatemala lo sindica en el Caso Odebrecht\" \/>\n<meta property=\"og:url\" content=\"https:\/\/prensalibre-com-develop.go-vip.co\/guatevision\/historico\/odebrecht-caso-manuel-baldizon\" \/>\n<meta property=\"og:site_name\" content=\"Guatevision\" \/>\n<meta property=\"article:published_time\" content=\"2018-01-21T14:39:27+00:00\" \/>\n<meta property=\"og:image\" content=\"https:\/\/prensalibre-com-develop.go-vip.co\/guatevision\/wp-content\/uploads\/sites\/2\/2018\/01\/Captura-de-pantalla-2018-01-21-a-las-7.46.15-a.m..png?quality=82\" \/>\n\t<meta property=\"og:image:width\" content=\"660\" \/>\n\t<meta property=\"og:image:height\" content=\"371\" \/>\n\t<meta property=\"og:image:type\" content=\"image\/png\" \/>\n<meta name=\"author\" content=\"Andrea Dom\u00ednguez\" \/>\n<meta name=\"twitter:card\" content=\"summary_large_image\" \/>\n<meta name=\"twitter:label1\" content=\"Written by\" \/>\n\t<meta name=\"twitter:data1\" content=\"Andrea Dom\u00ednguez\" \/>\n\t<meta name=\"twitter:label2\" content=\"Est. reading time\" \/>\n\t<meta name=\"twitter:data2\" content=\"4 minutes\" \/>\n<script type=\"application\/ld+json\" class=\"yoast-schema-graph\">{\"@context\":\"https:\/\/schema.org\",\"@graph\":[{\"@type\":\"Article\",\"@id\":\"https:\/\/prensalibre-com-develop.go-vip.co\/guatevision\/historico\/odebrecht-caso-manuel-baldizon#article\",\"isPartOf\":{\"@id\":\"https:\/\/prensalibre-com-develop.go-vip.co\/guatevision\/historico\/odebrecht-caso-manuel-baldizon\"},\"author\":{\"name\":\"Andrea Dom\u00ednguez\",\"@id\":\"https:\/\/prensalibre-com-develop.go-vip.co\/guatevision\/#\/schema\/person\/c32981f667022be103abfe48e0b16bca\"},\"headline\":\"Odebrecht el caso contra Manuel Baldiz\u00f3n\",\"datePublished\":\"2018-01-21T14:39:27+00:00\",\"dateModified\":\"2018-01-21T14:39:27+00:00\",\"mainEntityOfPage\":{\"@id\":\"https:\/\/prensalibre-com-develop.go-vip.co\/guatevision\/historico\/odebrecht-caso-manuel-baldizon\"},\"wordCount\":773,\"commentCount\":0,\"publisher\":{\"@id\":\"https:\/\/prensalibre-com-develop.go-vip.co\/guatevision\/#organization\"},\"image\":{\"@id\":\"https:\/\/prensalibre-com-develop.go-vip.co\/guatevision\/historico\/odebrecht-caso-manuel-baldizon#primaryimage\"},\"thumbnailUrl\":\"https:\/\/prensalibre-com-develop.go-vip.co\/guatevision\/wp-content\/uploads\/sites\/2\/2018\/01\/Captura-de-pantalla-2018-01-21-a-las-7.46.15-a.m..png\",\"keywords\":[\"Manuel Baldiz\u00f3n\",\"Odebrecht\"],\"inLanguage\":\"es-GT\",\"potentialAction\":[{\"@type\":\"CommentAction\",\"name\":\"Comment\",\"target\":[\"https:\/\/prensalibre-com-develop.go-vip.co\/guatevision\/historico\/odebrecht-caso-manuel-baldizon#respond\"]}]},{\"@type\":\"WebPage\",\"@id\":\"https:\/\/prensalibre-com-develop.go-vip.co\/guatevision\/historico\/odebrecht-caso-manuel-baldizon\",\"url\":\"https:\/\/prensalibre-com-develop.go-vip.co\/guatevision\/historico\/odebrecht-caso-manuel-baldizon\",\"name\":\"Odebrecht el caso contra Manuel Baldiz\u00f3n\",\"isPartOf\":{\"@id\":\"https:\/\/prensalibre-com-develop.go-vip.co\/guatevision\/#website\"},\"primaryImageOfPage\":{\"@id\":\"https:\/\/prensalibre-com-develop.go-vip.co\/guatevision\/historico\/odebrecht-caso-manuel-baldizon#primaryimage\"},\"image\":{\"@id\":\"https:\/\/prensalibre-com-develop.go-vip.co\/guatevision\/historico\/odebrecht-caso-manuel-baldizon#primaryimage\"},\"thumbnailUrl\":\"https:\/\/prensalibre-com-develop.go-vip.co\/guatevision\/wp-content\/uploads\/sites\/2\/2018\/01\/Captura-de-pantalla-2018-01-21-a-las-7.46.15-a.m..png\",\"datePublished\":\"2018-01-21T14:39:27+00:00\",\"dateModified\":\"2018-01-21T14:39:27+00:00\",\"description\":\"El ex candidato presidencial del partido l\u00edder y exdiputado del Congreso fue detenido cuando intentaba ingresar a Estados Unidos de manera ilegal, pero Guatemala lo sindica en el Caso Odebrecht\",\"inLanguage\":\"es-GT\",\"potentialAction\":[{\"@type\":\"ReadAction\",\"target\":[\"https:\/\/prensalibre-com-develop.go-vip.co\/guatevision\/historico\/odebrecht-caso-manuel-baldizon\"]}]},{\"@type\":\"ImageObject\",\"inLanguage\":\"es-GT\",\"@id\":\"https:\/\/prensalibre-com-develop.go-vip.co\/guatevision\/historico\/odebrecht-caso-manuel-baldizon#primaryimage\",\"url\":\"https:\/\/prensalibre-com-develop.go-vip.co\/guatevision\/wp-content\/uploads\/sites\/2\/2018\/01\/Captura-de-pantalla-2018-01-21-a-las-7.46.15-a.m..png\",\"contentUrl\":\"https:\/\/prensalibre-com-develop.go-vip.co\/guatevision\/wp-content\/uploads\/sites\/2\/2018\/01\/Captura-de-pantalla-2018-01-21-a-las-7.46.15-a.m..png\",\"width\":660,\"height\":371,\"caption\":\"Odebrecht el caso contra Manuel Baldiz\u00f3n\"},{\"@type\":\"WebSite\",\"@id\":\"https:\/\/prensalibre-com-develop.go-vip.co\/guatevision\/#website\",\"url\":\"https:\/\/prensalibre-com-develop.go-vip.co\/guatevision\/\",\"name\":\"Guatevision\",\"description\":\"\u00a1Enciende Lo Bueno!\",\"publisher\":{\"@id\":\"https:\/\/prensalibre-com-develop.go-vip.co\/guatevision\/#organization\"},\"potentialAction\":[{\"@type\":\"SearchAction\",\"target\":{\"@type\":\"EntryPoint\",\"urlTemplate\":\"https:\/\/prensalibre-com-develop.go-vip.co\/guatevision\/?s={search_term_string}\"},\"query-input\":{\"@type\":\"PropertyValueSpecification\",\"valueRequired\":true,\"valueName\":\"search_term_string\"}}],\"inLanguage\":\"es-GT\"},{\"@type\":\"Organization\",\"@id\":\"https:\/\/prensalibre-com-develop.go-vip.co\/guatevision\/#organization\",\"name\":\"Guatevision\",\"url\":\"https:\/\/prensalibre-com-develop.go-vip.co\/guatevision\/\",\"logo\":{\"@type\":\"ImageObject\",\"inLanguage\":\"es-GT\",\"@id\":\"https:\/\/prensalibre-com-develop.go-vip.co\/guatevision\/#\/schema\/logo\/image\/\",\"url\":\"https:\/\/prensalibre-com-develop.go-vip.co\/guatevision\/wp-content\/uploads\/sites\/2\/2026\/04\/Diseno-sin-titulo.png\",\"contentUrl\":\"https:\/\/prensalibre-com-develop.go-vip.co\/guatevision\/wp-content\/uploads\/sites\/2\/2026\/04\/Diseno-sin-titulo.png\",\"width\":1000,\"height\":600,\"caption\":\"Guatevision\"},\"image\":{\"@id\":\"https:\/\/prensalibre-com-develop.go-vip.co\/guatevision\/#\/schema\/logo\/image\/\"}},{\"@type\":\"Person\",\"@id\":\"https:\/\/prensalibre-com-develop.go-vip.co\/guatevision\/#\/schema\/person\/c32981f667022be103abfe48e0b16bca\",\"name\":\"Andrea Dom\u00ednguez\",\"image\":{\"@type\":\"ImageObject\",\"inLanguage\":\"es-GT\",\"@id\":\"https:\/\/prensalibre-com-develop.go-vip.co\/guatevision\/#\/schema\/person\/image\/1316cd648fd15fb8e8311665073abf40\",\"url\":\"https:\/\/secure.gravatar.com\/avatar\/057379018be24c4b189e7d359c02aa486805c8dd7b433088c60c989acb5a090d?s=96&d=mm&r=g\",\"contentUrl\":\"https:\/\/secure.gravatar.com\/avatar\/057379018be24c4b189e7d359c02aa486805c8dd7b433088c60c989acb5a090d?s=96&d=mm&r=g\",\"caption\":\"Andrea Dom\u00ednguez\"},\"url\":\"https:\/\/prensalibre-com-develop.go-vip.co\/guatevision\/author\/adominguez\"}]}<\/script>\n<!-- \/ Yoast SEO plugin. -->","yoast_head_json":{"title":"Odebrecht el caso contra Manuel Baldiz\u00f3n","description":"El ex candidato presidencial del partido l\u00edder y exdiputado del Congreso fue detenido cuando intentaba ingresar a Estados Unidos de manera ilegal, pero Guatemala lo sindica en el Caso Odebrecht","robots":{"index":"index","follow":"follow","max-snippet":"max-snippet:-1","max-image-preview":"max-image-preview:large","max-video-preview":"max-video-preview:-1"},"canonical":"https:\/\/prensalibre-com-develop.go-vip.co\/guatevision\/historico\/odebrecht-caso-manuel-baldizon","og_locale":"es_ES","og_type":"article","og_title":"Odebrecht el caso contra Manuel Baldiz\u00f3n","og_description":"El ex candidato presidencial del partido l\u00edder y exdiputado del Congreso fue detenido cuando intentaba ingresar a Estados Unidos de manera ilegal, pero Guatemala lo sindica en el Caso Odebrecht","og_url":"https:\/\/prensalibre-com-develop.go-vip.co\/guatevision\/historico\/odebrecht-caso-manuel-baldizon","og_site_name":"Guatevision","article_published_time":"2018-01-21T14:39:27+00:00","og_image":[{"width":660,"height":371,"url":"https:\/\/prensalibre-com-develop.go-vip.co\/guatevision\/wp-content\/uploads\/sites\/2\/2018\/01\/Captura-de-pantalla-2018-01-21-a-las-7.46.15-a.m..png?quality=82","type":"image\/png"}],"author":"Andrea Dom\u00ednguez","twitter_card":"summary_large_image","twitter_misc":{"Written by":"Andrea Dom\u00ednguez","Est. reading time":"4 minutes"},"schema":{"@context":"https:\/\/schema.org","@graph":[{"@type":"Article","@id":"https:\/\/prensalibre-com-develop.go-vip.co\/guatevision\/historico\/odebrecht-caso-manuel-baldizon#article","isPartOf":{"@id":"https:\/\/prensalibre-com-develop.go-vip.co\/guatevision\/historico\/odebrecht-caso-manuel-baldizon"},"author":{"name":"Andrea Dom\u00ednguez","@id":"https:\/\/prensalibre-com-develop.go-vip.co\/guatevision\/#\/schema\/person\/c32981f667022be103abfe48e0b16bca"},"headline":"Odebrecht el caso contra Manuel Baldiz\u00f3n","datePublished":"2018-01-21T14:39:27+00:00","dateModified":"2018-01-21T14:39:27+00:00","mainEntityOfPage":{"@id":"https:\/\/prensalibre-com-develop.go-vip.co\/guatevision\/historico\/odebrecht-caso-manuel-baldizon"},"wordCount":773,"commentCount":0,"publisher":{"@id":"https:\/\/prensalibre-com-develop.go-vip.co\/guatevision\/#organization"},"image":{"@id":"https:\/\/prensalibre-com-develop.go-vip.co\/guatevision\/historico\/odebrecht-caso-manuel-baldizon#primaryimage"},"thumbnailUrl":"https:\/\/prensalibre-com-develop.go-vip.co\/guatevision\/wp-content\/uploads\/sites\/2\/2018\/01\/Captura-de-pantalla-2018-01-21-a-las-7.46.15-a.m..png","keywords":["Manuel Baldiz\u00f3n","Odebrecht"],"inLanguage":"es-GT","potentialAction":[{"@type":"CommentAction","name":"Comment","target":["https:\/\/prensalibre-com-develop.go-vip.co\/guatevision\/historico\/odebrecht-caso-manuel-baldizon#respond"]}]},{"@type":"WebPage","@id":"https:\/\/prensalibre-com-develop.go-vip.co\/guatevision\/historico\/odebrecht-caso-manuel-baldizon","url":"https:\/\/prensalibre-com-develop.go-vip.co\/guatevision\/historico\/odebrecht-caso-manuel-baldizon","name":"Odebrecht el caso contra Manuel Baldiz\u00f3n","isPartOf":{"@id":"https:\/\/prensalibre-com-develop.go-vip.co\/guatevision\/#website"},"primaryImageOfPage":{"@id":"https:\/\/prensalibre-com-develop.go-vip.co\/guatevision\/historico\/odebrecht-caso-manuel-baldizon#primaryimage"},"image":{"@id":"https:\/\/prensalibre-com-develop.go-vip.co\/guatevision\/historico\/odebrecht-caso-manuel-baldizon#primaryimage"},"thumbnailUrl":"https:\/\/prensalibre-com-develop.go-vip.co\/guatevision\/wp-content\/uploads\/sites\/2\/2018\/01\/Captura-de-pantalla-2018-01-21-a-las-7.46.15-a.m..png","datePublished":"2018-01-21T14:39:27+00:00","dateModified":"2018-01-21T14:39:27+00:00","description":"El ex candidato presidencial del partido l\u00edder y exdiputado del Congreso fue detenido cuando intentaba ingresar a Estados Unidos de manera ilegal, pero Guatemala lo sindica en el Caso Odebrecht","inLanguage":"es-GT","potentialAction":[{"@type":"ReadAction","target":["https:\/\/prensalibre-com-develop.go-vip.co\/guatevision\/historico\/odebrecht-caso-manuel-baldizon"]}]},{"@type":"ImageObject","inLanguage":"es-GT","@id":"https:\/\/prensalibre-com-develop.go-vip.co\/guatevision\/historico\/odebrecht-caso-manuel-baldizon#primaryimage","url":"https:\/\/prensalibre-com-develop.go-vip.co\/guatevision\/wp-content\/uploads\/sites\/2\/2018\/01\/Captura-de-pantalla-2018-01-21-a-las-7.46.15-a.m..png","contentUrl":"https:\/\/prensalibre-com-develop.go-vip.co\/guatevision\/wp-content\/uploads\/sites\/2\/2018\/01\/Captura-de-pantalla-2018-01-21-a-las-7.46.15-a.m..png","width":660,"height":371,"caption":"Odebrecht el caso contra Manuel Baldiz\u00f3n"},{"@type":"WebSite","@id":"https:\/\/prensalibre-com-develop.go-vip.co\/guatevision\/#website","url":"https:\/\/prensalibre-com-develop.go-vip.co\/guatevision\/","name":"Guatevision","description":"\u00a1Enciende Lo Bueno!","publisher":{"@id":"https:\/\/prensalibre-com-develop.go-vip.co\/guatevision\/#organization"},"potentialAction":[{"@type":"SearchAction","target":{"@type":"EntryPoint","urlTemplate":"https:\/\/prensalibre-com-develop.go-vip.co\/guatevision\/?s={search_term_string}"},"query-input":{"@type":"PropertyValueSpecification","valueRequired":true,"valueName":"search_term_string"}}],"inLanguage":"es-GT"},{"@type":"Organization","@id":"https:\/\/prensalibre-com-develop.go-vip.co\/guatevision\/#organization","name":"Guatevision","url":"https:\/\/prensalibre-com-develop.go-vip.co\/guatevision\/","logo":{"@type":"ImageObject","inLanguage":"es-GT","@id":"https:\/\/prensalibre-com-develop.go-vip.co\/guatevision\/#\/schema\/logo\/image\/","url":"https:\/\/prensalibre-com-develop.go-vip.co\/guatevision\/wp-content\/uploads\/sites\/2\/2026\/04\/Diseno-sin-titulo.png","contentUrl":"https:\/\/prensalibre-com-develop.go-vip.co\/guatevision\/wp-content\/uploads\/sites\/2\/2026\/04\/Diseno-sin-titulo.png","width":1000,"height":600,"caption":"Guatevision"},"image":{"@id":"https:\/\/prensalibre-com-develop.go-vip.co\/guatevision\/#\/schema\/logo\/image\/"}},{"@type":"Person","@id":"https:\/\/prensalibre-com-develop.go-vip.co\/guatevision\/#\/schema\/person\/c32981f667022be103abfe48e0b16bca","name":"Andrea Dom\u00ednguez","image":{"@type":"ImageObject","inLanguage":"es-GT","@id":"https:\/\/prensalibre-com-develop.go-vip.co\/guatevision\/#\/schema\/person\/image\/1316cd648fd15fb8e8311665073abf40","url":"https:\/\/secure.gravatar.com\/avatar\/057379018be24c4b189e7d359c02aa486805c8dd7b433088c60c989acb5a090d?s=96&d=mm&r=g","contentUrl":"https:\/\/secure.gravatar.com\/avatar\/057379018be24c4b189e7d359c02aa486805c8dd7b433088c60c989acb5a090d?s=96&d=mm&r=g","caption":"Andrea Dom\u00ednguez"},"url":"https:\/\/prensalibre-com-develop.go-vip.co\/guatevision\/author\/adominguez"}]}},"jetpack_sharing_enabled":true,"jetpack_featured_media_url":"https:\/\/prensalibre-com-develop.go-vip.co\/guatevision\/wp-content\/uploads\/sites\/2\/2018\/01\/Captura-de-pantalla-2018-01-21-a-las-7.46.15-a.m..png","_links":{"self":[{"href":"https:\/\/prensalibre-com-develop.go-vip.co\/guatevision\/wp-json\/wp\/v2\/posts\/145119","targetHints":{"allow":["GET"]}}],"collection":[{"href":"https:\/\/prensalibre-com-develop.go-vip.co\/guatevision\/wp-json\/wp\/v2\/posts"}],"about":[{"href":"https:\/\/prensalibre-com-develop.go-vip.co\/guatevision\/wp-json\/wp\/v2\/types\/post"}],"author":[{"embeddable":true,"href":"https:\/\/prensalibre-com-develop.go-vip.co\/guatevision\/wp-json\/wp\/v2\/users\/111"}],"replies":[{"embeddable":true,"href":"https:\/\/prensalibre-com-develop.go-vip.co\/guatevision\/wp-json\/wp\/v2\/comments?post=145119"}],"version-history":[{"count":0,"href":"https:\/\/prensalibre-com-develop.go-vip.co\/guatevision\/wp-json\/wp\/v2\/posts\/145119\/revisions"}],"wp:featuredmedia":[{"embeddable":true,"href":"https:\/\/prensalibre-com-develop.go-vip.co\/guatevision\/wp-json\/wp\/v2\/media\/145122"}],"wp:attachment":[{"href":"https:\/\/prensalibre-com-develop.go-vip.co\/guatevision\/wp-json\/wp\/v2\/media?parent=145119"}],"wp:term":[{"taxonomy":"category","embeddable":true,"href":"https:\/\/prensalibre-com-develop.go-vip.co\/guatevision\/wp-json\/wp\/v2\/categories?post=145119"},{"taxonomy":"etiqueta","embeddable":true,"href":"https:\/\/prensalibre-com-develop.go-vip.co\/guatevision\/wp-json\/wp\/v2\/etiqueta?post=145119"}],"curies":[{"name":"wp","href":"https:\/\/api.w.org\/{rel}","templated":true}]}}