{"id":145215,"date":"2018-01-21T12:13:01","date_gmt":"2018-01-21T18:13:01","guid":{"rendered":"https:\/\/prensalibre-com-develop.go-vip.co\/guatevision\/?p=145215"},"modified":"2018-01-21T12:13:01","modified_gmt":"2018-01-21T18:13:01","slug":"amplian-orden-captura-alejandro-sinibaldi-caso-odebrecht","status":"publish","type":"post","link":"https:\/\/prensalibre-com-develop.go-vip.co\/guatevision\/historico\/amplian-orden-captura-alejandro-sinibaldi-caso-odebrecht","title":{"rendered":"Ampl\u00edan orden de captura contra Alejandro Sinibaldi por caso Odebrecht"},"content":{"rendered":"<p>El jefe de la Fiscal\u00eda Especial contra la Impunidad, Juan Francisco Sandoval indic\u00f3 que se ampli\u00f3 la orden de captura contra el exministro de Comunicaciones, Alejandro Sinibaldi, tambi\u00e9n se\u00f1alado de asociaci\u00f3n il\u00edcita, cohecho pasivo y lavado de dinero u otros activos, por el caso Odebrecht. Sin embargo actualmente se encuentra pr\u00f3fugo de la justicia.<\/p>\n<ul>\n<li>\n<h6>Tambi\u00e9n puede ver:\u00a0<a href=\"https:\/\/prensalibre-com-develop.go-vip.co\/guatevision\/2018\/01\/21\/ultimahora-manuel-baldizon-solicita-asilo-politico-a-ee-uu\/\" target=\"_blank\" rel=\"noopener\">#UltimaHora: Manuel Baldiz\u00f3n solicita asilo pol\u00edtico a EE.UU.<\/a><\/h6>\n<\/li>\n<\/ul>\n<p>Junto a la orden de captura de Manuel Baldiz\u00f3n se volvi\u00f3 a ampliar la orden contra Sinibaldi, que ya tiene \u00f3rdenes de captura pendiente por los casos de la Cooperacha, financiamiento electoral ilicito y Construcci\u00f3n y Corrupci\u00f3n.<\/p>\n<h3>En el caso La Cooperacha<\/h3>\n<p>Por este primer caso tiene orden de captura internacional, desde el pasado 11 de junio de 2016 y seg\u00fan las investigaciones entreg\u00f3 US$ 245 mil y Q2 millones 500 mil. Al expresidente Otto P\u00e9rez Molina y Roxana Baldetti. En este caso esta acusado de los delitos de Lavado de activos\u00a0 y Asociaci\u00f3n ilicita.<\/p>\n<ul>\n<li>\n<h6>Tambi\u00e9n puede ver:\u00a0<a href=\"https:\/\/prensalibre-com-develop.go-vip.co\/guatevision\/2017\/08\/15\/nueva-investigacion-contra-alejandro-sinibaldi-y-su-hermano-ahora-en-nicaragua\/\" target=\"_blank\" rel=\"noopener\">Nueva investigaci\u00f3n contra Alejandro Sinibaldi y su hermano ahora en Nicaragua<\/a><\/h6>\n<\/li>\n<\/ul>\n<p><img loading=\"lazy\" decoding=\"async\" class=\"aligncenter size-full wp-image-145219\" src=\"https:\/\/prensalibre-com-develop.go-vip.co\/guatevision\/wp-content\/uploads\/2018\/01\/delitoscooperacha.jpg\" alt=\"Ampl\u00edan orden de captura contra Alejandro Sinibaldi por caso Odebrecht \" width=\"600\" height=\"423\" srcset=\"https:\/\/prensalibre-com-develop.go-vip.co\/guatevision\/wp-content\/uploads\/sites\/2\/2018\/01\/delitoscooperacha.jpg 600w, https:\/\/prensalibre-com-develop.go-vip.co\/guatevision\/wp-content\/uploads\/sites\/2\/2018\/01\/delitoscooperacha.jpg?resize=300,212 300w, https:\/\/prensalibre-com-develop.go-vip.co\/guatevision\/wp-content\/uploads\/sites\/2\/2018\/01\/delitoscooperacha.jpg?resize=150,106 150w\" sizes=\"auto, (max-width: 600px) 100vw, 600px\" \/><\/p>\n<ul>\n<li>\n<h6>Tambi\u00e9n puede ver:\u00a0<a href=\"https:\/\/prensalibre-com-develop.go-vip.co\/guatevision\/2017\/08\/25\/alejandro-sinibaldi-invirtio-millones-en-campana-de-lider-y-fcn-las-que-se-saben\/\" target=\"_blank\" rel=\"noopener\">Alejandro Sinibaldi era &#8220;el gran elector&#8221; de 2015, financi\u00f3 a L\u00edder y FCN<\/a><\/h6>\n<\/li>\n<\/ul>\n<h3>Caso Construcci\u00f3n y Corrupci\u00f3n<\/h3>\n<p>Seg\u00fan lo detallado por el MP y la CICIG empresas de cart\u00f3n vinculadas a Alejandro Sinibaldi, recibieron m\u00e1s de US$10 millones en sobornos pagados por otras empresas a cambio de garantizar los pagos de deuda de arrastre que les deb\u00eda el ministerio de Comunicaciones y asegurar adjudicaci\u00f3n de nuevos proyectos, se\u00f1ala la investigaci\u00f3n del MP y la Cicig.<\/p>\n\n<p><img loading=\"lazy\" decoding=\"async\" class=\"aligncenter size-full wp-image-95669\" src=\"https:\/\/prensalibre-com-develop.go-vip.co\/guatevision\/wp-content\/uploads\/2017\/07\/Captura-de-pantalla-2017-07-14-a-las-2.48.41-p.m..png\" alt=\"Estas mega empresas habr\u00edan financiado a Alejandro Sinibaldi\" width=\"660\" height=\"371\" srcset=\"https:\/\/prensalibre-com-develop.go-vip.co\/guatevision\/wp-content\/uploads\/sites\/2\/2017\/07\/Captura-de-pantalla-2017-07-14-a-las-2.48.41-p.m..png 660w, https:\/\/prensalibre-com-develop.go-vip.co\/guatevision\/wp-content\/uploads\/sites\/2\/2017\/07\/Captura-de-pantalla-2017-07-14-a-las-2.48.41-p.m..png?resize=300,169 300w, https:\/\/prensalibre-com-develop.go-vip.co\/guatevision\/wp-content\/uploads\/sites\/2\/2017\/07\/Captura-de-pantalla-2017-07-14-a-las-2.48.41-p.m..png?resize=276,154 276w, https:\/\/prensalibre-com-develop.go-vip.co\/guatevision\/wp-content\/uploads\/sites\/2\/2017\/07\/Captura-de-pantalla-2017-07-14-a-las-2.48.41-p.m..png?resize=260,146 260w, https:\/\/prensalibre-com-develop.go-vip.co\/guatevision\/wp-content\/uploads\/sites\/2\/2017\/07\/Captura-de-pantalla-2017-07-14-a-las-2.48.41-p.m..png?resize=150,84 150w\" sizes=\"auto, (max-width: 660px) 100vw, 660px\" \/><\/p>\n<p>El exministro contin\u00faa pr\u00f3fugo desde que el MP y la Cicig revelaran una red de corrupci\u00f3n con la que Sinibaldi habr\u00eda obtenido millonarios sobornos para impulsar su campa\u00f1a pol\u00edtica.<\/p>\n<h6>Tambi\u00e9n puede ver: <a href=\"http:\/\/prensalibre-com-develop.go-vip.co\/guatemala\/justicia\/empresarios-pagaron-q13-millones-240-mil-66379-en-sobornos-a-alejandro-sinibaldi\" target=\"_blank\" rel=\"noopener\">\u00bfCu\u00e1nto pagaron empresarios a Alejandro Sinibaldi por sobornos?<\/a><\/h6>\n<p>Seg\u00fan la investigaci\u00f3n, empresas de cart\u00f3n vinculadas a Alejandro Sinibaldi\u00a0recibieron m\u00e1s de US$10 millones en sobornos pagados por otras empresas a cambio de garantizar los pagos de deuda de arrastre\u00a0que les deb\u00eda el ministerio de Comunicaciones y asegurar adjudicaci\u00f3n de nuevos proyectos.<\/p>\n<p><img loading=\"lazy\" decoding=\"async\" class=\"aligncenter size-full wp-image-145218\" src=\"https:\/\/prensalibre-com-develop.go-vip.co\/guatevision\/wp-content\/uploads\/2018\/01\/Captura-de-pantalla-2017-07-14-a-las-5.44.48-p.m..png\" alt=\"Ampl\u00edan orden de captura contra Alejandro Sinibaldi por caso Odebrecht \" width=\"579\" height=\"272\" srcset=\"https:\/\/prensalibre-com-develop.go-vip.co\/guatevision\/wp-content\/uploads\/sites\/2\/2018\/01\/Captura-de-pantalla-2017-07-14-a-las-5.44.48-p.m..png 579w, https:\/\/prensalibre-com-develop.go-vip.co\/guatevision\/wp-content\/uploads\/sites\/2\/2018\/01\/Captura-de-pantalla-2017-07-14-a-las-5.44.48-p.m..png?resize=300,141 300w, https:\/\/prensalibre-com-develop.go-vip.co\/guatevision\/wp-content\/uploads\/sites\/2\/2018\/01\/Captura-de-pantalla-2017-07-14-a-las-5.44.48-p.m..png?resize=150,70 150w\" sizes=\"auto, (max-width: 579px) 100vw, 579px\" \/><\/p>\n<p>Una investigaci\u00f3n del diario nicarag\u00fcense La Prensa, revel\u00f3 en agosto del 2017 que Luis Rodrigo Sinibaldi Aparicio figura en los registros mercantiles de ese pa\u00eds como\u00a0due\u00f1o del 99 por ciento de las acciones de una empresa, la cual habr\u00eda sido utilizada para el lavado de los recursos obtenidos de forma il\u00edcita\u00a0por el exministro Sinibaldi.<\/p>\n","protected":false},"excerpt":{"rendered":"<p>Alejandro Sinibaldi, tambi\u00e9n es se\u00f1alado de asociaci\u00f3n il\u00edcita, cohecho pasivo y lavado de dinero u otros activos, por el caso Odebrecht.<\/p>\n","protected":false},"author":111,"featured_media":108499,"comment_status":"open","ping_status":"closed","sticky":false,"template":"","format":"standard","meta":{"_jetpack_newsletter_access":"","_jetpack_dont_email_post_to_subs":false,"_jetpack_newsletter_tier_id":0,"_jetpack_memberships_contains_paywalled_content":false,"_jetpack_memberships_contains_paid_content":false,"footnotes":"","jetpack_post_was_ever_published":false},"categories":[],"etiqueta":[],"class_list":["post-145215","post","type-post","status-publish","format-standard","has-post-thumbnail","hentry"],"yoast_head":"<!-- This site is optimized with the Yoast SEO plugin v23.9 - https:\/\/yoast.com\/wordpress\/plugins\/seo\/ -->\n<title>Ampl\u00edan orden de captura contra Alejandro Sinibaldi por caso Odebrecht<\/title>\n<meta name=\"description\" content=\"Alejandro Sinibaldi, tambi\u00e9n es se\u00f1alado de asociaci\u00f3n il\u00edcita, cohecho pasivo y lavado de dinero u otros activos, por el caso Odebrecht.\" \/>\n<meta name=\"robots\" content=\"index, follow, max-snippet:-1, max-image-preview:large, max-video-preview:-1\" \/>\n<link rel=\"canonical\" href=\"https:\/\/prensalibre-com-develop.go-vip.co\/guatevision\/historico\/amplian-orden-captura-alejandro-sinibaldi-caso-odebrecht\" \/>\n<meta property=\"og:locale\" content=\"es_ES\" \/>\n<meta property=\"og:type\" content=\"article\" \/>\n<meta property=\"og:title\" content=\"Ampl\u00edan orden de captura contra Alejandro Sinibaldi por caso Odebrecht\" \/>\n<meta property=\"og:description\" content=\"Alejandro Sinibaldi, tambi\u00e9n es se\u00f1alado de asociaci\u00f3n il\u00edcita, cohecho pasivo y lavado de dinero u otros activos, por el caso Odebrecht.\" \/>\n<meta property=\"og:url\" content=\"https:\/\/prensalibre-com-develop.go-vip.co\/guatevision\/historico\/amplian-orden-captura-alejandro-sinibaldi-caso-odebrecht\" \/>\n<meta property=\"og:site_name\" content=\"Guatevision\" \/>\n<meta property=\"article:published_time\" content=\"2018-01-21T18:13:01+00:00\" \/>\n<meta property=\"og:image\" content=\"https:\/\/prensalibre-com-develop.go-vip.co\/guatevision\/wp-content\/uploads\/sites\/2\/2017\/08\/Captura-de-pantalla-2017-08-25-a-las-9.54.06-PM.png?quality=82\" \/>\n\t<meta property=\"og:image:width\" content=\"660\" \/>\n\t<meta property=\"og:image:height\" content=\"371\" \/>\n\t<meta property=\"og:image:type\" content=\"image\/png\" \/>\n<meta name=\"author\" content=\"Andrea Dom\u00ednguez\" \/>\n<meta name=\"twitter:card\" content=\"summary_large_image\" \/>\n<meta name=\"twitter:label1\" content=\"Written by\" \/>\n\t<meta name=\"twitter:data1\" content=\"Andrea Dom\u00ednguez\" \/>\n\t<meta name=\"twitter:label2\" content=\"Est. reading time\" \/>\n\t<meta name=\"twitter:data2\" content=\"2 minutes\" \/>\n<script type=\"application\/ld+json\" class=\"yoast-schema-graph\">{\"@context\":\"https:\/\/schema.org\",\"@graph\":[{\"@type\":\"Article\",\"@id\":\"https:\/\/prensalibre-com-develop.go-vip.co\/guatevision\/historico\/amplian-orden-captura-alejandro-sinibaldi-caso-odebrecht#article\",\"isPartOf\":{\"@id\":\"https:\/\/prensalibre-com-develop.go-vip.co\/guatevision\/historico\/amplian-orden-captura-alejandro-sinibaldi-caso-odebrecht\"},\"author\":{\"name\":\"Andrea Dom\u00ednguez\",\"@id\":\"https:\/\/prensalibre-com-develop.go-vip.co\/guatevision\/#\/schema\/person\/c32981f667022be103abfe48e0b16bca\"},\"headline\":\"Ampl\u00edan orden de captura contra Alejandro Sinibaldi por caso Odebrecht\",\"datePublished\":\"2018-01-21T18:13:01+00:00\",\"dateModified\":\"2018-01-21T18:13:01+00:00\",\"mainEntityOfPage\":{\"@id\":\"https:\/\/prensalibre-com-develop.go-vip.co\/guatevision\/historico\/amplian-orden-captura-alejandro-sinibaldi-caso-odebrecht\"},\"wordCount\":445,\"commentCount\":0,\"publisher\":{\"@id\":\"https:\/\/prensalibre-com-develop.go-vip.co\/guatevision\/#organization\"},\"image\":{\"@id\":\"https:\/\/prensalibre-com-develop.go-vip.co\/guatevision\/historico\/amplian-orden-captura-alejandro-sinibaldi-caso-odebrecht#primaryimage\"},\"thumbnailUrl\":\"https:\/\/prensalibre-com-develop.go-vip.co\/guatevision\/wp-content\/uploads\/sites\/2\/2017\/08\/Captura-de-pantalla-2017-08-25-a-las-9.54.06-PM.png\",\"keywords\":[\"Alejandro Sinibaldi\",\"caso odebrecht\",\"Manuel Baldiz\u00f3n\",\"Odebrecht\",\"Otto P\u00e9rez Molina\",\"Roxana Baldetti\"],\"inLanguage\":\"es-GT\",\"potentialAction\":[{\"@type\":\"CommentAction\",\"name\":\"Comment\",\"target\":[\"https:\/\/prensalibre-com-develop.go-vip.co\/guatevision\/historico\/amplian-orden-captura-alejandro-sinibaldi-caso-odebrecht#respond\"]}]},{\"@type\":\"WebPage\",\"@id\":\"https:\/\/prensalibre-com-develop.go-vip.co\/guatevision\/historico\/amplian-orden-captura-alejandro-sinibaldi-caso-odebrecht\",\"url\":\"https:\/\/prensalibre-com-develop.go-vip.co\/guatevision\/historico\/amplian-orden-captura-alejandro-sinibaldi-caso-odebrecht\",\"name\":\"Ampl\u00edan orden de captura contra Alejandro Sinibaldi por caso Odebrecht\",\"isPartOf\":{\"@id\":\"https:\/\/prensalibre-com-develop.go-vip.co\/guatevision\/#website\"},\"primaryImageOfPage\":{\"@id\":\"https:\/\/prensalibre-com-develop.go-vip.co\/guatevision\/historico\/amplian-orden-captura-alejandro-sinibaldi-caso-odebrecht#primaryimage\"},\"image\":{\"@id\":\"https:\/\/prensalibre-com-develop.go-vip.co\/guatevision\/historico\/amplian-orden-captura-alejandro-sinibaldi-caso-odebrecht#primaryimage\"},\"thumbnailUrl\":\"https:\/\/prensalibre-com-develop.go-vip.co\/guatevision\/wp-content\/uploads\/sites\/2\/2017\/08\/Captura-de-pantalla-2017-08-25-a-las-9.54.06-PM.png\",\"datePublished\":\"2018-01-21T18:13:01+00:00\",\"dateModified\":\"2018-01-21T18:13:01+00:00\",\"description\":\"Alejandro Sinibaldi, tambi\u00e9n es se\u00f1alado de asociaci\u00f3n il\u00edcita, cohecho pasivo y lavado de dinero u otros activos, por el caso Odebrecht.\",\"inLanguage\":\"es-GT\",\"potentialAction\":[{\"@type\":\"ReadAction\",\"target\":[\"https:\/\/prensalibre-com-develop.go-vip.co\/guatevision\/historico\/amplian-orden-captura-alejandro-sinibaldi-caso-odebrecht\"]}]},{\"@type\":\"ImageObject\",\"inLanguage\":\"es-GT\",\"@id\":\"https:\/\/prensalibre-com-develop.go-vip.co\/guatevision\/historico\/amplian-orden-captura-alejandro-sinibaldi-caso-odebrecht#primaryimage\",\"url\":\"https:\/\/prensalibre-com-develop.go-vip.co\/guatevision\/wp-content\/uploads\/sites\/2\/2017\/08\/Captura-de-pantalla-2017-08-25-a-las-9.54.06-PM.png\",\"contentUrl\":\"https:\/\/prensalibre-com-develop.go-vip.co\/guatevision\/wp-content\/uploads\/sites\/2\/2017\/08\/Captura-de-pantalla-2017-08-25-a-las-9.54.06-PM.png\",\"width\":660,\"height\":371,\"caption\":\"El exministro Sinibaldi estaf\u00f3 a OAS por un mill\u00f3n y no le di\u00f3 el contrato si no se lo di\u00f3 a la competencia. Foto Soy502\"},{\"@type\":\"WebSite\",\"@id\":\"https:\/\/prensalibre-com-develop.go-vip.co\/guatevision\/#website\",\"url\":\"https:\/\/prensalibre-com-develop.go-vip.co\/guatevision\/\",\"name\":\"Guatevision\",\"description\":\"\u00a1Enciende Lo Bueno!\",\"publisher\":{\"@id\":\"https:\/\/prensalibre-com-develop.go-vip.co\/guatevision\/#organization\"},\"potentialAction\":[{\"@type\":\"SearchAction\",\"target\":{\"@type\":\"EntryPoint\",\"urlTemplate\":\"https:\/\/prensalibre-com-develop.go-vip.co\/guatevision\/?s={search_term_string}\"},\"query-input\":{\"@type\":\"PropertyValueSpecification\",\"valueRequired\":true,\"valueName\":\"search_term_string\"}}],\"inLanguage\":\"es-GT\"},{\"@type\":\"Organization\",\"@id\":\"https:\/\/prensalibre-com-develop.go-vip.co\/guatevision\/#organization\",\"name\":\"Guatevision\",\"url\":\"https:\/\/prensalibre-com-develop.go-vip.co\/guatevision\/\",\"logo\":{\"@type\":\"ImageObject\",\"inLanguage\":\"es-GT\",\"@id\":\"https:\/\/prensalibre-com-develop.go-vip.co\/guatevision\/#\/schema\/logo\/image\/\",\"url\":\"https:\/\/prensalibre-com-develop.go-vip.co\/guatevision\/wp-content\/uploads\/sites\/2\/2026\/04\/Diseno-sin-titulo.png\",\"contentUrl\":\"https:\/\/prensalibre-com-develop.go-vip.co\/guatevision\/wp-content\/uploads\/sites\/2\/2026\/04\/Diseno-sin-titulo.png\",\"width\":1000,\"height\":600,\"caption\":\"Guatevision\"},\"image\":{\"@id\":\"https:\/\/prensalibre-com-develop.go-vip.co\/guatevision\/#\/schema\/logo\/image\/\"}},{\"@type\":\"Person\",\"@id\":\"https:\/\/prensalibre-com-develop.go-vip.co\/guatevision\/#\/schema\/person\/c32981f667022be103abfe48e0b16bca\",\"name\":\"Andrea Dom\u00ednguez\",\"image\":{\"@type\":\"ImageObject\",\"inLanguage\":\"es-GT\",\"@id\":\"https:\/\/prensalibre-com-develop.go-vip.co\/guatevision\/#\/schema\/person\/image\/1316cd648fd15fb8e8311665073abf40\",\"url\":\"https:\/\/secure.gravatar.com\/avatar\/057379018be24c4b189e7d359c02aa486805c8dd7b433088c60c989acb5a090d?s=96&d=mm&r=g\",\"contentUrl\":\"https:\/\/secure.gravatar.com\/avatar\/057379018be24c4b189e7d359c02aa486805c8dd7b433088c60c989acb5a090d?s=96&d=mm&r=g\",\"caption\":\"Andrea Dom\u00ednguez\"},\"url\":\"https:\/\/prensalibre-com-develop.go-vip.co\/guatevision\/author\/adominguez\"}]}<\/script>\n<!-- \/ Yoast SEO plugin. -->","yoast_head_json":{"title":"Ampl\u00edan orden de captura contra Alejandro Sinibaldi por caso Odebrecht","description":"Alejandro Sinibaldi, tambi\u00e9n es se\u00f1alado de asociaci\u00f3n il\u00edcita, cohecho pasivo y lavado de dinero u otros activos, por el caso Odebrecht.","robots":{"index":"index","follow":"follow","max-snippet":"max-snippet:-1","max-image-preview":"max-image-preview:large","max-video-preview":"max-video-preview:-1"},"canonical":"https:\/\/prensalibre-com-develop.go-vip.co\/guatevision\/historico\/amplian-orden-captura-alejandro-sinibaldi-caso-odebrecht","og_locale":"es_ES","og_type":"article","og_title":"Ampl\u00edan orden de captura contra Alejandro Sinibaldi por caso Odebrecht","og_description":"Alejandro Sinibaldi, tambi\u00e9n es se\u00f1alado de asociaci\u00f3n il\u00edcita, cohecho pasivo y lavado de dinero u otros activos, por el caso Odebrecht.","og_url":"https:\/\/prensalibre-com-develop.go-vip.co\/guatevision\/historico\/amplian-orden-captura-alejandro-sinibaldi-caso-odebrecht","og_site_name":"Guatevision","article_published_time":"2018-01-21T18:13:01+00:00","og_image":[{"width":660,"height":371,"url":"https:\/\/prensalibre-com-develop.go-vip.co\/guatevision\/wp-content\/uploads\/sites\/2\/2017\/08\/Captura-de-pantalla-2017-08-25-a-las-9.54.06-PM.png?quality=82","type":"image\/png"}],"author":"Andrea Dom\u00ednguez","twitter_card":"summary_large_image","twitter_misc":{"Written by":"Andrea Dom\u00ednguez","Est. reading time":"2 minutes"},"schema":{"@context":"https:\/\/schema.org","@graph":[{"@type":"Article","@id":"https:\/\/prensalibre-com-develop.go-vip.co\/guatevision\/historico\/amplian-orden-captura-alejandro-sinibaldi-caso-odebrecht#article","isPartOf":{"@id":"https:\/\/prensalibre-com-develop.go-vip.co\/guatevision\/historico\/amplian-orden-captura-alejandro-sinibaldi-caso-odebrecht"},"author":{"name":"Andrea Dom\u00ednguez","@id":"https:\/\/prensalibre-com-develop.go-vip.co\/guatevision\/#\/schema\/person\/c32981f667022be103abfe48e0b16bca"},"headline":"Ampl\u00edan orden de captura contra Alejandro Sinibaldi por caso Odebrecht","datePublished":"2018-01-21T18:13:01+00:00","dateModified":"2018-01-21T18:13:01+00:00","mainEntityOfPage":{"@id":"https:\/\/prensalibre-com-develop.go-vip.co\/guatevision\/historico\/amplian-orden-captura-alejandro-sinibaldi-caso-odebrecht"},"wordCount":445,"commentCount":0,"publisher":{"@id":"https:\/\/prensalibre-com-develop.go-vip.co\/guatevision\/#organization"},"image":{"@id":"https:\/\/prensalibre-com-develop.go-vip.co\/guatevision\/historico\/amplian-orden-captura-alejandro-sinibaldi-caso-odebrecht#primaryimage"},"thumbnailUrl":"https:\/\/prensalibre-com-develop.go-vip.co\/guatevision\/wp-content\/uploads\/sites\/2\/2017\/08\/Captura-de-pantalla-2017-08-25-a-las-9.54.06-PM.png","keywords":["Alejandro Sinibaldi","caso odebrecht","Manuel Baldiz\u00f3n","Odebrecht","Otto P\u00e9rez Molina","Roxana Baldetti"],"inLanguage":"es-GT","potentialAction":[{"@type":"CommentAction","name":"Comment","target":["https:\/\/prensalibre-com-develop.go-vip.co\/guatevision\/historico\/amplian-orden-captura-alejandro-sinibaldi-caso-odebrecht#respond"]}]},{"@type":"WebPage","@id":"https:\/\/prensalibre-com-develop.go-vip.co\/guatevision\/historico\/amplian-orden-captura-alejandro-sinibaldi-caso-odebrecht","url":"https:\/\/prensalibre-com-develop.go-vip.co\/guatevision\/historico\/amplian-orden-captura-alejandro-sinibaldi-caso-odebrecht","name":"Ampl\u00edan orden de captura contra Alejandro Sinibaldi por caso Odebrecht","isPartOf":{"@id":"https:\/\/prensalibre-com-develop.go-vip.co\/guatevision\/#website"},"primaryImageOfPage":{"@id":"https:\/\/prensalibre-com-develop.go-vip.co\/guatevision\/historico\/amplian-orden-captura-alejandro-sinibaldi-caso-odebrecht#primaryimage"},"image":{"@id":"https:\/\/prensalibre-com-develop.go-vip.co\/guatevision\/historico\/amplian-orden-captura-alejandro-sinibaldi-caso-odebrecht#primaryimage"},"thumbnailUrl":"https:\/\/prensalibre-com-develop.go-vip.co\/guatevision\/wp-content\/uploads\/sites\/2\/2017\/08\/Captura-de-pantalla-2017-08-25-a-las-9.54.06-PM.png","datePublished":"2018-01-21T18:13:01+00:00","dateModified":"2018-01-21T18:13:01+00:00","description":"Alejandro Sinibaldi, tambi\u00e9n es se\u00f1alado de asociaci\u00f3n il\u00edcita, cohecho pasivo y lavado de dinero u otros activos, por el caso Odebrecht.","inLanguage":"es-GT","potentialAction":[{"@type":"ReadAction","target":["https:\/\/prensalibre-com-develop.go-vip.co\/guatevision\/historico\/amplian-orden-captura-alejandro-sinibaldi-caso-odebrecht"]}]},{"@type":"ImageObject","inLanguage":"es-GT","@id":"https:\/\/prensalibre-com-develop.go-vip.co\/guatevision\/historico\/amplian-orden-captura-alejandro-sinibaldi-caso-odebrecht#primaryimage","url":"https:\/\/prensalibre-com-develop.go-vip.co\/guatevision\/wp-content\/uploads\/sites\/2\/2017\/08\/Captura-de-pantalla-2017-08-25-a-las-9.54.06-PM.png","contentUrl":"https:\/\/prensalibre-com-develop.go-vip.co\/guatevision\/wp-content\/uploads\/sites\/2\/2017\/08\/Captura-de-pantalla-2017-08-25-a-las-9.54.06-PM.png","width":660,"height":371,"caption":"El exministro Sinibaldi estaf\u00f3 a OAS por un mill\u00f3n y no le di\u00f3 el contrato si no se lo di\u00f3 a la competencia. Foto Soy502"},{"@type":"WebSite","@id":"https:\/\/prensalibre-com-develop.go-vip.co\/guatevision\/#website","url":"https:\/\/prensalibre-com-develop.go-vip.co\/guatevision\/","name":"Guatevision","description":"\u00a1Enciende Lo Bueno!","publisher":{"@id":"https:\/\/prensalibre-com-develop.go-vip.co\/guatevision\/#organization"},"potentialAction":[{"@type":"SearchAction","target":{"@type":"EntryPoint","urlTemplate":"https:\/\/prensalibre-com-develop.go-vip.co\/guatevision\/?s={search_term_string}"},"query-input":{"@type":"PropertyValueSpecification","valueRequired":true,"valueName":"search_term_string"}}],"inLanguage":"es-GT"},{"@type":"Organization","@id":"https:\/\/prensalibre-com-develop.go-vip.co\/guatevision\/#organization","name":"Guatevision","url":"https:\/\/prensalibre-com-develop.go-vip.co\/guatevision\/","logo":{"@type":"ImageObject","inLanguage":"es-GT","@id":"https:\/\/prensalibre-com-develop.go-vip.co\/guatevision\/#\/schema\/logo\/image\/","url":"https:\/\/prensalibre-com-develop.go-vip.co\/guatevision\/wp-content\/uploads\/sites\/2\/2026\/04\/Diseno-sin-titulo.png","contentUrl":"https:\/\/prensalibre-com-develop.go-vip.co\/guatevision\/wp-content\/uploads\/sites\/2\/2026\/04\/Diseno-sin-titulo.png","width":1000,"height":600,"caption":"Guatevision"},"image":{"@id":"https:\/\/prensalibre-com-develop.go-vip.co\/guatevision\/#\/schema\/logo\/image\/"}},{"@type":"Person","@id":"https:\/\/prensalibre-com-develop.go-vip.co\/guatevision\/#\/schema\/person\/c32981f667022be103abfe48e0b16bca","name":"Andrea Dom\u00ednguez","image":{"@type":"ImageObject","inLanguage":"es-GT","@id":"https:\/\/prensalibre-com-develop.go-vip.co\/guatevision\/#\/schema\/person\/image\/1316cd648fd15fb8e8311665073abf40","url":"https:\/\/secure.gravatar.com\/avatar\/057379018be24c4b189e7d359c02aa486805c8dd7b433088c60c989acb5a090d?s=96&d=mm&r=g","contentUrl":"https:\/\/secure.gravatar.com\/avatar\/057379018be24c4b189e7d359c02aa486805c8dd7b433088c60c989acb5a090d?s=96&d=mm&r=g","caption":"Andrea Dom\u00ednguez"},"url":"https:\/\/prensalibre-com-develop.go-vip.co\/guatevision\/author\/adominguez"}]}},"jetpack_sharing_enabled":true,"jetpack_featured_media_url":"https:\/\/prensalibre-com-develop.go-vip.co\/guatevision\/wp-content\/uploads\/sites\/2\/2017\/08\/Captura-de-pantalla-2017-08-25-a-las-9.54.06-PM.png","_links":{"self":[{"href":"https:\/\/prensalibre-com-develop.go-vip.co\/guatevision\/wp-json\/wp\/v2\/posts\/145215","targetHints":{"allow":["GET"]}}],"collection":[{"href":"https:\/\/prensalibre-com-develop.go-vip.co\/guatevision\/wp-json\/wp\/v2\/posts"}],"about":[{"href":"https:\/\/prensalibre-com-develop.go-vip.co\/guatevision\/wp-json\/wp\/v2\/types\/post"}],"author":[{"embeddable":true,"href":"https:\/\/prensalibre-com-develop.go-vip.co\/guatevision\/wp-json\/wp\/v2\/users\/111"}],"replies":[{"embeddable":true,"href":"https:\/\/prensalibre-com-develop.go-vip.co\/guatevision\/wp-json\/wp\/v2\/comments?post=145215"}],"version-history":[{"count":0,"href":"https:\/\/prensalibre-com-develop.go-vip.co\/guatevision\/wp-json\/wp\/v2\/posts\/145215\/revisions"}],"wp:featuredmedia":[{"embeddable":true,"href":"https:\/\/prensalibre-com-develop.go-vip.co\/guatevision\/wp-json\/wp\/v2\/media\/108499"}],"wp:attachment":[{"href":"https:\/\/prensalibre-com-develop.go-vip.co\/guatevision\/wp-json\/wp\/v2\/media?parent=145215"}],"wp:term":[{"taxonomy":"category","embeddable":true,"href":"https:\/\/prensalibre-com-develop.go-vip.co\/guatevision\/wp-json\/wp\/v2\/categories?post=145215"},{"taxonomy":"etiqueta","embeddable":true,"href":"https:\/\/prensalibre-com-develop.go-vip.co\/guatevision\/wp-json\/wp\/v2\/etiqueta?post=145215"}],"curies":[{"name":"wp","href":"https:\/\/api.w.org\/{rel}","templated":true}]}}