{"id":145958,"date":"2018-01-24T09:43:53","date_gmt":"2018-01-24T15:43:53","guid":{"rendered":"https:\/\/prensalibre-com-develop.go-vip.co\/guatevision\/?p=145958"},"modified":"2018-01-24T09:43:53","modified_gmt":"2018-01-24T15:43:53","slug":"aristides-crespo-carceleta","status":"publish","type":"post","link":"https:\/\/prensalibre-com-develop.go-vip.co\/guatevision\/historico\/aristides-crespo-carceleta","title":{"rendered":"VIDEO. Ar\u00edstides Crespo: &#8220;La carceleta es fr\u00eda&#8230; y m\u00e1s fr\u00eda para un coste\u00f1o&#8221;"},"content":{"rendered":"<p>El diputado Ar\u00edstides Crespo pas\u00f3 la noche encerrado en la carceleta de la Torre de Tribunales, lugar mejor conocido como &#8220;el gallinero&#8221;.<\/p>\n\n<p>Crespo fue capturado en la zona 6 capitalina se\u00f1alado de beneficiarse con plazas fantasma y cobrar por ellas, as\u00ed como por abusar de su cargo para hacerlo. La orden de su aprehensi\u00f3n fue girada por el juez Miguel \u00c1ngel G\u00e1lvez. El legislador hab\u00eda perdido su inmunidad meses atr\u00e1s.<\/p>\n<h3>Ar\u00edstides Crespo dice que la carceleta es fr\u00eda<\/h3>\n<p>El legislador electo por Escuintla dijo a una reportera que se le acerca para entrevistarlo, que es la primera vez que duerme en una carceleta, &#8220;Muy fr\u00eda&#8221; y &#8220;m\u00e1s para un coste\u00f1o&#8221;. Agreg\u00f3 que es una situaci\u00f3n muy dif\u00edcil para \u00e9l pero que hay que afrontarla.<\/p>\n<p>Ya no habl\u00f3 m\u00e1s de las acusaciones en su contra pues seg\u00fan \u00e9l, es un tema que deber\u00e1 aclarar ante un juez.<\/p>\n<div id=\"carousel-145958-3833441071\" \n                    class=\"carousel slide carousel-fade\"  \n                    data-ride=\"carousel\" \n                    data-keyboard=\"false\" >\n\t\t\t\t\t\t<div class=\"carousel-inner\" role=\"listbox\"><div class=\"item  active\">\n\t\t\t\t\t<a href=\"https:\/\/prensalibre-com-develop.go-vip.co\/guatevision\/wp-content\/uploads\/sites\/2\/2018\/01\/Captura-de-pantalla-2018-01-24-a-las-9.23.55-AM.png\" \n\t\t\t\t\tclass=\"foto\" style=\"background-image:url(https:\/\/prensalibre-com-develop.go-vip.co\/guatevision\/wp-content\/uploads\/sites\/2\/2018\/01\/Captura-de-pantalla-2018-01-24-a-las-9.23.55-AM.png?quality=82&w=502);\" \n\t\t\t\t\tdata-toggle=\"lightbox\" \n\t\t\t\t\tdata-type=\"image\" \n\t\t\t\t\tdata-gallery=\"galeria145958-3833441071\"><\/a>\n\t\t\t\t\t\n\t\t\t\t\t<span class=\"pie-carousel\">Galer\u00eda: Foto 1 de 12<\/span>\n\t\t\t\t\t<\/div><div class=\"item  \">\n\t\t\t\t\t<a href=\"https:\/\/prensalibre-com-develop.go-vip.co\/guatevision\/wp-content\/uploads\/sites\/2\/2018\/01\/Captura-de-pantalla-2018-01-24-a-las-9.23.49-AM.png\" \n\t\t\t\t\tclass=\"foto\" style=\"background-image:url(https:\/\/prensalibre-com-develop.go-vip.co\/guatevision\/wp-content\/uploads\/sites\/2\/2018\/01\/Captura-de-pantalla-2018-01-24-a-las-9.23.49-AM.png?quality=82&w=504);\" \n\t\t\t\t\tdata-toggle=\"lightbox\" \n\t\t\t\t\tdata-type=\"image\" \n\t\t\t\t\tdata-gallery=\"galeria145958-3833441071\"><\/a>\n\t\t\t\t\t\n\t\t\t\t\t<span class=\"pie-carousel\">Galer\u00eda: Foto 2 de 12<\/span>\n\t\t\t\t\t<\/div><div class=\"item  \">\n\t\t\t\t\t<a href=\"https:\/\/prensalibre-com-develop.go-vip.co\/guatevision\/wp-content\/uploads\/sites\/2\/2018\/01\/Captura-de-pantalla-2018-01-24-a-las-9.23.44-AM.png\" \n\t\t\t\t\tclass=\"foto\" style=\"background-image:url(https:\/\/prensalibre-com-develop.go-vip.co\/guatevision\/wp-content\/uploads\/sites\/2\/2018\/01\/Captura-de-pantalla-2018-01-24-a-las-9.23.44-AM.png?quality=82&w=558);\" \n\t\t\t\t\tdata-toggle=\"lightbox\" \n\t\t\t\t\tdata-type=\"image\" \n\t\t\t\t\tdata-gallery=\"galeria145958-3833441071\"><\/a>\n\t\t\t\t\t\n\t\t\t\t\t<span class=\"pie-carousel\">Galer\u00eda: Foto 3 de 12<\/span>\n\t\t\t\t\t<\/div><div class=\"item  \">\n\t\t\t\t\t<a href=\"https:\/\/prensalibre-com-develop.go-vip.co\/guatevision\/wp-content\/uploads\/sites\/2\/2018\/01\/Captura-de-pantalla-2018-01-24-a-las-9.23.38-AM.png\" \n\t\t\t\t\tclass=\"foto\" style=\"background-image:url(https:\/\/prensalibre-com-develop.go-vip.co\/guatevision\/wp-content\/uploads\/sites\/2\/2018\/01\/Captura-de-pantalla-2018-01-24-a-las-9.23.38-AM.png?quality=82&w=554);\" \n\t\t\t\t\tdata-toggle=\"lightbox\" \n\t\t\t\t\tdata-type=\"image\" \n\t\t\t\t\tdata-gallery=\"galeria145958-3833441071\"><\/a>\n\t\t\t\t\t\n\t\t\t\t\t<span class=\"pie-carousel\">Galer\u00eda: Foto 4 de 12<\/span>\n\t\t\t\t\t<\/div><div class=\"item  \">\n\t\t\t\t\t<a href=\"https:\/\/prensalibre-com-develop.go-vip.co\/guatevision\/wp-content\/uploads\/sites\/2\/2018\/01\/Captura-de-pantalla-2018-01-24-a-las-9.23.33-AM.png\" \n\t\t\t\t\tclass=\"foto\" style=\"background-image:url(https:\/\/prensalibre-com-develop.go-vip.co\/guatevision\/wp-content\/uploads\/sites\/2\/2018\/01\/Captura-de-pantalla-2018-01-24-a-las-9.23.33-AM.png?quality=82&w=571);\" \n\t\t\t\t\tdata-toggle=\"lightbox\" \n\t\t\t\t\tdata-type=\"image\" \n\t\t\t\t\tdata-gallery=\"galeria145958-3833441071\"><\/a>\n\t\t\t\t\t\n\t\t\t\t\t<span class=\"pie-carousel\">Galer\u00eda: Foto 5 de 12<\/span>\n\t\t\t\t\t<\/div><div class=\"item  \">\n\t\t\t\t\t<a href=\"https:\/\/prensalibre-com-develop.go-vip.co\/guatevision\/wp-content\/uploads\/sites\/2\/2018\/01\/Captura-de-pantalla-2018-01-24-a-las-9.23.28-AM.png\" \n\t\t\t\t\tclass=\"foto\" style=\"background-image:url(https:\/\/prensalibre-com-develop.go-vip.co\/guatevision\/wp-content\/uploads\/sites\/2\/2018\/01\/Captura-de-pantalla-2018-01-24-a-las-9.23.28-AM.png?quality=82&w=562);\" \n\t\t\t\t\tdata-toggle=\"lightbox\" \n\t\t\t\t\tdata-type=\"image\" \n\t\t\t\t\tdata-gallery=\"galeria145958-3833441071\"><\/a>\n\t\t\t\t\t\n\t\t\t\t\t<span class=\"pie-carousel\">Galer\u00eda: Foto 6 de 12<\/span>\n\t\t\t\t\t<\/div><div class=\"item  \">\n\t\t\t\t\t<a href=\"https:\/\/prensalibre-com-develop.go-vip.co\/guatevision\/wp-content\/uploads\/sites\/2\/2018\/01\/Captura-de-pantalla-2018-01-24-a-las-9.23.24-AM.png\" \n\t\t\t\t\tclass=\"foto\" style=\"background-image:url(https:\/\/prensalibre-com-develop.go-vip.co\/guatevision\/wp-content\/uploads\/sites\/2\/2018\/01\/Captura-de-pantalla-2018-01-24-a-las-9.23.24-AM.png?quality=82&w=554);\" \n\t\t\t\t\tdata-toggle=\"lightbox\" \n\t\t\t\t\tdata-type=\"image\" \n\t\t\t\t\tdata-gallery=\"galeria145958-3833441071\"><\/a>\n\t\t\t\t\t\n\t\t\t\t\t<span class=\"pie-carousel\">Galer\u00eda: Foto 7 de 12<\/span>\n\t\t\t\t\t<\/div><div class=\"item  \">\n\t\t\t\t\t<a href=\"https:\/\/prensalibre-com-develop.go-vip.co\/guatevision\/wp-content\/uploads\/sites\/2\/2018\/01\/Captura-de-pantalla-2018-01-24-a-las-9.23.18-AM.png\" \n\t\t\t\t\tclass=\"foto\" style=\"background-image:url(https:\/\/prensalibre-com-develop.go-vip.co\/guatevision\/wp-content\/uploads\/sites\/2\/2018\/01\/Captura-de-pantalla-2018-01-24-a-las-9.23.18-AM.png?quality=82&w=565);\" \n\t\t\t\t\tdata-toggle=\"lightbox\" \n\t\t\t\t\tdata-type=\"image\" \n\t\t\t\t\tdata-gallery=\"galeria145958-3833441071\"><\/a>\n\t\t\t\t\t\n\t\t\t\t\t<span class=\"pie-carousel\">Galer\u00eda: Foto 8 de 12<\/span>\n\t\t\t\t\t<\/div><div class=\"item  \">\n\t\t\t\t\t<a href=\"https:\/\/prensalibre-com-develop.go-vip.co\/guatevision\/wp-content\/uploads\/sites\/2\/2018\/01\/Captura-de-pantalla-2018-01-24-a-las-9.23.09-AM.png\" \n\t\t\t\t\tclass=\"foto\" style=\"background-image:url(https:\/\/prensalibre-com-develop.go-vip.co\/guatevision\/wp-content\/uploads\/sites\/2\/2018\/01\/Captura-de-pantalla-2018-01-24-a-las-9.23.09-AM.png?quality=82&w=567);\" \n\t\t\t\t\tdata-toggle=\"lightbox\" \n\t\t\t\t\tdata-type=\"image\" \n\t\t\t\t\tdata-gallery=\"galeria145958-3833441071\"><\/a>\n\t\t\t\t\t\n\t\t\t\t\t<span class=\"pie-carousel\">Galer\u00eda: Foto 9 de 12<\/span>\n\t\t\t\t\t<\/div><div class=\"item  \">\n\t\t\t\t\t<a href=\"https:\/\/prensalibre-com-develop.go-vip.co\/guatevision\/wp-content\/uploads\/sites\/2\/2018\/01\/Captura-de-pantalla-2018-01-24-a-las-9.23.00-AM.png\" \n\t\t\t\t\tclass=\"foto\" style=\"background-image:url(https:\/\/prensalibre-com-develop.go-vip.co\/guatevision\/wp-content\/uploads\/sites\/2\/2018\/01\/Captura-de-pantalla-2018-01-24-a-las-9.23.00-AM.png?quality=82&w=566);\" \n\t\t\t\t\tdata-toggle=\"lightbox\" \n\t\t\t\t\tdata-type=\"image\" \n\t\t\t\t\tdata-gallery=\"galeria145958-3833441071\"><\/a>\n\t\t\t\t\t\n\t\t\t\t\t<span class=\"pie-carousel\">Galer\u00eda: Foto 10 de 12<\/span>\n\t\t\t\t\t<\/div><div class=\"item  \">\n\t\t\t\t\t<a href=\"https:\/\/prensalibre-com-develop.go-vip.co\/guatevision\/wp-content\/uploads\/sites\/2\/2018\/01\/Captura-de-pantalla-2018-01-24-a-las-9.22.44-AM.png\" \n\t\t\t\t\tclass=\"foto\" style=\"background-image:url(https:\/\/prensalibre-com-develop.go-vip.co\/guatevision\/wp-content\/uploads\/sites\/2\/2018\/01\/Captura-de-pantalla-2018-01-24-a-las-9.22.44-AM.png?quality=82&w=559);\" \n\t\t\t\t\tdata-toggle=\"lightbox\" \n\t\t\t\t\tdata-type=\"image\" \n\t\t\t\t\tdata-gallery=\"galeria145958-3833441071\"><\/a>\n\t\t\t\t\t\n\t\t\t\t\t<span class=\"pie-carousel\">Galer\u00eda: Foto 11 de 12<\/span>\n\t\t\t\t\t<\/div><div class=\"item  \">\n\t\t\t\t\t<a href=\"https:\/\/prensalibre-com-develop.go-vip.co\/guatevision\/wp-content\/uploads\/sites\/2\/2018\/01\/Captura-de-pantalla-2018-01-24-a-las-9.22.11-AM.png\" \n\t\t\t\t\tclass=\"foto\" style=\"background-image:url(https:\/\/prensalibre-com-develop.go-vip.co\/guatevision\/wp-content\/uploads\/sites\/2\/2018\/01\/Captura-de-pantalla-2018-01-24-a-las-9.22.11-AM.png?quality=82&w=660);\" \n\t\t\t\t\tdata-toggle=\"lightbox\" \n\t\t\t\t\tdata-type=\"image\" \n\t\t\t\t\tdata-gallery=\"galeria145958-3833441071\"><\/a>\n\t\t\t\t\t\n\t\t\t\t\t<span class=\"pie-carousel\">Galer\u00eda: Foto 12 de 12<\/span>\n\t\t\t\t\t<\/div><\/div><div>\n\t\t\t\t<a class=\"left carousel-control\" href=\"#carousel-145958-3833441071\" role=\"button\" data-slide=\"prev\">\n\t\t\t        <i class=\"icon-arrow-left glyphicon glyphicon-chevron-right\"><\/i>\n\t\t\t        <span class=\"sr-only\">Previous<\/span><\/a>\n\t\t        <a class=\"right carousel-control\" href=\"#carousel-145958-3833441071\" role=\"button\" data-slide=\"next\">\n\t\t\t        <i class=\"icon-arrow-right glyphicon glyphicon-chevron-left\"><\/i>\n\t\t\t        <span class=\"sr-only\">Next<\/span><\/a>\n\t\t        <\/div>\n\t\t        <\/div>\n<h5><a href=\"http:\/\/prensalibre-com-develop.go-vip.co\/guatemala\/justicia\/por-que-aristides-crespo-no-fue-detenido-saliendo-del-congreso\" target=\"_blank\" rel=\"noopener\">Vea tambi\u00e9n: \u00bfPor qu\u00e9 Ar\u00edstides Crespo no fue detenido saliendo del Congreso?<\/a><\/h5>\n<p>Fotos y videos: <a href=\"http:\/\/prensalibre-com-develop.go-vip.co\" target=\"_blank\" rel=\"noopener\">Prensa Libre<\/a><\/p>\n","protected":false},"excerpt":{"rendered":"<p>Ar\u00edstides Crespo se quej\u00f3 de fr\u00edo en la carceleta de Tribunales, dice que las autoridades est\u00e1n &#8220;muy estrictas&#8221; y no lo dejaron entrar ni una frazada.<\/p>\n","protected":false},"author":218,"featured_media":145964,"comment_status":"open","ping_status":"closed","sticky":false,"template":"","format":"standard","meta":{"_jetpack_newsletter_access":"","_jetpack_dont_email_post_to_subs":false,"_jetpack_newsletter_tier_id":0,"_jetpack_memberships_contains_paywalled_content":false,"_jetpack_memberships_contains_paid_content":false,"footnotes":"","jetpack_post_was_ever_published":false},"categories":[],"etiqueta":[],"class_list":["post-145958","post","type-post","status-publish","format-standard","has-post-thumbnail","hentry"],"yoast_head":"<!-- This site is optimized with the Yoast SEO plugin v23.9 - https:\/\/yoast.com\/wordpress\/plugins\/seo\/ -->\n<title>VIDEO. Ar\u00edstides Crespo: &quot;La carceleta es fr\u00eda... y m\u00e1s fr\u00eda para un coste\u00f1o&quot;<\/title>\n<meta name=\"description\" content=\"Ar\u00edstides Crespo se quej\u00f3 de fr\u00edo en la carceleta de Tribunales, dice que las autoridades est\u00e1n &quot;muy estrictas&quot; y no lo dejaron entrar ni una frazada.\" \/>\n<meta name=\"robots\" content=\"index, follow, max-snippet:-1, max-image-preview:large, max-video-preview:-1\" \/>\n<link rel=\"canonical\" href=\"https:\/\/prensalibre-com-develop.go-vip.co\/guatevision\/historico\/aristides-crespo-carceleta\" \/>\n<meta property=\"og:locale\" content=\"es_ES\" \/>\n<meta property=\"og:type\" content=\"article\" \/>\n<meta property=\"og:title\" content=\"VIDEO. Ar\u00edstides Crespo: &quot;La carceleta es fr\u00eda... y m\u00e1s fr\u00eda para un coste\u00f1o&quot;\" \/>\n<meta property=\"og:description\" content=\"Ar\u00edstides Crespo se quej\u00f3 de fr\u00edo en la carceleta de Tribunales, dice que las autoridades est\u00e1n &quot;muy estrictas&quot; y no lo dejaron entrar ni una frazada.\" \/>\n<meta property=\"og:url\" content=\"https:\/\/prensalibre-com-develop.go-vip.co\/guatevision\/historico\/aristides-crespo-carceleta\" \/>\n<meta property=\"og:site_name\" content=\"Guatevision\" \/>\n<meta property=\"article:published_time\" content=\"2018-01-24T15:43:53+00:00\" \/>\n<meta property=\"og:image\" content=\"https:\/\/prensalibre-com-develop.go-vip.co\/guatevision\/wp-content\/uploads\/sites\/2\/2018\/01\/Captura-de-pantalla-2018-01-24-a-las-9.22.11-AM.png?quality=82\" \/>\n\t<meta property=\"og:image:width\" content=\"660\" \/>\n\t<meta property=\"og:image:height\" content=\"371\" \/>\n\t<meta property=\"og:image:type\" content=\"image\/png\" \/>\n<meta name=\"author\" content=\"Redacci\u00f3n Guatevisi\u00f3n\" \/>\n<meta name=\"twitter:card\" content=\"summary_large_image\" \/>\n<meta name=\"twitter:label1\" content=\"Written by\" \/>\n\t<meta name=\"twitter:data1\" content=\"Redacci\u00f3n Guatevisi\u00f3n\" \/>\n\t<meta name=\"twitter:label2\" content=\"Est. reading time\" \/>\n\t<meta name=\"twitter:data2\" content=\"1 minute\" \/>\n<script type=\"application\/ld+json\" class=\"yoast-schema-graph\">{\"@context\":\"https:\/\/schema.org\",\"@graph\":[{\"@type\":\"Article\",\"@id\":\"https:\/\/prensalibre-com-develop.go-vip.co\/guatevision\/historico\/aristides-crespo-carceleta#article\",\"isPartOf\":{\"@id\":\"https:\/\/prensalibre-com-develop.go-vip.co\/guatevision\/historico\/aristides-crespo-carceleta\"},\"author\":{\"name\":\"Redacci\u00f3n Guatevisi\u00f3n\",\"@id\":\"https:\/\/prensalibre-com-develop.go-vip.co\/guatevision\/#\/schema\/person\/7c26ea5ceee1b7266a573b2125e1c2aa\"},\"headline\":\"VIDEO. Ar\u00edstides Crespo: &#8220;La carceleta es fr\u00eda&#8230; y m\u00e1s fr\u00eda para un coste\u00f1o&#8221;\",\"datePublished\":\"2018-01-24T15:43:53+00:00\",\"dateModified\":\"2018-01-24T15:43:53+00:00\",\"mainEntityOfPage\":{\"@id\":\"https:\/\/prensalibre-com-develop.go-vip.co\/guatevision\/historico\/aristides-crespo-carceleta\"},\"wordCount\":199,\"commentCount\":0,\"publisher\":{\"@id\":\"https:\/\/prensalibre-com-develop.go-vip.co\/guatevision\/#organization\"},\"image\":{\"@id\":\"https:\/\/prensalibre-com-develop.go-vip.co\/guatevision\/historico\/aristides-crespo-carceleta#primaryimage\"},\"thumbnailUrl\":\"https:\/\/prensalibre-com-develop.go-vip.co\/guatevision\/wp-content\/uploads\/sites\/2\/2018\/01\/Captura-de-pantalla-2018-01-24-a-las-9.22.11-AM.png\",\"inLanguage\":\"es-GT\",\"potentialAction\":[{\"@type\":\"CommentAction\",\"name\":\"Comment\",\"target\":[\"https:\/\/prensalibre-com-develop.go-vip.co\/guatevision\/historico\/aristides-crespo-carceleta#respond\"]}]},{\"@type\":\"WebPage\",\"@id\":\"https:\/\/prensalibre-com-develop.go-vip.co\/guatevision\/historico\/aristides-crespo-carceleta\",\"url\":\"https:\/\/prensalibre-com-develop.go-vip.co\/guatevision\/historico\/aristides-crespo-carceleta\",\"name\":\"VIDEO. Ar\u00edstides Crespo: \\\"La carceleta es fr\u00eda... y m\u00e1s fr\u00eda para un coste\u00f1o\\\"\",\"isPartOf\":{\"@id\":\"https:\/\/prensalibre-com-develop.go-vip.co\/guatevision\/#website\"},\"primaryImageOfPage\":{\"@id\":\"https:\/\/prensalibre-com-develop.go-vip.co\/guatevision\/historico\/aristides-crespo-carceleta#primaryimage\"},\"image\":{\"@id\":\"https:\/\/prensalibre-com-develop.go-vip.co\/guatevision\/historico\/aristides-crespo-carceleta#primaryimage\"},\"thumbnailUrl\":\"https:\/\/prensalibre-com-develop.go-vip.co\/guatevision\/wp-content\/uploads\/sites\/2\/2018\/01\/Captura-de-pantalla-2018-01-24-a-las-9.22.11-AM.png\",\"datePublished\":\"2018-01-24T15:43:53+00:00\",\"dateModified\":\"2018-01-24T15:43:53+00:00\",\"description\":\"Ar\u00edstides Crespo se quej\u00f3 de fr\u00edo en la carceleta de Tribunales, dice que las autoridades est\u00e1n \\\"muy estrictas\\\" y no lo dejaron entrar ni una frazada.\",\"inLanguage\":\"es-GT\",\"potentialAction\":[{\"@type\":\"ReadAction\",\"target\":[\"https:\/\/prensalibre-com-develop.go-vip.co\/guatevision\/historico\/aristides-crespo-carceleta\"]}]},{\"@type\":\"ImageObject\",\"inLanguage\":\"es-GT\",\"@id\":\"https:\/\/prensalibre-com-develop.go-vip.co\/guatevision\/historico\/aristides-crespo-carceleta#primaryimage\",\"url\":\"https:\/\/prensalibre-com-develop.go-vip.co\/guatevision\/wp-content\/uploads\/sites\/2\/2018\/01\/Captura-de-pantalla-2018-01-24-a-las-9.22.11-AM.png\",\"contentUrl\":\"https:\/\/prensalibre-com-develop.go-vip.co\/guatevision\/wp-content\/uploads\/sites\/2\/2018\/01\/Captura-de-pantalla-2018-01-24-a-las-9.22.11-AM.png\",\"width\":660,\"height\":371,\"caption\":\"Ar\u00edstides Crespo en la torre de Tribunales\"},{\"@type\":\"WebSite\",\"@id\":\"https:\/\/prensalibre-com-develop.go-vip.co\/guatevision\/#website\",\"url\":\"https:\/\/prensalibre-com-develop.go-vip.co\/guatevision\/\",\"name\":\"Guatevision\",\"description\":\"\u00a1Enciende Lo Bueno!\",\"publisher\":{\"@id\":\"https:\/\/prensalibre-com-develop.go-vip.co\/guatevision\/#organization\"},\"potentialAction\":[{\"@type\":\"SearchAction\",\"target\":{\"@type\":\"EntryPoint\",\"urlTemplate\":\"https:\/\/prensalibre-com-develop.go-vip.co\/guatevision\/?s={search_term_string}\"},\"query-input\":{\"@type\":\"PropertyValueSpecification\",\"valueRequired\":true,\"valueName\":\"search_term_string\"}}],\"inLanguage\":\"es-GT\"},{\"@type\":\"Organization\",\"@id\":\"https:\/\/prensalibre-com-develop.go-vip.co\/guatevision\/#organization\",\"name\":\"Guatevision\",\"url\":\"https:\/\/prensalibre-com-develop.go-vip.co\/guatevision\/\",\"logo\":{\"@type\":\"ImageObject\",\"inLanguage\":\"es-GT\",\"@id\":\"https:\/\/prensalibre-com-develop.go-vip.co\/guatevision\/#\/schema\/logo\/image\/\",\"url\":\"https:\/\/prensalibre-com-develop.go-vip.co\/guatevision\/wp-content\/uploads\/sites\/2\/2026\/04\/Diseno-sin-titulo.png\",\"contentUrl\":\"https:\/\/prensalibre-com-develop.go-vip.co\/guatevision\/wp-content\/uploads\/sites\/2\/2026\/04\/Diseno-sin-titulo.png\",\"width\":1000,\"height\":600,\"caption\":\"Guatevision\"},\"image\":{\"@id\":\"https:\/\/prensalibre-com-develop.go-vip.co\/guatevision\/#\/schema\/logo\/image\/\"}},{\"@type\":\"Person\",\"@id\":\"https:\/\/prensalibre-com-develop.go-vip.co\/guatevision\/#\/schema\/person\/7c26ea5ceee1b7266a573b2125e1c2aa\",\"name\":\"Redacci\u00f3n Guatevisi\u00f3n\",\"image\":{\"@type\":\"ImageObject\",\"inLanguage\":\"es-GT\",\"@id\":\"https:\/\/prensalibre-com-develop.go-vip.co\/guatevision\/#\/schema\/person\/image\/6d36cd161df0dff3760fc313fe2275f7\",\"url\":\"https:\/\/secure.gravatar.com\/avatar\/30137a0ea5fbd7114184dc546048a84bb0a0138981443c3af84a9d824dffdd9b?s=96&d=mm&r=g\",\"contentUrl\":\"https:\/\/secure.gravatar.com\/avatar\/30137a0ea5fbd7114184dc546048a84bb0a0138981443c3af84a9d824dffdd9b?s=96&d=mm&r=g\",\"caption\":\"Redacci\u00f3n Guatevisi\u00f3n\"},\"url\":\"https:\/\/prensalibre-com-develop.go-vip.co\/guatevision\/author\/redacciongtv\"}]}<\/script>\n<!-- \/ Yoast SEO plugin. -->","yoast_head_json":{"title":"VIDEO. Ar\u00edstides Crespo: \"La carceleta es fr\u00eda... y m\u00e1s fr\u00eda para un coste\u00f1o\"","description":"Ar\u00edstides Crespo se quej\u00f3 de fr\u00edo en la carceleta de Tribunales, dice que las autoridades est\u00e1n \"muy estrictas\" y no lo dejaron entrar ni una frazada.","robots":{"index":"index","follow":"follow","max-snippet":"max-snippet:-1","max-image-preview":"max-image-preview:large","max-video-preview":"max-video-preview:-1"},"canonical":"https:\/\/prensalibre-com-develop.go-vip.co\/guatevision\/historico\/aristides-crespo-carceleta","og_locale":"es_ES","og_type":"article","og_title":"VIDEO. Ar\u00edstides Crespo: \"La carceleta es fr\u00eda... y m\u00e1s fr\u00eda para un coste\u00f1o\"","og_description":"Ar\u00edstides Crespo se quej\u00f3 de fr\u00edo en la carceleta de Tribunales, dice que las autoridades est\u00e1n \"muy estrictas\" y no lo dejaron entrar ni una frazada.","og_url":"https:\/\/prensalibre-com-develop.go-vip.co\/guatevision\/historico\/aristides-crespo-carceleta","og_site_name":"Guatevision","article_published_time":"2018-01-24T15:43:53+00:00","og_image":[{"width":660,"height":371,"url":"https:\/\/prensalibre-com-develop.go-vip.co\/guatevision\/wp-content\/uploads\/sites\/2\/2018\/01\/Captura-de-pantalla-2018-01-24-a-las-9.22.11-AM.png?quality=82","type":"image\/png"}],"author":"Redacci\u00f3n Guatevisi\u00f3n","twitter_card":"summary_large_image","twitter_misc":{"Written by":"Redacci\u00f3n Guatevisi\u00f3n","Est. reading time":"1 minute"},"schema":{"@context":"https:\/\/schema.org","@graph":[{"@type":"Article","@id":"https:\/\/prensalibre-com-develop.go-vip.co\/guatevision\/historico\/aristides-crespo-carceleta#article","isPartOf":{"@id":"https:\/\/prensalibre-com-develop.go-vip.co\/guatevision\/historico\/aristides-crespo-carceleta"},"author":{"name":"Redacci\u00f3n Guatevisi\u00f3n","@id":"https:\/\/prensalibre-com-develop.go-vip.co\/guatevision\/#\/schema\/person\/7c26ea5ceee1b7266a573b2125e1c2aa"},"headline":"VIDEO. Ar\u00edstides Crespo: &#8220;La carceleta es fr\u00eda&#8230; y m\u00e1s fr\u00eda para un coste\u00f1o&#8221;","datePublished":"2018-01-24T15:43:53+00:00","dateModified":"2018-01-24T15:43:53+00:00","mainEntityOfPage":{"@id":"https:\/\/prensalibre-com-develop.go-vip.co\/guatevision\/historico\/aristides-crespo-carceleta"},"wordCount":199,"commentCount":0,"publisher":{"@id":"https:\/\/prensalibre-com-develop.go-vip.co\/guatevision\/#organization"},"image":{"@id":"https:\/\/prensalibre-com-develop.go-vip.co\/guatevision\/historico\/aristides-crespo-carceleta#primaryimage"},"thumbnailUrl":"https:\/\/prensalibre-com-develop.go-vip.co\/guatevision\/wp-content\/uploads\/sites\/2\/2018\/01\/Captura-de-pantalla-2018-01-24-a-las-9.22.11-AM.png","inLanguage":"es-GT","potentialAction":[{"@type":"CommentAction","name":"Comment","target":["https:\/\/prensalibre-com-develop.go-vip.co\/guatevision\/historico\/aristides-crespo-carceleta#respond"]}]},{"@type":"WebPage","@id":"https:\/\/prensalibre-com-develop.go-vip.co\/guatevision\/historico\/aristides-crespo-carceleta","url":"https:\/\/prensalibre-com-develop.go-vip.co\/guatevision\/historico\/aristides-crespo-carceleta","name":"VIDEO. Ar\u00edstides Crespo: \"La carceleta es fr\u00eda... y m\u00e1s fr\u00eda para un coste\u00f1o\"","isPartOf":{"@id":"https:\/\/prensalibre-com-develop.go-vip.co\/guatevision\/#website"},"primaryImageOfPage":{"@id":"https:\/\/prensalibre-com-develop.go-vip.co\/guatevision\/historico\/aristides-crespo-carceleta#primaryimage"},"image":{"@id":"https:\/\/prensalibre-com-develop.go-vip.co\/guatevision\/historico\/aristides-crespo-carceleta#primaryimage"},"thumbnailUrl":"https:\/\/prensalibre-com-develop.go-vip.co\/guatevision\/wp-content\/uploads\/sites\/2\/2018\/01\/Captura-de-pantalla-2018-01-24-a-las-9.22.11-AM.png","datePublished":"2018-01-24T15:43:53+00:00","dateModified":"2018-01-24T15:43:53+00:00","description":"Ar\u00edstides Crespo se quej\u00f3 de fr\u00edo en la carceleta de Tribunales, dice que las autoridades est\u00e1n \"muy estrictas\" y no lo dejaron entrar ni una frazada.","inLanguage":"es-GT","potentialAction":[{"@type":"ReadAction","target":["https:\/\/prensalibre-com-develop.go-vip.co\/guatevision\/historico\/aristides-crespo-carceleta"]}]},{"@type":"ImageObject","inLanguage":"es-GT","@id":"https:\/\/prensalibre-com-develop.go-vip.co\/guatevision\/historico\/aristides-crespo-carceleta#primaryimage","url":"https:\/\/prensalibre-com-develop.go-vip.co\/guatevision\/wp-content\/uploads\/sites\/2\/2018\/01\/Captura-de-pantalla-2018-01-24-a-las-9.22.11-AM.png","contentUrl":"https:\/\/prensalibre-com-develop.go-vip.co\/guatevision\/wp-content\/uploads\/sites\/2\/2018\/01\/Captura-de-pantalla-2018-01-24-a-las-9.22.11-AM.png","width":660,"height":371,"caption":"Ar\u00edstides Crespo en la torre de Tribunales"},{"@type":"WebSite","@id":"https:\/\/prensalibre-com-develop.go-vip.co\/guatevision\/#website","url":"https:\/\/prensalibre-com-develop.go-vip.co\/guatevision\/","name":"Guatevision","description":"\u00a1Enciende Lo Bueno!","publisher":{"@id":"https:\/\/prensalibre-com-develop.go-vip.co\/guatevision\/#organization"},"potentialAction":[{"@type":"SearchAction","target":{"@type":"EntryPoint","urlTemplate":"https:\/\/prensalibre-com-develop.go-vip.co\/guatevision\/?s={search_term_string}"},"query-input":{"@type":"PropertyValueSpecification","valueRequired":true,"valueName":"search_term_string"}}],"inLanguage":"es-GT"},{"@type":"Organization","@id":"https:\/\/prensalibre-com-develop.go-vip.co\/guatevision\/#organization","name":"Guatevision","url":"https:\/\/prensalibre-com-develop.go-vip.co\/guatevision\/","logo":{"@type":"ImageObject","inLanguage":"es-GT","@id":"https:\/\/prensalibre-com-develop.go-vip.co\/guatevision\/#\/schema\/logo\/image\/","url":"https:\/\/prensalibre-com-develop.go-vip.co\/guatevision\/wp-content\/uploads\/sites\/2\/2026\/04\/Diseno-sin-titulo.png","contentUrl":"https:\/\/prensalibre-com-develop.go-vip.co\/guatevision\/wp-content\/uploads\/sites\/2\/2026\/04\/Diseno-sin-titulo.png","width":1000,"height":600,"caption":"Guatevision"},"image":{"@id":"https:\/\/prensalibre-com-develop.go-vip.co\/guatevision\/#\/schema\/logo\/image\/"}},{"@type":"Person","@id":"https:\/\/prensalibre-com-develop.go-vip.co\/guatevision\/#\/schema\/person\/7c26ea5ceee1b7266a573b2125e1c2aa","name":"Redacci\u00f3n Guatevisi\u00f3n","image":{"@type":"ImageObject","inLanguage":"es-GT","@id":"https:\/\/prensalibre-com-develop.go-vip.co\/guatevision\/#\/schema\/person\/image\/6d36cd161df0dff3760fc313fe2275f7","url":"https:\/\/secure.gravatar.com\/avatar\/30137a0ea5fbd7114184dc546048a84bb0a0138981443c3af84a9d824dffdd9b?s=96&d=mm&r=g","contentUrl":"https:\/\/secure.gravatar.com\/avatar\/30137a0ea5fbd7114184dc546048a84bb0a0138981443c3af84a9d824dffdd9b?s=96&d=mm&r=g","caption":"Redacci\u00f3n Guatevisi\u00f3n"},"url":"https:\/\/prensalibre-com-develop.go-vip.co\/guatevision\/author\/redacciongtv"}]}},"jetpack_sharing_enabled":true,"jetpack_featured_media_url":"https:\/\/prensalibre-com-develop.go-vip.co\/guatevision\/wp-content\/uploads\/sites\/2\/2018\/01\/Captura-de-pantalla-2018-01-24-a-las-9.22.11-AM.png","_links":{"self":[{"href":"https:\/\/prensalibre-com-develop.go-vip.co\/guatevision\/wp-json\/wp\/v2\/posts\/145958","targetHints":{"allow":["GET"]}}],"collection":[{"href":"https:\/\/prensalibre-com-develop.go-vip.co\/guatevision\/wp-json\/wp\/v2\/posts"}],"about":[{"href":"https:\/\/prensalibre-com-develop.go-vip.co\/guatevision\/wp-json\/wp\/v2\/types\/post"}],"author":[{"embeddable":true,"href":"https:\/\/prensalibre-com-develop.go-vip.co\/guatevision\/wp-json\/wp\/v2\/users\/218"}],"replies":[{"embeddable":true,"href":"https:\/\/prensalibre-com-develop.go-vip.co\/guatevision\/wp-json\/wp\/v2\/comments?post=145958"}],"version-history":[{"count":0,"href":"https:\/\/prensalibre-com-develop.go-vip.co\/guatevision\/wp-json\/wp\/v2\/posts\/145958\/revisions"}],"wp:featuredmedia":[{"embeddable":true,"href":"https:\/\/prensalibre-com-develop.go-vip.co\/guatevision\/wp-json\/wp\/v2\/media\/145964"}],"wp:attachment":[{"href":"https:\/\/prensalibre-com-develop.go-vip.co\/guatevision\/wp-json\/wp\/v2\/media?parent=145958"}],"wp:term":[{"taxonomy":"category","embeddable":true,"href":"https:\/\/prensalibre-com-develop.go-vip.co\/guatevision\/wp-json\/wp\/v2\/categories?post=145958"},{"taxonomy":"etiqueta","embeddable":true,"href":"https:\/\/prensalibre-com-develop.go-vip.co\/guatevision\/wp-json\/wp\/v2\/etiqueta?post=145958"}],"curies":[{"name":"wp","href":"https:\/\/api.w.org\/{rel}","templated":true}]}}