{"id":15283,"date":"2016-12-01T11:54:48","date_gmt":"2016-12-01T17:54:48","guid":{"rendered":"https:\/\/prensalibre-com-develop.go-vip.co\/guatevision\/?p=15283"},"modified":"2016-12-01T11:54:48","modified_gmt":"2016-12-01T17:54:48","slug":"feliz-cumpleanos-otto-party-loca","status":"publish","type":"post","link":"https:\/\/prensalibre-com-develop.go-vip.co\/guatevision\/historico\/feliz-cumpleanos-otto-party-loca","title":{"rendered":"\u00a1Feliz Cumplea\u00f1os Otto! \u00a1Party Loca en Mariscal!"},"content":{"rendered":"<p>Un d\u00eda como hoy, pero en 2012&#8230; en 2013&#8230; y en 2014 se celebraron sendas fiestas de cumpela\u00f1os para Otto P\u00e9rez Molina. El entonces Presidente recibi\u00f3 a sus Ministros y su Vicepresidenta en una recepci\u00f3n cuyo punto central fue la entrega de los regalos al Jefe de Gobierno. Definitivamente, una gran fiesta.<\/p>\n\n<p>\u00bfSer\u00e1 que veremos algo parecido ahora que &#8220;el General de la Paz&#8221; purga prisi\u00f3n preventiva por el caso m\u00e1s escandaloso de corrupci\u00f3n en la historia del pa\u00eds?<\/p>\n<p>Algunas fuentes fiables que han estado en la c\u00e1rcel Mariscal Zavala se\u00f1alan que sin ser su cumplea\u00f1os el expresidente ha presenciado varias fiestas en su prisi\u00f3n.<\/p>\n<ul>\n<li>\n<h3><a href=\"https:\/\/prensalibre-com-develop.go-vip.co\/guatevision\/nacionales\/otto-perez-molina-poder-mariscal-zavala\/\" target=\"_blank\">Adem\u00e1s de sentirse como amo y se\u00f1or del Cuartel que deberia funcionar como c\u00e1rcel.<\/a><\/h3>\n<\/li>\n<\/ul>\n<p>&nbsp;<\/p>\n<p><strong>Y como no&#8230;<\/strong><\/p>\n<figure id=\"attachment_13660\" aria-describedby=\"caption-attachment-13660\" style=\"width: 311px\" class=\"wp-caption alignnone\"><img loading=\"lazy\" decoding=\"async\" class=\"size-medium wp-image-13660\" src=\"https:\/\/prensalibre-com-develop.go-vip.co\/guatevision\/wp-content\/uploads\/2016\/11\/Captura-de-pantalla-2016-11-27-a-las-10.11.23-AM-311x175.png\" alt=\"Otto P\u00e9rez Molina\" width=\"311\" height=\"175\" \/><figcaption id=\"caption-attachment-13660\" class=\"wp-caption-text\">P\u00e9rez Molina esta acusado de &#8220;mano peluda&#8221;. Pero el mejor momento para obtener beneficios del Gobierno fue en su cumple\u00f1os.<\/figcaption><\/figure>\n<p>Hay que recordar que mientras &#8220;gobernaba&#8221; el \u00a1Feliz Cumplea\u00f1os Presidencial! fue acompa\u00f1ado de lujosos regalos:<\/p>\n<ol>\n<li>Un jaguar (el veh\u00edculo).<\/li>\n<li>Una lancha (muy humilde).<\/li>\n<li>Una casita (en el puerto).<\/li>\n<li>Tres motos (para playa).<\/li>\n<li>Un helicoptero (s\u00ed, de los que vuelan)<\/li>\n<li>\u00a1Ah! Y una empresa para disfrazarlo.<\/li>\n<\/ol>\n<p>En total Q37 millones pagados con los impuestos de los guatemaltecos, producto de varios negocios corruptos. El mecanismo para la adquisici\u00f3n de los regalos se le llam\u00f3 La Cooperacha, cuando el Ministerio P\u00fablico y la CICIG develar\u00f3n la sucesiva compra de regalos para el cumplea\u00f1os del Presidente.<\/p>\n<p>Si uno hace caso del testimonio de Juan Carlos Monz\u00f3n, y luego de los movimientos financieros que MP y CICIG documentaron, los regalos fueron entregados en lujosas fiestas. No solo en la presencia de Ministros, tambi\u00e9n habian diputados del PP, ahora convertidos a bancadas como FCN, Alianza Ciudadana y Movimiento Reformador.<\/p>\n<h3>Cumplea\u00f1os 2012, la primera fiesta<\/h3>\n<p>En su primer a\u00f1o de Gobierno, P\u00e9rez Molina fue festejado en la Finca Presidencial en Santo T\u00f3mas, Escuintla. Todo lo pag\u00f3 la Secretaria de Asuntos Administrativos y de Seguridad (SAAS), seg\u00fan cont\u00f3 Monz\u00f3n.<\/p>\n<p>&#8220;Fue un carro Jaguar, en la sombra se mira negro pero es un azul perleado cuando se miraba en el sol&#8221;, cont\u00f3 el exsecretario privado de Baldetti. Monz\u00f3n, su hijo, Daniela Beltranena (ahora en la c\u00e1rcel) y la exvicepresidenta visitaron la agencia donde vieron el automovil que cost\u00f3 cerca de $69 mil. El blindaje sali\u00f3 en $21 mil (desde luego tenia que estar blindado).<\/p>\n<figure id=\"attachment_15355\" aria-describedby=\"caption-attachment-15355\" style=\"width: 311px\" class=\"wp-caption alignnone\"><img loading=\"lazy\" decoding=\"async\" class=\"size-medium wp-image-15355\" src=\"https:\/\/prensalibre-com-develop.go-vip.co\/guatevision\/wp-content\/uploads\/2016\/12\/lancha-311x175.png\" alt=\"Cumplea\u00f1os\" width=\"311\" height=\"175\" \/><figcaption id=\"caption-attachment-15355\" class=\"wp-caption-text\">Una lancha as\u00ed fue comprada en el primer a\u00f1o de gobierno de Otto P\u00e9rez para su cumplea\u00f1os.<\/figcaption><\/figure>\n<p>Adem\u00e1s se compr\u00f3 una lancha, pues el mandatario disfrutaba de navegar por las aguas guatemaltecas.<\/p>\n<p>El dinero sali\u00f3 de una idea de Baldetti que ahora le persigue. &#8220;Hace una cooperacha&#8221;, le dijo a su secretario. Acto seguido, Monz\u00f3n visit\u00f3 a varios ministros, de los cuales tres estan en prisi\u00f3n y dos pr\u00f3fugos.<\/p>\n<h3>2013, la casita del puerto<\/h3>\n<p>&#8220;Ya se acercaba el cumplea\u00f1os y sab\u00eda que hay que darle de regalo, era una casa en Monte Rico&#8221;, rememor\u00f3 Monz\u00f3n ante los fiscales. De nuevo, Baldetti revivi\u00f3 la Cooperacha, pero aument\u00f3 la cuota a los Ministros. Fueron $200 mil por cabeza. La casa, por cierto, cost\u00f3 $1 mill\u00f3n.<\/p>\n<figure id=\"attachment_15356\" aria-describedby=\"caption-attachment-15356\" style=\"width: 311px\" class=\"wp-caption alignnone\"><img loading=\"lazy\" decoding=\"async\" class=\"size-medium wp-image-15356\" src=\"https:\/\/prensalibre-com-develop.go-vip.co\/guatevision\/wp-content\/uploads\/2016\/12\/casa--311x175.png\" alt=\"Cumplea\u00f1os\" width=\"311\" height=\"175\" \/><figcaption id=\"caption-attachment-15356\" class=\"wp-caption-text\">La casa del puerto fue comprada en la Aldea El Garit\u00f3n de Monterrico.<\/figcaption><\/figure>\n<p>Adem\u00e1s, oblig\u00f3 a que todos compraran tambi\u00e9n veh\u00edculos para que el expresidente tuviera uno en cada casa.<\/p>\n<h3>2014, a volar<\/h3>\n<p>Los regalos se fueron encareciendo m\u00e1s. Seg\u00fan Monz\u00f3n, Baldetti quiso quedar a\u00fan mejor con \u00e9l en el tercer a\u00f1o de gobierno (\u00bfqu\u00e9 raro, no?). De nuevo organiz\u00f3 la Cooperacha y aumento m\u00e1s la cuota.<\/p>\n<div class=\"t pgm0 pgx0 pgh4 pgy37 pgff2 pgfs0 pgfc0 pgsc0 pgls0 pgws0\">&#8220;Fijate que me doy cuenta que el presi no tiene helic\u00f3ptero y \u00e9l va necesitar uno&#8221;, dice Monz\u00f3n que le dijo Baldetti (como me lo contaron se los cuento).<\/div>\n<div class=\"t pgm0 pgx0 pgh4 pgy37 pgff2 pgfs0 pgfc0 pgsc0 pgls0 pgws0\">\n<figure id=\"attachment_5411\" aria-describedby=\"caption-attachment-5411\" style=\"width: 311px\" class=\"wp-caption alignnone\"><img loading=\"lazy\" decoding=\"async\" class=\"size-medium wp-image-5411\" src=\"https:\/\/prensalibre-com-develop.go-vip.co\/guatevision\/wp-content\/uploads\/2016\/11\/screen_shot_2016-11-07_at_6.24.42_pm-e1478712583170-311x175.png\" alt=\"Otto P\u00e9rez Aviones Helic\u00f3pteros\" width=\"311\" height=\"175\" \/><figcaption id=\"caption-attachment-5411\" class=\"wp-caption-text\">Foto: El Peri\u00f3dico<\/figcaption><\/figure>\n<\/div>\n<div class=\"t pgm0 pgx0 pgh4 pgy37 pgff2 pgfs0 pgfc0 pgsc0 pgls0 pgws0\"><\/div>\n<h3 class=\"t pgm0 pgx0 pgh4 pgy37 pgff2 pgfs0 pgfc0 pgsc0 pgls0 pgws0\"><strong>Por cierto, <a href=\"https:\/\/prensalibre-com-develop.go-vip.co\/guatevision\/seguridad-y-justicia\/baldetti-compra-helicoptero-molina\/\" target=\"_blank\">estos son los jugosos detalles de la compra de ese h\u00e9licoptero<\/a>.<\/strong><\/h3>\n<div class=\"t pgm0 pgx0 pgh4 pgy37 pgff2 pgfs0 pgfc0 pgsc0 pgls0 pgws0\">Esta vez, la fiesta la pag\u00f3 Ra\u00fal Osoy, uno de los contratistas m\u00e1s beneficiados con el Gobierno de Mano Dura.<\/div>\n<div class=\"t pgm0 pgx0 pgh4 pgy37 pgff2 pgfs0 pgfc0 pgsc0 pgls0 pgws0\"><\/div>\n<h3>No dijo que no&#8230;<\/h3>\n<p>Por si quedaba alguna duda. P\u00e9rez Molina recibi\u00f3 todos los regalos. De hecho, la casa en el puerto fue remodelada por Monz\u00f3n bajo su supervisi\u00f3n. Llegaron al punto que el expresidente consider\u00f3 colocar una cancha sint\u00e9tica de f\u00fatbol, algo que el ahora delator recomend\u00f3 que no se hiciera.<\/p>\n<p>Respecto al helicoptero, el exmandatario habr\u00eda negado en un inici\u00f3 recibir el regalo. No porque viniera de dinero corrupto, si no porque temia quedarse sin recursos para mantener la aeronave. Es m\u00e1s, cuando esta vino al pa\u00eds \u00e9l y Baldetti volaron hasta la sede de la Guardia Presidencial.<\/p>\n<p>As\u00ed fueron los cumplea\u00f1os de P\u00e9rez Molina hasta hace dos a\u00f1os. \u00bfQu\u00e9 pasar\u00e1 por la mente del exmandatario? \u00bfHabr\u00e1 alguna bacanal en su honor dentro o fuera del penal?<\/p>\n<p>En fin&#8230; desde esta Tribuna solo nos queda decir \u00a1Qu\u00e9 lo disfrute! (sarcasmo)<\/p>\n<p>&nbsp;<\/p>\n<p>&nbsp;<\/p>\n<p><span style=\"border-radius: 2px; text-indent: 20px; width: auto; padding: 0px 4px 0px 0px; text-align: center; font: bold 11px\/20px 'Helvetica Neue',Helvetica,sans-serif; color: #ffffff; background: #bd081c  no-repeat scroll 3px 50% \/ 14px 14px; position: absolute; opacity: 1; z-index: 8675309; display: none; cursor: pointer; top: 1320px; left: 20px;\">Guardar<\/span><\/p>\n","protected":false},"excerpt":{"rendered":"","protected":false},"author":67,"featured_media":13660,"comment_status":"open","ping_status":"closed","sticky":false,"template":"","format":"standard","meta":{"_jetpack_memberships_contains_paid_content":false,"footnotes":""},"categories":[],"etiqueta":[],"class_list":["post-15283","post","type-post","status-publish","format-standard","has-post-thumbnail","hentry"],"yoast_head":"<!-- This site is optimized with the Yoast SEO plugin v23.9 - https:\/\/yoast.com\/wordpress\/plugins\/seo\/ -->\n<title>\u00a1Cumplea\u00f1os Feliz Otto! \u00a1Party Loca en Mariscal! Las Inolvidables<\/title>\n<meta name=\"robots\" content=\"index, follow, max-snippet:-1, max-image-preview:large, max-video-preview:-1\" \/>\n<link rel=\"canonical\" href=\"https:\/\/prensalibre-com-develop.go-vip.co\/guatevision\/historico\/feliz-cumpleanos-otto-party-loca\" \/>\n<meta property=\"og:locale\" content=\"es_ES\" \/>\n<meta property=\"og:type\" content=\"article\" \/>\n<meta property=\"og:title\" content=\"\u00a1Cumplea\u00f1os Feliz Otto! \u00a1Party Loca en Mariscal! Las Inolvidables\" \/>\n<meta property=\"og:url\" content=\"https:\/\/prensalibre-com-develop.go-vip.co\/guatevision\/historico\/feliz-cumpleanos-otto-party-loca\" \/>\n<meta property=\"og:site_name\" content=\"Guatevision\" \/>\n<meta property=\"article:published_time\" content=\"2016-12-01T17:54:48+00:00\" \/>\n<meta property=\"og:image\" content=\"https:\/\/prensalibre-com-develop.go-vip.co\/guatevision\/wp-content\/uploads\/sites\/2\/2016\/11\/Captura-de-pantalla-2016-11-27-a-las-10.11.23-AM.png?quality=82\" \/>\n\t<meta property=\"og:image:width\" content=\"660\" \/>\n\t<meta property=\"og:image:height\" content=\"371\" \/>\n\t<meta property=\"og:image:type\" content=\"image\/png\" \/>\n<meta name=\"author\" content=\"Ur\u00edas Gamarro\" \/>\n<meta name=\"twitter:card\" content=\"summary_large_image\" \/>\n<meta name=\"twitter:label1\" content=\"Written by\" \/>\n\t<meta name=\"twitter:data1\" content=\"Ur\u00edas Gamarro\" \/>\n\t<meta name=\"twitter:label2\" content=\"Est. reading time\" \/>\n\t<meta name=\"twitter:data2\" content=\"4 minutes\" \/>\n<script type=\"application\/ld+json\" class=\"yoast-schema-graph\">{\"@context\":\"https:\/\/schema.org\",\"@graph\":[{\"@type\":\"Article\",\"@id\":\"https:\/\/prensalibre-com-develop.go-vip.co\/guatevision\/historico\/feliz-cumpleanos-otto-party-loca#article\",\"isPartOf\":{\"@id\":\"https:\/\/prensalibre-com-develop.go-vip.co\/guatevision\/historico\/feliz-cumpleanos-otto-party-loca\"},\"author\":{\"name\":\"Ur\u00edas Gamarro\",\"@id\":\"https:\/\/prensalibre-com-develop.go-vip.co\/guatevision\/#\/schema\/person\/6a02e75454b7218d75d47b40485a9180\"},\"headline\":\"\u00a1Feliz Cumplea\u00f1os Otto! \u00a1Party Loca en Mariscal!\",\"datePublished\":\"2016-12-01T17:54:48+00:00\",\"dateModified\":\"2016-12-01T17:54:48+00:00\",\"mainEntityOfPage\":{\"@id\":\"https:\/\/prensalibre-com-develop.go-vip.co\/guatevision\/historico\/feliz-cumpleanos-otto-party-loca\"},\"wordCount\":886,\"commentCount\":0,\"publisher\":{\"@id\":\"https:\/\/prensalibre-com-develop.go-vip.co\/guatevision\/#organization\"},\"image\":{\"@id\":\"https:\/\/prensalibre-com-develop.go-vip.co\/guatevision\/historico\/feliz-cumpleanos-otto-party-loca#primaryimage\"},\"thumbnailUrl\":\"https:\/\/prensalibre-com-develop.go-vip.co\/guatevision\/wp-content\/uploads\/sites\/2\/2016\/11\/Captura-de-pantalla-2016-11-27-a-las-10.11.23-AM.png?quality=82\",\"inLanguage\":\"es-GT\",\"potentialAction\":[{\"@type\":\"CommentAction\",\"name\":\"Comment\",\"target\":[\"https:\/\/prensalibre-com-develop.go-vip.co\/guatevision\/historico\/feliz-cumpleanos-otto-party-loca#respond\"]}]},{\"@type\":\"WebPage\",\"@id\":\"https:\/\/prensalibre-com-develop.go-vip.co\/guatevision\/historico\/feliz-cumpleanos-otto-party-loca\",\"url\":\"https:\/\/prensalibre-com-develop.go-vip.co\/guatevision\/historico\/feliz-cumpleanos-otto-party-loca\",\"name\":\"\u00a1Cumplea\u00f1os Feliz Otto! \u00a1Party Loca en Mariscal! Las Inolvidables\",\"isPartOf\":{\"@id\":\"https:\/\/prensalibre-com-develop.go-vip.co\/guatevision\/#website\"},\"primaryImageOfPage\":{\"@id\":\"https:\/\/prensalibre-com-develop.go-vip.co\/guatevision\/historico\/feliz-cumpleanos-otto-party-loca#primaryimage\"},\"image\":{\"@id\":\"https:\/\/prensalibre-com-develop.go-vip.co\/guatevision\/historico\/feliz-cumpleanos-otto-party-loca#primaryimage\"},\"thumbnailUrl\":\"https:\/\/prensalibre-com-develop.go-vip.co\/guatevision\/wp-content\/uploads\/sites\/2\/2016\/11\/Captura-de-pantalla-2016-11-27-a-las-10.11.23-AM.png?quality=82\",\"datePublished\":\"2016-12-01T17:54:48+00:00\",\"dateModified\":\"2016-12-01T17:54:48+00:00\",\"inLanguage\":\"es-GT\",\"potentialAction\":[{\"@type\":\"ReadAction\",\"target\":[\"https:\/\/prensalibre-com-develop.go-vip.co\/guatevision\/historico\/feliz-cumpleanos-otto-party-loca\"]}]},{\"@type\":\"ImageObject\",\"inLanguage\":\"es-GT\",\"@id\":\"https:\/\/prensalibre-com-develop.go-vip.co\/guatevision\/historico\/feliz-cumpleanos-otto-party-loca#primaryimage\",\"url\":\"https:\/\/prensalibre-com-develop.go-vip.co\/guatevision\/wp-content\/uploads\/sites\/2\/2016\/11\/Captura-de-pantalla-2016-11-27-a-las-10.11.23-AM.png?quality=82\",\"contentUrl\":\"https:\/\/prensalibre-com-develop.go-vip.co\/guatevision\/wp-content\/uploads\/sites\/2\/2016\/11\/Captura-de-pantalla-2016-11-27-a-las-10.11.23-AM.png?quality=82\",\"width\":660,\"height\":371,\"caption\":\"P\u00e9rez Molina esta acusado de \\\"mano peluda\\\". Pero el mejor momento para obtener beneficios del Gobierno era en su cumple\u00f1os.\"},{\"@type\":\"WebSite\",\"@id\":\"https:\/\/prensalibre-com-develop.go-vip.co\/guatevision\/#website\",\"url\":\"https:\/\/prensalibre-com-develop.go-vip.co\/guatevision\/\",\"name\":\"Guatevision\",\"description\":\"\u00a1Enciende Lo Bueno!\",\"publisher\":{\"@id\":\"https:\/\/prensalibre-com-develop.go-vip.co\/guatevision\/#organization\"},\"potentialAction\":[{\"@type\":\"SearchAction\",\"target\":{\"@type\":\"EntryPoint\",\"urlTemplate\":\"https:\/\/prensalibre-com-develop.go-vip.co\/guatevision\/?s={search_term_string}\"},\"query-input\":{\"@type\":\"PropertyValueSpecification\",\"valueRequired\":true,\"valueName\":\"search_term_string\"}}],\"inLanguage\":\"es-GT\"},{\"@type\":\"Organization\",\"@id\":\"https:\/\/prensalibre-com-develop.go-vip.co\/guatevision\/#organization\",\"name\":\"Guatevision\",\"url\":\"https:\/\/prensalibre-com-develop.go-vip.co\/guatevision\/\",\"logo\":{\"@type\":\"ImageObject\",\"inLanguage\":\"es-GT\",\"@id\":\"https:\/\/prensalibre-com-develop.go-vip.co\/guatevision\/#\/schema\/logo\/image\/\",\"url\":\"https:\/\/prensalibre-com-develop.go-vip.co\/guatevision\/wp-content\/uploads\/sites\/2\/2026\/04\/Diseno-sin-titulo.png?quality=82\",\"contentUrl\":\"https:\/\/prensalibre-com-develop.go-vip.co\/guatevision\/wp-content\/uploads\/sites\/2\/2026\/04\/Diseno-sin-titulo.png?quality=82\",\"width\":1000,\"height\":600,\"caption\":\"Guatevision\"},\"image\":{\"@id\":\"https:\/\/prensalibre-com-develop.go-vip.co\/guatevision\/#\/schema\/logo\/image\/\"}},{\"@type\":\"Person\",\"@id\":\"https:\/\/prensalibre-com-develop.go-vip.co\/guatevision\/#\/schema\/person\/6a02e75454b7218d75d47b40485a9180\",\"name\":\"Ur\u00edas Gamarro\",\"image\":{\"@type\":\"ImageObject\",\"inLanguage\":\"es-GT\",\"@id\":\"https:\/\/prensalibre-com-develop.go-vip.co\/guatevision\/#\/schema\/person\/image\/744fdda814e98101e57fe41f33d40045\",\"url\":\"https:\/\/secure.gravatar.com\/avatar\/e0ccbbcb5f0dcf606343597951aa9ce1085b568039de56dddad95a75b314ca9b?s=96&d=mm&r=g\",\"contentUrl\":\"https:\/\/secure.gravatar.com\/avatar\/e0ccbbcb5f0dcf606343597951aa9ce1085b568039de56dddad95a75b314ca9b?s=96&d=mm&r=g\",\"caption\":\"Ur\u00edas Gamarro\"},\"url\":\"https:\/\/prensalibre-com-develop.go-vip.co\/guatevision\/author\/ugamarro\"}]}<\/script>\n<!-- \/ Yoast SEO plugin. -->","yoast_head_json":{"title":"\u00a1Cumplea\u00f1os Feliz Otto! \u00a1Party Loca en Mariscal! Las Inolvidables","robots":{"index":"index","follow":"follow","max-snippet":"max-snippet:-1","max-image-preview":"max-image-preview:large","max-video-preview":"max-video-preview:-1"},"canonical":"https:\/\/prensalibre-com-develop.go-vip.co\/guatevision\/historico\/feliz-cumpleanos-otto-party-loca","og_locale":"es_ES","og_type":"article","og_title":"\u00a1Cumplea\u00f1os Feliz Otto! \u00a1Party Loca en Mariscal! Las Inolvidables","og_url":"https:\/\/prensalibre-com-develop.go-vip.co\/guatevision\/historico\/feliz-cumpleanos-otto-party-loca","og_site_name":"Guatevision","article_published_time":"2016-12-01T17:54:48+00:00","og_image":[{"width":660,"height":371,"url":"https:\/\/prensalibre-com-develop.go-vip.co\/guatevision\/wp-content\/uploads\/sites\/2\/2016\/11\/Captura-de-pantalla-2016-11-27-a-las-10.11.23-AM.png?quality=82","type":"image\/png"}],"author":"Ur\u00edas Gamarro","twitter_card":"summary_large_image","twitter_misc":{"Written by":"Ur\u00edas Gamarro","Est. reading time":"4 minutes"},"schema":{"@context":"https:\/\/schema.org","@graph":[{"@type":"Article","@id":"https:\/\/prensalibre-com-develop.go-vip.co\/guatevision\/historico\/feliz-cumpleanos-otto-party-loca#article","isPartOf":{"@id":"https:\/\/prensalibre-com-develop.go-vip.co\/guatevision\/historico\/feliz-cumpleanos-otto-party-loca"},"author":{"name":"Ur\u00edas Gamarro","@id":"https:\/\/prensalibre-com-develop.go-vip.co\/guatevision\/#\/schema\/person\/6a02e75454b7218d75d47b40485a9180"},"headline":"\u00a1Feliz Cumplea\u00f1os Otto! \u00a1Party Loca en Mariscal!","datePublished":"2016-12-01T17:54:48+00:00","dateModified":"2016-12-01T17:54:48+00:00","mainEntityOfPage":{"@id":"https:\/\/prensalibre-com-develop.go-vip.co\/guatevision\/historico\/feliz-cumpleanos-otto-party-loca"},"wordCount":886,"commentCount":0,"publisher":{"@id":"https:\/\/prensalibre-com-develop.go-vip.co\/guatevision\/#organization"},"image":{"@id":"https:\/\/prensalibre-com-develop.go-vip.co\/guatevision\/historico\/feliz-cumpleanos-otto-party-loca#primaryimage"},"thumbnailUrl":"https:\/\/prensalibre-com-develop.go-vip.co\/guatevision\/wp-content\/uploads\/sites\/2\/2016\/11\/Captura-de-pantalla-2016-11-27-a-las-10.11.23-AM.png?quality=82","inLanguage":"es-GT","potentialAction":[{"@type":"CommentAction","name":"Comment","target":["https:\/\/prensalibre-com-develop.go-vip.co\/guatevision\/historico\/feliz-cumpleanos-otto-party-loca#respond"]}]},{"@type":"WebPage","@id":"https:\/\/prensalibre-com-develop.go-vip.co\/guatevision\/historico\/feliz-cumpleanos-otto-party-loca","url":"https:\/\/prensalibre-com-develop.go-vip.co\/guatevision\/historico\/feliz-cumpleanos-otto-party-loca","name":"\u00a1Cumplea\u00f1os Feliz Otto! \u00a1Party Loca en Mariscal! Las Inolvidables","isPartOf":{"@id":"https:\/\/prensalibre-com-develop.go-vip.co\/guatevision\/#website"},"primaryImageOfPage":{"@id":"https:\/\/prensalibre-com-develop.go-vip.co\/guatevision\/historico\/feliz-cumpleanos-otto-party-loca#primaryimage"},"image":{"@id":"https:\/\/prensalibre-com-develop.go-vip.co\/guatevision\/historico\/feliz-cumpleanos-otto-party-loca#primaryimage"},"thumbnailUrl":"https:\/\/prensalibre-com-develop.go-vip.co\/guatevision\/wp-content\/uploads\/sites\/2\/2016\/11\/Captura-de-pantalla-2016-11-27-a-las-10.11.23-AM.png?quality=82","datePublished":"2016-12-01T17:54:48+00:00","dateModified":"2016-12-01T17:54:48+00:00","inLanguage":"es-GT","potentialAction":[{"@type":"ReadAction","target":["https:\/\/prensalibre-com-develop.go-vip.co\/guatevision\/historico\/feliz-cumpleanos-otto-party-loca"]}]},{"@type":"ImageObject","inLanguage":"es-GT","@id":"https:\/\/prensalibre-com-develop.go-vip.co\/guatevision\/historico\/feliz-cumpleanos-otto-party-loca#primaryimage","url":"https:\/\/prensalibre-com-develop.go-vip.co\/guatevision\/wp-content\/uploads\/sites\/2\/2016\/11\/Captura-de-pantalla-2016-11-27-a-las-10.11.23-AM.png?quality=82","contentUrl":"https:\/\/prensalibre-com-develop.go-vip.co\/guatevision\/wp-content\/uploads\/sites\/2\/2016\/11\/Captura-de-pantalla-2016-11-27-a-las-10.11.23-AM.png?quality=82","width":660,"height":371,"caption":"P\u00e9rez Molina esta acusado de \"mano peluda\". Pero el mejor momento para obtener beneficios del Gobierno era en su cumple\u00f1os."},{"@type":"WebSite","@id":"https:\/\/prensalibre-com-develop.go-vip.co\/guatevision\/#website","url":"https:\/\/prensalibre-com-develop.go-vip.co\/guatevision\/","name":"Guatevision","description":"\u00a1Enciende Lo Bueno!","publisher":{"@id":"https:\/\/prensalibre-com-develop.go-vip.co\/guatevision\/#organization"},"potentialAction":[{"@type":"SearchAction","target":{"@type":"EntryPoint","urlTemplate":"https:\/\/prensalibre-com-develop.go-vip.co\/guatevision\/?s={search_term_string}"},"query-input":{"@type":"PropertyValueSpecification","valueRequired":true,"valueName":"search_term_string"}}],"inLanguage":"es-GT"},{"@type":"Organization","@id":"https:\/\/prensalibre-com-develop.go-vip.co\/guatevision\/#organization","name":"Guatevision","url":"https:\/\/prensalibre-com-develop.go-vip.co\/guatevision\/","logo":{"@type":"ImageObject","inLanguage":"es-GT","@id":"https:\/\/prensalibre-com-develop.go-vip.co\/guatevision\/#\/schema\/logo\/image\/","url":"https:\/\/prensalibre-com-develop.go-vip.co\/guatevision\/wp-content\/uploads\/sites\/2\/2026\/04\/Diseno-sin-titulo.png?quality=82","contentUrl":"https:\/\/prensalibre-com-develop.go-vip.co\/guatevision\/wp-content\/uploads\/sites\/2\/2026\/04\/Diseno-sin-titulo.png?quality=82","width":1000,"height":600,"caption":"Guatevision"},"image":{"@id":"https:\/\/prensalibre-com-develop.go-vip.co\/guatevision\/#\/schema\/logo\/image\/"}},{"@type":"Person","@id":"https:\/\/prensalibre-com-develop.go-vip.co\/guatevision\/#\/schema\/person\/6a02e75454b7218d75d47b40485a9180","name":"Ur\u00edas Gamarro","image":{"@type":"ImageObject","inLanguage":"es-GT","@id":"https:\/\/prensalibre-com-develop.go-vip.co\/guatevision\/#\/schema\/person\/image\/744fdda814e98101e57fe41f33d40045","url":"https:\/\/secure.gravatar.com\/avatar\/e0ccbbcb5f0dcf606343597951aa9ce1085b568039de56dddad95a75b314ca9b?s=96&d=mm&r=g","contentUrl":"https:\/\/secure.gravatar.com\/avatar\/e0ccbbcb5f0dcf606343597951aa9ce1085b568039de56dddad95a75b314ca9b?s=96&d=mm&r=g","caption":"Ur\u00edas Gamarro"},"url":"https:\/\/prensalibre-com-develop.go-vip.co\/guatevision\/author\/ugamarro"}]}},"jetpack_featured_media_url":"https:\/\/prensalibre-com-develop.go-vip.co\/guatevision\/wp-content\/uploads\/sites\/2\/2016\/11\/Captura-de-pantalla-2016-11-27-a-las-10.11.23-AM.png?quality=82","jetpack_sharing_enabled":true,"_links":{"self":[{"href":"https:\/\/prensalibre-com-develop.go-vip.co\/guatevision\/wp-json\/wp\/v2\/posts\/15283","targetHints":{"allow":["GET"]}}],"collection":[{"href":"https:\/\/prensalibre-com-develop.go-vip.co\/guatevision\/wp-json\/wp\/v2\/posts"}],"about":[{"href":"https:\/\/prensalibre-com-develop.go-vip.co\/guatevision\/wp-json\/wp\/v2\/types\/post"}],"author":[{"embeddable":true,"href":"https:\/\/prensalibre-com-develop.go-vip.co\/guatevision\/wp-json\/wp\/v2\/users\/67"}],"replies":[{"embeddable":true,"href":"https:\/\/prensalibre-com-develop.go-vip.co\/guatevision\/wp-json\/wp\/v2\/comments?post=15283"}],"version-history":[{"count":0,"href":"https:\/\/prensalibre-com-develop.go-vip.co\/guatevision\/wp-json\/wp\/v2\/posts\/15283\/revisions"}],"wp:featuredmedia":[{"embeddable":true,"href":"https:\/\/prensalibre-com-develop.go-vip.co\/guatevision\/wp-json\/wp\/v2\/media\/13660"}],"wp:attachment":[{"href":"https:\/\/prensalibre-com-develop.go-vip.co\/guatevision\/wp-json\/wp\/v2\/media?parent=15283"}],"wp:term":[{"taxonomy":"category","embeddable":true,"href":"https:\/\/prensalibre-com-develop.go-vip.co\/guatevision\/wp-json\/wp\/v2\/categories?post=15283"},{"taxonomy":"etiqueta","embeddable":true,"href":"https:\/\/prensalibre-com-develop.go-vip.co\/guatevision\/wp-json\/wp\/v2\/etiqueta?post=15283"}],"curies":[{"name":"wp","href":"https:\/\/api.w.org\/{rel}","templated":true}]}}