{"id":153209,"date":"2018-02-24T09:30:47","date_gmt":"2018-02-24T15:30:47","guid":{"rendered":"https:\/\/prensalibre-com-develop.go-vip.co\/guatevision\/?p=153209"},"modified":"2018-02-22T21:37:02","modified_gmt":"2018-02-23T03:37:02","slug":"xelaju-8","status":"publish","type":"post","link":"https:\/\/prensalibre-com-develop.go-vip.co\/guatevision\/historico\/xelaju-8","title":{"rendered":"Xelaj\u00fa no quiere fallar en su aniversario 76"},"content":{"rendered":"<p>Xelaj\u00fa MC buscar\u00e1 celebrar su aniversario 76 de fundaci\u00f3n ante un Petapa que necesita ganar para seguir en los primeros lugares.<\/p>\n\n<p>Los &#8220;superchivos&#8221; no quieren fallar ante su p\u00fablico, especialmente en una fecha muy importante.<\/p>\n<p>&nbsp;<\/p>\n<p><strong>No pierde.<\/strong><\/p>\n<p>Claver\u00ed en el Estadio Mario Camposeco no ha perdido, a pesar que apenas lleva dos fechas al mando.<\/p>\n<p>En su debut venci\u00f3 con lo m\u00ednimo a Marquense en el &#8220;Cl\u00e1sico del Occidente&#8221;.<\/p>\n<p>Lamentablemente el domingo cayeron por id\u00e9ntico marcador en Sanarate, luego de un error del portero Jos\u00e9 Garc\u00eda.<\/p>\n<p>&nbsp;<\/p>\n<h3>Xelaj\u00fa diezmado.<\/h3>\n<p>Lesiones imposiblita que el equipo altense est\u00e1 completo para recibir a los &#8220;loros&#8221;.<\/p>\n<p>Brandon de Le\u00f3n, Jhonatan GArc\u00eda, Marcio Barbosa y Carlos Rodr\u00edguez presentan diferentes problemas.<\/p>\n<p>De Le\u00f3n mantiene trabajo diferenciado, no se descarta pueda al menos estar en banca.<\/p>\n<p>Garc\u00eda tiene problemas de circulaci\u00f3n sagu\u00ednea y es baja confirmada.<\/p>\n<p>As\u00ed mismo Barbosa aun tiene pendientes unos an\u00e1lisis, aunque para nadie es un misterio no es del agrado del t\u00e9cnico.<\/p>\n<p>El guardameta Rodr\u00edguez\u00a0 ya est\u00e1 recuperado, ser\u00e1 decisi\u00f3n t\u00e9cnica si inicia de titular.<\/p>\n<p>&nbsp;<\/p>\n","protected":false},"excerpt":{"rendered":"<p>Xelaj\u00fa recibe a Petapa este s\u00e1bado a las 7 de la noche en el Estadio Mario Camposeco.<\/p>\n","protected":false},"author":71,"featured_media":153210,"comment_status":"open","ping_status":"closed","sticky":false,"template":"","format":"standard","meta":{"_jetpack_memberships_contains_paid_content":false,"footnotes":""},"categories":[],"etiqueta":[],"class_list":["post-153209","post","type-post","status-publish","format-standard","has-post-thumbnail","hentry"],"yoast_head":"<!-- This site is optimized with the Yoast SEO plugin v23.9 - https:\/\/yoast.com\/wordpress\/plugins\/seo\/ -->\n<title>Xelaj\u00fa no quiere fallar en su aniversario 76 ante su afici\u00f3n<\/title>\n<meta name=\"description\" content=\"Xelaj\u00fa MC buscar\u00e1 celebrar su aniversario 76 de fundaci\u00f3n ante un Petapa que necesita ganar para seguir en los primeros lugares\" \/>\n<meta name=\"robots\" content=\"index, follow, max-snippet:-1, max-image-preview:large, max-video-preview:-1\" \/>\n<link rel=\"canonical\" href=\"https:\/\/prensalibre-com-develop.go-vip.co\/guatevision\/historico\/xelaju-8\" \/>\n<meta property=\"og:locale\" content=\"es_ES\" \/>\n<meta property=\"og:type\" content=\"article\" \/>\n<meta property=\"og:title\" content=\"Xelaj\u00fa no quiere fallar en su aniversario 76 ante su afici\u00f3n\" \/>\n<meta property=\"og:description\" content=\"Xelaj\u00fa MC buscar\u00e1 celebrar su aniversario 76 de fundaci\u00f3n ante un Petapa que necesita ganar para seguir en los primeros lugares\" \/>\n<meta property=\"og:url\" content=\"https:\/\/prensalibre-com-develop.go-vip.co\/guatevision\/historico\/xelaju-8\" \/>\n<meta property=\"og:site_name\" content=\"Guatevision\" \/>\n<meta property=\"article:published_time\" content=\"2018-02-24T15:30:47+00:00\" \/>\n<meta property=\"article:modified_time\" content=\"2018-02-23T03:37:02+00:00\" \/>\n<meta property=\"og:image\" content=\"https:\/\/prensalibre-com-develop.go-vip.co\/guatevision\/wp-content\/uploads\/sites\/2\/2018\/02\/Xelaju\u0301-MC-Cuadro-01.png?quality=82\" \/>\n\t<meta property=\"og:image:width\" content=\"660\" \/>\n\t<meta property=\"og:image:height\" content=\"371\" \/>\n\t<meta property=\"og:image:type\" content=\"image\/png\" \/>\n<meta name=\"author\" content=\"Manuel Hern\u00e1ndez May\u00e9n\" \/>\n<meta name=\"twitter:card\" content=\"summary_large_image\" \/>\n<meta name=\"twitter:label1\" content=\"Written by\" \/>\n\t<meta name=\"twitter:data1\" content=\"Manuel Hern\u00e1ndez May\u00e9n\" \/>\n\t<meta name=\"twitter:label2\" content=\"Est. reading time\" \/>\n\t<meta name=\"twitter:data2\" content=\"1 minute\" \/>\n<script type=\"application\/ld+json\" class=\"yoast-schema-graph\">{\"@context\":\"https:\/\/schema.org\",\"@graph\":[{\"@type\":\"Article\",\"@id\":\"https:\/\/prensalibre-com-develop.go-vip.co\/guatevision\/historico\/xelaju-8#article\",\"isPartOf\":{\"@id\":\"https:\/\/prensalibre-com-develop.go-vip.co\/guatevision\/historico\/xelaju-8\"},\"author\":{\"name\":\"Manuel Hern\u00e1ndez May\u00e9n\",\"@id\":\"https:\/\/prensalibre-com-develop.go-vip.co\/guatevision\/#\/schema\/person\/5b34ef10da9eb6f366b1c186913efddd\"},\"headline\":\"Xelaj\u00fa no quiere fallar en su aniversario 76\",\"datePublished\":\"2018-02-24T15:30:47+00:00\",\"dateModified\":\"2018-02-23T03:37:02+00:00\",\"mainEntityOfPage\":{\"@id\":\"https:\/\/prensalibre-com-develop.go-vip.co\/guatevision\/historico\/xelaju-8\"},\"wordCount\":198,\"commentCount\":0,\"publisher\":{\"@id\":\"https:\/\/prensalibre-com-develop.go-vip.co\/guatevision\/#organization\"},\"image\":{\"@id\":\"https:\/\/prensalibre-com-develop.go-vip.co\/guatevision\/historico\/xelaju-8#primaryimage\"},\"thumbnailUrl\":\"https:\/\/prensalibre-com-develop.go-vip.co\/guatevision\/wp-content\/uploads\/sites\/2\/2018\/02\/Xelaju\u0301-MC-Cuadro-01.png?quality=82\",\"keywords\":[\"Clausura\",\"f\u00fatbol guatemala\",\"xelaj\u00fa mc\"],\"inLanguage\":\"es-GT\",\"potentialAction\":[{\"@type\":\"CommentAction\",\"name\":\"Comment\",\"target\":[\"https:\/\/prensalibre-com-develop.go-vip.co\/guatevision\/historico\/xelaju-8#respond\"]}]},{\"@type\":\"WebPage\",\"@id\":\"https:\/\/prensalibre-com-develop.go-vip.co\/guatevision\/historico\/xelaju-8\",\"url\":\"https:\/\/prensalibre-com-develop.go-vip.co\/guatevision\/historico\/xelaju-8\",\"name\":\"Xelaj\u00fa no quiere fallar en su aniversario 76 ante su afici\u00f3n\",\"isPartOf\":{\"@id\":\"https:\/\/prensalibre-com-develop.go-vip.co\/guatevision\/#website\"},\"primaryImageOfPage\":{\"@id\":\"https:\/\/prensalibre-com-develop.go-vip.co\/guatevision\/historico\/xelaju-8#primaryimage\"},\"image\":{\"@id\":\"https:\/\/prensalibre-com-develop.go-vip.co\/guatevision\/historico\/xelaju-8#primaryimage\"},\"thumbnailUrl\":\"https:\/\/prensalibre-com-develop.go-vip.co\/guatevision\/wp-content\/uploads\/sites\/2\/2018\/02\/Xelaju\u0301-MC-Cuadro-01.png?quality=82\",\"datePublished\":\"2018-02-24T15:30:47+00:00\",\"dateModified\":\"2018-02-23T03:37:02+00:00\",\"description\":\"Xelaj\u00fa MC buscar\u00e1 celebrar su aniversario 76 de fundaci\u00f3n ante un Petapa que necesita ganar para seguir en los primeros lugares\",\"inLanguage\":\"es-GT\",\"potentialAction\":[{\"@type\":\"ReadAction\",\"target\":[\"https:\/\/prensalibre-com-develop.go-vip.co\/guatevision\/historico\/xelaju-8\"]}]},{\"@type\":\"ImageObject\",\"inLanguage\":\"es-GT\",\"@id\":\"https:\/\/prensalibre-com-develop.go-vip.co\/guatevision\/historico\/xelaju-8#primaryimage\",\"url\":\"https:\/\/prensalibre-com-develop.go-vip.co\/guatevision\/wp-content\/uploads\/sites\/2\/2018\/02\/Xelaju\u0301-MC-Cuadro-01.png?quality=82\",\"contentUrl\":\"https:\/\/prensalibre-com-develop.go-vip.co\/guatevision\/wp-content\/uploads\/sites\/2\/2018\/02\/Xelaju\u0301-MC-Cuadro-01.png?quality=82\",\"width\":660,\"height\":371,\"caption\":\"Xelaj\u00fa MC Cuadro 00\"},{\"@type\":\"WebSite\",\"@id\":\"https:\/\/prensalibre-com-develop.go-vip.co\/guatevision\/#website\",\"url\":\"https:\/\/prensalibre-com-develop.go-vip.co\/guatevision\/\",\"name\":\"Guatevision\",\"description\":\"\u00a1Enciende Lo Bueno!\",\"publisher\":{\"@id\":\"https:\/\/prensalibre-com-develop.go-vip.co\/guatevision\/#organization\"},\"potentialAction\":[{\"@type\":\"SearchAction\",\"target\":{\"@type\":\"EntryPoint\",\"urlTemplate\":\"https:\/\/prensalibre-com-develop.go-vip.co\/guatevision\/?s={search_term_string}\"},\"query-input\":{\"@type\":\"PropertyValueSpecification\",\"valueRequired\":true,\"valueName\":\"search_term_string\"}}],\"inLanguage\":\"es-GT\"},{\"@type\":\"Organization\",\"@id\":\"https:\/\/prensalibre-com-develop.go-vip.co\/guatevision\/#organization\",\"name\":\"Guatevision\",\"url\":\"https:\/\/prensalibre-com-develop.go-vip.co\/guatevision\/\",\"logo\":{\"@type\":\"ImageObject\",\"inLanguage\":\"es-GT\",\"@id\":\"https:\/\/prensalibre-com-develop.go-vip.co\/guatevision\/#\/schema\/logo\/image\/\",\"url\":\"https:\/\/prensalibre-com-develop.go-vip.co\/guatevision\/wp-content\/uploads\/sites\/2\/2026\/04\/Diseno-sin-titulo.png?quality=82\",\"contentUrl\":\"https:\/\/prensalibre-com-develop.go-vip.co\/guatevision\/wp-content\/uploads\/sites\/2\/2026\/04\/Diseno-sin-titulo.png?quality=82\",\"width\":1000,\"height\":600,\"caption\":\"Guatevision\"},\"image\":{\"@id\":\"https:\/\/prensalibre-com-develop.go-vip.co\/guatevision\/#\/schema\/logo\/image\/\"}},{\"@type\":\"Person\",\"@id\":\"https:\/\/prensalibre-com-develop.go-vip.co\/guatevision\/#\/schema\/person\/5b34ef10da9eb6f366b1c186913efddd\",\"name\":\"Manuel Hern\u00e1ndez May\u00e9n\",\"image\":{\"@type\":\"ImageObject\",\"inLanguage\":\"es-GT\",\"@id\":\"https:\/\/prensalibre-com-develop.go-vip.co\/guatevision\/#\/schema\/person\/image\/433265d8a81413206f8dd780c513ffd7\",\"url\":\"https:\/\/secure.gravatar.com\/avatar\/d6d67d029230e2c79470aabd3184418289f224c20a44e2beaa5864a18da50d01?s=96&d=mm&r=g\",\"contentUrl\":\"https:\/\/secure.gravatar.com\/avatar\/d6d67d029230e2c79470aabd3184418289f224c20a44e2beaa5864a18da50d01?s=96&d=mm&r=g\",\"caption\":\"Manuel Hern\u00e1ndez May\u00e9n\"},\"url\":\"https:\/\/prensalibre-com-develop.go-vip.co\/guatevision\/author\/mdhernandez\"}]}<\/script>\n<!-- \/ Yoast SEO plugin. -->","yoast_head_json":{"title":"Xelaj\u00fa no quiere fallar en su aniversario 76 ante su afici\u00f3n","description":"Xelaj\u00fa MC buscar\u00e1 celebrar su aniversario 76 de fundaci\u00f3n ante un Petapa que necesita ganar para seguir en los primeros lugares","robots":{"index":"index","follow":"follow","max-snippet":"max-snippet:-1","max-image-preview":"max-image-preview:large","max-video-preview":"max-video-preview:-1"},"canonical":"https:\/\/prensalibre-com-develop.go-vip.co\/guatevision\/historico\/xelaju-8","og_locale":"es_ES","og_type":"article","og_title":"Xelaj\u00fa no quiere fallar en su aniversario 76 ante su afici\u00f3n","og_description":"Xelaj\u00fa MC buscar\u00e1 celebrar su aniversario 76 de fundaci\u00f3n ante un Petapa que necesita ganar para seguir en los primeros lugares","og_url":"https:\/\/prensalibre-com-develop.go-vip.co\/guatevision\/historico\/xelaju-8","og_site_name":"Guatevision","article_published_time":"2018-02-24T15:30:47+00:00","article_modified_time":"2018-02-23T03:37:02+00:00","og_image":[{"width":660,"height":371,"url":"https:\/\/prensalibre-com-develop.go-vip.co\/guatevision\/wp-content\/uploads\/sites\/2\/2018\/02\/Xelaju\u0301-MC-Cuadro-01.png?quality=82","type":"image\/png"}],"author":"Manuel Hern\u00e1ndez May\u00e9n","twitter_card":"summary_large_image","twitter_misc":{"Written by":"Manuel Hern\u00e1ndez May\u00e9n","Est. reading time":"1 minute"},"schema":{"@context":"https:\/\/schema.org","@graph":[{"@type":"Article","@id":"https:\/\/prensalibre-com-develop.go-vip.co\/guatevision\/historico\/xelaju-8#article","isPartOf":{"@id":"https:\/\/prensalibre-com-develop.go-vip.co\/guatevision\/historico\/xelaju-8"},"author":{"name":"Manuel Hern\u00e1ndez May\u00e9n","@id":"https:\/\/prensalibre-com-develop.go-vip.co\/guatevision\/#\/schema\/person\/5b34ef10da9eb6f366b1c186913efddd"},"headline":"Xelaj\u00fa no quiere fallar en su aniversario 76","datePublished":"2018-02-24T15:30:47+00:00","dateModified":"2018-02-23T03:37:02+00:00","mainEntityOfPage":{"@id":"https:\/\/prensalibre-com-develop.go-vip.co\/guatevision\/historico\/xelaju-8"},"wordCount":198,"commentCount":0,"publisher":{"@id":"https:\/\/prensalibre-com-develop.go-vip.co\/guatevision\/#organization"},"image":{"@id":"https:\/\/prensalibre-com-develop.go-vip.co\/guatevision\/historico\/xelaju-8#primaryimage"},"thumbnailUrl":"https:\/\/prensalibre-com-develop.go-vip.co\/guatevision\/wp-content\/uploads\/sites\/2\/2018\/02\/Xelaju\u0301-MC-Cuadro-01.png?quality=82","keywords":["Clausura","f\u00fatbol guatemala","xelaj\u00fa mc"],"inLanguage":"es-GT","potentialAction":[{"@type":"CommentAction","name":"Comment","target":["https:\/\/prensalibre-com-develop.go-vip.co\/guatevision\/historico\/xelaju-8#respond"]}]},{"@type":"WebPage","@id":"https:\/\/prensalibre-com-develop.go-vip.co\/guatevision\/historico\/xelaju-8","url":"https:\/\/prensalibre-com-develop.go-vip.co\/guatevision\/historico\/xelaju-8","name":"Xelaj\u00fa no quiere fallar en su aniversario 76 ante su afici\u00f3n","isPartOf":{"@id":"https:\/\/prensalibre-com-develop.go-vip.co\/guatevision\/#website"},"primaryImageOfPage":{"@id":"https:\/\/prensalibre-com-develop.go-vip.co\/guatevision\/historico\/xelaju-8#primaryimage"},"image":{"@id":"https:\/\/prensalibre-com-develop.go-vip.co\/guatevision\/historico\/xelaju-8#primaryimage"},"thumbnailUrl":"https:\/\/prensalibre-com-develop.go-vip.co\/guatevision\/wp-content\/uploads\/sites\/2\/2018\/02\/Xelaju\u0301-MC-Cuadro-01.png?quality=82","datePublished":"2018-02-24T15:30:47+00:00","dateModified":"2018-02-23T03:37:02+00:00","description":"Xelaj\u00fa MC buscar\u00e1 celebrar su aniversario 76 de fundaci\u00f3n ante un Petapa que necesita ganar para seguir en los primeros lugares","inLanguage":"es-GT","potentialAction":[{"@type":"ReadAction","target":["https:\/\/prensalibre-com-develop.go-vip.co\/guatevision\/historico\/xelaju-8"]}]},{"@type":"ImageObject","inLanguage":"es-GT","@id":"https:\/\/prensalibre-com-develop.go-vip.co\/guatevision\/historico\/xelaju-8#primaryimage","url":"https:\/\/prensalibre-com-develop.go-vip.co\/guatevision\/wp-content\/uploads\/sites\/2\/2018\/02\/Xelaju\u0301-MC-Cuadro-01.png?quality=82","contentUrl":"https:\/\/prensalibre-com-develop.go-vip.co\/guatevision\/wp-content\/uploads\/sites\/2\/2018\/02\/Xelaju\u0301-MC-Cuadro-01.png?quality=82","width":660,"height":371,"caption":"Xelaj\u00fa MC Cuadro 00"},{"@type":"WebSite","@id":"https:\/\/prensalibre-com-develop.go-vip.co\/guatevision\/#website","url":"https:\/\/prensalibre-com-develop.go-vip.co\/guatevision\/","name":"Guatevision","description":"\u00a1Enciende Lo Bueno!","publisher":{"@id":"https:\/\/prensalibre-com-develop.go-vip.co\/guatevision\/#organization"},"potentialAction":[{"@type":"SearchAction","target":{"@type":"EntryPoint","urlTemplate":"https:\/\/prensalibre-com-develop.go-vip.co\/guatevision\/?s={search_term_string}"},"query-input":{"@type":"PropertyValueSpecification","valueRequired":true,"valueName":"search_term_string"}}],"inLanguage":"es-GT"},{"@type":"Organization","@id":"https:\/\/prensalibre-com-develop.go-vip.co\/guatevision\/#organization","name":"Guatevision","url":"https:\/\/prensalibre-com-develop.go-vip.co\/guatevision\/","logo":{"@type":"ImageObject","inLanguage":"es-GT","@id":"https:\/\/prensalibre-com-develop.go-vip.co\/guatevision\/#\/schema\/logo\/image\/","url":"https:\/\/prensalibre-com-develop.go-vip.co\/guatevision\/wp-content\/uploads\/sites\/2\/2026\/04\/Diseno-sin-titulo.png?quality=82","contentUrl":"https:\/\/prensalibre-com-develop.go-vip.co\/guatevision\/wp-content\/uploads\/sites\/2\/2026\/04\/Diseno-sin-titulo.png?quality=82","width":1000,"height":600,"caption":"Guatevision"},"image":{"@id":"https:\/\/prensalibre-com-develop.go-vip.co\/guatevision\/#\/schema\/logo\/image\/"}},{"@type":"Person","@id":"https:\/\/prensalibre-com-develop.go-vip.co\/guatevision\/#\/schema\/person\/5b34ef10da9eb6f366b1c186913efddd","name":"Manuel Hern\u00e1ndez May\u00e9n","image":{"@type":"ImageObject","inLanguage":"es-GT","@id":"https:\/\/prensalibre-com-develop.go-vip.co\/guatevision\/#\/schema\/person\/image\/433265d8a81413206f8dd780c513ffd7","url":"https:\/\/secure.gravatar.com\/avatar\/d6d67d029230e2c79470aabd3184418289f224c20a44e2beaa5864a18da50d01?s=96&d=mm&r=g","contentUrl":"https:\/\/secure.gravatar.com\/avatar\/d6d67d029230e2c79470aabd3184418289f224c20a44e2beaa5864a18da50d01?s=96&d=mm&r=g","caption":"Manuel Hern\u00e1ndez May\u00e9n"},"url":"https:\/\/prensalibre-com-develop.go-vip.co\/guatevision\/author\/mdhernandez"}]}},"jetpack_featured_media_url":"https:\/\/prensalibre-com-develop.go-vip.co\/guatevision\/wp-content\/uploads\/sites\/2\/2018\/02\/Xelaju\u0301-MC-Cuadro-01.png?quality=82","jetpack_sharing_enabled":true,"_links":{"self":[{"href":"https:\/\/prensalibre-com-develop.go-vip.co\/guatevision\/wp-json\/wp\/v2\/posts\/153209","targetHints":{"allow":["GET"]}}],"collection":[{"href":"https:\/\/prensalibre-com-develop.go-vip.co\/guatevision\/wp-json\/wp\/v2\/posts"}],"about":[{"href":"https:\/\/prensalibre-com-develop.go-vip.co\/guatevision\/wp-json\/wp\/v2\/types\/post"}],"author":[{"embeddable":true,"href":"https:\/\/prensalibre-com-develop.go-vip.co\/guatevision\/wp-json\/wp\/v2\/users\/71"}],"replies":[{"embeddable":true,"href":"https:\/\/prensalibre-com-develop.go-vip.co\/guatevision\/wp-json\/wp\/v2\/comments?post=153209"}],"version-history":[{"count":0,"href":"https:\/\/prensalibre-com-develop.go-vip.co\/guatevision\/wp-json\/wp\/v2\/posts\/153209\/revisions"}],"wp:featuredmedia":[{"embeddable":true,"href":"https:\/\/prensalibre-com-develop.go-vip.co\/guatevision\/wp-json\/wp\/v2\/media\/153210"}],"wp:attachment":[{"href":"https:\/\/prensalibre-com-develop.go-vip.co\/guatevision\/wp-json\/wp\/v2\/media?parent=153209"}],"wp:term":[{"taxonomy":"category","embeddable":true,"href":"https:\/\/prensalibre-com-develop.go-vip.co\/guatevision\/wp-json\/wp\/v2\/categories?post=153209"},{"taxonomy":"etiqueta","embeddable":true,"href":"https:\/\/prensalibre-com-develop.go-vip.co\/guatevision\/wp-json\/wp\/v2\/etiqueta?post=153209"}],"curies":[{"name":"wp","href":"https:\/\/api.w.org\/{rel}","templated":true}]}}