{"id":153246,"date":"2018-02-23T13:40:37","date_gmt":"2018-02-23T19:40:37","guid":{"rendered":"https:\/\/prensalibre-com-develop.go-vip.co\/guatevision\/?p=153246"},"modified":"2018-02-22T23:57:52","modified_gmt":"2018-02-23T05:57:52","slug":"bayern-7","status":"publish","type":"post","link":"https:\/\/prensalibre-com-develop.go-vip.co\/guatevision\/historico\/bayern-7","title":{"rendered":"Bayern quiere calmar su vestuario, Dortmund contin\u00faa &#8216;la guerra del lunes&#8217;"},"content":{"rendered":"<p>Tras aplastar al Besiktas (5-0) en Champions, el Bayern M\u00fanich (1\u00ba) deber\u00e1 calmar su vestuario tras las quejas de Arjen Robben por su suplencia, el s\u00e1bado ante el Hertha Berl\u00edn (11\u00ba) en la 24\u00aa jornada, en la que el Borussia Dortmund (2\u00ba) juega el lunes ante el Augsburgo (8\u00ba).<\/p>\n\n<p>&#8220;Robben herido en su orgullo&#8221;, titul\u00f3 la web alemana Goal.com, mientras que el gran diario muniqu\u00e9s S\u00fcddeutsche Zeitung hablaba del &#8220;sufrimiento de Arjen Robben&#8221;.<\/p>\n<p>&#8220;Todos los jugadores quieren jugar partidos como \u00e9ste y yo tambi\u00e9n. Cuando no juegas, te hace da\u00f1o&#8221;, afirm\u00f3 el holand\u00e9s de 34 a\u00f1os, tras un partido en el que comenz\u00f3 en el banquillo y donde entr\u00f3 en juego por una lesi\u00f3n de un compa\u00f1ero, del colombiano James Rodr\u00edguez, en el minuto 43.<\/p>\n<p>&#8220;Pero no voy a decir m\u00e1s, si no voy a encontrarme de nuevo en la oficina de Brazzo (Hasan Salihamidzic, el director deportivo del Bayern)&#8221;, apunt\u00f3 el jugador holand\u00e9s, visiblemente molesto.<\/p>\n<p>Las quejas del extremo, que acaba contrato esta temporada, ensombrecieron el gran esp\u00e9ctaculo en el Allianz Arena, con el Bayern M\u00fanich encarrilando la eliminatoria en la ida gracias a su goleada.<\/p>\n<p>La otra mala noticia fue la lesi\u00f3n de James, una dolencia muscular &#8220;leve&#8221; en su gemelo izquierdo. Seg\u00fan el club se perder\u00e1 varios entrenamientos. Lo normal es que no est\u00e9 para el s\u00e1bado ante el Hertha Berl\u00edn.<\/p>\n<p>&#8220;Ser\u00e1n unos d\u00edas de par\u00f3n. No he sentido la pu\u00f1alada brutal de un desgarro muscular, pero era mejor que saliera del campo&#8221;, dijo el jugador.<\/p>\n<p>&nbsp;<\/p>\n<h3>Bayern con amplia ventaja.<\/h3>\n<p>En lo deportivo, con 19 puntos de ventaja sobre el Dortmund, salvo cat\u00e1strofe may\u00fascula el Bayern no tendr\u00e1 mayor problema en ganar su sexta Bundesliga consecutiva.<\/p>\n<p>El Dortmund, por su parte, tendr\u00e1 que esperar por primera vez hasta el lunes para jugar su partido de la 24\u00aa jornada. El legendario ambiente del Signal Iduna Park mostrar\u00e1 un aspecto diferente, si el llamamiento al boicot hecho por los ultras es seguido.<\/p>\n<p>Los aficionados protestan por la iniciativa de la Bundesliga de programar partidos el lunes, una idea seg\u00fan ellos contraria a la tradici\u00f3n familiar y popular del f\u00fatbol alem\u00e1n.<\/p>\n<p>El lunes pasado, en el primer partido organizado un lunes, los hinchas del Eintracht de Fr\u00e1ncfort protestaron ante el Leipzig, provocando el retraso en el inicio de cada periodo, y organizando un &#8216;concierto&#8217; de silbidos casi ininterrumpido durante los 90 minutos.<\/p>\n<p>&nbsp;<\/p>\n<h3>Programa de la 24\u00aa jornada del campeonato alem\u00e1n<\/h3>\n<p>&nbsp;<\/p>\n<p>&#8211; S\u00e1bado:<\/p>\n<p>Hoffenheim &#8211; Friburgo<\/p>\n<p>Han\u00f3ver &#8211; M\u00f6nchengladbach<\/p>\n<p>Bayern M\u00fanich &#8211; Hertha Berl\u00edn<\/p>\n<p>Stuttgart &#8211; Eintracht Fr\u00e1ncfort<\/p>\n<p>Werder Bremen &#8211; Hamburgo<\/p>\n<p>&nbsp;<\/p>\n<p>&#8211; Domingo:<\/p>\n<p>Leverkusen &#8211; Schalke<\/p>\n<p>Leipzig &#8211; Colonia<\/p>\n<p>&nbsp;<\/p>\n<p>&#8211; Lunes:<\/p>\n<p>Dortmund &#8211; Augsburgo<\/p>\n<p>&nbsp;<\/p>\n<p>Clasificaci\u00f3n: Pts J G E P GF GC Dif<\/p>\n<p>1. Bayern M\u00fanich 59 23 19 2 2 55 18 37<\/p>\n<p>2. Borussia Dortmund 40 23 11 7 5 48 29 19<\/p>\n<p>3. Eintracht Fr\u00e1ncfort 39 23 11 6 6 32 26 6<\/p>\n<p>4. Bayer Leverkusen 38 23 10 8 5 43 30 13<\/p>\n<p>5. RB Leipzig 38 23 11 5 7 36 31 5<\/p>\n<p>6. Schalke 04 37 23 10 7 6 36 30 6<\/p>\n<p>7. Han\u00f3ver 32 23 8 8 7 32 33 -1<\/p>\n<p>8. Augsburgo 31 23 8 7 8 32 29 3<\/p>\n<p>9. Hoffenheim 31 23 8 7 8 37 37 0<\/p>\n<p>10. B. Moenchengladbach 31 23 9 4 10 30 35 -5<\/p>\n<p>&nbsp;<\/p>\n<p>&nbsp;<\/p>\n<p>\u00a9 Agence France-Presse<\/p>\n","protected":false},"excerpt":{"rendered":"<p>Las quejas del extremo, que acaba contrato esta temporada, ensombrecieron el gran esp\u00e9ctaculo en el Allianz Arena, con el Bayern M\u00fanich encarrilando la eliminatoria en la ida gracias a su goleada.<\/p>\n","protected":false},"author":71,"featured_media":148888,"comment_status":"open","ping_status":"closed","sticky":false,"template":"","format":"standard","meta":{"_jetpack_memberships_contains_paid_content":false,"footnotes":""},"categories":[],"etiqueta":[],"class_list":["post-153246","post","type-post","status-publish","format-standard","has-post-thumbnail","hentry"],"yoast_head":"<!-- This site is optimized with the Yoast SEO plugin v23.9 - https:\/\/yoast.com\/wordpress\/plugins\/seo\/ -->\n<title>Bayern quiere calmar su vestuario, Dortmund contin\u00faa &#039;la guerra del lunes&#039;<\/title>\n<meta name=\"description\" content=\"Tras aplastar al Besiktas (5-0) en Champions, el Bayern M\u00fanich (1\u00ba) deber\u00e1 calmar su vestuario tras las quejas de Arjen Robben por su suplencia\" \/>\n<meta name=\"robots\" content=\"index, follow, max-snippet:-1, max-image-preview:large, max-video-preview:-1\" \/>\n<link rel=\"canonical\" href=\"https:\/\/prensalibre-com-develop.go-vip.co\/guatevision\/historico\/bayern-7\" \/>\n<meta property=\"og:locale\" content=\"es_ES\" \/>\n<meta property=\"og:type\" content=\"article\" \/>\n<meta property=\"og:title\" content=\"Bayern quiere calmar su vestuario, Dortmund contin\u00faa &#039;la guerra del lunes&#039;\" \/>\n<meta property=\"og:description\" content=\"Tras aplastar al Besiktas (5-0) en Champions, el Bayern M\u00fanich (1\u00ba) deber\u00e1 calmar su vestuario tras las quejas de Arjen Robben por su suplencia\" \/>\n<meta property=\"og:url\" content=\"https:\/\/prensalibre-com-develop.go-vip.co\/guatevision\/historico\/bayern-7\" \/>\n<meta property=\"og:site_name\" content=\"Guatevision\" \/>\n<meta property=\"article:published_time\" content=\"2018-02-23T19:40:37+00:00\" \/>\n<meta property=\"article:modified_time\" content=\"2018-02-23T05:57:52+00:00\" \/>\n<meta property=\"og:image\" content=\"https:\/\/prensalibre-com-develop.go-vip.co\/guatevision\/wp-content\/uploads\/sites\/2\/2018\/02\/Ba\u0301yern-de-Munich.png?quality=82\" \/>\n\t<meta property=\"og:image:width\" content=\"660\" \/>\n\t<meta property=\"og:image:height\" content=\"371\" \/>\n\t<meta property=\"og:image:type\" content=\"image\/png\" \/>\n<meta name=\"author\" content=\"Manuel Hern\u00e1ndez May\u00e9n\" \/>\n<meta name=\"twitter:card\" content=\"summary_large_image\" \/>\n<meta name=\"twitter:label1\" content=\"Written by\" \/>\n\t<meta name=\"twitter:data1\" content=\"Manuel Hern\u00e1ndez May\u00e9n\" \/>\n\t<meta name=\"twitter:label2\" content=\"Est. reading time\" \/>\n\t<meta name=\"twitter:data2\" content=\"3 minutes\" \/>\n<script type=\"application\/ld+json\" class=\"yoast-schema-graph\">{\"@context\":\"https:\/\/schema.org\",\"@graph\":[{\"@type\":\"Article\",\"@id\":\"https:\/\/prensalibre-com-develop.go-vip.co\/guatevision\/historico\/bayern-7#article\",\"isPartOf\":{\"@id\":\"https:\/\/prensalibre-com-develop.go-vip.co\/guatevision\/historico\/bayern-7\"},\"author\":{\"name\":\"Manuel Hern\u00e1ndez May\u00e9n\",\"@id\":\"https:\/\/prensalibre-com-develop.go-vip.co\/guatevision\/#\/schema\/person\/5b34ef10da9eb6f366b1c186913efddd\"},\"headline\":\"Bayern quiere calmar su vestuario, Dortmund contin\u00faa &#8216;la guerra del lunes&#8217;\",\"datePublished\":\"2018-02-23T19:40:37+00:00\",\"dateModified\":\"2018-02-23T05:57:52+00:00\",\"mainEntityOfPage\":{\"@id\":\"https:\/\/prensalibre-com-develop.go-vip.co\/guatevision\/historico\/bayern-7\"},\"wordCount\":515,\"commentCount\":0,\"publisher\":{\"@id\":\"https:\/\/prensalibre-com-develop.go-vip.co\/guatevision\/#organization\"},\"image\":{\"@id\":\"https:\/\/prensalibre-com-develop.go-vip.co\/guatevision\/historico\/bayern-7#primaryimage\"},\"thumbnailUrl\":\"https:\/\/prensalibre-com-develop.go-vip.co\/guatevision\/wp-content\/uploads\/sites\/2\/2018\/02\/Ba\u0301yern-de-Munich.png?quality=82\",\"keywords\":[\"Arjen Robben\",\"Augsburgo\",\"Bayern Munich\",\"Borussia Dortmund\",\"Hertha Berl\u00edn\"],\"inLanguage\":\"es-GT\",\"potentialAction\":[{\"@type\":\"CommentAction\",\"name\":\"Comment\",\"target\":[\"https:\/\/prensalibre-com-develop.go-vip.co\/guatevision\/historico\/bayern-7#respond\"]}]},{\"@type\":\"WebPage\",\"@id\":\"https:\/\/prensalibre-com-develop.go-vip.co\/guatevision\/historico\/bayern-7\",\"url\":\"https:\/\/prensalibre-com-develop.go-vip.co\/guatevision\/historico\/bayern-7\",\"name\":\"Bayern quiere calmar su vestuario, Dortmund contin\u00faa 'la guerra del lunes'\",\"isPartOf\":{\"@id\":\"https:\/\/prensalibre-com-develop.go-vip.co\/guatevision\/#website\"},\"primaryImageOfPage\":{\"@id\":\"https:\/\/prensalibre-com-develop.go-vip.co\/guatevision\/historico\/bayern-7#primaryimage\"},\"image\":{\"@id\":\"https:\/\/prensalibre-com-develop.go-vip.co\/guatevision\/historico\/bayern-7#primaryimage\"},\"thumbnailUrl\":\"https:\/\/prensalibre-com-develop.go-vip.co\/guatevision\/wp-content\/uploads\/sites\/2\/2018\/02\/Ba\u0301yern-de-Munich.png?quality=82\",\"datePublished\":\"2018-02-23T19:40:37+00:00\",\"dateModified\":\"2018-02-23T05:57:52+00:00\",\"description\":\"Tras aplastar al Besiktas (5-0) en Champions, el Bayern M\u00fanich (1\u00ba) deber\u00e1 calmar su vestuario tras las quejas de Arjen Robben por su suplencia\",\"inLanguage\":\"es-GT\",\"potentialAction\":[{\"@type\":\"ReadAction\",\"target\":[\"https:\/\/prensalibre-com-develop.go-vip.co\/guatevision\/historico\/bayern-7\"]}]},{\"@type\":\"ImageObject\",\"inLanguage\":\"es-GT\",\"@id\":\"https:\/\/prensalibre-com-develop.go-vip.co\/guatevision\/historico\/bayern-7#primaryimage\",\"url\":\"https:\/\/prensalibre-com-develop.go-vip.co\/guatevision\/wp-content\/uploads\/sites\/2\/2018\/02\/Ba\u0301yern-de-Munich.png?quality=82\",\"contentUrl\":\"https:\/\/prensalibre-com-develop.go-vip.co\/guatevision\/wp-content\/uploads\/sites\/2\/2018\/02\/Ba\u0301yern-de-Munich.png?quality=82\",\"width\":660,\"height\":371,\"caption\":\"Bayern's Arjen Robben (C) celebrates with his teammates after winning the German football Cup DFB Pokal quarter-final match SC Paderborn versus Bayern Munich on February 6, 2018 in Paderborn. Patrik STOLLARZ \/ AFP\"},{\"@type\":\"WebSite\",\"@id\":\"https:\/\/prensalibre-com-develop.go-vip.co\/guatevision\/#website\",\"url\":\"https:\/\/prensalibre-com-develop.go-vip.co\/guatevision\/\",\"name\":\"Guatevision\",\"description\":\"\u00a1Enciende Lo Bueno!\",\"publisher\":{\"@id\":\"https:\/\/prensalibre-com-develop.go-vip.co\/guatevision\/#organization\"},\"potentialAction\":[{\"@type\":\"SearchAction\",\"target\":{\"@type\":\"EntryPoint\",\"urlTemplate\":\"https:\/\/prensalibre-com-develop.go-vip.co\/guatevision\/?s={search_term_string}\"},\"query-input\":{\"@type\":\"PropertyValueSpecification\",\"valueRequired\":true,\"valueName\":\"search_term_string\"}}],\"inLanguage\":\"es-GT\"},{\"@type\":\"Organization\",\"@id\":\"https:\/\/prensalibre-com-develop.go-vip.co\/guatevision\/#organization\",\"name\":\"Guatevision\",\"url\":\"https:\/\/prensalibre-com-develop.go-vip.co\/guatevision\/\",\"logo\":{\"@type\":\"ImageObject\",\"inLanguage\":\"es-GT\",\"@id\":\"https:\/\/prensalibre-com-develop.go-vip.co\/guatevision\/#\/schema\/logo\/image\/\",\"url\":\"https:\/\/prensalibre-com-develop.go-vip.co\/guatevision\/wp-content\/uploads\/sites\/2\/2026\/04\/Diseno-sin-titulo.png?quality=82\",\"contentUrl\":\"https:\/\/prensalibre-com-develop.go-vip.co\/guatevision\/wp-content\/uploads\/sites\/2\/2026\/04\/Diseno-sin-titulo.png?quality=82\",\"width\":1000,\"height\":600,\"caption\":\"Guatevision\"},\"image\":{\"@id\":\"https:\/\/prensalibre-com-develop.go-vip.co\/guatevision\/#\/schema\/logo\/image\/\"}},{\"@type\":\"Person\",\"@id\":\"https:\/\/prensalibre-com-develop.go-vip.co\/guatevision\/#\/schema\/person\/5b34ef10da9eb6f366b1c186913efddd\",\"name\":\"Manuel Hern\u00e1ndez May\u00e9n\",\"image\":{\"@type\":\"ImageObject\",\"inLanguage\":\"es-GT\",\"@id\":\"https:\/\/prensalibre-com-develop.go-vip.co\/guatevision\/#\/schema\/person\/image\/433265d8a81413206f8dd780c513ffd7\",\"url\":\"https:\/\/secure.gravatar.com\/avatar\/d6d67d029230e2c79470aabd3184418289f224c20a44e2beaa5864a18da50d01?s=96&d=mm&r=g\",\"contentUrl\":\"https:\/\/secure.gravatar.com\/avatar\/d6d67d029230e2c79470aabd3184418289f224c20a44e2beaa5864a18da50d01?s=96&d=mm&r=g\",\"caption\":\"Manuel Hern\u00e1ndez May\u00e9n\"},\"url\":\"https:\/\/prensalibre-com-develop.go-vip.co\/guatevision\/author\/mdhernandez\"}]}<\/script>\n<!-- \/ Yoast SEO plugin. -->","yoast_head_json":{"title":"Bayern quiere calmar su vestuario, Dortmund contin\u00faa 'la guerra del lunes'","description":"Tras aplastar al Besiktas (5-0) en Champions, el Bayern M\u00fanich (1\u00ba) deber\u00e1 calmar su vestuario tras las quejas de Arjen Robben por su suplencia","robots":{"index":"index","follow":"follow","max-snippet":"max-snippet:-1","max-image-preview":"max-image-preview:large","max-video-preview":"max-video-preview:-1"},"canonical":"https:\/\/prensalibre-com-develop.go-vip.co\/guatevision\/historico\/bayern-7","og_locale":"es_ES","og_type":"article","og_title":"Bayern quiere calmar su vestuario, Dortmund contin\u00faa 'la guerra del lunes'","og_description":"Tras aplastar al Besiktas (5-0) en Champions, el Bayern M\u00fanich (1\u00ba) deber\u00e1 calmar su vestuario tras las quejas de Arjen Robben por su suplencia","og_url":"https:\/\/prensalibre-com-develop.go-vip.co\/guatevision\/historico\/bayern-7","og_site_name":"Guatevision","article_published_time":"2018-02-23T19:40:37+00:00","article_modified_time":"2018-02-23T05:57:52+00:00","og_image":[{"width":660,"height":371,"url":"https:\/\/prensalibre-com-develop.go-vip.co\/guatevision\/wp-content\/uploads\/sites\/2\/2018\/02\/Ba\u0301yern-de-Munich.png?quality=82","type":"image\/png"}],"author":"Manuel Hern\u00e1ndez May\u00e9n","twitter_card":"summary_large_image","twitter_misc":{"Written by":"Manuel Hern\u00e1ndez May\u00e9n","Est. reading time":"3 minutes"},"schema":{"@context":"https:\/\/schema.org","@graph":[{"@type":"Article","@id":"https:\/\/prensalibre-com-develop.go-vip.co\/guatevision\/historico\/bayern-7#article","isPartOf":{"@id":"https:\/\/prensalibre-com-develop.go-vip.co\/guatevision\/historico\/bayern-7"},"author":{"name":"Manuel Hern\u00e1ndez May\u00e9n","@id":"https:\/\/prensalibre-com-develop.go-vip.co\/guatevision\/#\/schema\/person\/5b34ef10da9eb6f366b1c186913efddd"},"headline":"Bayern quiere calmar su vestuario, Dortmund contin\u00faa &#8216;la guerra del lunes&#8217;","datePublished":"2018-02-23T19:40:37+00:00","dateModified":"2018-02-23T05:57:52+00:00","mainEntityOfPage":{"@id":"https:\/\/prensalibre-com-develop.go-vip.co\/guatevision\/historico\/bayern-7"},"wordCount":515,"commentCount":0,"publisher":{"@id":"https:\/\/prensalibre-com-develop.go-vip.co\/guatevision\/#organization"},"image":{"@id":"https:\/\/prensalibre-com-develop.go-vip.co\/guatevision\/historico\/bayern-7#primaryimage"},"thumbnailUrl":"https:\/\/prensalibre-com-develop.go-vip.co\/guatevision\/wp-content\/uploads\/sites\/2\/2018\/02\/Ba\u0301yern-de-Munich.png?quality=82","keywords":["Arjen Robben","Augsburgo","Bayern Munich","Borussia Dortmund","Hertha Berl\u00edn"],"inLanguage":"es-GT","potentialAction":[{"@type":"CommentAction","name":"Comment","target":["https:\/\/prensalibre-com-develop.go-vip.co\/guatevision\/historico\/bayern-7#respond"]}]},{"@type":"WebPage","@id":"https:\/\/prensalibre-com-develop.go-vip.co\/guatevision\/historico\/bayern-7","url":"https:\/\/prensalibre-com-develop.go-vip.co\/guatevision\/historico\/bayern-7","name":"Bayern quiere calmar su vestuario, Dortmund contin\u00faa 'la guerra del lunes'","isPartOf":{"@id":"https:\/\/prensalibre-com-develop.go-vip.co\/guatevision\/#website"},"primaryImageOfPage":{"@id":"https:\/\/prensalibre-com-develop.go-vip.co\/guatevision\/historico\/bayern-7#primaryimage"},"image":{"@id":"https:\/\/prensalibre-com-develop.go-vip.co\/guatevision\/historico\/bayern-7#primaryimage"},"thumbnailUrl":"https:\/\/prensalibre-com-develop.go-vip.co\/guatevision\/wp-content\/uploads\/sites\/2\/2018\/02\/Ba\u0301yern-de-Munich.png?quality=82","datePublished":"2018-02-23T19:40:37+00:00","dateModified":"2018-02-23T05:57:52+00:00","description":"Tras aplastar al Besiktas (5-0) en Champions, el Bayern M\u00fanich (1\u00ba) deber\u00e1 calmar su vestuario tras las quejas de Arjen Robben por su suplencia","inLanguage":"es-GT","potentialAction":[{"@type":"ReadAction","target":["https:\/\/prensalibre-com-develop.go-vip.co\/guatevision\/historico\/bayern-7"]}]},{"@type":"ImageObject","inLanguage":"es-GT","@id":"https:\/\/prensalibre-com-develop.go-vip.co\/guatevision\/historico\/bayern-7#primaryimage","url":"https:\/\/prensalibre-com-develop.go-vip.co\/guatevision\/wp-content\/uploads\/sites\/2\/2018\/02\/Ba\u0301yern-de-Munich.png?quality=82","contentUrl":"https:\/\/prensalibre-com-develop.go-vip.co\/guatevision\/wp-content\/uploads\/sites\/2\/2018\/02\/Ba\u0301yern-de-Munich.png?quality=82","width":660,"height":371,"caption":"Bayern's Arjen Robben (C) celebrates with his teammates after winning the German football Cup DFB Pokal quarter-final match SC Paderborn versus Bayern Munich on February 6, 2018 in Paderborn. Patrik STOLLARZ \/ AFP"},{"@type":"WebSite","@id":"https:\/\/prensalibre-com-develop.go-vip.co\/guatevision\/#website","url":"https:\/\/prensalibre-com-develop.go-vip.co\/guatevision\/","name":"Guatevision","description":"\u00a1Enciende Lo Bueno!","publisher":{"@id":"https:\/\/prensalibre-com-develop.go-vip.co\/guatevision\/#organization"},"potentialAction":[{"@type":"SearchAction","target":{"@type":"EntryPoint","urlTemplate":"https:\/\/prensalibre-com-develop.go-vip.co\/guatevision\/?s={search_term_string}"},"query-input":{"@type":"PropertyValueSpecification","valueRequired":true,"valueName":"search_term_string"}}],"inLanguage":"es-GT"},{"@type":"Organization","@id":"https:\/\/prensalibre-com-develop.go-vip.co\/guatevision\/#organization","name":"Guatevision","url":"https:\/\/prensalibre-com-develop.go-vip.co\/guatevision\/","logo":{"@type":"ImageObject","inLanguage":"es-GT","@id":"https:\/\/prensalibre-com-develop.go-vip.co\/guatevision\/#\/schema\/logo\/image\/","url":"https:\/\/prensalibre-com-develop.go-vip.co\/guatevision\/wp-content\/uploads\/sites\/2\/2026\/04\/Diseno-sin-titulo.png?quality=82","contentUrl":"https:\/\/prensalibre-com-develop.go-vip.co\/guatevision\/wp-content\/uploads\/sites\/2\/2026\/04\/Diseno-sin-titulo.png?quality=82","width":1000,"height":600,"caption":"Guatevision"},"image":{"@id":"https:\/\/prensalibre-com-develop.go-vip.co\/guatevision\/#\/schema\/logo\/image\/"}},{"@type":"Person","@id":"https:\/\/prensalibre-com-develop.go-vip.co\/guatevision\/#\/schema\/person\/5b34ef10da9eb6f366b1c186913efddd","name":"Manuel Hern\u00e1ndez May\u00e9n","image":{"@type":"ImageObject","inLanguage":"es-GT","@id":"https:\/\/prensalibre-com-develop.go-vip.co\/guatevision\/#\/schema\/person\/image\/433265d8a81413206f8dd780c513ffd7","url":"https:\/\/secure.gravatar.com\/avatar\/d6d67d029230e2c79470aabd3184418289f224c20a44e2beaa5864a18da50d01?s=96&d=mm&r=g","contentUrl":"https:\/\/secure.gravatar.com\/avatar\/d6d67d029230e2c79470aabd3184418289f224c20a44e2beaa5864a18da50d01?s=96&d=mm&r=g","caption":"Manuel Hern\u00e1ndez May\u00e9n"},"url":"https:\/\/prensalibre-com-develop.go-vip.co\/guatevision\/author\/mdhernandez"}]}},"jetpack_featured_media_url":"https:\/\/prensalibre-com-develop.go-vip.co\/guatevision\/wp-content\/uploads\/sites\/2\/2018\/02\/Ba\u0301yern-de-Munich.png?quality=82","jetpack_sharing_enabled":true,"_links":{"self":[{"href":"https:\/\/prensalibre-com-develop.go-vip.co\/guatevision\/wp-json\/wp\/v2\/posts\/153246","targetHints":{"allow":["GET"]}}],"collection":[{"href":"https:\/\/prensalibre-com-develop.go-vip.co\/guatevision\/wp-json\/wp\/v2\/posts"}],"about":[{"href":"https:\/\/prensalibre-com-develop.go-vip.co\/guatevision\/wp-json\/wp\/v2\/types\/post"}],"author":[{"embeddable":true,"href":"https:\/\/prensalibre-com-develop.go-vip.co\/guatevision\/wp-json\/wp\/v2\/users\/71"}],"replies":[{"embeddable":true,"href":"https:\/\/prensalibre-com-develop.go-vip.co\/guatevision\/wp-json\/wp\/v2\/comments?post=153246"}],"version-history":[{"count":0,"href":"https:\/\/prensalibre-com-develop.go-vip.co\/guatevision\/wp-json\/wp\/v2\/posts\/153246\/revisions"}],"wp:featuredmedia":[{"embeddable":true,"href":"https:\/\/prensalibre-com-develop.go-vip.co\/guatevision\/wp-json\/wp\/v2\/media\/148888"}],"wp:attachment":[{"href":"https:\/\/prensalibre-com-develop.go-vip.co\/guatevision\/wp-json\/wp\/v2\/media?parent=153246"}],"wp:term":[{"taxonomy":"category","embeddable":true,"href":"https:\/\/prensalibre-com-develop.go-vip.co\/guatevision\/wp-json\/wp\/v2\/categories?post=153246"},{"taxonomy":"etiqueta","embeddable":true,"href":"https:\/\/prensalibre-com-develop.go-vip.co\/guatevision\/wp-json\/wp\/v2\/etiqueta?post=153246"}],"curies":[{"name":"wp","href":"https:\/\/api.w.org\/{rel}","templated":true}]}}