{"id":153639,"date":"2018-02-26T17:10:48","date_gmt":"2018-02-26T23:10:48","guid":{"rendered":"https:\/\/prensalibre-com-develop.go-vip.co\/guatevision\/?p=153639"},"modified":"2018-02-26T14:32:56","modified_gmt":"2018-02-26T20:32:56","slug":"copa-davis-4","status":"publish","type":"post","link":"https:\/\/prensalibre-com-develop.go-vip.co\/guatevision\/historico\/copa-davis-4","title":{"rendered":"Copa Davis se transforma en un &#8220;Mundial&#8221;"},"content":{"rendered":"<p>La Federaci\u00f3n Internacional de Tenis (ITF) anunci\u00f3 una refundaci\u00f3n de la Copa Davis, que a partir del pr\u00f3ximo a\u00f1o disputar\u00e1n 18 pa\u00edses durante una sola semana en noviembre, gracias a un acuerdo firmado con el grupo inversor Kosmos, fundado y presidido por Gerard Piqu\u00e9.<\/p>\n\n<p>Se acabaron las cuatro rondas intercaladas durante la temporada, la c\u00e9lebre Ensaladera se entregar\u00e1 ahora al ganador de una competici\u00f3n que durar\u00e1 una semana en una sola sede.<\/p>\n<p>Los 16 pa\u00edses del grupo mundial estar\u00e1n clasificados de manera autom\u00e1tica, acompa\u00f1ados por otros dos procedentes de la clasificaci\u00f3n. Habr\u00e1 una fase de grupos y a continuaci\u00f3n los cuartos de final abrir\u00e1n las eliminatorias.<\/p>\n<p>Otro cambio importante ser\u00e1 que los partidos no se disputar\u00e1n a cinco sets, sino al mejor de tres mangas. Se jugar\u00e1n dos simples (en lugar de cuatro como hasta ahora en las eliminatorias) y un dobles.<\/p>\n<p>&#8220;Es un punto de inflexi\u00f3n para la ITF y para nuestro deporte. Nuestra visi\u00f3n es crear un gran final de temporada que sea un festival de tenis y entretenimiento, y que cuente con los mejores jugadores del mundo representando a sus naciones para definir a los campeones de la Copa Davis&#8221;, se\u00f1al\u00f3 el presidente de la ITF David Haggerty.<\/p>\n<p>&#8220;Esta nueva asociaci\u00f3n no solamente crear\u00e1 una verdadera Copa Mundial de Tenis, sino que tambi\u00e9n abrir\u00e1 el paso a niveles hist\u00f3ricos de nuevas inversiones para generaciones futuras de tenistas y aficionados de todo el mundo&#8221;, a\u00f1adi\u00f3.<\/p>\n<p>&nbsp;<\/p>\n<h3>&#8211; Validada en una votaci\u00f3n &#8211;<\/h3>\n<p>Seg\u00fan la ITF, varias ciudades ya han expresado su inter\u00e9s por albergar la competici\u00f3n.<\/p>\n<p>Para dar este paso, la ITF se ha asociado con el grupo inversor Kosmos, cuyo fundador y presidente es el jugador del Barcelona Gerard Piqu\u00e9.<\/p>\n<p>El plan de asociaci\u00f3n con este grupo se ha establecido a 25 a\u00f1os y con un valor de 3.000 millones de d\u00f3lares.<\/p>\n<p>&#8220;Kosmos est\u00e1 encantado de unirse en esta emocionante sociedad con la ITF. Juntos podemos elevar la Copa Davis a nuevos niveles al crear una imperdible final de la Copa Mundial de Tenis que contar\u00e1 con las mejores naciones y los mejores jugadores&#8221;, se\u00f1al\u00f3 Piqu\u00e9 en el comunicado de la ITF.<\/p>\n<p>La nueva Copa Davis deber\u00e1 ser validada en una votaci\u00f3n por la asamblea general de la ITF, en agosto. Necesitar\u00e1 el apoyo de dos tercios de los votantes.<\/p>\n<p>Con su nuevo formato la ITF responde a la demanda creciente de las estrellas del tenis, como Rafael Nadal o Novak Djokovic, que se han quejado en los \u00faltimos a\u00f1os de la excesiva carga en el calendario y que han renunciado habitualmente a la competici\u00f3n por equipos.<\/p>\n<p>&nbsp;<\/p>\n<p>&nbsp;<\/p>\n<p>\u00a9 Agence France-Presse<\/p>\n","protected":false},"excerpt":{"rendered":"<p>Los 16 pa\u00edses del grupo mundial estar\u00e1n clasificados de manera autom\u00e1tica, acompa\u00f1ados por otros dos procedentes de la clasificaci\u00f3n. Habr\u00e1 una fase de grupos y a continuaci\u00f3n los cuartos de final abrir\u00e1n las eliminatorias.<\/p>\n","protected":false},"author":71,"featured_media":134227,"comment_status":"open","ping_status":"closed","sticky":false,"template":"","format":"standard","meta":{"_jetpack_memberships_contains_paid_content":false,"footnotes":""},"categories":[],"etiqueta":[],"class_list":["post-153639","post","type-post","status-publish","format-standard","has-post-thumbnail","hentry"],"yoast_head":"<!-- This site is optimized with the Yoast SEO plugin v23.9 - https:\/\/yoast.com\/wordpress\/plugins\/seo\/ -->\n<title>Copa Davis se transforma en un &#039;Mundial&#039; con el apoyo de Gerard Piqu\u00e9<\/title>\n<meta name=\"description\" content=\"La Federaci\u00f3n Internacional de Tenis (ITF) anunci\u00f3 este lunes una refundaci\u00f3n de la Copa Davis, que a partir del pr\u00f3ximo a\u00f1o disputar\u00e1n 18 pa\u00edses\" \/>\n<meta name=\"robots\" content=\"index, follow, max-snippet:-1, max-image-preview:large, max-video-preview:-1\" \/>\n<link rel=\"canonical\" href=\"https:\/\/prensalibre-com-develop.go-vip.co\/guatevision\/historico\/copa-davis-4\" \/>\n<meta property=\"og:locale\" content=\"es_ES\" \/>\n<meta property=\"og:type\" content=\"article\" \/>\n<meta property=\"og:title\" content=\"Copa Davis se transforma en un &#039;Mundial&#039; con el apoyo de Gerard Piqu\u00e9\" \/>\n<meta property=\"og:description\" content=\"La Federaci\u00f3n Internacional de Tenis (ITF) anunci\u00f3 este lunes una refundaci\u00f3n de la Copa Davis, que a partir del pr\u00f3ximo a\u00f1o disputar\u00e1n 18 pa\u00edses\" \/>\n<meta property=\"og:url\" content=\"https:\/\/prensalibre-com-develop.go-vip.co\/guatevision\/historico\/copa-davis-4\" \/>\n<meta property=\"og:site_name\" content=\"Guatevision\" \/>\n<meta property=\"article:published_time\" content=\"2018-02-26T23:10:48+00:00\" \/>\n<meta property=\"article:modified_time\" content=\"2018-02-26T20:32:56+00:00\" \/>\n<meta property=\"og:image\" content=\"https:\/\/prensalibre-com-develop.go-vip.co\/guatevision\/wp-content\/uploads\/sites\/2\/2017\/11\/Francia-Copa-Davis.png?quality=82\" \/>\n\t<meta property=\"og:image:width\" content=\"660\" \/>\n\t<meta property=\"og:image:height\" content=\"371\" \/>\n\t<meta property=\"og:image:type\" content=\"image\/png\" \/>\n<meta name=\"author\" content=\"Manuel Hern\u00e1ndez May\u00e9n\" \/>\n<meta name=\"twitter:card\" content=\"summary_large_image\" \/>\n<meta name=\"twitter:label1\" content=\"Written by\" \/>\n\t<meta name=\"twitter:data1\" content=\"Manuel Hern\u00e1ndez May\u00e9n\" \/>\n\t<meta name=\"twitter:label2\" content=\"Est. reading time\" \/>\n\t<meta name=\"twitter:data2\" content=\"2 minutes\" \/>\n<script type=\"application\/ld+json\" class=\"yoast-schema-graph\">{\"@context\":\"https:\/\/schema.org\",\"@graph\":[{\"@type\":\"Article\",\"@id\":\"https:\/\/prensalibre-com-develop.go-vip.co\/guatevision\/historico\/copa-davis-4#article\",\"isPartOf\":{\"@id\":\"https:\/\/prensalibre-com-develop.go-vip.co\/guatevision\/historico\/copa-davis-4\"},\"author\":{\"name\":\"Manuel Hern\u00e1ndez May\u00e9n\",\"@id\":\"https:\/\/prensalibre-com-develop.go-vip.co\/guatevision\/#\/schema\/person\/5b34ef10da9eb6f366b1c186913efddd\"},\"headline\":\"Copa Davis se transforma en un &#8220;Mundial&#8221;\",\"datePublished\":\"2018-02-26T23:10:48+00:00\",\"dateModified\":\"2018-02-26T20:32:56+00:00\",\"mainEntityOfPage\":{\"@id\":\"https:\/\/prensalibre-com-develop.go-vip.co\/guatevision\/historico\/copa-davis-4\"},\"wordCount\":472,\"commentCount\":0,\"publisher\":{\"@id\":\"https:\/\/prensalibre-com-develop.go-vip.co\/guatevision\/#organization\"},\"image\":{\"@id\":\"https:\/\/prensalibre-com-develop.go-vip.co\/guatevision\/historico\/copa-davis-4#primaryimage\"},\"thumbnailUrl\":\"https:\/\/prensalibre-com-develop.go-vip.co\/guatevision\/wp-content\/uploads\/sites\/2\/2017\/11\/Francia-Copa-Davis.png?quality=82\",\"keywords\":[\"Copa Davis\",\"Deporte Internacional\",\"ITF\",\"Tenis\"],\"inLanguage\":\"es-GT\",\"potentialAction\":[{\"@type\":\"CommentAction\",\"name\":\"Comment\",\"target\":[\"https:\/\/prensalibre-com-develop.go-vip.co\/guatevision\/historico\/copa-davis-4#respond\"]}]},{\"@type\":\"WebPage\",\"@id\":\"https:\/\/prensalibre-com-develop.go-vip.co\/guatevision\/historico\/copa-davis-4\",\"url\":\"https:\/\/prensalibre-com-develop.go-vip.co\/guatevision\/historico\/copa-davis-4\",\"name\":\"Copa Davis se transforma en un 'Mundial' con el apoyo de Gerard Piqu\u00e9\",\"isPartOf\":{\"@id\":\"https:\/\/prensalibre-com-develop.go-vip.co\/guatevision\/#website\"},\"primaryImageOfPage\":{\"@id\":\"https:\/\/prensalibre-com-develop.go-vip.co\/guatevision\/historico\/copa-davis-4#primaryimage\"},\"image\":{\"@id\":\"https:\/\/prensalibre-com-develop.go-vip.co\/guatevision\/historico\/copa-davis-4#primaryimage\"},\"thumbnailUrl\":\"https:\/\/prensalibre-com-develop.go-vip.co\/guatevision\/wp-content\/uploads\/sites\/2\/2017\/11\/Francia-Copa-Davis.png?quality=82\",\"datePublished\":\"2018-02-26T23:10:48+00:00\",\"dateModified\":\"2018-02-26T20:32:56+00:00\",\"description\":\"La Federaci\u00f3n Internacional de Tenis (ITF) anunci\u00f3 este lunes una refundaci\u00f3n de la Copa Davis, que a partir del pr\u00f3ximo a\u00f1o disputar\u00e1n 18 pa\u00edses\",\"inLanguage\":\"es-GT\",\"potentialAction\":[{\"@type\":\"ReadAction\",\"target\":[\"https:\/\/prensalibre-com-develop.go-vip.co\/guatevision\/historico\/copa-davis-4\"]}]},{\"@type\":\"ImageObject\",\"inLanguage\":\"es-GT\",\"@id\":\"https:\/\/prensalibre-com-develop.go-vip.co\/guatevision\/historico\/copa-davis-4#primaryimage\",\"url\":\"https:\/\/prensalibre-com-develop.go-vip.co\/guatevision\/wp-content\/uploads\/sites\/2\/2017\/11\/Francia-Copa-Davis.png?quality=82\",\"contentUrl\":\"https:\/\/prensalibre-com-develop.go-vip.co\/guatevision\/wp-content\/uploads\/sites\/2\/2017\/11\/Francia-Copa-Davis.png?quality=82\",\"width\":660,\"height\":371,\"caption\":\"France's team hold the trophy after winning the Davis Cup World Group final tennis match between France and Belgium at The Pierre Mauroy Stadium in Villeneuve d'Ascq near Lille on November 26, 2017. Denis Charlet \/ AFP\"},{\"@type\":\"WebSite\",\"@id\":\"https:\/\/prensalibre-com-develop.go-vip.co\/guatevision\/#website\",\"url\":\"https:\/\/prensalibre-com-develop.go-vip.co\/guatevision\/\",\"name\":\"Guatevision\",\"description\":\"\u00a1Enciende Lo Bueno!\",\"publisher\":{\"@id\":\"https:\/\/prensalibre-com-develop.go-vip.co\/guatevision\/#organization\"},\"potentialAction\":[{\"@type\":\"SearchAction\",\"target\":{\"@type\":\"EntryPoint\",\"urlTemplate\":\"https:\/\/prensalibre-com-develop.go-vip.co\/guatevision\/?s={search_term_string}\"},\"query-input\":{\"@type\":\"PropertyValueSpecification\",\"valueRequired\":true,\"valueName\":\"search_term_string\"}}],\"inLanguage\":\"es-GT\"},{\"@type\":\"Organization\",\"@id\":\"https:\/\/prensalibre-com-develop.go-vip.co\/guatevision\/#organization\",\"name\":\"Guatevision\",\"url\":\"https:\/\/prensalibre-com-develop.go-vip.co\/guatevision\/\",\"logo\":{\"@type\":\"ImageObject\",\"inLanguage\":\"es-GT\",\"@id\":\"https:\/\/prensalibre-com-develop.go-vip.co\/guatevision\/#\/schema\/logo\/image\/\",\"url\":\"https:\/\/prensalibre-com-develop.go-vip.co\/guatevision\/wp-content\/uploads\/sites\/2\/2026\/04\/Diseno-sin-titulo.png?quality=82\",\"contentUrl\":\"https:\/\/prensalibre-com-develop.go-vip.co\/guatevision\/wp-content\/uploads\/sites\/2\/2026\/04\/Diseno-sin-titulo.png?quality=82\",\"width\":1000,\"height\":600,\"caption\":\"Guatevision\"},\"image\":{\"@id\":\"https:\/\/prensalibre-com-develop.go-vip.co\/guatevision\/#\/schema\/logo\/image\/\"}},{\"@type\":\"Person\",\"@id\":\"https:\/\/prensalibre-com-develop.go-vip.co\/guatevision\/#\/schema\/person\/5b34ef10da9eb6f366b1c186913efddd\",\"name\":\"Manuel Hern\u00e1ndez May\u00e9n\",\"image\":{\"@type\":\"ImageObject\",\"inLanguage\":\"es-GT\",\"@id\":\"https:\/\/prensalibre-com-develop.go-vip.co\/guatevision\/#\/schema\/person\/image\/433265d8a81413206f8dd780c513ffd7\",\"url\":\"https:\/\/secure.gravatar.com\/avatar\/d6d67d029230e2c79470aabd3184418289f224c20a44e2beaa5864a18da50d01?s=96&d=mm&r=g\",\"contentUrl\":\"https:\/\/secure.gravatar.com\/avatar\/d6d67d029230e2c79470aabd3184418289f224c20a44e2beaa5864a18da50d01?s=96&d=mm&r=g\",\"caption\":\"Manuel Hern\u00e1ndez May\u00e9n\"},\"url\":\"https:\/\/prensalibre-com-develop.go-vip.co\/guatevision\/author\/mdhernandez\"}]}<\/script>\n<!-- \/ Yoast SEO plugin. -->","yoast_head_json":{"title":"Copa Davis se transforma en un 'Mundial' con el apoyo de Gerard Piqu\u00e9","description":"La Federaci\u00f3n Internacional de Tenis (ITF) anunci\u00f3 este lunes una refundaci\u00f3n de la Copa Davis, que a partir del pr\u00f3ximo a\u00f1o disputar\u00e1n 18 pa\u00edses","robots":{"index":"index","follow":"follow","max-snippet":"max-snippet:-1","max-image-preview":"max-image-preview:large","max-video-preview":"max-video-preview:-1"},"canonical":"https:\/\/prensalibre-com-develop.go-vip.co\/guatevision\/historico\/copa-davis-4","og_locale":"es_ES","og_type":"article","og_title":"Copa Davis se transforma en un 'Mundial' con el apoyo de Gerard Piqu\u00e9","og_description":"La Federaci\u00f3n Internacional de Tenis (ITF) anunci\u00f3 este lunes una refundaci\u00f3n de la Copa Davis, que a partir del pr\u00f3ximo a\u00f1o disputar\u00e1n 18 pa\u00edses","og_url":"https:\/\/prensalibre-com-develop.go-vip.co\/guatevision\/historico\/copa-davis-4","og_site_name":"Guatevision","article_published_time":"2018-02-26T23:10:48+00:00","article_modified_time":"2018-02-26T20:32:56+00:00","og_image":[{"width":660,"height":371,"url":"https:\/\/prensalibre-com-develop.go-vip.co\/guatevision\/wp-content\/uploads\/sites\/2\/2017\/11\/Francia-Copa-Davis.png?quality=82","type":"image\/png"}],"author":"Manuel Hern\u00e1ndez May\u00e9n","twitter_card":"summary_large_image","twitter_misc":{"Written by":"Manuel Hern\u00e1ndez May\u00e9n","Est. reading time":"2 minutes"},"schema":{"@context":"https:\/\/schema.org","@graph":[{"@type":"Article","@id":"https:\/\/prensalibre-com-develop.go-vip.co\/guatevision\/historico\/copa-davis-4#article","isPartOf":{"@id":"https:\/\/prensalibre-com-develop.go-vip.co\/guatevision\/historico\/copa-davis-4"},"author":{"name":"Manuel Hern\u00e1ndez May\u00e9n","@id":"https:\/\/prensalibre-com-develop.go-vip.co\/guatevision\/#\/schema\/person\/5b34ef10da9eb6f366b1c186913efddd"},"headline":"Copa Davis se transforma en un &#8220;Mundial&#8221;","datePublished":"2018-02-26T23:10:48+00:00","dateModified":"2018-02-26T20:32:56+00:00","mainEntityOfPage":{"@id":"https:\/\/prensalibre-com-develop.go-vip.co\/guatevision\/historico\/copa-davis-4"},"wordCount":472,"commentCount":0,"publisher":{"@id":"https:\/\/prensalibre-com-develop.go-vip.co\/guatevision\/#organization"},"image":{"@id":"https:\/\/prensalibre-com-develop.go-vip.co\/guatevision\/historico\/copa-davis-4#primaryimage"},"thumbnailUrl":"https:\/\/prensalibre-com-develop.go-vip.co\/guatevision\/wp-content\/uploads\/sites\/2\/2017\/11\/Francia-Copa-Davis.png?quality=82","keywords":["Copa Davis","Deporte Internacional","ITF","Tenis"],"inLanguage":"es-GT","potentialAction":[{"@type":"CommentAction","name":"Comment","target":["https:\/\/prensalibre-com-develop.go-vip.co\/guatevision\/historico\/copa-davis-4#respond"]}]},{"@type":"WebPage","@id":"https:\/\/prensalibre-com-develop.go-vip.co\/guatevision\/historico\/copa-davis-4","url":"https:\/\/prensalibre-com-develop.go-vip.co\/guatevision\/historico\/copa-davis-4","name":"Copa Davis se transforma en un 'Mundial' con el apoyo de Gerard Piqu\u00e9","isPartOf":{"@id":"https:\/\/prensalibre-com-develop.go-vip.co\/guatevision\/#website"},"primaryImageOfPage":{"@id":"https:\/\/prensalibre-com-develop.go-vip.co\/guatevision\/historico\/copa-davis-4#primaryimage"},"image":{"@id":"https:\/\/prensalibre-com-develop.go-vip.co\/guatevision\/historico\/copa-davis-4#primaryimage"},"thumbnailUrl":"https:\/\/prensalibre-com-develop.go-vip.co\/guatevision\/wp-content\/uploads\/sites\/2\/2017\/11\/Francia-Copa-Davis.png?quality=82","datePublished":"2018-02-26T23:10:48+00:00","dateModified":"2018-02-26T20:32:56+00:00","description":"La Federaci\u00f3n Internacional de Tenis (ITF) anunci\u00f3 este lunes una refundaci\u00f3n de la Copa Davis, que a partir del pr\u00f3ximo a\u00f1o disputar\u00e1n 18 pa\u00edses","inLanguage":"es-GT","potentialAction":[{"@type":"ReadAction","target":["https:\/\/prensalibre-com-develop.go-vip.co\/guatevision\/historico\/copa-davis-4"]}]},{"@type":"ImageObject","inLanguage":"es-GT","@id":"https:\/\/prensalibre-com-develop.go-vip.co\/guatevision\/historico\/copa-davis-4#primaryimage","url":"https:\/\/prensalibre-com-develop.go-vip.co\/guatevision\/wp-content\/uploads\/sites\/2\/2017\/11\/Francia-Copa-Davis.png?quality=82","contentUrl":"https:\/\/prensalibre-com-develop.go-vip.co\/guatevision\/wp-content\/uploads\/sites\/2\/2017\/11\/Francia-Copa-Davis.png?quality=82","width":660,"height":371,"caption":"France's team hold the trophy after winning the Davis Cup World Group final tennis match between France and Belgium at The Pierre Mauroy Stadium in Villeneuve d'Ascq near Lille on November 26, 2017. Denis Charlet \/ AFP"},{"@type":"WebSite","@id":"https:\/\/prensalibre-com-develop.go-vip.co\/guatevision\/#website","url":"https:\/\/prensalibre-com-develop.go-vip.co\/guatevision\/","name":"Guatevision","description":"\u00a1Enciende Lo Bueno!","publisher":{"@id":"https:\/\/prensalibre-com-develop.go-vip.co\/guatevision\/#organization"},"potentialAction":[{"@type":"SearchAction","target":{"@type":"EntryPoint","urlTemplate":"https:\/\/prensalibre-com-develop.go-vip.co\/guatevision\/?s={search_term_string}"},"query-input":{"@type":"PropertyValueSpecification","valueRequired":true,"valueName":"search_term_string"}}],"inLanguage":"es-GT"},{"@type":"Organization","@id":"https:\/\/prensalibre-com-develop.go-vip.co\/guatevision\/#organization","name":"Guatevision","url":"https:\/\/prensalibre-com-develop.go-vip.co\/guatevision\/","logo":{"@type":"ImageObject","inLanguage":"es-GT","@id":"https:\/\/prensalibre-com-develop.go-vip.co\/guatevision\/#\/schema\/logo\/image\/","url":"https:\/\/prensalibre-com-develop.go-vip.co\/guatevision\/wp-content\/uploads\/sites\/2\/2026\/04\/Diseno-sin-titulo.png?quality=82","contentUrl":"https:\/\/prensalibre-com-develop.go-vip.co\/guatevision\/wp-content\/uploads\/sites\/2\/2026\/04\/Diseno-sin-titulo.png?quality=82","width":1000,"height":600,"caption":"Guatevision"},"image":{"@id":"https:\/\/prensalibre-com-develop.go-vip.co\/guatevision\/#\/schema\/logo\/image\/"}},{"@type":"Person","@id":"https:\/\/prensalibre-com-develop.go-vip.co\/guatevision\/#\/schema\/person\/5b34ef10da9eb6f366b1c186913efddd","name":"Manuel Hern\u00e1ndez May\u00e9n","image":{"@type":"ImageObject","inLanguage":"es-GT","@id":"https:\/\/prensalibre-com-develop.go-vip.co\/guatevision\/#\/schema\/person\/image\/433265d8a81413206f8dd780c513ffd7","url":"https:\/\/secure.gravatar.com\/avatar\/d6d67d029230e2c79470aabd3184418289f224c20a44e2beaa5864a18da50d01?s=96&d=mm&r=g","contentUrl":"https:\/\/secure.gravatar.com\/avatar\/d6d67d029230e2c79470aabd3184418289f224c20a44e2beaa5864a18da50d01?s=96&d=mm&r=g","caption":"Manuel Hern\u00e1ndez May\u00e9n"},"url":"https:\/\/prensalibre-com-develop.go-vip.co\/guatevision\/author\/mdhernandez"}]}},"jetpack_featured_media_url":"https:\/\/prensalibre-com-develop.go-vip.co\/guatevision\/wp-content\/uploads\/sites\/2\/2017\/11\/Francia-Copa-Davis.png?quality=82","jetpack_sharing_enabled":true,"_links":{"self":[{"href":"https:\/\/prensalibre-com-develop.go-vip.co\/guatevision\/wp-json\/wp\/v2\/posts\/153639","targetHints":{"allow":["GET"]}}],"collection":[{"href":"https:\/\/prensalibre-com-develop.go-vip.co\/guatevision\/wp-json\/wp\/v2\/posts"}],"about":[{"href":"https:\/\/prensalibre-com-develop.go-vip.co\/guatevision\/wp-json\/wp\/v2\/types\/post"}],"author":[{"embeddable":true,"href":"https:\/\/prensalibre-com-develop.go-vip.co\/guatevision\/wp-json\/wp\/v2\/users\/71"}],"replies":[{"embeddable":true,"href":"https:\/\/prensalibre-com-develop.go-vip.co\/guatevision\/wp-json\/wp\/v2\/comments?post=153639"}],"version-history":[{"count":0,"href":"https:\/\/prensalibre-com-develop.go-vip.co\/guatevision\/wp-json\/wp\/v2\/posts\/153639\/revisions"}],"wp:featuredmedia":[{"embeddable":true,"href":"https:\/\/prensalibre-com-develop.go-vip.co\/guatevision\/wp-json\/wp\/v2\/media\/134227"}],"wp:attachment":[{"href":"https:\/\/prensalibre-com-develop.go-vip.co\/guatevision\/wp-json\/wp\/v2\/media?parent=153639"}],"wp:term":[{"taxonomy":"category","embeddable":true,"href":"https:\/\/prensalibre-com-develop.go-vip.co\/guatevision\/wp-json\/wp\/v2\/categories?post=153639"},{"taxonomy":"etiqueta","embeddable":true,"href":"https:\/\/prensalibre-com-develop.go-vip.co\/guatevision\/wp-json\/wp\/v2\/etiqueta?post=153639"}],"curies":[{"name":"wp","href":"https:\/\/api.w.org\/{rel}","templated":true}]}}