{"id":153641,"date":"2018-02-26T18:20:09","date_gmt":"2018-02-27T00:20:09","guid":{"rendered":"https:\/\/prensalibre-com-develop.go-vip.co\/guatevision\/?p=153641"},"modified":"2018-02-26T15:18:24","modified_gmt":"2018-02-26T21:18:24","slug":"ricciardo","status":"publish","type":"post","link":"https:\/\/prensalibre-com-develop.go-vip.co\/guatevision\/historico\/ricciardo","title":{"rendered":"Ricciardo es el m\u00e1s r\u00e1pido en pretemporada de F1"},"content":{"rendered":"<p>El australiano Daniel Ricciardo (Red Bull) firm\u00f3 el mejor tiempo en el primer entrenamiento de pretemporada de la F\u00f3rmula 1, este lunes en el circuito de Montmel\u00f3, cerca de Barcelona.<\/p>\n\n<p>\u00danico piloto que dio m\u00e1s de 100 vueltas a \u00a0la pista catalana, Ricciardo aventaj\u00f3 a los finlandeses Valtteri Bottas (Mercedes), a 170 mil\u00e9simas, y Kimi R\u00e4ikk\u00f6nen (Ferrari), a 327.<\/p>\n<p>El cuarto puesto fue para el alem\u00e1n Nico Hulkenberg (Renault), a 368 mil\u00e9simas. De esta manera, Renault fue el \u00fanico equipo que aguant\u00f3 el ritmo de los tres equipos &#8216;top&#8217; (Mercedes, Ferrari y Red Bull).<\/p>\n<p>Estos cuatro tiempos se consiguieron en la jornada matinal, antes de que las condiciones meteorol\u00f3gicas se degradasen por la tarde, con la lluvia como invitada inesperada.<\/p>\n<p>El espa\u00f1ol Fernando Alonso (McLaren) vivi\u00f3 un arranque complicado. Menos de una hora despu\u00e9s del comienzo de la sesi\u00f3n, el espa\u00f1ol perdi\u00f3 su rueda trasera derecha y termin\u00f3 fuera de pista.<\/p>\n<p>McLaren, ahora equipado por Renault, indic\u00f3 que se trat\u00f3 de un problema de ajuste de la rueda, sin ofrecer m\u00e1s precisiones.<\/p>\n<p>El doble campe\u00f3n del mundo firm\u00f3 inicialmente el quinto mejor crono de la jornada, aunque posteriormente vio como su tiempo era anulado por haberse saltado una chicane, por lo que finalmente ocup\u00f3 el s\u00e9ptimo puesto.<\/p>\n<p>El vigente campe\u00f3n mundial, Lewis Hamilton (Mercedes), no particip\u00f3 en la sesi\u00f3n matinal y por la tarde complet\u00f3 25 vueltas al trazado barcelon\u00e9s, aunque no pudo realizar m\u00e1s que el sexto mejor tiempo, teniendo en cuenta la sanci\u00f3n a Alonso.<\/p>\n<p>&nbsp;<\/p>\n<h3>&#8211; Resultados de la primera jornada de entrenamientos de F\u00f3rmula 1:<\/h3>\n<p>Daniel Ricciardo (AUS\/Red Bull-Renault) 1:20.179 (102 vueltas)<\/p>\n<p>Valtteri Bottas (FIN\/Mercedes) 1:20.349 (58)<\/p>\n<p>Kimi R\u00e4ikk\u00f6nen (FIN\/Ferrari) 1:20.506 (80)<\/p>\n<p>Nico H\u00fclkenberg (GER\/Renault) 1:20.547 (73)<\/p>\n<p>Carlos Sainz Jr (ESP\/Renault) 1:22.168 (26)<\/p>\n<p>Lewis Hamilton (GBR\/Mercedes) 1:22.327 (25)<\/p>\n<p>Fernando Alonso (ESP\/McLaren-Renault) 1:22.354 (51)<\/p>\n<p>Brendon Hartley (NZL\/Toro Rosso-Honda) 1:22.371 (93)<\/p>\n<p>Lance Stroll (CAN\/Williams-Mercedes) 1:22.452 (46)<\/p>\n<p>Romain Grosjean (FRA\/Haas-Ferrari) 1:22.578 (55)<\/p>\n<p>Marcus Ericsson (SWE\/Sauber-Ferrari) 1:23.408 (63)<\/p>\n<p>Nikita Mazepin (RUS\/Force India-Mercedes) 1:25.628 (22)<\/p>\n<p>Sergey Sirotkin (RUS\/Williams-Mercedes) 1:44.148 (27)<\/p>\n<p>&nbsp;<\/p>\n<p>\u00a9 Agence France-Presse<\/p>\n","protected":false},"excerpt":{"rendered":"<p>El vigente campe\u00f3n mundial, Lewis Hamilton (Mercedes), no particip\u00f3 en la sesi\u00f3n matinal y por la tarde complet\u00f3 25 vueltas al trazado barcelon\u00e9s, aunque no pudo realizar m\u00e1s que el sexto mejor tiempo, teniendo en cuenta la sanci\u00f3n a Alonso.<\/p>\n","protected":false},"author":71,"featured_media":153643,"comment_status":"open","ping_status":"closed","sticky":false,"template":"","format":"standard","meta":{"_jetpack_memberships_contains_paid_content":false,"footnotes":""},"categories":[],"etiqueta":[],"class_list":["post-153641","post","type-post","status-publish","format-standard","has-post-thumbnail","hentry"],"yoast_head":"<!-- This site is optimized with the Yoast SEO plugin v23.9 - https:\/\/yoast.com\/wordpress\/plugins\/seo\/ -->\n<title>Ricciardo es el m\u00e1s r\u00e1pido en primera jornada de pretemporada de F1<\/title>\n<meta name=\"description\" content=\"El australiano Daniel Ricciardo (Red Bull) firm\u00f3 el mejor tiempo en el primer entrenamiento de pretemporada de la F1, este lunes en el circuito de Montmel\u00f3\" \/>\n<meta name=\"robots\" content=\"index, follow, max-snippet:-1, max-image-preview:large, max-video-preview:-1\" \/>\n<link rel=\"canonical\" href=\"https:\/\/prensalibre-com-develop.go-vip.co\/guatevision\/historico\/ricciardo\" \/>\n<meta property=\"og:locale\" content=\"es_ES\" \/>\n<meta property=\"og:type\" content=\"article\" \/>\n<meta property=\"og:title\" content=\"Ricciardo es el m\u00e1s r\u00e1pido en primera jornada de pretemporada de F1\" \/>\n<meta property=\"og:description\" content=\"El australiano Daniel Ricciardo (Red Bull) firm\u00f3 el mejor tiempo en el primer entrenamiento de pretemporada de la F1, este lunes en el circuito de Montmel\u00f3\" \/>\n<meta property=\"og:url\" content=\"https:\/\/prensalibre-com-develop.go-vip.co\/guatevision\/historico\/ricciardo\" \/>\n<meta property=\"og:site_name\" content=\"Guatevision\" \/>\n<meta property=\"article:published_time\" content=\"2018-02-27T00:20:09+00:00\" \/>\n<meta property=\"article:modified_time\" content=\"2018-02-26T21:18:24+00:00\" \/>\n<meta property=\"og:image\" content=\"https:\/\/prensalibre-com-develop.go-vip.co\/guatevision\/wp-content\/uploads\/sites\/2\/2018\/02\/Daniel-Ricciardo.png?quality=82\" \/>\n\t<meta property=\"og:image:width\" content=\"660\" \/>\n\t<meta property=\"og:image:height\" content=\"371\" \/>\n\t<meta property=\"og:image:type\" content=\"image\/png\" \/>\n<meta name=\"author\" content=\"Manuel Hern\u00e1ndez May\u00e9n\" \/>\n<meta name=\"twitter:card\" content=\"summary_large_image\" \/>\n<meta name=\"twitter:label1\" content=\"Written by\" \/>\n\t<meta name=\"twitter:data1\" content=\"Manuel Hern\u00e1ndez May\u00e9n\" \/>\n\t<meta name=\"twitter:label2\" content=\"Est. reading time\" \/>\n\t<meta name=\"twitter:data2\" content=\"2 minutes\" \/>\n<script type=\"application\/ld+json\" class=\"yoast-schema-graph\">{\"@context\":\"https:\/\/schema.org\",\"@graph\":[{\"@type\":\"Article\",\"@id\":\"https:\/\/prensalibre-com-develop.go-vip.co\/guatevision\/historico\/ricciardo#article\",\"isPartOf\":{\"@id\":\"https:\/\/prensalibre-com-develop.go-vip.co\/guatevision\/historico\/ricciardo\"},\"author\":{\"name\":\"Manuel Hern\u00e1ndez May\u00e9n\",\"@id\":\"https:\/\/prensalibre-com-develop.go-vip.co\/guatevision\/#\/schema\/person\/5b34ef10da9eb6f366b1c186913efddd\"},\"headline\":\"Ricciardo es el m\u00e1s r\u00e1pido en pretemporada de F1\",\"datePublished\":\"2018-02-27T00:20:09+00:00\",\"dateModified\":\"2018-02-26T21:18:24+00:00\",\"mainEntityOfPage\":{\"@id\":\"https:\/\/prensalibre-com-develop.go-vip.co\/guatevision\/historico\/ricciardo\"},\"wordCount\":347,\"commentCount\":0,\"publisher\":{\"@id\":\"https:\/\/prensalibre-com-develop.go-vip.co\/guatevision\/#organization\"},\"image\":{\"@id\":\"https:\/\/prensalibre-com-develop.go-vip.co\/guatevision\/historico\/ricciardo#primaryimage\"},\"thumbnailUrl\":\"https:\/\/prensalibre-com-develop.go-vip.co\/guatevision\/wp-content\/uploads\/sites\/2\/2018\/02\/Daniel-Ricciardo.png?quality=82\",\"keywords\":[\"Barcelona\",\"Daniel Ricciardo\",\"Ferrari\",\"F\u00f3rmula 1\",\"Kimi R\u00e4ikk\u00f6nen\",\"Mercedes\",\"Montmel\u00f3\",\"Red Bull\",\"Valtteri Bottas\"],\"inLanguage\":\"es-GT\",\"potentialAction\":[{\"@type\":\"CommentAction\",\"name\":\"Comment\",\"target\":[\"https:\/\/prensalibre-com-develop.go-vip.co\/guatevision\/historico\/ricciardo#respond\"]}]},{\"@type\":\"WebPage\",\"@id\":\"https:\/\/prensalibre-com-develop.go-vip.co\/guatevision\/historico\/ricciardo\",\"url\":\"https:\/\/prensalibre-com-develop.go-vip.co\/guatevision\/historico\/ricciardo\",\"name\":\"Ricciardo es el m\u00e1s r\u00e1pido en primera jornada de pretemporada de F1\",\"isPartOf\":{\"@id\":\"https:\/\/prensalibre-com-develop.go-vip.co\/guatevision\/#website\"},\"primaryImageOfPage\":{\"@id\":\"https:\/\/prensalibre-com-develop.go-vip.co\/guatevision\/historico\/ricciardo#primaryimage\"},\"image\":{\"@id\":\"https:\/\/prensalibre-com-develop.go-vip.co\/guatevision\/historico\/ricciardo#primaryimage\"},\"thumbnailUrl\":\"https:\/\/prensalibre-com-develop.go-vip.co\/guatevision\/wp-content\/uploads\/sites\/2\/2018\/02\/Daniel-Ricciardo.png?quality=82\",\"datePublished\":\"2018-02-27T00:20:09+00:00\",\"dateModified\":\"2018-02-26T21:18:24+00:00\",\"description\":\"El australiano Daniel Ricciardo (Red Bull) firm\u00f3 el mejor tiempo en el primer entrenamiento de pretemporada de la F1, este lunes en el circuito de Montmel\u00f3\",\"inLanguage\":\"es-GT\",\"potentialAction\":[{\"@type\":\"ReadAction\",\"target\":[\"https:\/\/prensalibre-com-develop.go-vip.co\/guatevision\/historico\/ricciardo\"]}]},{\"@type\":\"ImageObject\",\"inLanguage\":\"es-GT\",\"@id\":\"https:\/\/prensalibre-com-develop.go-vip.co\/guatevision\/historico\/ricciardo#primaryimage\",\"url\":\"https:\/\/prensalibre-com-develop.go-vip.co\/guatevision\/wp-content\/uploads\/sites\/2\/2018\/02\/Daniel-Ricciardo.png?quality=82\",\"contentUrl\":\"https:\/\/prensalibre-com-develop.go-vip.co\/guatevision\/wp-content\/uploads\/sites\/2\/2018\/02\/Daniel-Ricciardo.png?quality=82\",\"width\":660,\"height\":371,\"caption\":\"Red Bull Racing's Australian driver Daniel Ricciardo drives at the Circuit de Catalunya on February 26, 2018 in Montmelo on the outskirts of Barcelona during the first day of the first week of tests for the Formula One Grand Prix season. JOSE JORDAN \/ AFP\"},{\"@type\":\"WebSite\",\"@id\":\"https:\/\/prensalibre-com-develop.go-vip.co\/guatevision\/#website\",\"url\":\"https:\/\/prensalibre-com-develop.go-vip.co\/guatevision\/\",\"name\":\"Guatevision\",\"description\":\"\u00a1Enciende Lo Bueno!\",\"publisher\":{\"@id\":\"https:\/\/prensalibre-com-develop.go-vip.co\/guatevision\/#organization\"},\"potentialAction\":[{\"@type\":\"SearchAction\",\"target\":{\"@type\":\"EntryPoint\",\"urlTemplate\":\"https:\/\/prensalibre-com-develop.go-vip.co\/guatevision\/?s={search_term_string}\"},\"query-input\":{\"@type\":\"PropertyValueSpecification\",\"valueRequired\":true,\"valueName\":\"search_term_string\"}}],\"inLanguage\":\"es-GT\"},{\"@type\":\"Organization\",\"@id\":\"https:\/\/prensalibre-com-develop.go-vip.co\/guatevision\/#organization\",\"name\":\"Guatevision\",\"url\":\"https:\/\/prensalibre-com-develop.go-vip.co\/guatevision\/\",\"logo\":{\"@type\":\"ImageObject\",\"inLanguage\":\"es-GT\",\"@id\":\"https:\/\/prensalibre-com-develop.go-vip.co\/guatevision\/#\/schema\/logo\/image\/\",\"url\":\"https:\/\/prensalibre-com-develop.go-vip.co\/guatevision\/wp-content\/uploads\/sites\/2\/2026\/04\/Diseno-sin-titulo.png?quality=82\",\"contentUrl\":\"https:\/\/prensalibre-com-develop.go-vip.co\/guatevision\/wp-content\/uploads\/sites\/2\/2026\/04\/Diseno-sin-titulo.png?quality=82\",\"width\":1000,\"height\":600,\"caption\":\"Guatevision\"},\"image\":{\"@id\":\"https:\/\/prensalibre-com-develop.go-vip.co\/guatevision\/#\/schema\/logo\/image\/\"}},{\"@type\":\"Person\",\"@id\":\"https:\/\/prensalibre-com-develop.go-vip.co\/guatevision\/#\/schema\/person\/5b34ef10da9eb6f366b1c186913efddd\",\"name\":\"Manuel Hern\u00e1ndez May\u00e9n\",\"image\":{\"@type\":\"ImageObject\",\"inLanguage\":\"es-GT\",\"@id\":\"https:\/\/prensalibre-com-develop.go-vip.co\/guatevision\/#\/schema\/person\/image\/433265d8a81413206f8dd780c513ffd7\",\"url\":\"https:\/\/secure.gravatar.com\/avatar\/d6d67d029230e2c79470aabd3184418289f224c20a44e2beaa5864a18da50d01?s=96&d=mm&r=g\",\"contentUrl\":\"https:\/\/secure.gravatar.com\/avatar\/d6d67d029230e2c79470aabd3184418289f224c20a44e2beaa5864a18da50d01?s=96&d=mm&r=g\",\"caption\":\"Manuel Hern\u00e1ndez May\u00e9n\"},\"url\":\"https:\/\/prensalibre-com-develop.go-vip.co\/guatevision\/author\/mdhernandez\"}]}<\/script>\n<!-- \/ Yoast SEO plugin. -->","yoast_head_json":{"title":"Ricciardo es el m\u00e1s r\u00e1pido en primera jornada de pretemporada de F1","description":"El australiano Daniel Ricciardo (Red Bull) firm\u00f3 el mejor tiempo en el primer entrenamiento de pretemporada de la F1, este lunes en el circuito de Montmel\u00f3","robots":{"index":"index","follow":"follow","max-snippet":"max-snippet:-1","max-image-preview":"max-image-preview:large","max-video-preview":"max-video-preview:-1"},"canonical":"https:\/\/prensalibre-com-develop.go-vip.co\/guatevision\/historico\/ricciardo","og_locale":"es_ES","og_type":"article","og_title":"Ricciardo es el m\u00e1s r\u00e1pido en primera jornada de pretemporada de F1","og_description":"El australiano Daniel Ricciardo (Red Bull) firm\u00f3 el mejor tiempo en el primer entrenamiento de pretemporada de la F1, este lunes en el circuito de Montmel\u00f3","og_url":"https:\/\/prensalibre-com-develop.go-vip.co\/guatevision\/historico\/ricciardo","og_site_name":"Guatevision","article_published_time":"2018-02-27T00:20:09+00:00","article_modified_time":"2018-02-26T21:18:24+00:00","og_image":[{"width":660,"height":371,"url":"https:\/\/prensalibre-com-develop.go-vip.co\/guatevision\/wp-content\/uploads\/sites\/2\/2018\/02\/Daniel-Ricciardo.png?quality=82","type":"image\/png"}],"author":"Manuel Hern\u00e1ndez May\u00e9n","twitter_card":"summary_large_image","twitter_misc":{"Written by":"Manuel Hern\u00e1ndez May\u00e9n","Est. reading time":"2 minutes"},"schema":{"@context":"https:\/\/schema.org","@graph":[{"@type":"Article","@id":"https:\/\/prensalibre-com-develop.go-vip.co\/guatevision\/historico\/ricciardo#article","isPartOf":{"@id":"https:\/\/prensalibre-com-develop.go-vip.co\/guatevision\/historico\/ricciardo"},"author":{"name":"Manuel Hern\u00e1ndez May\u00e9n","@id":"https:\/\/prensalibre-com-develop.go-vip.co\/guatevision\/#\/schema\/person\/5b34ef10da9eb6f366b1c186913efddd"},"headline":"Ricciardo es el m\u00e1s r\u00e1pido en pretemporada de F1","datePublished":"2018-02-27T00:20:09+00:00","dateModified":"2018-02-26T21:18:24+00:00","mainEntityOfPage":{"@id":"https:\/\/prensalibre-com-develop.go-vip.co\/guatevision\/historico\/ricciardo"},"wordCount":347,"commentCount":0,"publisher":{"@id":"https:\/\/prensalibre-com-develop.go-vip.co\/guatevision\/#organization"},"image":{"@id":"https:\/\/prensalibre-com-develop.go-vip.co\/guatevision\/historico\/ricciardo#primaryimage"},"thumbnailUrl":"https:\/\/prensalibre-com-develop.go-vip.co\/guatevision\/wp-content\/uploads\/sites\/2\/2018\/02\/Daniel-Ricciardo.png?quality=82","keywords":["Barcelona","Daniel Ricciardo","Ferrari","F\u00f3rmula 1","Kimi R\u00e4ikk\u00f6nen","Mercedes","Montmel\u00f3","Red Bull","Valtteri Bottas"],"inLanguage":"es-GT","potentialAction":[{"@type":"CommentAction","name":"Comment","target":["https:\/\/prensalibre-com-develop.go-vip.co\/guatevision\/historico\/ricciardo#respond"]}]},{"@type":"WebPage","@id":"https:\/\/prensalibre-com-develop.go-vip.co\/guatevision\/historico\/ricciardo","url":"https:\/\/prensalibre-com-develop.go-vip.co\/guatevision\/historico\/ricciardo","name":"Ricciardo es el m\u00e1s r\u00e1pido en primera jornada de pretemporada de F1","isPartOf":{"@id":"https:\/\/prensalibre-com-develop.go-vip.co\/guatevision\/#website"},"primaryImageOfPage":{"@id":"https:\/\/prensalibre-com-develop.go-vip.co\/guatevision\/historico\/ricciardo#primaryimage"},"image":{"@id":"https:\/\/prensalibre-com-develop.go-vip.co\/guatevision\/historico\/ricciardo#primaryimage"},"thumbnailUrl":"https:\/\/prensalibre-com-develop.go-vip.co\/guatevision\/wp-content\/uploads\/sites\/2\/2018\/02\/Daniel-Ricciardo.png?quality=82","datePublished":"2018-02-27T00:20:09+00:00","dateModified":"2018-02-26T21:18:24+00:00","description":"El australiano Daniel Ricciardo (Red Bull) firm\u00f3 el mejor tiempo en el primer entrenamiento de pretemporada de la F1, este lunes en el circuito de Montmel\u00f3","inLanguage":"es-GT","potentialAction":[{"@type":"ReadAction","target":["https:\/\/prensalibre-com-develop.go-vip.co\/guatevision\/historico\/ricciardo"]}]},{"@type":"ImageObject","inLanguage":"es-GT","@id":"https:\/\/prensalibre-com-develop.go-vip.co\/guatevision\/historico\/ricciardo#primaryimage","url":"https:\/\/prensalibre-com-develop.go-vip.co\/guatevision\/wp-content\/uploads\/sites\/2\/2018\/02\/Daniel-Ricciardo.png?quality=82","contentUrl":"https:\/\/prensalibre-com-develop.go-vip.co\/guatevision\/wp-content\/uploads\/sites\/2\/2018\/02\/Daniel-Ricciardo.png?quality=82","width":660,"height":371,"caption":"Red Bull Racing's Australian driver Daniel Ricciardo drives at the Circuit de Catalunya on February 26, 2018 in Montmelo on the outskirts of Barcelona during the first day of the first week of tests for the Formula One Grand Prix season. JOSE JORDAN \/ AFP"},{"@type":"WebSite","@id":"https:\/\/prensalibre-com-develop.go-vip.co\/guatevision\/#website","url":"https:\/\/prensalibre-com-develop.go-vip.co\/guatevision\/","name":"Guatevision","description":"\u00a1Enciende Lo Bueno!","publisher":{"@id":"https:\/\/prensalibre-com-develop.go-vip.co\/guatevision\/#organization"},"potentialAction":[{"@type":"SearchAction","target":{"@type":"EntryPoint","urlTemplate":"https:\/\/prensalibre-com-develop.go-vip.co\/guatevision\/?s={search_term_string}"},"query-input":{"@type":"PropertyValueSpecification","valueRequired":true,"valueName":"search_term_string"}}],"inLanguage":"es-GT"},{"@type":"Organization","@id":"https:\/\/prensalibre-com-develop.go-vip.co\/guatevision\/#organization","name":"Guatevision","url":"https:\/\/prensalibre-com-develop.go-vip.co\/guatevision\/","logo":{"@type":"ImageObject","inLanguage":"es-GT","@id":"https:\/\/prensalibre-com-develop.go-vip.co\/guatevision\/#\/schema\/logo\/image\/","url":"https:\/\/prensalibre-com-develop.go-vip.co\/guatevision\/wp-content\/uploads\/sites\/2\/2026\/04\/Diseno-sin-titulo.png?quality=82","contentUrl":"https:\/\/prensalibre-com-develop.go-vip.co\/guatevision\/wp-content\/uploads\/sites\/2\/2026\/04\/Diseno-sin-titulo.png?quality=82","width":1000,"height":600,"caption":"Guatevision"},"image":{"@id":"https:\/\/prensalibre-com-develop.go-vip.co\/guatevision\/#\/schema\/logo\/image\/"}},{"@type":"Person","@id":"https:\/\/prensalibre-com-develop.go-vip.co\/guatevision\/#\/schema\/person\/5b34ef10da9eb6f366b1c186913efddd","name":"Manuel Hern\u00e1ndez May\u00e9n","image":{"@type":"ImageObject","inLanguage":"es-GT","@id":"https:\/\/prensalibre-com-develop.go-vip.co\/guatevision\/#\/schema\/person\/image\/433265d8a81413206f8dd780c513ffd7","url":"https:\/\/secure.gravatar.com\/avatar\/d6d67d029230e2c79470aabd3184418289f224c20a44e2beaa5864a18da50d01?s=96&d=mm&r=g","contentUrl":"https:\/\/secure.gravatar.com\/avatar\/d6d67d029230e2c79470aabd3184418289f224c20a44e2beaa5864a18da50d01?s=96&d=mm&r=g","caption":"Manuel Hern\u00e1ndez May\u00e9n"},"url":"https:\/\/prensalibre-com-develop.go-vip.co\/guatevision\/author\/mdhernandez"}]}},"jetpack_featured_media_url":"https:\/\/prensalibre-com-develop.go-vip.co\/guatevision\/wp-content\/uploads\/sites\/2\/2018\/02\/Daniel-Ricciardo.png?quality=82","jetpack_sharing_enabled":true,"_links":{"self":[{"href":"https:\/\/prensalibre-com-develop.go-vip.co\/guatevision\/wp-json\/wp\/v2\/posts\/153641","targetHints":{"allow":["GET"]}}],"collection":[{"href":"https:\/\/prensalibre-com-develop.go-vip.co\/guatevision\/wp-json\/wp\/v2\/posts"}],"about":[{"href":"https:\/\/prensalibre-com-develop.go-vip.co\/guatevision\/wp-json\/wp\/v2\/types\/post"}],"author":[{"embeddable":true,"href":"https:\/\/prensalibre-com-develop.go-vip.co\/guatevision\/wp-json\/wp\/v2\/users\/71"}],"replies":[{"embeddable":true,"href":"https:\/\/prensalibre-com-develop.go-vip.co\/guatevision\/wp-json\/wp\/v2\/comments?post=153641"}],"version-history":[{"count":0,"href":"https:\/\/prensalibre-com-develop.go-vip.co\/guatevision\/wp-json\/wp\/v2\/posts\/153641\/revisions"}],"wp:featuredmedia":[{"embeddable":true,"href":"https:\/\/prensalibre-com-develop.go-vip.co\/guatevision\/wp-json\/wp\/v2\/media\/153643"}],"wp:attachment":[{"href":"https:\/\/prensalibre-com-develop.go-vip.co\/guatevision\/wp-json\/wp\/v2\/media?parent=153641"}],"wp:term":[{"taxonomy":"category","embeddable":true,"href":"https:\/\/prensalibre-com-develop.go-vip.co\/guatevision\/wp-json\/wp\/v2\/categories?post=153641"},{"taxonomy":"etiqueta","embeddable":true,"href":"https:\/\/prensalibre-com-develop.go-vip.co\/guatevision\/wp-json\/wp\/v2\/etiqueta?post=153641"}],"curies":[{"name":"wp","href":"https:\/\/api.w.org\/{rel}","templated":true}]}}