{"id":153774,"date":"2018-02-27T09:05:30","date_gmt":"2018-02-27T15:05:30","guid":{"rendered":"https:\/\/prensalibre-com-develop.go-vip.co\/guatevision\/?p=153774"},"modified":"2018-02-27T09:05:49","modified_gmt":"2018-02-27T15:05:49","slug":"comunicaciones-19","status":"publish","type":"post","link":"https:\/\/prensalibre-com-develop.go-vip.co\/guatevision\/historico\/comunicaciones-19","title":{"rendered":"Comunicaciones se queda sin entrenador."},"content":{"rendered":"<p>El costarricense Ronald Gonz\u00e1lez ya no seguir\u00e1 siendo entrenador de Comunicaciones.<\/p>\n\n<p>Este lunes solo lleg\u00f3 a despedirse de jugadores y en las pr\u00f3ximas horas se oficializar\u00e1 su salida.<\/p>\n<p>Lamentablemente la derrota de 3-0 sufrida <a href=\"https:\/\/prensalibre-com-develop.go-vip.co\/guatevision\/2018\/02\/26\/malacateco-10\/\">el domingo en Malacat\u00e1n<\/a>, fue el detonante de la crisis blanca.<\/p>\n<p>&nbsp;<\/p>\n<p><strong>Hermetismo<\/strong>.<\/p>\n<p>El departamento de prensa del club blanco, anunci\u00f3 que este martes los medios no tendr\u00edan acceso al entrenamiento.<\/p>\n<p>Gonz\u00e1lez junto a Pedro Portilla se presentaron y conversaron brevemente con\u00a0 los jugadores.<\/p>\n<p>Minutos despu\u00e9s, abandon\u00f3 la pr\u00e1ctica y la misma fue dirigida por Leopoldo Posadas junto a Pablo Valente.<\/p>\n<p>&nbsp;<\/p>\n<h3>Sus n\u00fameros, al frente de Comunicaciones<\/h3>\n<p>Gonz\u00e1lez dirigi\u00f3 por segunda ocasi\u00f3n a los cremas, a partir de 1 de marzo del 2017<\/p>\n<p>Durante este tiempo, estuvo al frente en 47 partidos, gan\u00f3 17, empat\u00f3 11 y perdi\u00f3 19<\/p>\n<p>&nbsp;<\/p>\n<p><strong>\u00bfQui\u00e9n ser\u00e1 el nuevo entrenador?<\/strong><\/p>\n<p>Aun se desconoce quien ser\u00e1 el nuevo director t\u00e9cnico.<\/p>\n<p>Debido a las pol\u00edticas internas del club, uno de sus entrenadores del staff podr\u00eda asumir las riendas interinamente.<\/p>\n<p>Iv\u00e1n Franco Sopegno, Willy Coito son los m\u00e1s fuertes candidatos.<\/p>\n<p>En el caso de Rigoberto G\u00f3mez era parte del cuerpo t\u00e9cnico de Gonz\u00e1lez y todo apunta que no seguir\u00e1.<\/p>\n<p>&nbsp;<\/p>\n<h3>Por la tarde.<\/h3>\n<p>El Club por medio de su oficina de prensa, confirm\u00f3 que por la tarde ofrecer\u00e1 una conferencia a la prensa<\/p>\n<p>Aun est\u00e1 pendiente de confirmar el lugar y la hora.<\/p>\n<p>&nbsp;<\/p>\n","protected":false},"excerpt":{"rendered":"<p>El Club por medio de su oficina de prensa, confirm\u00f3 que por la tarde ofrecer\u00e1 una conferencia a la prensa<\/p>\n","protected":false},"author":71,"featured_media":134929,"comment_status":"open","ping_status":"closed","sticky":false,"template":"","format":"standard","meta":{"_jetpack_memberships_contains_paid_content":false,"footnotes":""},"categories":[],"etiqueta":[],"class_list":["post-153774","post","type-post","status-publish","format-standard","has-post-thumbnail","hentry"],"yoast_head":"<!-- This site is optimized with the Yoast SEO plugin v23.9 - https:\/\/yoast.com\/wordpress\/plugins\/seo\/ -->\n<title>Comunicaciones se queda sin director t\u00e9cnico para el clausura.<\/title>\n<meta name=\"description\" content=\"El costarricense Ronald Gonz\u00e1lez ya no seguir\u00e1 siendo entrenador de Comunicaciones. Este lunes solo lleg\u00f3 a despedirse de jugadores\" \/>\n<meta name=\"robots\" content=\"index, follow, max-snippet:-1, max-image-preview:large, max-video-preview:-1\" \/>\n<link rel=\"canonical\" href=\"https:\/\/prensalibre-com-develop.go-vip.co\/guatevision\/historico\/comunicaciones-19\" \/>\n<meta property=\"og:locale\" content=\"es_ES\" \/>\n<meta property=\"og:type\" content=\"article\" \/>\n<meta property=\"og:title\" content=\"Comunicaciones se queda sin director t\u00e9cnico para el clausura.\" \/>\n<meta property=\"og:description\" content=\"El costarricense Ronald Gonz\u00e1lez ya no seguir\u00e1 siendo entrenador de Comunicaciones. Este lunes solo lleg\u00f3 a despedirse de jugadores\" \/>\n<meta property=\"og:url\" content=\"https:\/\/prensalibre-com-develop.go-vip.co\/guatevision\/historico\/comunicaciones-19\" \/>\n<meta property=\"og:site_name\" content=\"Guatevision\" \/>\n<meta property=\"article:published_time\" content=\"2018-02-27T15:05:30+00:00\" \/>\n<meta property=\"article:modified_time\" content=\"2018-02-27T15:05:49+00:00\" \/>\n<meta property=\"og:image\" content=\"https:\/\/prensalibre-com-develop.go-vip.co\/guatevision\/wp-content\/uploads\/sites\/2\/2017\/11\/Entrenador-Ronald-Gonza\u0301lez-2017-Apertura-Comunicaciones.png?quality=82\" \/>\n\t<meta property=\"og:image:width\" content=\"660\" \/>\n\t<meta property=\"og:image:height\" content=\"371\" \/>\n\t<meta property=\"og:image:type\" content=\"image\/png\" \/>\n<meta name=\"author\" content=\"Manuel Hern\u00e1ndez May\u00e9n\" \/>\n<meta name=\"twitter:card\" content=\"summary_large_image\" \/>\n<meta name=\"twitter:label1\" content=\"Written by\" \/>\n\t<meta name=\"twitter:data1\" content=\"Manuel Hern\u00e1ndez May\u00e9n\" \/>\n\t<meta name=\"twitter:label2\" content=\"Est. reading time\" \/>\n\t<meta name=\"twitter:data2\" content=\"1 minute\" \/>\n<script type=\"application\/ld+json\" class=\"yoast-schema-graph\">{\"@context\":\"https:\/\/schema.org\",\"@graph\":[{\"@type\":\"Article\",\"@id\":\"https:\/\/prensalibre-com-develop.go-vip.co\/guatevision\/historico\/comunicaciones-19#article\",\"isPartOf\":{\"@id\":\"https:\/\/prensalibre-com-develop.go-vip.co\/guatevision\/historico\/comunicaciones-19\"},\"author\":{\"name\":\"Manuel Hern\u00e1ndez May\u00e9n\",\"@id\":\"https:\/\/prensalibre-com-develop.go-vip.co\/guatevision\/#\/schema\/person\/5b34ef10da9eb6f366b1c186913efddd\"},\"headline\":\"Comunicaciones se queda sin entrenador.\",\"datePublished\":\"2018-02-27T15:05:30+00:00\",\"dateModified\":\"2018-02-27T15:05:49+00:00\",\"mainEntityOfPage\":{\"@id\":\"https:\/\/prensalibre-com-develop.go-vip.co\/guatevision\/historico\/comunicaciones-19\"},\"wordCount\":249,\"commentCount\":0,\"publisher\":{\"@id\":\"https:\/\/prensalibre-com-develop.go-vip.co\/guatevision\/#organization\"},\"image\":{\"@id\":\"https:\/\/prensalibre-com-develop.go-vip.co\/guatevision\/historico\/comunicaciones-19#primaryimage\"},\"thumbnailUrl\":\"https:\/\/prensalibre-com-develop.go-vip.co\/guatevision\/wp-content\/uploads\/sites\/2\/2017\/11\/Entrenador-Ronald-Gonza\u0301lez-2017-Apertura-Comunicaciones.png?quality=82\",\"keywords\":[\"Clausura\",\"Comunicaciones\",\"f\u00fatbol guatemala\",\"Ronald Gonz\u00e1lez\"],\"inLanguage\":\"es-GT\",\"potentialAction\":[{\"@type\":\"CommentAction\",\"name\":\"Comment\",\"target\":[\"https:\/\/prensalibre-com-develop.go-vip.co\/guatevision\/historico\/comunicaciones-19#respond\"]}]},{\"@type\":\"WebPage\",\"@id\":\"https:\/\/prensalibre-com-develop.go-vip.co\/guatevision\/historico\/comunicaciones-19\",\"url\":\"https:\/\/prensalibre-com-develop.go-vip.co\/guatevision\/historico\/comunicaciones-19\",\"name\":\"Comunicaciones se queda sin director t\u00e9cnico para el clausura.\",\"isPartOf\":{\"@id\":\"https:\/\/prensalibre-com-develop.go-vip.co\/guatevision\/#website\"},\"primaryImageOfPage\":{\"@id\":\"https:\/\/prensalibre-com-develop.go-vip.co\/guatevision\/historico\/comunicaciones-19#primaryimage\"},\"image\":{\"@id\":\"https:\/\/prensalibre-com-develop.go-vip.co\/guatevision\/historico\/comunicaciones-19#primaryimage\"},\"thumbnailUrl\":\"https:\/\/prensalibre-com-develop.go-vip.co\/guatevision\/wp-content\/uploads\/sites\/2\/2017\/11\/Entrenador-Ronald-Gonza\u0301lez-2017-Apertura-Comunicaciones.png?quality=82\",\"datePublished\":\"2018-02-27T15:05:30+00:00\",\"dateModified\":\"2018-02-27T15:05:49+00:00\",\"description\":\"El costarricense Ronald Gonz\u00e1lez ya no seguir\u00e1 siendo entrenador de Comunicaciones. Este lunes solo lleg\u00f3 a despedirse de jugadores\",\"inLanguage\":\"es-GT\",\"potentialAction\":[{\"@type\":\"ReadAction\",\"target\":[\"https:\/\/prensalibre-com-develop.go-vip.co\/guatevision\/historico\/comunicaciones-19\"]}]},{\"@type\":\"ImageObject\",\"inLanguage\":\"es-GT\",\"@id\":\"https:\/\/prensalibre-com-develop.go-vip.co\/guatevision\/historico\/comunicaciones-19#primaryimage\",\"url\":\"https:\/\/prensalibre-com-develop.go-vip.co\/guatevision\/wp-content\/uploads\/sites\/2\/2017\/11\/Entrenador-Ronald-Gonza\u0301lez-2017-Apertura-Comunicaciones.png?quality=82\",\"contentUrl\":\"https:\/\/prensalibre-com-develop.go-vip.co\/guatevision\/wp-content\/uploads\/sites\/2\/2017\/11\/Entrenador-Ronald-Gonza\u0301lez-2017-Apertura-Comunicaciones.png?quality=82\",\"width\":660,\"height\":371,\"caption\":\"Entrenador Ronald Gonz\u00e1lez Comunicaciones\"},{\"@type\":\"WebSite\",\"@id\":\"https:\/\/prensalibre-com-develop.go-vip.co\/guatevision\/#website\",\"url\":\"https:\/\/prensalibre-com-develop.go-vip.co\/guatevision\/\",\"name\":\"Guatevision\",\"description\":\"\u00a1Enciende Lo Bueno!\",\"publisher\":{\"@id\":\"https:\/\/prensalibre-com-develop.go-vip.co\/guatevision\/#organization\"},\"potentialAction\":[{\"@type\":\"SearchAction\",\"target\":{\"@type\":\"EntryPoint\",\"urlTemplate\":\"https:\/\/prensalibre-com-develop.go-vip.co\/guatevision\/?s={search_term_string}\"},\"query-input\":{\"@type\":\"PropertyValueSpecification\",\"valueRequired\":true,\"valueName\":\"search_term_string\"}}],\"inLanguage\":\"es-GT\"},{\"@type\":\"Organization\",\"@id\":\"https:\/\/prensalibre-com-develop.go-vip.co\/guatevision\/#organization\",\"name\":\"Guatevision\",\"url\":\"https:\/\/prensalibre-com-develop.go-vip.co\/guatevision\/\",\"logo\":{\"@type\":\"ImageObject\",\"inLanguage\":\"es-GT\",\"@id\":\"https:\/\/prensalibre-com-develop.go-vip.co\/guatevision\/#\/schema\/logo\/image\/\",\"url\":\"https:\/\/prensalibre-com-develop.go-vip.co\/guatevision\/wp-content\/uploads\/sites\/2\/2026\/04\/Diseno-sin-titulo.png?quality=82\",\"contentUrl\":\"https:\/\/prensalibre-com-develop.go-vip.co\/guatevision\/wp-content\/uploads\/sites\/2\/2026\/04\/Diseno-sin-titulo.png?quality=82\",\"width\":1000,\"height\":600,\"caption\":\"Guatevision\"},\"image\":{\"@id\":\"https:\/\/prensalibre-com-develop.go-vip.co\/guatevision\/#\/schema\/logo\/image\/\"}},{\"@type\":\"Person\",\"@id\":\"https:\/\/prensalibre-com-develop.go-vip.co\/guatevision\/#\/schema\/person\/5b34ef10da9eb6f366b1c186913efddd\",\"name\":\"Manuel Hern\u00e1ndez May\u00e9n\",\"image\":{\"@type\":\"ImageObject\",\"inLanguage\":\"es-GT\",\"@id\":\"https:\/\/prensalibre-com-develop.go-vip.co\/guatevision\/#\/schema\/person\/image\/433265d8a81413206f8dd780c513ffd7\",\"url\":\"https:\/\/secure.gravatar.com\/avatar\/d6d67d029230e2c79470aabd3184418289f224c20a44e2beaa5864a18da50d01?s=96&d=mm&r=g\",\"contentUrl\":\"https:\/\/secure.gravatar.com\/avatar\/d6d67d029230e2c79470aabd3184418289f224c20a44e2beaa5864a18da50d01?s=96&d=mm&r=g\",\"caption\":\"Manuel Hern\u00e1ndez May\u00e9n\"},\"url\":\"https:\/\/prensalibre-com-develop.go-vip.co\/guatevision\/author\/mdhernandez\"}]}<\/script>\n<!-- \/ Yoast SEO plugin. -->","yoast_head_json":{"title":"Comunicaciones se queda sin director t\u00e9cnico para el clausura.","description":"El costarricense Ronald Gonz\u00e1lez ya no seguir\u00e1 siendo entrenador de Comunicaciones. Este lunes solo lleg\u00f3 a despedirse de jugadores","robots":{"index":"index","follow":"follow","max-snippet":"max-snippet:-1","max-image-preview":"max-image-preview:large","max-video-preview":"max-video-preview:-1"},"canonical":"https:\/\/prensalibre-com-develop.go-vip.co\/guatevision\/historico\/comunicaciones-19","og_locale":"es_ES","og_type":"article","og_title":"Comunicaciones se queda sin director t\u00e9cnico para el clausura.","og_description":"El costarricense Ronald Gonz\u00e1lez ya no seguir\u00e1 siendo entrenador de Comunicaciones. Este lunes solo lleg\u00f3 a despedirse de jugadores","og_url":"https:\/\/prensalibre-com-develop.go-vip.co\/guatevision\/historico\/comunicaciones-19","og_site_name":"Guatevision","article_published_time":"2018-02-27T15:05:30+00:00","article_modified_time":"2018-02-27T15:05:49+00:00","og_image":[{"width":660,"height":371,"url":"https:\/\/prensalibre-com-develop.go-vip.co\/guatevision\/wp-content\/uploads\/sites\/2\/2017\/11\/Entrenador-Ronald-Gonza\u0301lez-2017-Apertura-Comunicaciones.png?quality=82","type":"image\/png"}],"author":"Manuel Hern\u00e1ndez May\u00e9n","twitter_card":"summary_large_image","twitter_misc":{"Written by":"Manuel Hern\u00e1ndez May\u00e9n","Est. reading time":"1 minute"},"schema":{"@context":"https:\/\/schema.org","@graph":[{"@type":"Article","@id":"https:\/\/prensalibre-com-develop.go-vip.co\/guatevision\/historico\/comunicaciones-19#article","isPartOf":{"@id":"https:\/\/prensalibre-com-develop.go-vip.co\/guatevision\/historico\/comunicaciones-19"},"author":{"name":"Manuel Hern\u00e1ndez May\u00e9n","@id":"https:\/\/prensalibre-com-develop.go-vip.co\/guatevision\/#\/schema\/person\/5b34ef10da9eb6f366b1c186913efddd"},"headline":"Comunicaciones se queda sin entrenador.","datePublished":"2018-02-27T15:05:30+00:00","dateModified":"2018-02-27T15:05:49+00:00","mainEntityOfPage":{"@id":"https:\/\/prensalibre-com-develop.go-vip.co\/guatevision\/historico\/comunicaciones-19"},"wordCount":249,"commentCount":0,"publisher":{"@id":"https:\/\/prensalibre-com-develop.go-vip.co\/guatevision\/#organization"},"image":{"@id":"https:\/\/prensalibre-com-develop.go-vip.co\/guatevision\/historico\/comunicaciones-19#primaryimage"},"thumbnailUrl":"https:\/\/prensalibre-com-develop.go-vip.co\/guatevision\/wp-content\/uploads\/sites\/2\/2017\/11\/Entrenador-Ronald-Gonza\u0301lez-2017-Apertura-Comunicaciones.png?quality=82","keywords":["Clausura","Comunicaciones","f\u00fatbol guatemala","Ronald Gonz\u00e1lez"],"inLanguage":"es-GT","potentialAction":[{"@type":"CommentAction","name":"Comment","target":["https:\/\/prensalibre-com-develop.go-vip.co\/guatevision\/historico\/comunicaciones-19#respond"]}]},{"@type":"WebPage","@id":"https:\/\/prensalibre-com-develop.go-vip.co\/guatevision\/historico\/comunicaciones-19","url":"https:\/\/prensalibre-com-develop.go-vip.co\/guatevision\/historico\/comunicaciones-19","name":"Comunicaciones se queda sin director t\u00e9cnico para el clausura.","isPartOf":{"@id":"https:\/\/prensalibre-com-develop.go-vip.co\/guatevision\/#website"},"primaryImageOfPage":{"@id":"https:\/\/prensalibre-com-develop.go-vip.co\/guatevision\/historico\/comunicaciones-19#primaryimage"},"image":{"@id":"https:\/\/prensalibre-com-develop.go-vip.co\/guatevision\/historico\/comunicaciones-19#primaryimage"},"thumbnailUrl":"https:\/\/prensalibre-com-develop.go-vip.co\/guatevision\/wp-content\/uploads\/sites\/2\/2017\/11\/Entrenador-Ronald-Gonza\u0301lez-2017-Apertura-Comunicaciones.png?quality=82","datePublished":"2018-02-27T15:05:30+00:00","dateModified":"2018-02-27T15:05:49+00:00","description":"El costarricense Ronald Gonz\u00e1lez ya no seguir\u00e1 siendo entrenador de Comunicaciones. Este lunes solo lleg\u00f3 a despedirse de jugadores","inLanguage":"es-GT","potentialAction":[{"@type":"ReadAction","target":["https:\/\/prensalibre-com-develop.go-vip.co\/guatevision\/historico\/comunicaciones-19"]}]},{"@type":"ImageObject","inLanguage":"es-GT","@id":"https:\/\/prensalibre-com-develop.go-vip.co\/guatevision\/historico\/comunicaciones-19#primaryimage","url":"https:\/\/prensalibre-com-develop.go-vip.co\/guatevision\/wp-content\/uploads\/sites\/2\/2017\/11\/Entrenador-Ronald-Gonza\u0301lez-2017-Apertura-Comunicaciones.png?quality=82","contentUrl":"https:\/\/prensalibre-com-develop.go-vip.co\/guatevision\/wp-content\/uploads\/sites\/2\/2017\/11\/Entrenador-Ronald-Gonza\u0301lez-2017-Apertura-Comunicaciones.png?quality=82","width":660,"height":371,"caption":"Entrenador Ronald Gonz\u00e1lez Comunicaciones"},{"@type":"WebSite","@id":"https:\/\/prensalibre-com-develop.go-vip.co\/guatevision\/#website","url":"https:\/\/prensalibre-com-develop.go-vip.co\/guatevision\/","name":"Guatevision","description":"\u00a1Enciende Lo Bueno!","publisher":{"@id":"https:\/\/prensalibre-com-develop.go-vip.co\/guatevision\/#organization"},"potentialAction":[{"@type":"SearchAction","target":{"@type":"EntryPoint","urlTemplate":"https:\/\/prensalibre-com-develop.go-vip.co\/guatevision\/?s={search_term_string}"},"query-input":{"@type":"PropertyValueSpecification","valueRequired":true,"valueName":"search_term_string"}}],"inLanguage":"es-GT"},{"@type":"Organization","@id":"https:\/\/prensalibre-com-develop.go-vip.co\/guatevision\/#organization","name":"Guatevision","url":"https:\/\/prensalibre-com-develop.go-vip.co\/guatevision\/","logo":{"@type":"ImageObject","inLanguage":"es-GT","@id":"https:\/\/prensalibre-com-develop.go-vip.co\/guatevision\/#\/schema\/logo\/image\/","url":"https:\/\/prensalibre-com-develop.go-vip.co\/guatevision\/wp-content\/uploads\/sites\/2\/2026\/04\/Diseno-sin-titulo.png?quality=82","contentUrl":"https:\/\/prensalibre-com-develop.go-vip.co\/guatevision\/wp-content\/uploads\/sites\/2\/2026\/04\/Diseno-sin-titulo.png?quality=82","width":1000,"height":600,"caption":"Guatevision"},"image":{"@id":"https:\/\/prensalibre-com-develop.go-vip.co\/guatevision\/#\/schema\/logo\/image\/"}},{"@type":"Person","@id":"https:\/\/prensalibre-com-develop.go-vip.co\/guatevision\/#\/schema\/person\/5b34ef10da9eb6f366b1c186913efddd","name":"Manuel Hern\u00e1ndez May\u00e9n","image":{"@type":"ImageObject","inLanguage":"es-GT","@id":"https:\/\/prensalibre-com-develop.go-vip.co\/guatevision\/#\/schema\/person\/image\/433265d8a81413206f8dd780c513ffd7","url":"https:\/\/secure.gravatar.com\/avatar\/d6d67d029230e2c79470aabd3184418289f224c20a44e2beaa5864a18da50d01?s=96&d=mm&r=g","contentUrl":"https:\/\/secure.gravatar.com\/avatar\/d6d67d029230e2c79470aabd3184418289f224c20a44e2beaa5864a18da50d01?s=96&d=mm&r=g","caption":"Manuel Hern\u00e1ndez May\u00e9n"},"url":"https:\/\/prensalibre-com-develop.go-vip.co\/guatevision\/author\/mdhernandez"}]}},"jetpack_featured_media_url":"https:\/\/prensalibre-com-develop.go-vip.co\/guatevision\/wp-content\/uploads\/sites\/2\/2017\/11\/Entrenador-Ronald-Gonza\u0301lez-2017-Apertura-Comunicaciones.png?quality=82","jetpack_sharing_enabled":true,"_links":{"self":[{"href":"https:\/\/prensalibre-com-develop.go-vip.co\/guatevision\/wp-json\/wp\/v2\/posts\/153774","targetHints":{"allow":["GET"]}}],"collection":[{"href":"https:\/\/prensalibre-com-develop.go-vip.co\/guatevision\/wp-json\/wp\/v2\/posts"}],"about":[{"href":"https:\/\/prensalibre-com-develop.go-vip.co\/guatevision\/wp-json\/wp\/v2\/types\/post"}],"author":[{"embeddable":true,"href":"https:\/\/prensalibre-com-develop.go-vip.co\/guatevision\/wp-json\/wp\/v2\/users\/71"}],"replies":[{"embeddable":true,"href":"https:\/\/prensalibre-com-develop.go-vip.co\/guatevision\/wp-json\/wp\/v2\/comments?post=153774"}],"version-history":[{"count":0,"href":"https:\/\/prensalibre-com-develop.go-vip.co\/guatevision\/wp-json\/wp\/v2\/posts\/153774\/revisions"}],"wp:featuredmedia":[{"embeddable":true,"href":"https:\/\/prensalibre-com-develop.go-vip.co\/guatevision\/wp-json\/wp\/v2\/media\/134929"}],"wp:attachment":[{"href":"https:\/\/prensalibre-com-develop.go-vip.co\/guatevision\/wp-json\/wp\/v2\/media?parent=153774"}],"wp:term":[{"taxonomy":"category","embeddable":true,"href":"https:\/\/prensalibre-com-develop.go-vip.co\/guatevision\/wp-json\/wp\/v2\/categories?post=153774"},{"taxonomy":"etiqueta","embeddable":true,"href":"https:\/\/prensalibre-com-develop.go-vip.co\/guatevision\/wp-json\/wp\/v2\/etiqueta?post=153774"}],"curies":[{"name":"wp","href":"https:\/\/api.w.org\/{rel}","templated":true}]}}