{"id":153876,"date":"2018-02-28T06:20:35","date_gmt":"2018-02-28T12:20:35","guid":{"rendered":"https:\/\/prensalibre-com-develop.go-vip.co\/guatevision\/?p=153876"},"modified":"2018-02-27T14:50:51","modified_gmt":"2018-02-27T20:50:51","slug":"tite-aplaza-convocatoria","status":"publish","type":"post","link":"https:\/\/prensalibre-com-develop.go-vip.co\/guatevision\/historico\/tite-aplaza-convocatoria","title":{"rendered":"Tite aplaza convocatoria de Brasil tras ola de lesiones"},"content":{"rendered":"<p>Tite,\u00a0\u00a0t\u00e9cnico de Brasil; aplaz\u00f3 diez d\u00edas la divulgaci\u00f3n de su lista para los amistosos de marzo debido a las lesiones de al menos cinco de sus jugadores, entre ellos el astro\u00a0Neymar, inform\u00f3 el martes la Confederaci\u00f3n Brasile\u00f1a de F\u00fatbol (CBF).<\/p>\n\n<p><em>&#8220;Tenemos una situaci\u00f3n diferente a otras convocatorias. Por lo menos cinco jugadores necesitan de una observaci\u00f3n m\u00e9dica y f\u00edsica m\u00e1s elaborada para que podamos convocar con las informaciones necesarias&#8221;<\/em>, afirm\u00f3 el coordinador de selecciones, Edu Gaspar, al sitio de la CBF.<\/p>\n<p>A la lesi\u00f3n de\u00a0Neymar, cuyo tiempo de baja a\u00fan no est\u00e1 definido, se suman la de su compa\u00f1ero en el PSG Marquinhos, la del volante del Manchester City Fernandinho o la del lateral del Real Madrid Marcelo.<\/p>\n<p>La lista de Tite, que iba a ser divulgada este viernes, se conocer\u00e1 ahora el 12 de marzo, apenas once d\u00edas antes de que la &#8216;canarinha&#8217; se mida a Rusia el 23 en Mosc\u00fa. Acto seguido la delegaci\u00f3n viajar\u00e1 a Berl\u00edn, donde el d\u00eda 27 se enfrentar\u00e1 a Alemania en el \u00faltimo amistoso previsto antes de que el t\u00e9cnico convoque en mayo a sus 23 seleccionados para el Mundial.<\/p>\n<p>&nbsp;<\/p>\n<h3>La gran duda de Tite<\/h3>\n<p>El comunicado de la CBF llegaba poco despu\u00e9s de que el sitio GloboEsporte publicara que\u00a0Neymar\u00a0hab\u00eda decidido operarse de la fisura que sufre en el quinto metatarsiano del pie derecho, por lo que estar\u00e1 al menos dos meses de baja.<\/p>\n<p>La informaci\u00f3n fue desmentida, sin embargo, por su t\u00e9cnico en el Paris Saint-Germain, Unai Emery, quien incluso dej\u00f3 abierta una &#8220;peque\u00f1a opci\u00f3n&#8221; de que el delantero llegue a tiempo al importante cruce contra el Real Madrid de la pr\u00f3xima semana por la Liga de Campeones de Europa.<\/p>\n<p>Tras conocerse que el estado del pie de\u00a0Neymar\u00a0era peor de lo que se valor\u00f3 inicialmente, el m\u00e9dico de la Sele\u00e7ao, Rodrigo Lasmar, emprendi\u00f3 viaje hacia Par\u00eds desde Sochi, donde participaba en un congreso t\u00e9cnico de la FIFA. Antes, tanto Gaspar como el propio doctor pidieron tranquilidad y aseguraron que la decisi\u00f3n sobre el tratamiento ser\u00e1 tomada por el atacante y su club.<\/p>\n<p>&#8220;Por ahora, lo que s\u00e9 es que existe un esguince y una sospecha de fractura. Ser\u00e1n realizados ex\u00e1menes complementarios para dilucidar la situaci\u00f3n del jugador. Es preciso tener calma en este momento&#8221;, pidi\u00f3 Lasmar en conexi\u00f3n telef\u00f3nica con la cadena SporTV.<\/p>\n<p>Seg\u00fan la prensa brasile\u00f1a,\u00a0Neymar\u00a0habr\u00eda tomado la decisi\u00f3n de operarse con el objetivo de llegar en la mejor forma posible al Mundial-2018, donde la &#8216;canarinha&#8217; debutar\u00e1 el 17 de junio contra Suiza.<\/p>\n<p>Despu\u00e9s de su final arrasador en las eliminatorias sudamericanas, la Sele\u00e7ao de Tite llega a Rusia como una de las grandes favoritas, decidida a vengar la humillaci\u00f3n sufrida en casa cuatro a\u00f1os antes.<\/p>\n<p>&nbsp;<\/p>\n<p>\u00a9 Agence France-Presse<\/p>\n","protected":false},"excerpt":{"rendered":"<p>La lista de Tite, que iba a ser divulgada este viernes, se conocer\u00e1 ahora el 12 de marzo, apenas once d\u00edas antes de que la &#8216;canarinha&#8217; se mida a Rusia el 23 en Mosc\u00fa<\/p>\n","protected":false},"author":71,"featured_media":130926,"comment_status":"open","ping_status":"closed","sticky":false,"template":"","format":"standard","meta":{"_jetpack_memberships_contains_paid_content":false,"footnotes":""},"categories":[],"etiqueta":[],"class_list":["post-153876","post","type-post","status-publish","format-standard","has-post-thumbnail","hentry"],"yoast_head":"<!-- This site is optimized with the Yoast SEO plugin v23.9 - https:\/\/yoast.com\/wordpress\/plugins\/seo\/ -->\n<title>Tite aplaza convocatoria de Brasil para amistosos tras ola de lesiones<\/title>\n<meta name=\"description\" content=\"Tite,\u00a0\u00a0t\u00e9cnico de Brasil; aplaz\u00f3 diez d\u00edas la divulgaci\u00f3n de su lista para los amistosos de marzo debido a las lesiones de al menos cinco de sus jugadores\" \/>\n<meta name=\"robots\" content=\"index, follow, max-snippet:-1, max-image-preview:large, max-video-preview:-1\" \/>\n<link rel=\"canonical\" href=\"https:\/\/prensalibre-com-develop.go-vip.co\/guatevision\/historico\/tite-aplaza-convocatoria\" \/>\n<meta property=\"og:locale\" content=\"es_ES\" \/>\n<meta property=\"og:type\" content=\"article\" \/>\n<meta property=\"og:title\" content=\"Tite aplaza convocatoria de Brasil para amistosos tras ola de lesiones\" \/>\n<meta property=\"og:description\" content=\"Tite,\u00a0\u00a0t\u00e9cnico de Brasil; aplaz\u00f3 diez d\u00edas la divulgaci\u00f3n de su lista para los amistosos de marzo debido a las lesiones de al menos cinco de sus jugadores\" \/>\n<meta property=\"og:url\" content=\"https:\/\/prensalibre-com-develop.go-vip.co\/guatevision\/historico\/tite-aplaza-convocatoria\" \/>\n<meta property=\"og:site_name\" content=\"Guatevision\" \/>\n<meta property=\"article:published_time\" content=\"2018-02-28T12:20:35+00:00\" \/>\n<meta property=\"article:modified_time\" content=\"2018-02-27T20:50:51+00:00\" \/>\n<meta property=\"og:image\" content=\"https:\/\/prensalibre-com-develop.go-vip.co\/guatevision\/wp-content\/uploads\/sites\/2\/2017\/11\/Tite-Brasil-2017.png?quality=82\" \/>\n\t<meta property=\"og:image:width\" content=\"660\" \/>\n\t<meta property=\"og:image:height\" content=\"371\" \/>\n\t<meta property=\"og:image:type\" content=\"image\/png\" \/>\n<meta name=\"author\" content=\"Manuel Hern\u00e1ndez May\u00e9n\" \/>\n<meta name=\"twitter:card\" content=\"summary_large_image\" \/>\n<meta name=\"twitter:label1\" content=\"Written by\" \/>\n\t<meta name=\"twitter:data1\" content=\"Manuel Hern\u00e1ndez May\u00e9n\" \/>\n\t<meta name=\"twitter:label2\" content=\"Est. reading time\" \/>\n\t<meta name=\"twitter:data2\" content=\"2 minutes\" \/>\n<script type=\"application\/ld+json\" class=\"yoast-schema-graph\">{\"@context\":\"https:\/\/schema.org\",\"@graph\":[{\"@type\":\"Article\",\"@id\":\"https:\/\/prensalibre-com-develop.go-vip.co\/guatevision\/historico\/tite-aplaza-convocatoria#article\",\"isPartOf\":{\"@id\":\"https:\/\/prensalibre-com-develop.go-vip.co\/guatevision\/historico\/tite-aplaza-convocatoria\"},\"author\":{\"name\":\"Manuel Hern\u00e1ndez May\u00e9n\",\"@id\":\"https:\/\/prensalibre-com-develop.go-vip.co\/guatevision\/#\/schema\/person\/5b34ef10da9eb6f366b1c186913efddd\"},\"headline\":\"Tite aplaza convocatoria de Brasil tras ola de lesiones\",\"datePublished\":\"2018-02-28T12:20:35+00:00\",\"dateModified\":\"2018-02-27T20:50:51+00:00\",\"mainEntityOfPage\":{\"@id\":\"https:\/\/prensalibre-com-develop.go-vip.co\/guatevision\/historico\/tite-aplaza-convocatoria\"},\"wordCount\":506,\"commentCount\":0,\"publisher\":{\"@id\":\"https:\/\/prensalibre-com-develop.go-vip.co\/guatevision\/#organization\"},\"image\":{\"@id\":\"https:\/\/prensalibre-com-develop.go-vip.co\/guatevision\/historico\/tite-aplaza-convocatoria#primaryimage\"},\"thumbnailUrl\":\"https:\/\/prensalibre-com-develop.go-vip.co\/guatevision\/wp-content\/uploads\/sites\/2\/2017\/11\/Tite-Brasil-2017.png?quality=82\",\"keywords\":[\"Confederaci\u00f3n Brasile\u00f1a de F\u00fatbol\",\"Fernandinho\",\"Marcelo\",\"Marquinhos\",\"Neymar\",\"Tite\"],\"inLanguage\":\"es-GT\",\"potentialAction\":[{\"@type\":\"CommentAction\",\"name\":\"Comment\",\"target\":[\"https:\/\/prensalibre-com-develop.go-vip.co\/guatevision\/historico\/tite-aplaza-convocatoria#respond\"]}]},{\"@type\":\"WebPage\",\"@id\":\"https:\/\/prensalibre-com-develop.go-vip.co\/guatevision\/historico\/tite-aplaza-convocatoria\",\"url\":\"https:\/\/prensalibre-com-develop.go-vip.co\/guatevision\/historico\/tite-aplaza-convocatoria\",\"name\":\"Tite aplaza convocatoria de Brasil para amistosos tras ola de lesiones\",\"isPartOf\":{\"@id\":\"https:\/\/prensalibre-com-develop.go-vip.co\/guatevision\/#website\"},\"primaryImageOfPage\":{\"@id\":\"https:\/\/prensalibre-com-develop.go-vip.co\/guatevision\/historico\/tite-aplaza-convocatoria#primaryimage\"},\"image\":{\"@id\":\"https:\/\/prensalibre-com-develop.go-vip.co\/guatevision\/historico\/tite-aplaza-convocatoria#primaryimage\"},\"thumbnailUrl\":\"https:\/\/prensalibre-com-develop.go-vip.co\/guatevision\/wp-content\/uploads\/sites\/2\/2017\/11\/Tite-Brasil-2017.png?quality=82\",\"datePublished\":\"2018-02-28T12:20:35+00:00\",\"dateModified\":\"2018-02-27T20:50:51+00:00\",\"description\":\"Tite,\u00a0\u00a0t\u00e9cnico de Brasil; aplaz\u00f3 diez d\u00edas la divulgaci\u00f3n de su lista para los amistosos de marzo debido a las lesiones de al menos cinco de sus jugadores\",\"inLanguage\":\"es-GT\",\"potentialAction\":[{\"@type\":\"ReadAction\",\"target\":[\"https:\/\/prensalibre-com-develop.go-vip.co\/guatevision\/historico\/tite-aplaza-convocatoria\"]}]},{\"@type\":\"ImageObject\",\"inLanguage\":\"es-GT\",\"@id\":\"https:\/\/prensalibre-com-develop.go-vip.co\/guatevision\/historico\/tite-aplaza-convocatoria#primaryimage\",\"url\":\"https:\/\/prensalibre-com-develop.go-vip.co\/guatevision\/wp-content\/uploads\/sites\/2\/2017\/11\/Tite-Brasil-2017.png?quality=82\",\"contentUrl\":\"https:\/\/prensalibre-com-develop.go-vip.co\/guatevision\/wp-content\/uploads\/sites\/2\/2017\/11\/Tite-Brasil-2017.png?quality=82\",\"width\":660,\"height\":371,\"caption\":\"Brazil's head coach Tite looks at his players during a training session at the Parc des Princes stadium in Paris on November 8, 2017 as part of the team's preparation for the friendly football match against Japan. FRANCK FIFE \/ AFP\"},{\"@type\":\"WebSite\",\"@id\":\"https:\/\/prensalibre-com-develop.go-vip.co\/guatevision\/#website\",\"url\":\"https:\/\/prensalibre-com-develop.go-vip.co\/guatevision\/\",\"name\":\"Guatevision\",\"description\":\"\u00a1Enciende Lo Bueno!\",\"publisher\":{\"@id\":\"https:\/\/prensalibre-com-develop.go-vip.co\/guatevision\/#organization\"},\"potentialAction\":[{\"@type\":\"SearchAction\",\"target\":{\"@type\":\"EntryPoint\",\"urlTemplate\":\"https:\/\/prensalibre-com-develop.go-vip.co\/guatevision\/?s={search_term_string}\"},\"query-input\":{\"@type\":\"PropertyValueSpecification\",\"valueRequired\":true,\"valueName\":\"search_term_string\"}}],\"inLanguage\":\"es-GT\"},{\"@type\":\"Organization\",\"@id\":\"https:\/\/prensalibre-com-develop.go-vip.co\/guatevision\/#organization\",\"name\":\"Guatevision\",\"url\":\"https:\/\/prensalibre-com-develop.go-vip.co\/guatevision\/\",\"logo\":{\"@type\":\"ImageObject\",\"inLanguage\":\"es-GT\",\"@id\":\"https:\/\/prensalibre-com-develop.go-vip.co\/guatevision\/#\/schema\/logo\/image\/\",\"url\":\"https:\/\/prensalibre-com-develop.go-vip.co\/guatevision\/wp-content\/uploads\/sites\/2\/2026\/04\/Diseno-sin-titulo.png?quality=82\",\"contentUrl\":\"https:\/\/prensalibre-com-develop.go-vip.co\/guatevision\/wp-content\/uploads\/sites\/2\/2026\/04\/Diseno-sin-titulo.png?quality=82\",\"width\":1000,\"height\":600,\"caption\":\"Guatevision\"},\"image\":{\"@id\":\"https:\/\/prensalibre-com-develop.go-vip.co\/guatevision\/#\/schema\/logo\/image\/\"}},{\"@type\":\"Person\",\"@id\":\"https:\/\/prensalibre-com-develop.go-vip.co\/guatevision\/#\/schema\/person\/5b34ef10da9eb6f366b1c186913efddd\",\"name\":\"Manuel Hern\u00e1ndez May\u00e9n\",\"image\":{\"@type\":\"ImageObject\",\"inLanguage\":\"es-GT\",\"@id\":\"https:\/\/prensalibre-com-develop.go-vip.co\/guatevision\/#\/schema\/person\/image\/433265d8a81413206f8dd780c513ffd7\",\"url\":\"https:\/\/secure.gravatar.com\/avatar\/d6d67d029230e2c79470aabd3184418289f224c20a44e2beaa5864a18da50d01?s=96&d=mm&r=g\",\"contentUrl\":\"https:\/\/secure.gravatar.com\/avatar\/d6d67d029230e2c79470aabd3184418289f224c20a44e2beaa5864a18da50d01?s=96&d=mm&r=g\",\"caption\":\"Manuel Hern\u00e1ndez May\u00e9n\"},\"url\":\"https:\/\/prensalibre-com-develop.go-vip.co\/guatevision\/author\/mdhernandez\"}]}<\/script>\n<!-- \/ Yoast SEO plugin. -->","yoast_head_json":{"title":"Tite aplaza convocatoria de Brasil para amistosos tras ola de lesiones","description":"Tite,\u00a0\u00a0t\u00e9cnico de Brasil; aplaz\u00f3 diez d\u00edas la divulgaci\u00f3n de su lista para los amistosos de marzo debido a las lesiones de al menos cinco de sus jugadores","robots":{"index":"index","follow":"follow","max-snippet":"max-snippet:-1","max-image-preview":"max-image-preview:large","max-video-preview":"max-video-preview:-1"},"canonical":"https:\/\/prensalibre-com-develop.go-vip.co\/guatevision\/historico\/tite-aplaza-convocatoria","og_locale":"es_ES","og_type":"article","og_title":"Tite aplaza convocatoria de Brasil para amistosos tras ola de lesiones","og_description":"Tite,\u00a0\u00a0t\u00e9cnico de Brasil; aplaz\u00f3 diez d\u00edas la divulgaci\u00f3n de su lista para los amistosos de marzo debido a las lesiones de al menos cinco de sus jugadores","og_url":"https:\/\/prensalibre-com-develop.go-vip.co\/guatevision\/historico\/tite-aplaza-convocatoria","og_site_name":"Guatevision","article_published_time":"2018-02-28T12:20:35+00:00","article_modified_time":"2018-02-27T20:50:51+00:00","og_image":[{"width":660,"height":371,"url":"https:\/\/prensalibre-com-develop.go-vip.co\/guatevision\/wp-content\/uploads\/sites\/2\/2017\/11\/Tite-Brasil-2017.png?quality=82","type":"image\/png"}],"author":"Manuel Hern\u00e1ndez May\u00e9n","twitter_card":"summary_large_image","twitter_misc":{"Written by":"Manuel Hern\u00e1ndez May\u00e9n","Est. reading time":"2 minutes"},"schema":{"@context":"https:\/\/schema.org","@graph":[{"@type":"Article","@id":"https:\/\/prensalibre-com-develop.go-vip.co\/guatevision\/historico\/tite-aplaza-convocatoria#article","isPartOf":{"@id":"https:\/\/prensalibre-com-develop.go-vip.co\/guatevision\/historico\/tite-aplaza-convocatoria"},"author":{"name":"Manuel Hern\u00e1ndez May\u00e9n","@id":"https:\/\/prensalibre-com-develop.go-vip.co\/guatevision\/#\/schema\/person\/5b34ef10da9eb6f366b1c186913efddd"},"headline":"Tite aplaza convocatoria de Brasil tras ola de lesiones","datePublished":"2018-02-28T12:20:35+00:00","dateModified":"2018-02-27T20:50:51+00:00","mainEntityOfPage":{"@id":"https:\/\/prensalibre-com-develop.go-vip.co\/guatevision\/historico\/tite-aplaza-convocatoria"},"wordCount":506,"commentCount":0,"publisher":{"@id":"https:\/\/prensalibre-com-develop.go-vip.co\/guatevision\/#organization"},"image":{"@id":"https:\/\/prensalibre-com-develop.go-vip.co\/guatevision\/historico\/tite-aplaza-convocatoria#primaryimage"},"thumbnailUrl":"https:\/\/prensalibre-com-develop.go-vip.co\/guatevision\/wp-content\/uploads\/sites\/2\/2017\/11\/Tite-Brasil-2017.png?quality=82","keywords":["Confederaci\u00f3n Brasile\u00f1a de F\u00fatbol","Fernandinho","Marcelo","Marquinhos","Neymar","Tite"],"inLanguage":"es-GT","potentialAction":[{"@type":"CommentAction","name":"Comment","target":["https:\/\/prensalibre-com-develop.go-vip.co\/guatevision\/historico\/tite-aplaza-convocatoria#respond"]}]},{"@type":"WebPage","@id":"https:\/\/prensalibre-com-develop.go-vip.co\/guatevision\/historico\/tite-aplaza-convocatoria","url":"https:\/\/prensalibre-com-develop.go-vip.co\/guatevision\/historico\/tite-aplaza-convocatoria","name":"Tite aplaza convocatoria de Brasil para amistosos tras ola de lesiones","isPartOf":{"@id":"https:\/\/prensalibre-com-develop.go-vip.co\/guatevision\/#website"},"primaryImageOfPage":{"@id":"https:\/\/prensalibre-com-develop.go-vip.co\/guatevision\/historico\/tite-aplaza-convocatoria#primaryimage"},"image":{"@id":"https:\/\/prensalibre-com-develop.go-vip.co\/guatevision\/historico\/tite-aplaza-convocatoria#primaryimage"},"thumbnailUrl":"https:\/\/prensalibre-com-develop.go-vip.co\/guatevision\/wp-content\/uploads\/sites\/2\/2017\/11\/Tite-Brasil-2017.png?quality=82","datePublished":"2018-02-28T12:20:35+00:00","dateModified":"2018-02-27T20:50:51+00:00","description":"Tite,\u00a0\u00a0t\u00e9cnico de Brasil; aplaz\u00f3 diez d\u00edas la divulgaci\u00f3n de su lista para los amistosos de marzo debido a las lesiones de al menos cinco de sus jugadores","inLanguage":"es-GT","potentialAction":[{"@type":"ReadAction","target":["https:\/\/prensalibre-com-develop.go-vip.co\/guatevision\/historico\/tite-aplaza-convocatoria"]}]},{"@type":"ImageObject","inLanguage":"es-GT","@id":"https:\/\/prensalibre-com-develop.go-vip.co\/guatevision\/historico\/tite-aplaza-convocatoria#primaryimage","url":"https:\/\/prensalibre-com-develop.go-vip.co\/guatevision\/wp-content\/uploads\/sites\/2\/2017\/11\/Tite-Brasil-2017.png?quality=82","contentUrl":"https:\/\/prensalibre-com-develop.go-vip.co\/guatevision\/wp-content\/uploads\/sites\/2\/2017\/11\/Tite-Brasil-2017.png?quality=82","width":660,"height":371,"caption":"Brazil's head coach Tite looks at his players during a training session at the Parc des Princes stadium in Paris on November 8, 2017 as part of the team's preparation for the friendly football match against Japan. FRANCK FIFE \/ AFP"},{"@type":"WebSite","@id":"https:\/\/prensalibre-com-develop.go-vip.co\/guatevision\/#website","url":"https:\/\/prensalibre-com-develop.go-vip.co\/guatevision\/","name":"Guatevision","description":"\u00a1Enciende Lo Bueno!","publisher":{"@id":"https:\/\/prensalibre-com-develop.go-vip.co\/guatevision\/#organization"},"potentialAction":[{"@type":"SearchAction","target":{"@type":"EntryPoint","urlTemplate":"https:\/\/prensalibre-com-develop.go-vip.co\/guatevision\/?s={search_term_string}"},"query-input":{"@type":"PropertyValueSpecification","valueRequired":true,"valueName":"search_term_string"}}],"inLanguage":"es-GT"},{"@type":"Organization","@id":"https:\/\/prensalibre-com-develop.go-vip.co\/guatevision\/#organization","name":"Guatevision","url":"https:\/\/prensalibre-com-develop.go-vip.co\/guatevision\/","logo":{"@type":"ImageObject","inLanguage":"es-GT","@id":"https:\/\/prensalibre-com-develop.go-vip.co\/guatevision\/#\/schema\/logo\/image\/","url":"https:\/\/prensalibre-com-develop.go-vip.co\/guatevision\/wp-content\/uploads\/sites\/2\/2026\/04\/Diseno-sin-titulo.png?quality=82","contentUrl":"https:\/\/prensalibre-com-develop.go-vip.co\/guatevision\/wp-content\/uploads\/sites\/2\/2026\/04\/Diseno-sin-titulo.png?quality=82","width":1000,"height":600,"caption":"Guatevision"},"image":{"@id":"https:\/\/prensalibre-com-develop.go-vip.co\/guatevision\/#\/schema\/logo\/image\/"}},{"@type":"Person","@id":"https:\/\/prensalibre-com-develop.go-vip.co\/guatevision\/#\/schema\/person\/5b34ef10da9eb6f366b1c186913efddd","name":"Manuel Hern\u00e1ndez May\u00e9n","image":{"@type":"ImageObject","inLanguage":"es-GT","@id":"https:\/\/prensalibre-com-develop.go-vip.co\/guatevision\/#\/schema\/person\/image\/433265d8a81413206f8dd780c513ffd7","url":"https:\/\/secure.gravatar.com\/avatar\/d6d67d029230e2c79470aabd3184418289f224c20a44e2beaa5864a18da50d01?s=96&d=mm&r=g","contentUrl":"https:\/\/secure.gravatar.com\/avatar\/d6d67d029230e2c79470aabd3184418289f224c20a44e2beaa5864a18da50d01?s=96&d=mm&r=g","caption":"Manuel Hern\u00e1ndez May\u00e9n"},"url":"https:\/\/prensalibre-com-develop.go-vip.co\/guatevision\/author\/mdhernandez"}]}},"jetpack_featured_media_url":"https:\/\/prensalibre-com-develop.go-vip.co\/guatevision\/wp-content\/uploads\/sites\/2\/2017\/11\/Tite-Brasil-2017.png?quality=82","jetpack_sharing_enabled":true,"_links":{"self":[{"href":"https:\/\/prensalibre-com-develop.go-vip.co\/guatevision\/wp-json\/wp\/v2\/posts\/153876","targetHints":{"allow":["GET"]}}],"collection":[{"href":"https:\/\/prensalibre-com-develop.go-vip.co\/guatevision\/wp-json\/wp\/v2\/posts"}],"about":[{"href":"https:\/\/prensalibre-com-develop.go-vip.co\/guatevision\/wp-json\/wp\/v2\/types\/post"}],"author":[{"embeddable":true,"href":"https:\/\/prensalibre-com-develop.go-vip.co\/guatevision\/wp-json\/wp\/v2\/users\/71"}],"replies":[{"embeddable":true,"href":"https:\/\/prensalibre-com-develop.go-vip.co\/guatevision\/wp-json\/wp\/v2\/comments?post=153876"}],"version-history":[{"count":0,"href":"https:\/\/prensalibre-com-develop.go-vip.co\/guatevision\/wp-json\/wp\/v2\/posts\/153876\/revisions"}],"wp:featuredmedia":[{"embeddable":true,"href":"https:\/\/prensalibre-com-develop.go-vip.co\/guatevision\/wp-json\/wp\/v2\/media\/130926"}],"wp:attachment":[{"href":"https:\/\/prensalibre-com-develop.go-vip.co\/guatevision\/wp-json\/wp\/v2\/media?parent=153876"}],"wp:term":[{"taxonomy":"category","embeddable":true,"href":"https:\/\/prensalibre-com-develop.go-vip.co\/guatevision\/wp-json\/wp\/v2\/categories?post=153876"},{"taxonomy":"etiqueta","embeddable":true,"href":"https:\/\/prensalibre-com-develop.go-vip.co\/guatevision\/wp-json\/wp\/v2\/etiqueta?post=153876"}],"curies":[{"name":"wp","href":"https:\/\/api.w.org\/{rel}","templated":true}]}}