{"id":153880,"date":"2018-02-27T18:30:42","date_gmt":"2018-02-28T00:30:42","guid":{"rendered":"https:\/\/prensalibre-com-develop.go-vip.co\/guatevision\/?p=153880"},"modified":"2018-02-27T15:00:12","modified_gmt":"2018-02-27T21:00:12","slug":"neymar-10","status":"publish","type":"post","link":"https:\/\/prensalibre-com-develop.go-vip.co\/guatevision\/historico\/neymar-10","title":{"rendered":"Neymar volver\u00eda en las v\u00edsperas del mundial"},"content":{"rendered":"<p>Neymar,\u00a0atacante estrella del PSG\u00a0 deber\u00e1 operarse de la fisura que sufre en el quinto metatarsiano del pie derecho y estar\u00e1 de baja hasta mayo, poco m\u00e1s de un mes antes de la Copa del Mundo de Rusia-2018, asegur\u00f3 el sitio brasile\u00f1o GloboEsporte este martes.<\/p>\n\n<p>Esa versi\u00f3n fue desmentida de hecho por el entrenador del PSG, Unai Emery, quien afirm\u00f3 que por el momento no se ha tomado una decisi\u00f3n al respecto.<\/p>\n<p><em>&#8220;Sobre\u00a0Neymar, se ha decidido no operar, vamos a ver c\u00f3mo evoluciona en los pr\u00f3ximos d\u00edas&#8221;<\/em>, declar\u00f3 el t\u00e9cnico.<\/p>\n<p>Seg\u00fan GloboEsporte, la intervenci\u00f3n, mediante la que se le colocar\u00eda un tornillo en la zona, requerir\u00eda de dos meses de recuperaci\u00f3n. El reporte se\u00f1ala que todav\u00eda no est\u00e1 decidido qui\u00e9n ser\u00eda el m\u00e9dico encargado de realizar la operaci\u00f3n ni el lugar.<\/p>\n<p>De cumplirse estos plazos,\u00a0Neymar\u00a0apenas llegar\u00eda a los \u00faltimos tres partidos de la liga francesa y a una eventual vuelta de la semifinal de la Liga de Campeones, en caso de que su equipo remonte la eliminatoria de octavos contra el Real Madrid (3-1) y siga avanzando en la competici\u00f3n.<\/p>\n<p>&nbsp;<\/p>\n<h3>Neymar y Rusia.<\/h3>\n<p>Seg\u00fan recoge tambi\u00e9n el diario brasile\u00f1o Folha de Sao Paulo, el delantero estrella de la Sele\u00e7ao habr\u00eda tomado la decisi\u00f3n con la vista puesta en estar totalmente recuperado para la Copa del Mundo-2018, que comienza el 15 de junio en Rusia, y a la que Brasil llega como una de las favoritas.<\/p>\n<p>En la noche del lunes, el Paris Saint Germain inform\u00f3 que el delantero sufr\u00eda un &#8220;esguince&#8221; en el tobillo derecho y la &#8220;fisura&#8221; del quinto metatarsiano, aunque no precis\u00f3 el tiempo de baja. El delantero brasile\u00f1o hab\u00eda salido en camilla y entre llantos del cl\u00e1sico contra el Olympique de Marsella.<\/p>\n<p>El club parisino fich\u00f3 el pasado mes de julio a\u00a0Neymar, procedente del Barcelona, por 222 millones de euros (273 millones de d\u00f3lares) con el objetivo de dar un salto de calidad para aspirar a ganar la Liga de Campeones.<\/p>\n<p>\u00a9 Agence France-Presse<\/p>\n","protected":false},"excerpt":{"rendered":"<p>Esa versi\u00f3n fue desmentida de hecho por el entrenador del PSG, Unai Emery, quien afirm\u00f3 que por el momento no se ha tomado una decisi\u00f3n al respecto.<\/p>\n","protected":false},"author":71,"featured_media":119385,"comment_status":"open","ping_status":"closed","sticky":false,"template":"","format":"standard","meta":{"_jetpack_memberships_contains_paid_content":false,"footnotes":""},"categories":[],"etiqueta":[],"class_list":["post-153880","post","type-post","status-publish","format-standard","has-post-thumbnail","hentry"],"yoast_head":"<!-- This site is optimized with the Yoast SEO plugin v23.9 - https:\/\/yoast.com\/wordpress\/plugins\/seo\/ -->\n<title>Neymar volver\u00eda en las v\u00edsperas del mundial de Rusia 2018<\/title>\n<meta name=\"description\" content=\"Neymar deber\u00e1 operarse de la fisura que sufre en el quinto metatarsiano del pie derecho y estar\u00e1 de baja hasta mayo, asegur\u00f3 el sitio brasile\u00f1o GloboEsporte\" \/>\n<meta name=\"robots\" content=\"index, follow, max-snippet:-1, max-image-preview:large, max-video-preview:-1\" \/>\n<link rel=\"canonical\" href=\"https:\/\/prensalibre-com-develop.go-vip.co\/guatevision\/historico\/neymar-10\" \/>\n<meta property=\"og:locale\" content=\"es_ES\" \/>\n<meta property=\"og:type\" content=\"article\" \/>\n<meta property=\"og:title\" content=\"Neymar volver\u00eda en las v\u00edsperas del mundial de Rusia 2018\" \/>\n<meta property=\"og:description\" content=\"Neymar deber\u00e1 operarse de la fisura que sufre en el quinto metatarsiano del pie derecho y estar\u00e1 de baja hasta mayo, asegur\u00f3 el sitio brasile\u00f1o GloboEsporte\" \/>\n<meta property=\"og:url\" content=\"https:\/\/prensalibre-com-develop.go-vip.co\/guatevision\/historico\/neymar-10\" \/>\n<meta property=\"og:site_name\" content=\"Guatevision\" \/>\n<meta property=\"article:published_time\" content=\"2018-02-28T00:30:42+00:00\" \/>\n<meta property=\"article:modified_time\" content=\"2018-02-27T21:00:12+00:00\" \/>\n<meta property=\"og:image\" content=\"https:\/\/prensalibre-com-develop.go-vip.co\/guatevision\/wp-content\/uploads\/sites\/2\/2017\/09\/PSG-Neymar-Cavani-Bayern.png?quality=82\" \/>\n\t<meta property=\"og:image:width\" content=\"660\" \/>\n\t<meta property=\"og:image:height\" content=\"371\" \/>\n\t<meta property=\"og:image:type\" content=\"image\/png\" \/>\n<meta name=\"author\" content=\"Manuel Hern\u00e1ndez May\u00e9n\" \/>\n<meta name=\"twitter:card\" content=\"summary_large_image\" \/>\n<meta name=\"twitter:label1\" content=\"Written by\" \/>\n\t<meta name=\"twitter:data1\" content=\"Manuel Hern\u00e1ndez May\u00e9n\" \/>\n\t<meta name=\"twitter:label2\" content=\"Est. reading time\" \/>\n\t<meta name=\"twitter:data2\" content=\"2 minutes\" \/>\n<script type=\"application\/ld+json\" class=\"yoast-schema-graph\">{\"@context\":\"https:\/\/schema.org\",\"@graph\":[{\"@type\":\"Article\",\"@id\":\"https:\/\/prensalibre-com-develop.go-vip.co\/guatevision\/historico\/neymar-10#article\",\"isPartOf\":{\"@id\":\"https:\/\/prensalibre-com-develop.go-vip.co\/guatevision\/historico\/neymar-10\"},\"author\":{\"name\":\"Manuel Hern\u00e1ndez May\u00e9n\",\"@id\":\"https:\/\/prensalibre-com-develop.go-vip.co\/guatevision\/#\/schema\/person\/5b34ef10da9eb6f366b1c186913efddd\"},\"headline\":\"Neymar volver\u00eda en las v\u00edsperas del mundial\",\"datePublished\":\"2018-02-28T00:30:42+00:00\",\"dateModified\":\"2018-02-27T21:00:12+00:00\",\"mainEntityOfPage\":{\"@id\":\"https:\/\/prensalibre-com-develop.go-vip.co\/guatevision\/historico\/neymar-10\"},\"wordCount\":369,\"commentCount\":0,\"publisher\":{\"@id\":\"https:\/\/prensalibre-com-develop.go-vip.co\/guatevision\/#organization\"},\"image\":{\"@id\":\"https:\/\/prensalibre-com-develop.go-vip.co\/guatevision\/historico\/neymar-10#primaryimage\"},\"thumbnailUrl\":\"https:\/\/prensalibre-com-develop.go-vip.co\/guatevision\/wp-content\/uploads\/sites\/2\/2017\/09\/PSG-Neymar-Cavani-Bayern.png?quality=82\",\"keywords\":[\"F\u00fatbol Internacional\",\"Neymar\",\"Paris Sain-Germain\",\"PSG\",\"Rusia 2018\"],\"inLanguage\":\"es-GT\",\"potentialAction\":[{\"@type\":\"CommentAction\",\"name\":\"Comment\",\"target\":[\"https:\/\/prensalibre-com-develop.go-vip.co\/guatevision\/historico\/neymar-10#respond\"]}]},{\"@type\":\"WebPage\",\"@id\":\"https:\/\/prensalibre-com-develop.go-vip.co\/guatevision\/historico\/neymar-10\",\"url\":\"https:\/\/prensalibre-com-develop.go-vip.co\/guatevision\/historico\/neymar-10\",\"name\":\"Neymar volver\u00eda en las v\u00edsperas del mundial de Rusia 2018\",\"isPartOf\":{\"@id\":\"https:\/\/prensalibre-com-develop.go-vip.co\/guatevision\/#website\"},\"primaryImageOfPage\":{\"@id\":\"https:\/\/prensalibre-com-develop.go-vip.co\/guatevision\/historico\/neymar-10#primaryimage\"},\"image\":{\"@id\":\"https:\/\/prensalibre-com-develop.go-vip.co\/guatevision\/historico\/neymar-10#primaryimage\"},\"thumbnailUrl\":\"https:\/\/prensalibre-com-develop.go-vip.co\/guatevision\/wp-content\/uploads\/sites\/2\/2017\/09\/PSG-Neymar-Cavani-Bayern.png?quality=82\",\"datePublished\":\"2018-02-28T00:30:42+00:00\",\"dateModified\":\"2018-02-27T21:00:12+00:00\",\"description\":\"Neymar deber\u00e1 operarse de la fisura que sufre en el quinto metatarsiano del pie derecho y estar\u00e1 de baja hasta mayo, asegur\u00f3 el sitio brasile\u00f1o GloboEsporte\",\"inLanguage\":\"es-GT\",\"potentialAction\":[{\"@type\":\"ReadAction\",\"target\":[\"https:\/\/prensalibre-com-develop.go-vip.co\/guatevision\/historico\/neymar-10\"]}]},{\"@type\":\"ImageObject\",\"inLanguage\":\"es-GT\",\"@id\":\"https:\/\/prensalibre-com-develop.go-vip.co\/guatevision\/historico\/neymar-10#primaryimage\",\"url\":\"https:\/\/prensalibre-com-develop.go-vip.co\/guatevision\/wp-content\/uploads\/sites\/2\/2017\/09\/PSG-Neymar-Cavani-Bayern.png?quality=82\",\"contentUrl\":\"https:\/\/prensalibre-com-develop.go-vip.co\/guatevision\/wp-content\/uploads\/sites\/2\/2017\/09\/PSG-Neymar-Cavani-Bayern.png?quality=82\",\"width\":660,\"height\":371,\"caption\":\"Foto: AFP\"},{\"@type\":\"WebSite\",\"@id\":\"https:\/\/prensalibre-com-develop.go-vip.co\/guatevision\/#website\",\"url\":\"https:\/\/prensalibre-com-develop.go-vip.co\/guatevision\/\",\"name\":\"Guatevision\",\"description\":\"\u00a1Enciende Lo Bueno!\",\"publisher\":{\"@id\":\"https:\/\/prensalibre-com-develop.go-vip.co\/guatevision\/#organization\"},\"potentialAction\":[{\"@type\":\"SearchAction\",\"target\":{\"@type\":\"EntryPoint\",\"urlTemplate\":\"https:\/\/prensalibre-com-develop.go-vip.co\/guatevision\/?s={search_term_string}\"},\"query-input\":{\"@type\":\"PropertyValueSpecification\",\"valueRequired\":true,\"valueName\":\"search_term_string\"}}],\"inLanguage\":\"es-GT\"},{\"@type\":\"Organization\",\"@id\":\"https:\/\/prensalibre-com-develop.go-vip.co\/guatevision\/#organization\",\"name\":\"Guatevision\",\"url\":\"https:\/\/prensalibre-com-develop.go-vip.co\/guatevision\/\",\"logo\":{\"@type\":\"ImageObject\",\"inLanguage\":\"es-GT\",\"@id\":\"https:\/\/prensalibre-com-develop.go-vip.co\/guatevision\/#\/schema\/logo\/image\/\",\"url\":\"https:\/\/prensalibre-com-develop.go-vip.co\/guatevision\/wp-content\/uploads\/sites\/2\/2026\/04\/Diseno-sin-titulo.png?quality=82\",\"contentUrl\":\"https:\/\/prensalibre-com-develop.go-vip.co\/guatevision\/wp-content\/uploads\/sites\/2\/2026\/04\/Diseno-sin-titulo.png?quality=82\",\"width\":1000,\"height\":600,\"caption\":\"Guatevision\"},\"image\":{\"@id\":\"https:\/\/prensalibre-com-develop.go-vip.co\/guatevision\/#\/schema\/logo\/image\/\"}},{\"@type\":\"Person\",\"@id\":\"https:\/\/prensalibre-com-develop.go-vip.co\/guatevision\/#\/schema\/person\/5b34ef10da9eb6f366b1c186913efddd\",\"name\":\"Manuel Hern\u00e1ndez May\u00e9n\",\"image\":{\"@type\":\"ImageObject\",\"inLanguage\":\"es-GT\",\"@id\":\"https:\/\/prensalibre-com-develop.go-vip.co\/guatevision\/#\/schema\/person\/image\/433265d8a81413206f8dd780c513ffd7\",\"url\":\"https:\/\/secure.gravatar.com\/avatar\/d6d67d029230e2c79470aabd3184418289f224c20a44e2beaa5864a18da50d01?s=96&d=mm&r=g\",\"contentUrl\":\"https:\/\/secure.gravatar.com\/avatar\/d6d67d029230e2c79470aabd3184418289f224c20a44e2beaa5864a18da50d01?s=96&d=mm&r=g\",\"caption\":\"Manuel Hern\u00e1ndez May\u00e9n\"},\"url\":\"https:\/\/prensalibre-com-develop.go-vip.co\/guatevision\/author\/mdhernandez\"}]}<\/script>\n<!-- \/ Yoast SEO plugin. -->","yoast_head_json":{"title":"Neymar volver\u00eda en las v\u00edsperas del mundial de Rusia 2018","description":"Neymar deber\u00e1 operarse de la fisura que sufre en el quinto metatarsiano del pie derecho y estar\u00e1 de baja hasta mayo, asegur\u00f3 el sitio brasile\u00f1o GloboEsporte","robots":{"index":"index","follow":"follow","max-snippet":"max-snippet:-1","max-image-preview":"max-image-preview:large","max-video-preview":"max-video-preview:-1"},"canonical":"https:\/\/prensalibre-com-develop.go-vip.co\/guatevision\/historico\/neymar-10","og_locale":"es_ES","og_type":"article","og_title":"Neymar volver\u00eda en las v\u00edsperas del mundial de Rusia 2018","og_description":"Neymar deber\u00e1 operarse de la fisura que sufre en el quinto metatarsiano del pie derecho y estar\u00e1 de baja hasta mayo, asegur\u00f3 el sitio brasile\u00f1o GloboEsporte","og_url":"https:\/\/prensalibre-com-develop.go-vip.co\/guatevision\/historico\/neymar-10","og_site_name":"Guatevision","article_published_time":"2018-02-28T00:30:42+00:00","article_modified_time":"2018-02-27T21:00:12+00:00","og_image":[{"width":660,"height":371,"url":"https:\/\/prensalibre-com-develop.go-vip.co\/guatevision\/wp-content\/uploads\/sites\/2\/2017\/09\/PSG-Neymar-Cavani-Bayern.png?quality=82","type":"image\/png"}],"author":"Manuel Hern\u00e1ndez May\u00e9n","twitter_card":"summary_large_image","twitter_misc":{"Written by":"Manuel Hern\u00e1ndez May\u00e9n","Est. reading time":"2 minutes"},"schema":{"@context":"https:\/\/schema.org","@graph":[{"@type":"Article","@id":"https:\/\/prensalibre-com-develop.go-vip.co\/guatevision\/historico\/neymar-10#article","isPartOf":{"@id":"https:\/\/prensalibre-com-develop.go-vip.co\/guatevision\/historico\/neymar-10"},"author":{"name":"Manuel Hern\u00e1ndez May\u00e9n","@id":"https:\/\/prensalibre-com-develop.go-vip.co\/guatevision\/#\/schema\/person\/5b34ef10da9eb6f366b1c186913efddd"},"headline":"Neymar volver\u00eda en las v\u00edsperas del mundial","datePublished":"2018-02-28T00:30:42+00:00","dateModified":"2018-02-27T21:00:12+00:00","mainEntityOfPage":{"@id":"https:\/\/prensalibre-com-develop.go-vip.co\/guatevision\/historico\/neymar-10"},"wordCount":369,"commentCount":0,"publisher":{"@id":"https:\/\/prensalibre-com-develop.go-vip.co\/guatevision\/#organization"},"image":{"@id":"https:\/\/prensalibre-com-develop.go-vip.co\/guatevision\/historico\/neymar-10#primaryimage"},"thumbnailUrl":"https:\/\/prensalibre-com-develop.go-vip.co\/guatevision\/wp-content\/uploads\/sites\/2\/2017\/09\/PSG-Neymar-Cavani-Bayern.png?quality=82","keywords":["F\u00fatbol Internacional","Neymar","Paris Sain-Germain","PSG","Rusia 2018"],"inLanguage":"es-GT","potentialAction":[{"@type":"CommentAction","name":"Comment","target":["https:\/\/prensalibre-com-develop.go-vip.co\/guatevision\/historico\/neymar-10#respond"]}]},{"@type":"WebPage","@id":"https:\/\/prensalibre-com-develop.go-vip.co\/guatevision\/historico\/neymar-10","url":"https:\/\/prensalibre-com-develop.go-vip.co\/guatevision\/historico\/neymar-10","name":"Neymar volver\u00eda en las v\u00edsperas del mundial de Rusia 2018","isPartOf":{"@id":"https:\/\/prensalibre-com-develop.go-vip.co\/guatevision\/#website"},"primaryImageOfPage":{"@id":"https:\/\/prensalibre-com-develop.go-vip.co\/guatevision\/historico\/neymar-10#primaryimage"},"image":{"@id":"https:\/\/prensalibre-com-develop.go-vip.co\/guatevision\/historico\/neymar-10#primaryimage"},"thumbnailUrl":"https:\/\/prensalibre-com-develop.go-vip.co\/guatevision\/wp-content\/uploads\/sites\/2\/2017\/09\/PSG-Neymar-Cavani-Bayern.png?quality=82","datePublished":"2018-02-28T00:30:42+00:00","dateModified":"2018-02-27T21:00:12+00:00","description":"Neymar deber\u00e1 operarse de la fisura que sufre en el quinto metatarsiano del pie derecho y estar\u00e1 de baja hasta mayo, asegur\u00f3 el sitio brasile\u00f1o GloboEsporte","inLanguage":"es-GT","potentialAction":[{"@type":"ReadAction","target":["https:\/\/prensalibre-com-develop.go-vip.co\/guatevision\/historico\/neymar-10"]}]},{"@type":"ImageObject","inLanguage":"es-GT","@id":"https:\/\/prensalibre-com-develop.go-vip.co\/guatevision\/historico\/neymar-10#primaryimage","url":"https:\/\/prensalibre-com-develop.go-vip.co\/guatevision\/wp-content\/uploads\/sites\/2\/2017\/09\/PSG-Neymar-Cavani-Bayern.png?quality=82","contentUrl":"https:\/\/prensalibre-com-develop.go-vip.co\/guatevision\/wp-content\/uploads\/sites\/2\/2017\/09\/PSG-Neymar-Cavani-Bayern.png?quality=82","width":660,"height":371,"caption":"Foto: AFP"},{"@type":"WebSite","@id":"https:\/\/prensalibre-com-develop.go-vip.co\/guatevision\/#website","url":"https:\/\/prensalibre-com-develop.go-vip.co\/guatevision\/","name":"Guatevision","description":"\u00a1Enciende Lo Bueno!","publisher":{"@id":"https:\/\/prensalibre-com-develop.go-vip.co\/guatevision\/#organization"},"potentialAction":[{"@type":"SearchAction","target":{"@type":"EntryPoint","urlTemplate":"https:\/\/prensalibre-com-develop.go-vip.co\/guatevision\/?s={search_term_string}"},"query-input":{"@type":"PropertyValueSpecification","valueRequired":true,"valueName":"search_term_string"}}],"inLanguage":"es-GT"},{"@type":"Organization","@id":"https:\/\/prensalibre-com-develop.go-vip.co\/guatevision\/#organization","name":"Guatevision","url":"https:\/\/prensalibre-com-develop.go-vip.co\/guatevision\/","logo":{"@type":"ImageObject","inLanguage":"es-GT","@id":"https:\/\/prensalibre-com-develop.go-vip.co\/guatevision\/#\/schema\/logo\/image\/","url":"https:\/\/prensalibre-com-develop.go-vip.co\/guatevision\/wp-content\/uploads\/sites\/2\/2026\/04\/Diseno-sin-titulo.png?quality=82","contentUrl":"https:\/\/prensalibre-com-develop.go-vip.co\/guatevision\/wp-content\/uploads\/sites\/2\/2026\/04\/Diseno-sin-titulo.png?quality=82","width":1000,"height":600,"caption":"Guatevision"},"image":{"@id":"https:\/\/prensalibre-com-develop.go-vip.co\/guatevision\/#\/schema\/logo\/image\/"}},{"@type":"Person","@id":"https:\/\/prensalibre-com-develop.go-vip.co\/guatevision\/#\/schema\/person\/5b34ef10da9eb6f366b1c186913efddd","name":"Manuel Hern\u00e1ndez May\u00e9n","image":{"@type":"ImageObject","inLanguage":"es-GT","@id":"https:\/\/prensalibre-com-develop.go-vip.co\/guatevision\/#\/schema\/person\/image\/433265d8a81413206f8dd780c513ffd7","url":"https:\/\/secure.gravatar.com\/avatar\/d6d67d029230e2c79470aabd3184418289f224c20a44e2beaa5864a18da50d01?s=96&d=mm&r=g","contentUrl":"https:\/\/secure.gravatar.com\/avatar\/d6d67d029230e2c79470aabd3184418289f224c20a44e2beaa5864a18da50d01?s=96&d=mm&r=g","caption":"Manuel Hern\u00e1ndez May\u00e9n"},"url":"https:\/\/prensalibre-com-develop.go-vip.co\/guatevision\/author\/mdhernandez"}]}},"jetpack_featured_media_url":"https:\/\/prensalibre-com-develop.go-vip.co\/guatevision\/wp-content\/uploads\/sites\/2\/2017\/09\/PSG-Neymar-Cavani-Bayern.png?quality=82","jetpack_sharing_enabled":true,"_links":{"self":[{"href":"https:\/\/prensalibre-com-develop.go-vip.co\/guatevision\/wp-json\/wp\/v2\/posts\/153880","targetHints":{"allow":["GET"]}}],"collection":[{"href":"https:\/\/prensalibre-com-develop.go-vip.co\/guatevision\/wp-json\/wp\/v2\/posts"}],"about":[{"href":"https:\/\/prensalibre-com-develop.go-vip.co\/guatevision\/wp-json\/wp\/v2\/types\/post"}],"author":[{"embeddable":true,"href":"https:\/\/prensalibre-com-develop.go-vip.co\/guatevision\/wp-json\/wp\/v2\/users\/71"}],"replies":[{"embeddable":true,"href":"https:\/\/prensalibre-com-develop.go-vip.co\/guatevision\/wp-json\/wp\/v2\/comments?post=153880"}],"version-history":[{"count":0,"href":"https:\/\/prensalibre-com-develop.go-vip.co\/guatevision\/wp-json\/wp\/v2\/posts\/153880\/revisions"}],"wp:featuredmedia":[{"embeddable":true,"href":"https:\/\/prensalibre-com-develop.go-vip.co\/guatevision\/wp-json\/wp\/v2\/media\/119385"}],"wp:attachment":[{"href":"https:\/\/prensalibre-com-develop.go-vip.co\/guatevision\/wp-json\/wp\/v2\/media?parent=153880"}],"wp:term":[{"taxonomy":"category","embeddable":true,"href":"https:\/\/prensalibre-com-develop.go-vip.co\/guatevision\/wp-json\/wp\/v2\/categories?post=153880"},{"taxonomy":"etiqueta","embeddable":true,"href":"https:\/\/prensalibre-com-develop.go-vip.co\/guatevision\/wp-json\/wp\/v2\/etiqueta?post=153880"}],"curies":[{"name":"wp","href":"https:\/\/api.w.org\/{rel}","templated":true}]}}