{"id":153882,"date":"2018-02-27T17:20:24","date_gmt":"2018-02-27T23:20:24","guid":{"rendered":"https:\/\/prensalibre-com-develop.go-vip.co\/guatevision\/?p=153882"},"modified":"2018-02-27T15:44:16","modified_gmt":"2018-02-27T21:44:16","slug":"boxeo","status":"publish","type":"post","link":"https:\/\/prensalibre-com-develop.go-vip.co\/guatevision\/historico\/boxeo","title":{"rendered":"Boxeo guatemalteco, buscar\u00e1 las plazas a Barranquilla."},"content":{"rendered":"<p>El boxeo guatemalteco buscar\u00e1 destacar en el pr\u00f3ximo clasificatorio que otorga plazas para los Centroamericanos y del Caribe<\/p>\n\n<p>Tijuana M\u00e9xico, ser\u00e1 la cita donde 12 pugilistas nacionales buscar\u00e1n una de las diez plazas para Barranquilla.<\/p>\n<p>&nbsp;<\/p>\n<h3>Casi todas las divisiones.<\/h3>\n<p>Encabezados por mundialistas de Hamburgo, Lester Mart\u00ednez y Michael Tello, el equipo varonil est\u00e1 conformado por 12 pugilistas.<\/p>\n<p>Mart\u00ednez buscar\u00e1 su plaza en la categor\u00eda de los -75 kilogramos, Tellos por su parte en los -49 kgs.<\/p>\n<p>As\u00ed mismo otros de renombre y recorrido, como Jos\u00e9 Virula, Walter Duarte entre otros.<\/p>\n<p>De las diez divisiones en competencia, Guatemala tendr\u00e1 oportunidad de participar en 9 respectivamente.<\/p>\n<p>As\u00ed mismo cinco categor\u00edas otorgan diez plazas, las -49, -52, -56, -81 y -91.<\/p>\n<p>Adem\u00e1s las categor\u00edas de -60, -64, -69 y -75 otorgar\u00e1n cuatro plazas.<\/p>\n<p>&nbsp;<\/p>\n<p><b>Varones<\/b><\/p>\n<ul>\n<li>Michael Tello -49 kgs<\/li>\n<li>Eddy Valenzuela -52 kgs<\/li>\n<li>Juan Reyes -56kgs<\/li>\n<li>Joselito Aguirre -60 kgs<\/li>\n<li>Carlos Tobar -64kgs<\/li>\n<li>Walter Duarte -69kgs<\/li>\n<li>Lester Mart\u00ednez -75kgs<\/li>\n<li>Jos\u00e9 Mar\u00eda Virula -81kgs<\/li>\n<li>Fernando Sotomayor -91kgs<\/li>\n<\/ul>\n<p>&nbsp;<\/p>\n<h3>Boxeo femenino.<\/h3>\n<p>LA delegaci\u00f3n se complementa con tres damas.<\/p>\n<ul>\n<li>Maria Micheo 48kgs<\/li>\n<li>Leilany Reyes -54ks.<\/li>\n<li>Victoria Kristchey 75 kgs<\/li>\n<\/ul>\n<p>&nbsp;<\/p>\n<p>El torneo clasificatorio se disputar\u00e1 de 9 al 18 de marzo, en la ciudad de Tijuana, Baja California Estados Unidos.<\/p>\n","protected":false},"excerpt":{"rendered":"<p>El torneo clasificatorio se disputar\u00e1 de 9 al 18 de marzo, en la ciudad de Tijuana, Baja California Estados Unidos.<\/p>\n","protected":false},"author":71,"featured_media":153897,"comment_status":"open","ping_status":"closed","sticky":false,"template":"","format":"standard","meta":{"_jetpack_memberships_contains_paid_content":false,"footnotes":""},"categories":[],"etiqueta":[],"class_list":["post-153882","post","type-post","status-publish","format-standard","has-post-thumbnail","hentry"],"yoast_head":"<!-- This site is optimized with the Yoast SEO plugin v23.9 - https:\/\/yoast.com\/wordpress\/plugins\/seo\/ -->\n<title>Boxeo guatemalteco, buscar\u00e1 las plazas a Barranquilla.<\/title>\n<meta name=\"description\" content=\"El boxeo guatemalteco buscar\u00e1 destacar en el pr\u00f3ximo clasificatorio que otorga plazas para los Centroamericanos y del Caribe\" \/>\n<meta name=\"robots\" content=\"index, follow, max-snippet:-1, max-image-preview:large, max-video-preview:-1\" \/>\n<link rel=\"canonical\" href=\"https:\/\/prensalibre-com-develop.go-vip.co\/guatevision\/historico\/boxeo\" \/>\n<meta property=\"og:locale\" content=\"es_ES\" \/>\n<meta property=\"og:type\" content=\"article\" \/>\n<meta property=\"og:title\" content=\"Boxeo guatemalteco, buscar\u00e1 las plazas a Barranquilla.\" \/>\n<meta property=\"og:description\" content=\"El boxeo guatemalteco buscar\u00e1 destacar en el pr\u00f3ximo clasificatorio que otorga plazas para los Centroamericanos y del Caribe\" \/>\n<meta property=\"og:url\" content=\"https:\/\/prensalibre-com-develop.go-vip.co\/guatevision\/historico\/boxeo\" \/>\n<meta property=\"og:site_name\" content=\"Guatevision\" \/>\n<meta property=\"article:published_time\" content=\"2018-02-27T23:20:24+00:00\" \/>\n<meta property=\"article:modified_time\" content=\"2018-02-27T21:44:16+00:00\" \/>\n<meta property=\"og:image\" content=\"https:\/\/prensalibre-com-develop.go-vip.co\/guatevision\/wp-content\/uploads\/sites\/2\/2018\/02\/Boxeo-Guatemala.png?quality=82\" \/>\n\t<meta property=\"og:image:width\" content=\"660\" \/>\n\t<meta property=\"og:image:height\" content=\"371\" \/>\n\t<meta property=\"og:image:type\" content=\"image\/png\" \/>\n<meta name=\"author\" content=\"Manuel Hern\u00e1ndez May\u00e9n\" \/>\n<meta name=\"twitter:card\" content=\"summary_large_image\" \/>\n<meta name=\"twitter:label1\" content=\"Written by\" \/>\n\t<meta name=\"twitter:data1\" content=\"Manuel Hern\u00e1ndez May\u00e9n\" \/>\n\t<meta name=\"twitter:label2\" content=\"Est. reading time\" \/>\n\t<meta name=\"twitter:data2\" content=\"1 minute\" \/>\n<script type=\"application\/ld+json\" class=\"yoast-schema-graph\">{\"@context\":\"https:\/\/schema.org\",\"@graph\":[{\"@type\":\"Article\",\"@id\":\"https:\/\/prensalibre-com-develop.go-vip.co\/guatevision\/historico\/boxeo#article\",\"isPartOf\":{\"@id\":\"https:\/\/prensalibre-com-develop.go-vip.co\/guatevision\/historico\/boxeo\"},\"author\":{\"name\":\"Manuel Hern\u00e1ndez May\u00e9n\",\"@id\":\"https:\/\/prensalibre-com-develop.go-vip.co\/guatevision\/#\/schema\/person\/5b34ef10da9eb6f366b1c186913efddd\"},\"headline\":\"Boxeo guatemalteco, buscar\u00e1 las plazas a Barranquilla.\",\"datePublished\":\"2018-02-27T23:20:24+00:00\",\"dateModified\":\"2018-02-27T21:44:16+00:00\",\"mainEntityOfPage\":{\"@id\":\"https:\/\/prensalibre-com-develop.go-vip.co\/guatevision\/historico\/boxeo\"},\"wordCount\":226,\"commentCount\":0,\"publisher\":{\"@id\":\"https:\/\/prensalibre-com-develop.go-vip.co\/guatevision\/#organization\"},\"image\":{\"@id\":\"https:\/\/prensalibre-com-develop.go-vip.co\/guatevision\/historico\/boxeo#primaryimage\"},\"thumbnailUrl\":\"https:\/\/prensalibre-com-develop.go-vip.co\/guatevision\/wp-content\/uploads\/sites\/2\/2018\/02\/Boxeo-Guatemala.png?quality=82\",\"keywords\":[\"boxeo\",\"Lester Mart\u00ednez\",\"Michael Tello\",\"Tijuana\"],\"inLanguage\":\"es-GT\",\"potentialAction\":[{\"@type\":\"CommentAction\",\"name\":\"Comment\",\"target\":[\"https:\/\/prensalibre-com-develop.go-vip.co\/guatevision\/historico\/boxeo#respond\"]}]},{\"@type\":\"WebPage\",\"@id\":\"https:\/\/prensalibre-com-develop.go-vip.co\/guatevision\/historico\/boxeo\",\"url\":\"https:\/\/prensalibre-com-develop.go-vip.co\/guatevision\/historico\/boxeo\",\"name\":\"Boxeo guatemalteco, buscar\u00e1 las plazas a Barranquilla.\",\"isPartOf\":{\"@id\":\"https:\/\/prensalibre-com-develop.go-vip.co\/guatevision\/#website\"},\"primaryImageOfPage\":{\"@id\":\"https:\/\/prensalibre-com-develop.go-vip.co\/guatevision\/historico\/boxeo#primaryimage\"},\"image\":{\"@id\":\"https:\/\/prensalibre-com-develop.go-vip.co\/guatevision\/historico\/boxeo#primaryimage\"},\"thumbnailUrl\":\"https:\/\/prensalibre-com-develop.go-vip.co\/guatevision\/wp-content\/uploads\/sites\/2\/2018\/02\/Boxeo-Guatemala.png?quality=82\",\"datePublished\":\"2018-02-27T23:20:24+00:00\",\"dateModified\":\"2018-02-27T21:44:16+00:00\",\"description\":\"El boxeo guatemalteco buscar\u00e1 destacar en el pr\u00f3ximo clasificatorio que otorga plazas para los Centroamericanos y del Caribe\",\"inLanguage\":\"es-GT\",\"potentialAction\":[{\"@type\":\"ReadAction\",\"target\":[\"https:\/\/prensalibre-com-develop.go-vip.co\/guatevision\/historico\/boxeo\"]}]},{\"@type\":\"ImageObject\",\"inLanguage\":\"es-GT\",\"@id\":\"https:\/\/prensalibre-com-develop.go-vip.co\/guatevision\/historico\/boxeo#primaryimage\",\"url\":\"https:\/\/prensalibre-com-develop.go-vip.co\/guatevision\/wp-content\/uploads\/sites\/2\/2018\/02\/Boxeo-Guatemala.png?quality=82\",\"contentUrl\":\"https:\/\/prensalibre-com-develop.go-vip.co\/guatevision\/wp-content\/uploads\/sites\/2\/2018\/02\/Boxeo-Guatemala.png?quality=82\",\"width\":660,\"height\":371,\"caption\":\"Boxeo-Guatemala\"},{\"@type\":\"WebSite\",\"@id\":\"https:\/\/prensalibre-com-develop.go-vip.co\/guatevision\/#website\",\"url\":\"https:\/\/prensalibre-com-develop.go-vip.co\/guatevision\/\",\"name\":\"Guatevision\",\"description\":\"\u00a1Enciende Lo Bueno!\",\"publisher\":{\"@id\":\"https:\/\/prensalibre-com-develop.go-vip.co\/guatevision\/#organization\"},\"potentialAction\":[{\"@type\":\"SearchAction\",\"target\":{\"@type\":\"EntryPoint\",\"urlTemplate\":\"https:\/\/prensalibre-com-develop.go-vip.co\/guatevision\/?s={search_term_string}\"},\"query-input\":{\"@type\":\"PropertyValueSpecification\",\"valueRequired\":true,\"valueName\":\"search_term_string\"}}],\"inLanguage\":\"es-GT\"},{\"@type\":\"Organization\",\"@id\":\"https:\/\/prensalibre-com-develop.go-vip.co\/guatevision\/#organization\",\"name\":\"Guatevision\",\"url\":\"https:\/\/prensalibre-com-develop.go-vip.co\/guatevision\/\",\"logo\":{\"@type\":\"ImageObject\",\"inLanguage\":\"es-GT\",\"@id\":\"https:\/\/prensalibre-com-develop.go-vip.co\/guatevision\/#\/schema\/logo\/image\/\",\"url\":\"https:\/\/prensalibre-com-develop.go-vip.co\/guatevision\/wp-content\/uploads\/sites\/2\/2026\/04\/Diseno-sin-titulo.png?quality=82\",\"contentUrl\":\"https:\/\/prensalibre-com-develop.go-vip.co\/guatevision\/wp-content\/uploads\/sites\/2\/2026\/04\/Diseno-sin-titulo.png?quality=82\",\"width\":1000,\"height\":600,\"caption\":\"Guatevision\"},\"image\":{\"@id\":\"https:\/\/prensalibre-com-develop.go-vip.co\/guatevision\/#\/schema\/logo\/image\/\"}},{\"@type\":\"Person\",\"@id\":\"https:\/\/prensalibre-com-develop.go-vip.co\/guatevision\/#\/schema\/person\/5b34ef10da9eb6f366b1c186913efddd\",\"name\":\"Manuel Hern\u00e1ndez May\u00e9n\",\"image\":{\"@type\":\"ImageObject\",\"inLanguage\":\"es-GT\",\"@id\":\"https:\/\/prensalibre-com-develop.go-vip.co\/guatevision\/#\/schema\/person\/image\/433265d8a81413206f8dd780c513ffd7\",\"url\":\"https:\/\/secure.gravatar.com\/avatar\/d6d67d029230e2c79470aabd3184418289f224c20a44e2beaa5864a18da50d01?s=96&d=mm&r=g\",\"contentUrl\":\"https:\/\/secure.gravatar.com\/avatar\/d6d67d029230e2c79470aabd3184418289f224c20a44e2beaa5864a18da50d01?s=96&d=mm&r=g\",\"caption\":\"Manuel Hern\u00e1ndez May\u00e9n\"},\"url\":\"https:\/\/prensalibre-com-develop.go-vip.co\/guatevision\/author\/mdhernandez\"}]}<\/script>\n<!-- \/ Yoast SEO plugin. -->","yoast_head_json":{"title":"Boxeo guatemalteco, buscar\u00e1 las plazas a Barranquilla.","description":"El boxeo guatemalteco buscar\u00e1 destacar en el pr\u00f3ximo clasificatorio que otorga plazas para los Centroamericanos y del Caribe","robots":{"index":"index","follow":"follow","max-snippet":"max-snippet:-1","max-image-preview":"max-image-preview:large","max-video-preview":"max-video-preview:-1"},"canonical":"https:\/\/prensalibre-com-develop.go-vip.co\/guatevision\/historico\/boxeo","og_locale":"es_ES","og_type":"article","og_title":"Boxeo guatemalteco, buscar\u00e1 las plazas a Barranquilla.","og_description":"El boxeo guatemalteco buscar\u00e1 destacar en el pr\u00f3ximo clasificatorio que otorga plazas para los Centroamericanos y del Caribe","og_url":"https:\/\/prensalibre-com-develop.go-vip.co\/guatevision\/historico\/boxeo","og_site_name":"Guatevision","article_published_time":"2018-02-27T23:20:24+00:00","article_modified_time":"2018-02-27T21:44:16+00:00","og_image":[{"width":660,"height":371,"url":"https:\/\/prensalibre-com-develop.go-vip.co\/guatevision\/wp-content\/uploads\/sites\/2\/2018\/02\/Boxeo-Guatemala.png?quality=82","type":"image\/png"}],"author":"Manuel Hern\u00e1ndez May\u00e9n","twitter_card":"summary_large_image","twitter_misc":{"Written by":"Manuel Hern\u00e1ndez May\u00e9n","Est. reading time":"1 minute"},"schema":{"@context":"https:\/\/schema.org","@graph":[{"@type":"Article","@id":"https:\/\/prensalibre-com-develop.go-vip.co\/guatevision\/historico\/boxeo#article","isPartOf":{"@id":"https:\/\/prensalibre-com-develop.go-vip.co\/guatevision\/historico\/boxeo"},"author":{"name":"Manuel Hern\u00e1ndez May\u00e9n","@id":"https:\/\/prensalibre-com-develop.go-vip.co\/guatevision\/#\/schema\/person\/5b34ef10da9eb6f366b1c186913efddd"},"headline":"Boxeo guatemalteco, buscar\u00e1 las plazas a Barranquilla.","datePublished":"2018-02-27T23:20:24+00:00","dateModified":"2018-02-27T21:44:16+00:00","mainEntityOfPage":{"@id":"https:\/\/prensalibre-com-develop.go-vip.co\/guatevision\/historico\/boxeo"},"wordCount":226,"commentCount":0,"publisher":{"@id":"https:\/\/prensalibre-com-develop.go-vip.co\/guatevision\/#organization"},"image":{"@id":"https:\/\/prensalibre-com-develop.go-vip.co\/guatevision\/historico\/boxeo#primaryimage"},"thumbnailUrl":"https:\/\/prensalibre-com-develop.go-vip.co\/guatevision\/wp-content\/uploads\/sites\/2\/2018\/02\/Boxeo-Guatemala.png?quality=82","keywords":["boxeo","Lester Mart\u00ednez","Michael Tello","Tijuana"],"inLanguage":"es-GT","potentialAction":[{"@type":"CommentAction","name":"Comment","target":["https:\/\/prensalibre-com-develop.go-vip.co\/guatevision\/historico\/boxeo#respond"]}]},{"@type":"WebPage","@id":"https:\/\/prensalibre-com-develop.go-vip.co\/guatevision\/historico\/boxeo","url":"https:\/\/prensalibre-com-develop.go-vip.co\/guatevision\/historico\/boxeo","name":"Boxeo guatemalteco, buscar\u00e1 las plazas a Barranquilla.","isPartOf":{"@id":"https:\/\/prensalibre-com-develop.go-vip.co\/guatevision\/#website"},"primaryImageOfPage":{"@id":"https:\/\/prensalibre-com-develop.go-vip.co\/guatevision\/historico\/boxeo#primaryimage"},"image":{"@id":"https:\/\/prensalibre-com-develop.go-vip.co\/guatevision\/historico\/boxeo#primaryimage"},"thumbnailUrl":"https:\/\/prensalibre-com-develop.go-vip.co\/guatevision\/wp-content\/uploads\/sites\/2\/2018\/02\/Boxeo-Guatemala.png?quality=82","datePublished":"2018-02-27T23:20:24+00:00","dateModified":"2018-02-27T21:44:16+00:00","description":"El boxeo guatemalteco buscar\u00e1 destacar en el pr\u00f3ximo clasificatorio que otorga plazas para los Centroamericanos y del Caribe","inLanguage":"es-GT","potentialAction":[{"@type":"ReadAction","target":["https:\/\/prensalibre-com-develop.go-vip.co\/guatevision\/historico\/boxeo"]}]},{"@type":"ImageObject","inLanguage":"es-GT","@id":"https:\/\/prensalibre-com-develop.go-vip.co\/guatevision\/historico\/boxeo#primaryimage","url":"https:\/\/prensalibre-com-develop.go-vip.co\/guatevision\/wp-content\/uploads\/sites\/2\/2018\/02\/Boxeo-Guatemala.png?quality=82","contentUrl":"https:\/\/prensalibre-com-develop.go-vip.co\/guatevision\/wp-content\/uploads\/sites\/2\/2018\/02\/Boxeo-Guatemala.png?quality=82","width":660,"height":371,"caption":"Boxeo-Guatemala"},{"@type":"WebSite","@id":"https:\/\/prensalibre-com-develop.go-vip.co\/guatevision\/#website","url":"https:\/\/prensalibre-com-develop.go-vip.co\/guatevision\/","name":"Guatevision","description":"\u00a1Enciende Lo Bueno!","publisher":{"@id":"https:\/\/prensalibre-com-develop.go-vip.co\/guatevision\/#organization"},"potentialAction":[{"@type":"SearchAction","target":{"@type":"EntryPoint","urlTemplate":"https:\/\/prensalibre-com-develop.go-vip.co\/guatevision\/?s={search_term_string}"},"query-input":{"@type":"PropertyValueSpecification","valueRequired":true,"valueName":"search_term_string"}}],"inLanguage":"es-GT"},{"@type":"Organization","@id":"https:\/\/prensalibre-com-develop.go-vip.co\/guatevision\/#organization","name":"Guatevision","url":"https:\/\/prensalibre-com-develop.go-vip.co\/guatevision\/","logo":{"@type":"ImageObject","inLanguage":"es-GT","@id":"https:\/\/prensalibre-com-develop.go-vip.co\/guatevision\/#\/schema\/logo\/image\/","url":"https:\/\/prensalibre-com-develop.go-vip.co\/guatevision\/wp-content\/uploads\/sites\/2\/2026\/04\/Diseno-sin-titulo.png?quality=82","contentUrl":"https:\/\/prensalibre-com-develop.go-vip.co\/guatevision\/wp-content\/uploads\/sites\/2\/2026\/04\/Diseno-sin-titulo.png?quality=82","width":1000,"height":600,"caption":"Guatevision"},"image":{"@id":"https:\/\/prensalibre-com-develop.go-vip.co\/guatevision\/#\/schema\/logo\/image\/"}},{"@type":"Person","@id":"https:\/\/prensalibre-com-develop.go-vip.co\/guatevision\/#\/schema\/person\/5b34ef10da9eb6f366b1c186913efddd","name":"Manuel Hern\u00e1ndez May\u00e9n","image":{"@type":"ImageObject","inLanguage":"es-GT","@id":"https:\/\/prensalibre-com-develop.go-vip.co\/guatevision\/#\/schema\/person\/image\/433265d8a81413206f8dd780c513ffd7","url":"https:\/\/secure.gravatar.com\/avatar\/d6d67d029230e2c79470aabd3184418289f224c20a44e2beaa5864a18da50d01?s=96&d=mm&r=g","contentUrl":"https:\/\/secure.gravatar.com\/avatar\/d6d67d029230e2c79470aabd3184418289f224c20a44e2beaa5864a18da50d01?s=96&d=mm&r=g","caption":"Manuel Hern\u00e1ndez May\u00e9n"},"url":"https:\/\/prensalibre-com-develop.go-vip.co\/guatevision\/author\/mdhernandez"}]}},"jetpack_featured_media_url":"https:\/\/prensalibre-com-develop.go-vip.co\/guatevision\/wp-content\/uploads\/sites\/2\/2018\/02\/Boxeo-Guatemala.png?quality=82","jetpack_sharing_enabled":true,"_links":{"self":[{"href":"https:\/\/prensalibre-com-develop.go-vip.co\/guatevision\/wp-json\/wp\/v2\/posts\/153882","targetHints":{"allow":["GET"]}}],"collection":[{"href":"https:\/\/prensalibre-com-develop.go-vip.co\/guatevision\/wp-json\/wp\/v2\/posts"}],"about":[{"href":"https:\/\/prensalibre-com-develop.go-vip.co\/guatevision\/wp-json\/wp\/v2\/types\/post"}],"author":[{"embeddable":true,"href":"https:\/\/prensalibre-com-develop.go-vip.co\/guatevision\/wp-json\/wp\/v2\/users\/71"}],"replies":[{"embeddable":true,"href":"https:\/\/prensalibre-com-develop.go-vip.co\/guatevision\/wp-json\/wp\/v2\/comments?post=153882"}],"version-history":[{"count":0,"href":"https:\/\/prensalibre-com-develop.go-vip.co\/guatevision\/wp-json\/wp\/v2\/posts\/153882\/revisions"}],"wp:featuredmedia":[{"embeddable":true,"href":"https:\/\/prensalibre-com-develop.go-vip.co\/guatevision\/wp-json\/wp\/v2\/media\/153897"}],"wp:attachment":[{"href":"https:\/\/prensalibre-com-develop.go-vip.co\/guatevision\/wp-json\/wp\/v2\/media?parent=153882"}],"wp:term":[{"taxonomy":"category","embeddable":true,"href":"https:\/\/prensalibre-com-develop.go-vip.co\/guatevision\/wp-json\/wp\/v2\/categories?post=153882"},{"taxonomy":"etiqueta","embeddable":true,"href":"https:\/\/prensalibre-com-develop.go-vip.co\/guatevision\/wp-json\/wp\/v2\/etiqueta?post=153882"}],"curies":[{"name":"wp","href":"https:\/\/api.w.org\/{rel}","templated":true}]}}