{"id":154099,"date":"2018-02-28T18:38:33","date_gmt":"2018-03-01T00:38:33","guid":{"rendered":"https:\/\/prensalibre-com-develop.go-vip.co\/guatevision\/?p=154099"},"modified":"2018-02-28T18:38:33","modified_gmt":"2018-03-01T00:38:33","slug":"jimmy-morales-destitucion-cupula-pnc","status":"publish","type":"post","link":"https:\/\/prensalibre-com-develop.go-vip.co\/guatevision\/historico\/jimmy-morales-destitucion-cupula-pnc","title":{"rendered":"Jimmy Morales aval\u00f3 la destituci\u00f3n de c\u00fapula de la PNC"},"content":{"rendered":"<p>El presidente Jimmy Morales fue el que dio el visto bueno para que se realizaran cambios en la Polic\u00eda Nacional Civil, as\u00ed lo dio a conocer el ministro de Gobernaci\u00f3n, Enrique Degenhart.<\/p>\n\n<p>Seg\u00fan el funcionario, los cambios obedecen a oxigenar la instituci\u00f3n, aunque admiti\u00f3 que las anteriores autoridades hicieron un buen trabajo y dieron resultados positivos.<\/p>\n<blockquote class=\"twitter-tweet\" data-width=\"500\" data-dnt=\"true\">\n<p lang=\"es\" dir=\"ltr\">Ministro de Gobernaci\u00f3n asegura que el presidente Jimmy Morales supo de los cambios en la PNC antes de anunciarse y que estuvo de acuerdo. <a href=\"https:\/\/t.co\/GOUoh8NrSm\">pic.twitter.com\/GOUoh8NrSm<\/a><\/p>\n<p>&mdash; Dulce Rivera (@drivera_soy502) <a href=\"https:\/\/twitter.com\/drivera_soy502\/status\/968894281938292737?ref_src=twsrc%5Etfw\">February 28, 2018<\/a><\/p><\/blockquote>\n<p><script async src=\"https:\/\/platform.twitter.com\/widgets.js\" charset=\"utf-8\"><\/script><\/p>\n<p>Degenhart asegur\u00f3 que la linea de trabajo de las nuevas autoridades de la PNC ser\u00e1 la misma. Que trabajar\u00e1n en conjunto con el MP y la CICIG y que no habr\u00e1 fuga de informaci\u00f3n. Record\u00f3 que el ahora Director de la PNC, fue un comisario que formaba parte del cuadro t\u00e9cnico de Nery Ramos.<\/p>\n<blockquote class=\"twitter-tweet\" data-width=\"500\" data-dnt=\"true\">\n<p lang=\"es\" dir=\"ltr\">Ministro de Gobernaci\u00f3n se\u00f1ala que c\u00fapula de la PNC seguir\u00e1 trabajando en conjunto con el MP y CICIG. Asegura que no ha habido fuga de informaci\u00f3n de operativos. <a href=\"https:\/\/t.co\/WDhBxiPLpp\">pic.twitter.com\/WDhBxiPLpp<\/a><\/p>\n<p>&mdash; Dulce Rivera (@drivera_soy502) <a href=\"https:\/\/twitter.com\/drivera_soy502\/status\/968895445559803904?ref_src=twsrc%5Etfw\">February 28, 2018<\/a><\/p><\/blockquote>\n<p><script async src=\"https:\/\/platform.twitter.com\/widgets.js\" charset=\"utf-8\"><\/script><\/p>\n<p>Adem\u00e1s el ministro de Gobernaci\u00f3n dijo que no se descartaban m\u00e1s cambios y agreg\u00f3 que todos los funcionarios est\u00e1n en permanente evaluaci\u00f3n.<\/p>\n<p><a href=\"https:\/\/prensalibre-com-develop.go-vip.co\/guatevision\/2018\/02\/27\/nery-ramos-dejo-una-institucion-policial-redujo-casi-800-homicidios\/\" target=\"_blank\" rel=\"noopener\">LEA:\u00a0Nery Ramos: Dejo una instituci\u00f3n policial, que redujo casi 800 homicidios<\/a><\/p>\n<div class=\"card card-image\"><\/div>\n","protected":false},"excerpt":{"rendered":"<p>El presidente Morales estuvo de acuerdo con los cambios de las autoridades de la Polic\u00eda Nacional Civil, los cuales fueron para oxigenar la instituci\u00f3n. <\/p>\n","protected":false},"author":104,"featured_media":144558,"comment_status":"open","ping_status":"closed","sticky":false,"template":"","format":"standard","meta":{"_jetpack_memberships_contains_paid_content":false,"footnotes":""},"categories":[],"etiqueta":[],"class_list":["post-154099","post","type-post","status-publish","format-standard","has-post-thumbnail","hentry"],"yoast_head":"<!-- This site is optimized with the Yoast SEO plugin v23.9 - https:\/\/yoast.com\/wordpress\/plugins\/seo\/ -->\n<title>Jimmy Morales aval\u00f3 la destituci\u00f3n de c\u00fapula de la PNC<\/title>\n<meta name=\"description\" content=\"El presidente Morales estuvo de acuerdo con los cambios de las autoridades de la Polic\u00eda Nacional Civil, los cuales fueron para oxigenar la instituci\u00f3n.\" \/>\n<meta name=\"robots\" content=\"index, follow, max-snippet:-1, max-image-preview:large, max-video-preview:-1\" \/>\n<link rel=\"canonical\" href=\"https:\/\/prensalibre-com-develop.go-vip.co\/guatevision\/historico\/jimmy-morales-destitucion-cupula-pnc\" \/>\n<meta property=\"og:locale\" content=\"es_ES\" \/>\n<meta property=\"og:type\" content=\"article\" \/>\n<meta property=\"og:title\" content=\"Jimmy Morales aval\u00f3 la destituci\u00f3n de c\u00fapula de la PNC\" \/>\n<meta property=\"og:description\" content=\"El presidente Morales estuvo de acuerdo con los cambios de las autoridades de la Polic\u00eda Nacional Civil, los cuales fueron para oxigenar la instituci\u00f3n.\" \/>\n<meta property=\"og:url\" content=\"https:\/\/prensalibre-com-develop.go-vip.co\/guatevision\/historico\/jimmy-morales-destitucion-cupula-pnc\" \/>\n<meta property=\"og:site_name\" content=\"Guatevision\" \/>\n<meta property=\"article:published_time\" content=\"2018-03-01T00:38:33+00:00\" \/>\n<meta property=\"og:image\" content=\"https:\/\/prensalibre-com-develop.go-vip.co\/guatevision\/wp-content\/uploads\/sites\/2\/2018\/01\/Captura-de-pantalla-2018-01-17-a-las-6.16.20-p.m..png?quality=82\" \/>\n\t<meta property=\"og:image:width\" content=\"660\" \/>\n\t<meta property=\"og:image:height\" content=\"371\" \/>\n\t<meta property=\"og:image:type\" content=\"image\/png\" \/>\n<meta name=\"author\" content=\"Dulce Rivera\" \/>\n<meta name=\"twitter:card\" content=\"summary_large_image\" \/>\n<meta name=\"twitter:label1\" content=\"Written by\" \/>\n\t<meta name=\"twitter:data1\" content=\"Dulce Rivera\" \/>\n\t<meta name=\"twitter:label2\" content=\"Est. reading time\" \/>\n\t<meta name=\"twitter:data2\" content=\"1 minute\" \/>\n<script type=\"application\/ld+json\" class=\"yoast-schema-graph\">{\"@context\":\"https:\/\/schema.org\",\"@graph\":[{\"@type\":\"Article\",\"@id\":\"https:\/\/prensalibre-com-develop.go-vip.co\/guatevision\/historico\/jimmy-morales-destitucion-cupula-pnc#article\",\"isPartOf\":{\"@id\":\"https:\/\/prensalibre-com-develop.go-vip.co\/guatevision\/historico\/jimmy-morales-destitucion-cupula-pnc\"},\"author\":{\"name\":\"Dulce Rivera\",\"@id\":\"https:\/\/prensalibre-com-develop.go-vip.co\/guatevision\/#\/schema\/person\/b33c7cd2413fce18dfba760694e00c86\"},\"headline\":\"Jimmy Morales aval\u00f3 la destituci\u00f3n de c\u00fapula de la PNC\",\"datePublished\":\"2018-03-01T00:38:33+00:00\",\"dateModified\":\"2018-03-01T00:38:33+00:00\",\"mainEntityOfPage\":{\"@id\":\"https:\/\/prensalibre-com-develop.go-vip.co\/guatevision\/historico\/jimmy-morales-destitucion-cupula-pnc\"},\"wordCount\":180,\"commentCount\":0,\"publisher\":{\"@id\":\"https:\/\/prensalibre-com-develop.go-vip.co\/guatevision\/#organization\"},\"image\":{\"@id\":\"https:\/\/prensalibre-com-develop.go-vip.co\/guatevision\/historico\/jimmy-morales-destitucion-cupula-pnc#primaryimage\"},\"thumbnailUrl\":\"https:\/\/prensalibre-com-develop.go-vip.co\/guatevision\/wp-content\/uploads\/sites\/2\/2018\/01\/Captura-de-pantalla-2018-01-17-a-las-6.16.20-p.m..png?quality=82\",\"keywords\":[\"cicig\",\"Gobernaci\u00f3n\",\"Jimmy Morales\",\"MP\",\"pnc\"],\"inLanguage\":\"es-GT\",\"potentialAction\":[{\"@type\":\"CommentAction\",\"name\":\"Comment\",\"target\":[\"https:\/\/prensalibre-com-develop.go-vip.co\/guatevision\/historico\/jimmy-morales-destitucion-cupula-pnc#respond\"]}]},{\"@type\":\"WebPage\",\"@id\":\"https:\/\/prensalibre-com-develop.go-vip.co\/guatevision\/historico\/jimmy-morales-destitucion-cupula-pnc\",\"url\":\"https:\/\/prensalibre-com-develop.go-vip.co\/guatevision\/historico\/jimmy-morales-destitucion-cupula-pnc\",\"name\":\"Jimmy Morales aval\u00f3 la destituci\u00f3n de c\u00fapula de la PNC\",\"isPartOf\":{\"@id\":\"https:\/\/prensalibre-com-develop.go-vip.co\/guatevision\/#website\"},\"primaryImageOfPage\":{\"@id\":\"https:\/\/prensalibre-com-develop.go-vip.co\/guatevision\/historico\/jimmy-morales-destitucion-cupula-pnc#primaryimage\"},\"image\":{\"@id\":\"https:\/\/prensalibre-com-develop.go-vip.co\/guatevision\/historico\/jimmy-morales-destitucion-cupula-pnc#primaryimage\"},\"thumbnailUrl\":\"https:\/\/prensalibre-com-develop.go-vip.co\/guatevision\/wp-content\/uploads\/sites\/2\/2018\/01\/Captura-de-pantalla-2018-01-17-a-las-6.16.20-p.m..png?quality=82\",\"datePublished\":\"2018-03-01T00:38:33+00:00\",\"dateModified\":\"2018-03-01T00:38:33+00:00\",\"description\":\"El presidente Morales estuvo de acuerdo con los cambios de las autoridades de la Polic\u00eda Nacional Civil, los cuales fueron para oxigenar la instituci\u00f3n.\",\"inLanguage\":\"es-GT\",\"potentialAction\":[{\"@type\":\"ReadAction\",\"target\":[\"https:\/\/prensalibre-com-develop.go-vip.co\/guatevision\/historico\/jimmy-morales-destitucion-cupula-pnc\"]}]},{\"@type\":\"ImageObject\",\"inLanguage\":\"es-GT\",\"@id\":\"https:\/\/prensalibre-com-develop.go-vip.co\/guatevision\/historico\/jimmy-morales-destitucion-cupula-pnc#primaryimage\",\"url\":\"https:\/\/prensalibre-com-develop.go-vip.co\/guatevision\/wp-content\/uploads\/sites\/2\/2018\/01\/Captura-de-pantalla-2018-01-17-a-las-6.16.20-p.m..png?quality=82\",\"contentUrl\":\"https:\/\/prensalibre-com-develop.go-vip.co\/guatevision\/wp-content\/uploads\/sites\/2\/2018\/01\/Captura-de-pantalla-2018-01-17-a-las-6.16.20-p.m..png?quality=82\",\"width\":660,\"height\":371,\"caption\":\"Jimmy Morales le responde a Thelma Alda y defiende su actuaci\u00f3n en lucha contra corrupci\u00f3n\"},{\"@type\":\"WebSite\",\"@id\":\"https:\/\/prensalibre-com-develop.go-vip.co\/guatevision\/#website\",\"url\":\"https:\/\/prensalibre-com-develop.go-vip.co\/guatevision\/\",\"name\":\"Guatevision\",\"description\":\"\u00a1Enciende Lo Bueno!\",\"publisher\":{\"@id\":\"https:\/\/prensalibre-com-develop.go-vip.co\/guatevision\/#organization\"},\"potentialAction\":[{\"@type\":\"SearchAction\",\"target\":{\"@type\":\"EntryPoint\",\"urlTemplate\":\"https:\/\/prensalibre-com-develop.go-vip.co\/guatevision\/?s={search_term_string}\"},\"query-input\":{\"@type\":\"PropertyValueSpecification\",\"valueRequired\":true,\"valueName\":\"search_term_string\"}}],\"inLanguage\":\"es-GT\"},{\"@type\":\"Organization\",\"@id\":\"https:\/\/prensalibre-com-develop.go-vip.co\/guatevision\/#organization\",\"name\":\"Guatevision\",\"url\":\"https:\/\/prensalibre-com-develop.go-vip.co\/guatevision\/\",\"logo\":{\"@type\":\"ImageObject\",\"inLanguage\":\"es-GT\",\"@id\":\"https:\/\/prensalibre-com-develop.go-vip.co\/guatevision\/#\/schema\/logo\/image\/\",\"url\":\"https:\/\/prensalibre-com-develop.go-vip.co\/guatevision\/wp-content\/uploads\/sites\/2\/2026\/04\/Diseno-sin-titulo.png?quality=82\",\"contentUrl\":\"https:\/\/prensalibre-com-develop.go-vip.co\/guatevision\/wp-content\/uploads\/sites\/2\/2026\/04\/Diseno-sin-titulo.png?quality=82\",\"width\":1000,\"height\":600,\"caption\":\"Guatevision\"},\"image\":{\"@id\":\"https:\/\/prensalibre-com-develop.go-vip.co\/guatevision\/#\/schema\/logo\/image\/\"}},{\"@type\":\"Person\",\"@id\":\"https:\/\/prensalibre-com-develop.go-vip.co\/guatevision\/#\/schema\/person\/b33c7cd2413fce18dfba760694e00c86\",\"name\":\"Dulce Rivera\",\"image\":{\"@type\":\"ImageObject\",\"inLanguage\":\"es-GT\",\"@id\":\"https:\/\/prensalibre-com-develop.go-vip.co\/guatevision\/#\/schema\/person\/image\/086aede4123e57fbafeb9c11348165de\",\"url\":\"https:\/\/secure.gravatar.com\/avatar\/0d00e65690e6def5fa8470b12015fa01255af8186a45dc6388191ab957ba9e40?s=96&d=mm&r=g\",\"contentUrl\":\"https:\/\/secure.gravatar.com\/avatar\/0d00e65690e6def5fa8470b12015fa01255af8186a45dc6388191ab957ba9e40?s=96&d=mm&r=g\",\"caption\":\"Dulce Rivera\"},\"url\":\"https:\/\/prensalibre-com-develop.go-vip.co\/guatevision\/author\/drivera\"}]}<\/script>\n<!-- \/ Yoast SEO plugin. -->","yoast_head_json":{"title":"Jimmy Morales aval\u00f3 la destituci\u00f3n de c\u00fapula de la PNC","description":"El presidente Morales estuvo de acuerdo con los cambios de las autoridades de la Polic\u00eda Nacional Civil, los cuales fueron para oxigenar la instituci\u00f3n.","robots":{"index":"index","follow":"follow","max-snippet":"max-snippet:-1","max-image-preview":"max-image-preview:large","max-video-preview":"max-video-preview:-1"},"canonical":"https:\/\/prensalibre-com-develop.go-vip.co\/guatevision\/historico\/jimmy-morales-destitucion-cupula-pnc","og_locale":"es_ES","og_type":"article","og_title":"Jimmy Morales aval\u00f3 la destituci\u00f3n de c\u00fapula de la PNC","og_description":"El presidente Morales estuvo de acuerdo con los cambios de las autoridades de la Polic\u00eda Nacional Civil, los cuales fueron para oxigenar la instituci\u00f3n.","og_url":"https:\/\/prensalibre-com-develop.go-vip.co\/guatevision\/historico\/jimmy-morales-destitucion-cupula-pnc","og_site_name":"Guatevision","article_published_time":"2018-03-01T00:38:33+00:00","og_image":[{"width":660,"height":371,"url":"https:\/\/prensalibre-com-develop.go-vip.co\/guatevision\/wp-content\/uploads\/sites\/2\/2018\/01\/Captura-de-pantalla-2018-01-17-a-las-6.16.20-p.m..png?quality=82","type":"image\/png"}],"author":"Dulce Rivera","twitter_card":"summary_large_image","twitter_misc":{"Written by":"Dulce Rivera","Est. reading time":"1 minute"},"schema":{"@context":"https:\/\/schema.org","@graph":[{"@type":"Article","@id":"https:\/\/prensalibre-com-develop.go-vip.co\/guatevision\/historico\/jimmy-morales-destitucion-cupula-pnc#article","isPartOf":{"@id":"https:\/\/prensalibre-com-develop.go-vip.co\/guatevision\/historico\/jimmy-morales-destitucion-cupula-pnc"},"author":{"name":"Dulce Rivera","@id":"https:\/\/prensalibre-com-develop.go-vip.co\/guatevision\/#\/schema\/person\/b33c7cd2413fce18dfba760694e00c86"},"headline":"Jimmy Morales aval\u00f3 la destituci\u00f3n de c\u00fapula de la PNC","datePublished":"2018-03-01T00:38:33+00:00","dateModified":"2018-03-01T00:38:33+00:00","mainEntityOfPage":{"@id":"https:\/\/prensalibre-com-develop.go-vip.co\/guatevision\/historico\/jimmy-morales-destitucion-cupula-pnc"},"wordCount":180,"commentCount":0,"publisher":{"@id":"https:\/\/prensalibre-com-develop.go-vip.co\/guatevision\/#organization"},"image":{"@id":"https:\/\/prensalibre-com-develop.go-vip.co\/guatevision\/historico\/jimmy-morales-destitucion-cupula-pnc#primaryimage"},"thumbnailUrl":"https:\/\/prensalibre-com-develop.go-vip.co\/guatevision\/wp-content\/uploads\/sites\/2\/2018\/01\/Captura-de-pantalla-2018-01-17-a-las-6.16.20-p.m..png?quality=82","keywords":["cicig","Gobernaci\u00f3n","Jimmy Morales","MP","pnc"],"inLanguage":"es-GT","potentialAction":[{"@type":"CommentAction","name":"Comment","target":["https:\/\/prensalibre-com-develop.go-vip.co\/guatevision\/historico\/jimmy-morales-destitucion-cupula-pnc#respond"]}]},{"@type":"WebPage","@id":"https:\/\/prensalibre-com-develop.go-vip.co\/guatevision\/historico\/jimmy-morales-destitucion-cupula-pnc","url":"https:\/\/prensalibre-com-develop.go-vip.co\/guatevision\/historico\/jimmy-morales-destitucion-cupula-pnc","name":"Jimmy Morales aval\u00f3 la destituci\u00f3n de c\u00fapula de la PNC","isPartOf":{"@id":"https:\/\/prensalibre-com-develop.go-vip.co\/guatevision\/#website"},"primaryImageOfPage":{"@id":"https:\/\/prensalibre-com-develop.go-vip.co\/guatevision\/historico\/jimmy-morales-destitucion-cupula-pnc#primaryimage"},"image":{"@id":"https:\/\/prensalibre-com-develop.go-vip.co\/guatevision\/historico\/jimmy-morales-destitucion-cupula-pnc#primaryimage"},"thumbnailUrl":"https:\/\/prensalibre-com-develop.go-vip.co\/guatevision\/wp-content\/uploads\/sites\/2\/2018\/01\/Captura-de-pantalla-2018-01-17-a-las-6.16.20-p.m..png?quality=82","datePublished":"2018-03-01T00:38:33+00:00","dateModified":"2018-03-01T00:38:33+00:00","description":"El presidente Morales estuvo de acuerdo con los cambios de las autoridades de la Polic\u00eda Nacional Civil, los cuales fueron para oxigenar la instituci\u00f3n.","inLanguage":"es-GT","potentialAction":[{"@type":"ReadAction","target":["https:\/\/prensalibre-com-develop.go-vip.co\/guatevision\/historico\/jimmy-morales-destitucion-cupula-pnc"]}]},{"@type":"ImageObject","inLanguage":"es-GT","@id":"https:\/\/prensalibre-com-develop.go-vip.co\/guatevision\/historico\/jimmy-morales-destitucion-cupula-pnc#primaryimage","url":"https:\/\/prensalibre-com-develop.go-vip.co\/guatevision\/wp-content\/uploads\/sites\/2\/2018\/01\/Captura-de-pantalla-2018-01-17-a-las-6.16.20-p.m..png?quality=82","contentUrl":"https:\/\/prensalibre-com-develop.go-vip.co\/guatevision\/wp-content\/uploads\/sites\/2\/2018\/01\/Captura-de-pantalla-2018-01-17-a-las-6.16.20-p.m..png?quality=82","width":660,"height":371,"caption":"Jimmy Morales le responde a Thelma Alda y defiende su actuaci\u00f3n en lucha contra corrupci\u00f3n"},{"@type":"WebSite","@id":"https:\/\/prensalibre-com-develop.go-vip.co\/guatevision\/#website","url":"https:\/\/prensalibre-com-develop.go-vip.co\/guatevision\/","name":"Guatevision","description":"\u00a1Enciende Lo Bueno!","publisher":{"@id":"https:\/\/prensalibre-com-develop.go-vip.co\/guatevision\/#organization"},"potentialAction":[{"@type":"SearchAction","target":{"@type":"EntryPoint","urlTemplate":"https:\/\/prensalibre-com-develop.go-vip.co\/guatevision\/?s={search_term_string}"},"query-input":{"@type":"PropertyValueSpecification","valueRequired":true,"valueName":"search_term_string"}}],"inLanguage":"es-GT"},{"@type":"Organization","@id":"https:\/\/prensalibre-com-develop.go-vip.co\/guatevision\/#organization","name":"Guatevision","url":"https:\/\/prensalibre-com-develop.go-vip.co\/guatevision\/","logo":{"@type":"ImageObject","inLanguage":"es-GT","@id":"https:\/\/prensalibre-com-develop.go-vip.co\/guatevision\/#\/schema\/logo\/image\/","url":"https:\/\/prensalibre-com-develop.go-vip.co\/guatevision\/wp-content\/uploads\/sites\/2\/2026\/04\/Diseno-sin-titulo.png?quality=82","contentUrl":"https:\/\/prensalibre-com-develop.go-vip.co\/guatevision\/wp-content\/uploads\/sites\/2\/2026\/04\/Diseno-sin-titulo.png?quality=82","width":1000,"height":600,"caption":"Guatevision"},"image":{"@id":"https:\/\/prensalibre-com-develop.go-vip.co\/guatevision\/#\/schema\/logo\/image\/"}},{"@type":"Person","@id":"https:\/\/prensalibre-com-develop.go-vip.co\/guatevision\/#\/schema\/person\/b33c7cd2413fce18dfba760694e00c86","name":"Dulce Rivera","image":{"@type":"ImageObject","inLanguage":"es-GT","@id":"https:\/\/prensalibre-com-develop.go-vip.co\/guatevision\/#\/schema\/person\/image\/086aede4123e57fbafeb9c11348165de","url":"https:\/\/secure.gravatar.com\/avatar\/0d00e65690e6def5fa8470b12015fa01255af8186a45dc6388191ab957ba9e40?s=96&d=mm&r=g","contentUrl":"https:\/\/secure.gravatar.com\/avatar\/0d00e65690e6def5fa8470b12015fa01255af8186a45dc6388191ab957ba9e40?s=96&d=mm&r=g","caption":"Dulce Rivera"},"url":"https:\/\/prensalibre-com-develop.go-vip.co\/guatevision\/author\/drivera"}]}},"jetpack_featured_media_url":"https:\/\/prensalibre-com-develop.go-vip.co\/guatevision\/wp-content\/uploads\/sites\/2\/2018\/01\/Captura-de-pantalla-2018-01-17-a-las-6.16.20-p.m..png?quality=82","jetpack_sharing_enabled":true,"_links":{"self":[{"href":"https:\/\/prensalibre-com-develop.go-vip.co\/guatevision\/wp-json\/wp\/v2\/posts\/154099","targetHints":{"allow":["GET"]}}],"collection":[{"href":"https:\/\/prensalibre-com-develop.go-vip.co\/guatevision\/wp-json\/wp\/v2\/posts"}],"about":[{"href":"https:\/\/prensalibre-com-develop.go-vip.co\/guatevision\/wp-json\/wp\/v2\/types\/post"}],"author":[{"embeddable":true,"href":"https:\/\/prensalibre-com-develop.go-vip.co\/guatevision\/wp-json\/wp\/v2\/users\/104"}],"replies":[{"embeddable":true,"href":"https:\/\/prensalibre-com-develop.go-vip.co\/guatevision\/wp-json\/wp\/v2\/comments?post=154099"}],"version-history":[{"count":0,"href":"https:\/\/prensalibre-com-develop.go-vip.co\/guatevision\/wp-json\/wp\/v2\/posts\/154099\/revisions"}],"wp:featuredmedia":[{"embeddable":true,"href":"https:\/\/prensalibre-com-develop.go-vip.co\/guatevision\/wp-json\/wp\/v2\/media\/144558"}],"wp:attachment":[{"href":"https:\/\/prensalibre-com-develop.go-vip.co\/guatevision\/wp-json\/wp\/v2\/media?parent=154099"}],"wp:term":[{"taxonomy":"category","embeddable":true,"href":"https:\/\/prensalibre-com-develop.go-vip.co\/guatevision\/wp-json\/wp\/v2\/categories?post=154099"},{"taxonomy":"etiqueta","embeddable":true,"href":"https:\/\/prensalibre-com-develop.go-vip.co\/guatevision\/wp-json\/wp\/v2\/etiqueta?post=154099"}],"curies":[{"name":"wp","href":"https:\/\/api.w.org\/{rel}","templated":true}]}}