{"id":154120,"date":"2018-02-28T16:12:10","date_gmt":"2018-02-28T22:12:10","guid":{"rendered":"https:\/\/prensalibre-com-develop.go-vip.co\/guatevision\/?p=154120"},"modified":"2018-02-28T16:12:10","modified_gmt":"2018-02-28T22:12:10","slug":"fifa-12","status":"publish","type":"post","link":"https:\/\/prensalibre-com-develop.go-vip.co\/guatevision\/historico\/fifa-12","title":{"rendered":"FIFA y sus razones para decir &#8220;NO&#8221; a la Fedefut"},"content":{"rendered":"<p>FIFA emiti\u00f3 un nuevo comunicado donde expuso sus razones para decir NO a la Federaci\u00f3n Nacional de F\u00fatbol<\/p>\n\n<p>No reconoce al nuevo Comit\u00e9 Ejecutivo y para levantar la suspensi\u00f3n deben CDAG debe aprobar los estatutos del 25 de julio del 2017.<\/p>\n<p>Esto de acuerdo a la decisi\u00f3n del Bureau del Consejo de la FIFA del 14 de agosto del 2017<\/p>\n<p>&nbsp;<\/p>\n<h3>Lo que dice el comunicado.<\/h3>\n<p>Hace acuse de recibido los nuevos estatutos, aunque manifiesta que en apariencia fueron aprobados por la CDAG.<\/p>\n<p>As\u00ed mismo en relaci\u00f3n a la solicitud de levantar la suspensi\u00f3n al a FEDEFUT,\u00a0 fue enf\u00e1tica que la decisi\u00f3n cambiar\u00e1.<\/p>\n<p><em>&#8220;Hasta que CDAG apruebe los estatutos que fueron aprobados el pasado 25 de junio del 2017 un\u00e1nimemente por la Asamblea&#8230;<\/em><\/p>\n<p><em>Los mismos est\u00e1n alineados con los requisitos de FIFA y de la CONCACAF.&#8221;<\/em><\/p>\n<p>Adem\u00e1s, debido a las recientes modificaciones hechas por la Asamblea, no existen las condiciones para levantar la misma.<\/p>\n<p>&nbsp;<\/p>\n<p><strong>Autoridades.<\/strong><\/p>\n<p>El Bureau decidi\u00f3 tambi\u00e9n, que las nuevas autoridades deben ser electas bajo los preceptos contenidos en los estatutos modelo.<\/p>\n<p>Previamente deber\u00e1 una misi\u00f3n de FIFA\/CONCACAF evaluar la situaci\u00f3n del pais y analizar los pasos a seguir.<\/p>\n<p>&nbsp;<\/p>\n<p><strong>Ultimatum<\/strong><\/p>\n<p>El 30 de abril del presente a\u00f1o es la fecha l\u00edmite que FIFA otorga para que los estatutos aprobados el 25 de julio entren en vigor.<\/p>\n<p>Caso contrario, la situaci\u00f3n de FEDEFIT ser\u00e1 referida a \u00f3rganos apropiados quienes establecer\u00e1n nuevas sanciones.<\/p>\n<p>&nbsp;<\/p>\n<p><strong>Sobre nuevo Comit\u00e9 Ejecutivo.<\/strong><\/p>\n<p>Finalmente el documento manifiesta que ni FIFA ni CONCACAF reconocer\u00e1n ning\u00fan \u00f3rgano de la Federaci\u00f3n.<\/p>\n<p>Si han sido electos o nombrados mediante un proceso electoral contrario al Art. 19 de los Estatutos de FIFA, aprobados el 25 de julio del 2017<\/p>\n<p>Por consiguiente, cualquier otra no tendr\u00e1 reconocimiento.<\/p>\n<p>Ac\u00e1 el documento completo.<\/p>\n<blockquote class=\"twitter-tweet\" data-width=\"500\" data-dnt=\"true\">\n<p lang=\"es\" dir=\"ltr\"><a href=\"https:\/\/twitter.com\/hashtag\/FutbolGtv?src=hash&amp;ref_src=twsrc%5Etfw\">#FutbolGtv<\/a> [FEDEFUT] Ac\u00e1 el comunicado de <a href=\"https:\/\/twitter.com\/FIFAcom?ref_src=twsrc%5Etfw\">@FIFAcom<\/a> sobre la situaci\u00f3n de la <a href=\"https:\/\/twitter.com\/fedefut_oficial?ref_src=twsrc%5Etfw\">@fedefut_oficial<\/a> <a href=\"https:\/\/t.co\/jVJ8RxPri2\">pic.twitter.com\/jVJ8RxPri2<\/a><\/p>\n<p>&mdash; Luis L\u00f3pez (@luilopezgt) <a href=\"https:\/\/twitter.com\/luilopezgt\/status\/968970904565927936?ref_src=twsrc%5Etfw\">February 28, 2018<\/a><\/p><\/blockquote>\n<p><script async src=\"https:\/\/platform.twitter.com\/widgets.js\" charset=\"utf-8\"><\/script><\/p>\n<p>&nbsp;<\/p>\n","protected":false},"excerpt":{"rendered":"<p>Finalmente el documento manifiesta que ni FIFA ni CONCACAF reconocer\u00e1n ning\u00fan \u00f3rgano de la Federaci\u00f3n.<\/p>\n","protected":false},"author":71,"featured_media":122827,"comment_status":"open","ping_status":"closed","sticky":false,"template":"","format":"standard","meta":{"_jetpack_memberships_contains_paid_content":false,"footnotes":""},"categories":[],"etiqueta":[],"class_list":["post-154120","post","type-post","status-publish","format-standard","has-post-thumbnail","hentry"],"yoast_head":"<!-- This site is optimized with the Yoast SEO plugin v23.9 - https:\/\/yoast.com\/wordpress\/plugins\/seo\/ -->\n<title>FIFA y sus razones para decir &quot;NO&quot; a la Federaci\u00f3n Nacional de F\u00fatbol<\/title>\n<meta name=\"description\" content=\"FIFA emiti\u00f3 un nuevo comunicado donde expuso dos razones para decir NO a la Federaci\u00f3n Nacional de F\u00fatbol adem\u00e1s puso fecha l\u00edmite\" \/>\n<meta name=\"robots\" content=\"index, follow, max-snippet:-1, max-image-preview:large, max-video-preview:-1\" \/>\n<link rel=\"canonical\" href=\"https:\/\/prensalibre-com-develop.go-vip.co\/guatevision\/historico\/fifa-12\" \/>\n<meta property=\"og:locale\" content=\"es_ES\" \/>\n<meta property=\"og:type\" content=\"article\" \/>\n<meta property=\"og:title\" content=\"FIFA y sus razones para decir &quot;NO&quot; a la Federaci\u00f3n Nacional de F\u00fatbol\" \/>\n<meta property=\"og:description\" content=\"FIFA emiti\u00f3 un nuevo comunicado donde expuso dos razones para decir NO a la Federaci\u00f3n Nacional de F\u00fatbol adem\u00e1s puso fecha l\u00edmite\" \/>\n<meta property=\"og:url\" content=\"https:\/\/prensalibre-com-develop.go-vip.co\/guatevision\/historico\/fifa-12\" \/>\n<meta property=\"og:site_name\" content=\"Guatevision\" \/>\n<meta property=\"article:published_time\" content=\"2018-02-28T22:12:10+00:00\" \/>\n<meta property=\"og:image\" content=\"https:\/\/prensalibre-com-develop.go-vip.co\/guatevision\/wp-content\/uploads\/sites\/2\/2017\/10\/Fedefut-Guatemala-2017.png?quality=82\" \/>\n\t<meta property=\"og:image:width\" content=\"660\" \/>\n\t<meta property=\"og:image:height\" content=\"371\" \/>\n\t<meta property=\"og:image:type\" content=\"image\/png\" \/>\n<meta name=\"author\" content=\"Manuel Hern\u00e1ndez May\u00e9n\" \/>\n<meta name=\"twitter:card\" content=\"summary_large_image\" \/>\n<meta name=\"twitter:label1\" content=\"Written by\" \/>\n\t<meta name=\"twitter:data1\" content=\"Manuel Hern\u00e1ndez May\u00e9n\" \/>\n\t<meta name=\"twitter:label2\" content=\"Est. reading time\" \/>\n\t<meta name=\"twitter:data2\" content=\"2 minutes\" \/>\n<script type=\"application\/ld+json\" class=\"yoast-schema-graph\">{\"@context\":\"https:\/\/schema.org\",\"@graph\":[{\"@type\":\"Article\",\"@id\":\"https:\/\/prensalibre-com-develop.go-vip.co\/guatevision\/historico\/fifa-12#article\",\"isPartOf\":{\"@id\":\"https:\/\/prensalibre-com-develop.go-vip.co\/guatevision\/historico\/fifa-12\"},\"author\":{\"name\":\"Manuel Hern\u00e1ndez May\u00e9n\",\"@id\":\"https:\/\/prensalibre-com-develop.go-vip.co\/guatevision\/#\/schema\/person\/5b34ef10da9eb6f366b1c186913efddd\"},\"headline\":\"FIFA y sus razones para decir &#8220;NO&#8221; a la Fedefut\",\"datePublished\":\"2018-02-28T22:12:10+00:00\",\"dateModified\":\"2018-02-28T22:12:10+00:00\",\"mainEntityOfPage\":{\"@id\":\"https:\/\/prensalibre-com-develop.go-vip.co\/guatevision\/historico\/fifa-12\"},\"wordCount\":320,\"commentCount\":0,\"publisher\":{\"@id\":\"https:\/\/prensalibre-com-develop.go-vip.co\/guatevision\/#organization\"},\"image\":{\"@id\":\"https:\/\/prensalibre-com-develop.go-vip.co\/guatevision\/historico\/fifa-12#primaryimage\"},\"thumbnailUrl\":\"https:\/\/prensalibre-com-develop.go-vip.co\/guatevision\/wp-content\/uploads\/sites\/2\/2017\/10\/Fedefut-Guatemala-2017.png?quality=82\",\"keywords\":[\"Bureau del Consejo\",\"Federaci\u00f3n Nacional de F\u00fatbol\",\"FIFA\",\"f\u00fatbol guatemala\"],\"inLanguage\":\"es-GT\",\"potentialAction\":[{\"@type\":\"CommentAction\",\"name\":\"Comment\",\"target\":[\"https:\/\/prensalibre-com-develop.go-vip.co\/guatevision\/historico\/fifa-12#respond\"]}]},{\"@type\":\"WebPage\",\"@id\":\"https:\/\/prensalibre-com-develop.go-vip.co\/guatevision\/historico\/fifa-12\",\"url\":\"https:\/\/prensalibre-com-develop.go-vip.co\/guatevision\/historico\/fifa-12\",\"name\":\"FIFA y sus razones para decir \\\"NO\\\" a la Federaci\u00f3n Nacional de F\u00fatbol\",\"isPartOf\":{\"@id\":\"https:\/\/prensalibre-com-develop.go-vip.co\/guatevision\/#website\"},\"primaryImageOfPage\":{\"@id\":\"https:\/\/prensalibre-com-develop.go-vip.co\/guatevision\/historico\/fifa-12#primaryimage\"},\"image\":{\"@id\":\"https:\/\/prensalibre-com-develop.go-vip.co\/guatevision\/historico\/fifa-12#primaryimage\"},\"thumbnailUrl\":\"https:\/\/prensalibre-com-develop.go-vip.co\/guatevision\/wp-content\/uploads\/sites\/2\/2017\/10\/Fedefut-Guatemala-2017.png?quality=82\",\"datePublished\":\"2018-02-28T22:12:10+00:00\",\"dateModified\":\"2018-02-28T22:12:10+00:00\",\"description\":\"FIFA emiti\u00f3 un nuevo comunicado donde expuso dos razones para decir NO a la Federaci\u00f3n Nacional de F\u00fatbol adem\u00e1s puso fecha l\u00edmite\",\"inLanguage\":\"es-GT\",\"potentialAction\":[{\"@type\":\"ReadAction\",\"target\":[\"https:\/\/prensalibre-com-develop.go-vip.co\/guatevision\/historico\/fifa-12\"]}]},{\"@type\":\"ImageObject\",\"inLanguage\":\"es-GT\",\"@id\":\"https:\/\/prensalibre-com-develop.go-vip.co\/guatevision\/historico\/fifa-12#primaryimage\",\"url\":\"https:\/\/prensalibre-com-develop.go-vip.co\/guatevision\/wp-content\/uploads\/sites\/2\/2017\/10\/Fedefut-Guatemala-2017.png?quality=82\",\"contentUrl\":\"https:\/\/prensalibre-com-develop.go-vip.co\/guatevision\/wp-content\/uploads\/sites\/2\/2017\/10\/Fedefut-Guatemala-2017.png?quality=82\",\"width\":660,\"height\":371,\"caption\":\"Fedefut-Guatemala-2017\"},{\"@type\":\"WebSite\",\"@id\":\"https:\/\/prensalibre-com-develop.go-vip.co\/guatevision\/#website\",\"url\":\"https:\/\/prensalibre-com-develop.go-vip.co\/guatevision\/\",\"name\":\"Guatevision\",\"description\":\"\u00a1Enciende Lo Bueno!\",\"publisher\":{\"@id\":\"https:\/\/prensalibre-com-develop.go-vip.co\/guatevision\/#organization\"},\"potentialAction\":[{\"@type\":\"SearchAction\",\"target\":{\"@type\":\"EntryPoint\",\"urlTemplate\":\"https:\/\/prensalibre-com-develop.go-vip.co\/guatevision\/?s={search_term_string}\"},\"query-input\":{\"@type\":\"PropertyValueSpecification\",\"valueRequired\":true,\"valueName\":\"search_term_string\"}}],\"inLanguage\":\"es-GT\"},{\"@type\":\"Organization\",\"@id\":\"https:\/\/prensalibre-com-develop.go-vip.co\/guatevision\/#organization\",\"name\":\"Guatevision\",\"url\":\"https:\/\/prensalibre-com-develop.go-vip.co\/guatevision\/\",\"logo\":{\"@type\":\"ImageObject\",\"inLanguage\":\"es-GT\",\"@id\":\"https:\/\/prensalibre-com-develop.go-vip.co\/guatevision\/#\/schema\/logo\/image\/\",\"url\":\"https:\/\/prensalibre-com-develop.go-vip.co\/guatevision\/wp-content\/uploads\/sites\/2\/2026\/04\/Diseno-sin-titulo.png?quality=82\",\"contentUrl\":\"https:\/\/prensalibre-com-develop.go-vip.co\/guatevision\/wp-content\/uploads\/sites\/2\/2026\/04\/Diseno-sin-titulo.png?quality=82\",\"width\":1000,\"height\":600,\"caption\":\"Guatevision\"},\"image\":{\"@id\":\"https:\/\/prensalibre-com-develop.go-vip.co\/guatevision\/#\/schema\/logo\/image\/\"}},{\"@type\":\"Person\",\"@id\":\"https:\/\/prensalibre-com-develop.go-vip.co\/guatevision\/#\/schema\/person\/5b34ef10da9eb6f366b1c186913efddd\",\"name\":\"Manuel Hern\u00e1ndez May\u00e9n\",\"image\":{\"@type\":\"ImageObject\",\"inLanguage\":\"es-GT\",\"@id\":\"https:\/\/prensalibre-com-develop.go-vip.co\/guatevision\/#\/schema\/person\/image\/433265d8a81413206f8dd780c513ffd7\",\"url\":\"https:\/\/secure.gravatar.com\/avatar\/d6d67d029230e2c79470aabd3184418289f224c20a44e2beaa5864a18da50d01?s=96&d=mm&r=g\",\"contentUrl\":\"https:\/\/secure.gravatar.com\/avatar\/d6d67d029230e2c79470aabd3184418289f224c20a44e2beaa5864a18da50d01?s=96&d=mm&r=g\",\"caption\":\"Manuel Hern\u00e1ndez May\u00e9n\"},\"url\":\"https:\/\/prensalibre-com-develop.go-vip.co\/guatevision\/author\/mdhernandez\"}]}<\/script>\n<!-- \/ Yoast SEO plugin. -->","yoast_head_json":{"title":"FIFA y sus razones para decir \"NO\" a la Federaci\u00f3n Nacional de F\u00fatbol","description":"FIFA emiti\u00f3 un nuevo comunicado donde expuso dos razones para decir NO a la Federaci\u00f3n Nacional de F\u00fatbol adem\u00e1s puso fecha l\u00edmite","robots":{"index":"index","follow":"follow","max-snippet":"max-snippet:-1","max-image-preview":"max-image-preview:large","max-video-preview":"max-video-preview:-1"},"canonical":"https:\/\/prensalibre-com-develop.go-vip.co\/guatevision\/historico\/fifa-12","og_locale":"es_ES","og_type":"article","og_title":"FIFA y sus razones para decir \"NO\" a la Federaci\u00f3n Nacional de F\u00fatbol","og_description":"FIFA emiti\u00f3 un nuevo comunicado donde expuso dos razones para decir NO a la Federaci\u00f3n Nacional de F\u00fatbol adem\u00e1s puso fecha l\u00edmite","og_url":"https:\/\/prensalibre-com-develop.go-vip.co\/guatevision\/historico\/fifa-12","og_site_name":"Guatevision","article_published_time":"2018-02-28T22:12:10+00:00","og_image":[{"width":660,"height":371,"url":"https:\/\/prensalibre-com-develop.go-vip.co\/guatevision\/wp-content\/uploads\/sites\/2\/2017\/10\/Fedefut-Guatemala-2017.png?quality=82","type":"image\/png"}],"author":"Manuel Hern\u00e1ndez May\u00e9n","twitter_card":"summary_large_image","twitter_misc":{"Written by":"Manuel Hern\u00e1ndez May\u00e9n","Est. reading time":"2 minutes"},"schema":{"@context":"https:\/\/schema.org","@graph":[{"@type":"Article","@id":"https:\/\/prensalibre-com-develop.go-vip.co\/guatevision\/historico\/fifa-12#article","isPartOf":{"@id":"https:\/\/prensalibre-com-develop.go-vip.co\/guatevision\/historico\/fifa-12"},"author":{"name":"Manuel Hern\u00e1ndez May\u00e9n","@id":"https:\/\/prensalibre-com-develop.go-vip.co\/guatevision\/#\/schema\/person\/5b34ef10da9eb6f366b1c186913efddd"},"headline":"FIFA y sus razones para decir &#8220;NO&#8221; a la Fedefut","datePublished":"2018-02-28T22:12:10+00:00","dateModified":"2018-02-28T22:12:10+00:00","mainEntityOfPage":{"@id":"https:\/\/prensalibre-com-develop.go-vip.co\/guatevision\/historico\/fifa-12"},"wordCount":320,"commentCount":0,"publisher":{"@id":"https:\/\/prensalibre-com-develop.go-vip.co\/guatevision\/#organization"},"image":{"@id":"https:\/\/prensalibre-com-develop.go-vip.co\/guatevision\/historico\/fifa-12#primaryimage"},"thumbnailUrl":"https:\/\/prensalibre-com-develop.go-vip.co\/guatevision\/wp-content\/uploads\/sites\/2\/2017\/10\/Fedefut-Guatemala-2017.png?quality=82","keywords":["Bureau del Consejo","Federaci\u00f3n Nacional de F\u00fatbol","FIFA","f\u00fatbol guatemala"],"inLanguage":"es-GT","potentialAction":[{"@type":"CommentAction","name":"Comment","target":["https:\/\/prensalibre-com-develop.go-vip.co\/guatevision\/historico\/fifa-12#respond"]}]},{"@type":"WebPage","@id":"https:\/\/prensalibre-com-develop.go-vip.co\/guatevision\/historico\/fifa-12","url":"https:\/\/prensalibre-com-develop.go-vip.co\/guatevision\/historico\/fifa-12","name":"FIFA y sus razones para decir \"NO\" a la Federaci\u00f3n Nacional de F\u00fatbol","isPartOf":{"@id":"https:\/\/prensalibre-com-develop.go-vip.co\/guatevision\/#website"},"primaryImageOfPage":{"@id":"https:\/\/prensalibre-com-develop.go-vip.co\/guatevision\/historico\/fifa-12#primaryimage"},"image":{"@id":"https:\/\/prensalibre-com-develop.go-vip.co\/guatevision\/historico\/fifa-12#primaryimage"},"thumbnailUrl":"https:\/\/prensalibre-com-develop.go-vip.co\/guatevision\/wp-content\/uploads\/sites\/2\/2017\/10\/Fedefut-Guatemala-2017.png?quality=82","datePublished":"2018-02-28T22:12:10+00:00","dateModified":"2018-02-28T22:12:10+00:00","description":"FIFA emiti\u00f3 un nuevo comunicado donde expuso dos razones para decir NO a la Federaci\u00f3n Nacional de F\u00fatbol adem\u00e1s puso fecha l\u00edmite","inLanguage":"es-GT","potentialAction":[{"@type":"ReadAction","target":["https:\/\/prensalibre-com-develop.go-vip.co\/guatevision\/historico\/fifa-12"]}]},{"@type":"ImageObject","inLanguage":"es-GT","@id":"https:\/\/prensalibre-com-develop.go-vip.co\/guatevision\/historico\/fifa-12#primaryimage","url":"https:\/\/prensalibre-com-develop.go-vip.co\/guatevision\/wp-content\/uploads\/sites\/2\/2017\/10\/Fedefut-Guatemala-2017.png?quality=82","contentUrl":"https:\/\/prensalibre-com-develop.go-vip.co\/guatevision\/wp-content\/uploads\/sites\/2\/2017\/10\/Fedefut-Guatemala-2017.png?quality=82","width":660,"height":371,"caption":"Fedefut-Guatemala-2017"},{"@type":"WebSite","@id":"https:\/\/prensalibre-com-develop.go-vip.co\/guatevision\/#website","url":"https:\/\/prensalibre-com-develop.go-vip.co\/guatevision\/","name":"Guatevision","description":"\u00a1Enciende Lo Bueno!","publisher":{"@id":"https:\/\/prensalibre-com-develop.go-vip.co\/guatevision\/#organization"},"potentialAction":[{"@type":"SearchAction","target":{"@type":"EntryPoint","urlTemplate":"https:\/\/prensalibre-com-develop.go-vip.co\/guatevision\/?s={search_term_string}"},"query-input":{"@type":"PropertyValueSpecification","valueRequired":true,"valueName":"search_term_string"}}],"inLanguage":"es-GT"},{"@type":"Organization","@id":"https:\/\/prensalibre-com-develop.go-vip.co\/guatevision\/#organization","name":"Guatevision","url":"https:\/\/prensalibre-com-develop.go-vip.co\/guatevision\/","logo":{"@type":"ImageObject","inLanguage":"es-GT","@id":"https:\/\/prensalibre-com-develop.go-vip.co\/guatevision\/#\/schema\/logo\/image\/","url":"https:\/\/prensalibre-com-develop.go-vip.co\/guatevision\/wp-content\/uploads\/sites\/2\/2026\/04\/Diseno-sin-titulo.png?quality=82","contentUrl":"https:\/\/prensalibre-com-develop.go-vip.co\/guatevision\/wp-content\/uploads\/sites\/2\/2026\/04\/Diseno-sin-titulo.png?quality=82","width":1000,"height":600,"caption":"Guatevision"},"image":{"@id":"https:\/\/prensalibre-com-develop.go-vip.co\/guatevision\/#\/schema\/logo\/image\/"}},{"@type":"Person","@id":"https:\/\/prensalibre-com-develop.go-vip.co\/guatevision\/#\/schema\/person\/5b34ef10da9eb6f366b1c186913efddd","name":"Manuel Hern\u00e1ndez May\u00e9n","image":{"@type":"ImageObject","inLanguage":"es-GT","@id":"https:\/\/prensalibre-com-develop.go-vip.co\/guatevision\/#\/schema\/person\/image\/433265d8a81413206f8dd780c513ffd7","url":"https:\/\/secure.gravatar.com\/avatar\/d6d67d029230e2c79470aabd3184418289f224c20a44e2beaa5864a18da50d01?s=96&d=mm&r=g","contentUrl":"https:\/\/secure.gravatar.com\/avatar\/d6d67d029230e2c79470aabd3184418289f224c20a44e2beaa5864a18da50d01?s=96&d=mm&r=g","caption":"Manuel Hern\u00e1ndez May\u00e9n"},"url":"https:\/\/prensalibre-com-develop.go-vip.co\/guatevision\/author\/mdhernandez"}]}},"jetpack_featured_media_url":"https:\/\/prensalibre-com-develop.go-vip.co\/guatevision\/wp-content\/uploads\/sites\/2\/2017\/10\/Fedefut-Guatemala-2017.png?quality=82","jetpack_sharing_enabled":true,"_links":{"self":[{"href":"https:\/\/prensalibre-com-develop.go-vip.co\/guatevision\/wp-json\/wp\/v2\/posts\/154120","targetHints":{"allow":["GET"]}}],"collection":[{"href":"https:\/\/prensalibre-com-develop.go-vip.co\/guatevision\/wp-json\/wp\/v2\/posts"}],"about":[{"href":"https:\/\/prensalibre-com-develop.go-vip.co\/guatevision\/wp-json\/wp\/v2\/types\/post"}],"author":[{"embeddable":true,"href":"https:\/\/prensalibre-com-develop.go-vip.co\/guatevision\/wp-json\/wp\/v2\/users\/71"}],"replies":[{"embeddable":true,"href":"https:\/\/prensalibre-com-develop.go-vip.co\/guatevision\/wp-json\/wp\/v2\/comments?post=154120"}],"version-history":[{"count":0,"href":"https:\/\/prensalibre-com-develop.go-vip.co\/guatevision\/wp-json\/wp\/v2\/posts\/154120\/revisions"}],"wp:featuredmedia":[{"embeddable":true,"href":"https:\/\/prensalibre-com-develop.go-vip.co\/guatevision\/wp-json\/wp\/v2\/media\/122827"}],"wp:attachment":[{"href":"https:\/\/prensalibre-com-develop.go-vip.co\/guatevision\/wp-json\/wp\/v2\/media?parent=154120"}],"wp:term":[{"taxonomy":"category","embeddable":true,"href":"https:\/\/prensalibre-com-develop.go-vip.co\/guatevision\/wp-json\/wp\/v2\/categories?post=154120"},{"taxonomy":"etiqueta","embeddable":true,"href":"https:\/\/prensalibre-com-develop.go-vip.co\/guatevision\/wp-json\/wp\/v2\/etiqueta?post=154120"}],"curies":[{"name":"wp","href":"https:\/\/api.w.org\/{rel}","templated":true}]}}