{"id":154187,"date":"2018-02-28T20:05:29","date_gmt":"2018-03-01T02:05:29","guid":{"rendered":"https:\/\/prensalibre-com-develop.go-vip.co\/guatevision\/?p=154187"},"modified":"2018-02-28T20:09:16","modified_gmt":"2018-03-01T02:09:16","slug":"firman-convenio-para-emprendedores-en-suchitepequez","status":"publish","type":"post","link":"https:\/\/prensalibre-com-develop.go-vip.co\/guatevision\/historico\/firman-convenio-para-emprendedores-en-suchitepequez","title":{"rendered":"Firman convenio para emprendedores en Suchitep\u00e9quez"},"content":{"rendered":"<p>Representantes del grupo gestor de Suchitep\u00e9quez y ejecutivos del Banco de los Trabajadores,\u00a0 firmaron un convenio para impulsar el proyecto <strong>&#8220;Emprendo por ti&#8221;<\/strong> que busca que los ciudadanos innovadores,\u00a0 reciban el apoyo financiero para iniciar su propio negocio.<\/p>\n\n<p>Con la firma del convenio, los j\u00f3venes que deseen iniciar un negocio propio tendr\u00e1n que presentar su proyecto para que sean aprobados dentro del programa.<\/p>\n<h3>La primera fase ser\u00e1 de 150 personas<\/h3>\n<p>Para la representante de pueblos ind\u00edgenas es importante que j\u00f3venes del \u00e1rea rural participen y puedan ser tomados en cuenta en el proyecto.<\/p>\n<p>Quienes sean tomados en cuenta en el proyecto, durante un a\u00f1o no pagaran intereses, informa el director general corporativo de bantrab.<\/p>\n<p>En Suchitep\u00e9quez es primera ves que se desarrolla un proyecto como &#8220;Emprendo por ti&#8221;.<\/p>\n<div class=\"jetpack-video-wrapper\"><iframe loading=\"lazy\" title=\"Firman convenio para emprendedores en Suchitep\u00e9quez\" width=\"500\" height=\"281\" src=\"https:\/\/www.youtube.com\/embed\/TA3vaKFnf1s?feature=oembed\" frameborder=\"0\" allow=\"accelerometer; autoplay; clipboard-write; encrypted-media; gyroscope; picture-in-picture; web-share\" referrerpolicy=\"strict-origin-when-cross-origin\" allowfullscreen><\/iframe><\/div>\n<h5>Con informaci\u00f3n de Cristian Ic\u00f3 Soto<\/h5>\n","protected":false},"excerpt":{"rendered":"<p>Representantes del grupo gestor de Suchitep\u00e9quez y ejecutivos del Banco de los Trabajadores,\u00a0 firmaron un convenio para impulsar un nuevo proyecto.<\/p>\n","protected":false},"author":114,"featured_media":154197,"comment_status":"open","ping_status":"closed","sticky":false,"template":"","format":"standard","meta":{"_jetpack_memberships_contains_paid_content":false,"footnotes":""},"categories":[],"etiqueta":[],"class_list":["post-154187","post","type-post","status-publish","format-standard","has-post-thumbnail","hentry"],"yoast_head":"<!-- This site is optimized with the Yoast SEO plugin v23.9 - https:\/\/yoast.com\/wordpress\/plugins\/seo\/ -->\n<title>Firman convenio para emprendedores en Suchitep\u00e9quez<\/title>\n<meta name=\"description\" content=\"Representantes del grupo gestor de Suchitep\u00e9quez y ejecutivos del Banco de los Trabajadores,\u00a0 firmaron un convenio para impulsar un nuevo proyecto.\" \/>\n<meta name=\"robots\" content=\"index, follow, max-snippet:-1, max-image-preview:large, max-video-preview:-1\" \/>\n<link rel=\"canonical\" href=\"https:\/\/prensalibre-com-develop.go-vip.co\/guatevision\/historico\/firman-convenio-para-emprendedores-en-suchitepequez\" \/>\n<meta property=\"og:locale\" content=\"es_ES\" \/>\n<meta property=\"og:type\" content=\"article\" \/>\n<meta property=\"og:title\" content=\"Firman convenio para emprendedores en Suchitep\u00e9quez\" \/>\n<meta property=\"og:description\" content=\"Representantes del grupo gestor de Suchitep\u00e9quez y ejecutivos del Banco de los Trabajadores,\u00a0 firmaron un convenio para impulsar un nuevo proyecto.\" \/>\n<meta property=\"og:url\" content=\"https:\/\/prensalibre-com-develop.go-vip.co\/guatevision\/historico\/firman-convenio-para-emprendedores-en-suchitepequez\" \/>\n<meta property=\"og:site_name\" content=\"Guatevision\" \/>\n<meta property=\"article:published_time\" content=\"2018-03-01T02:05:29+00:00\" \/>\n<meta property=\"article:modified_time\" content=\"2018-03-01T02:09:16+00:00\" \/>\n<meta property=\"og:image\" content=\"https:\/\/prensalibre-com-develop.go-vip.co\/guatevision\/wp-content\/uploads\/sites\/2\/2018\/02\/convenio1.png?quality=82\" \/>\n\t<meta property=\"og:image:width\" content=\"660\" \/>\n\t<meta property=\"og:image:height\" content=\"371\" \/>\n\t<meta property=\"og:image:type\" content=\"image\/png\" \/>\n<meta name=\"author\" content=\"Andrea de Le\u00f3n\" \/>\n<meta name=\"twitter:card\" content=\"summary_large_image\" \/>\n<meta name=\"twitter:label1\" content=\"Written by\" \/>\n\t<meta name=\"twitter:data1\" content=\"Andrea de Le\u00f3n\" \/>\n\t<meta name=\"twitter:label2\" content=\"Est. reading time\" \/>\n\t<meta name=\"twitter:data2\" content=\"1 minute\" \/>\n<script type=\"application\/ld+json\" class=\"yoast-schema-graph\">{\"@context\":\"https:\/\/schema.org\",\"@graph\":[{\"@type\":\"Article\",\"@id\":\"https:\/\/prensalibre-com-develop.go-vip.co\/guatevision\/historico\/firman-convenio-para-emprendedores-en-suchitepequez#article\",\"isPartOf\":{\"@id\":\"https:\/\/prensalibre-com-develop.go-vip.co\/guatevision\/historico\/firman-convenio-para-emprendedores-en-suchitepequez\"},\"author\":{\"name\":\"Andrea de Le\u00f3n\",\"@id\":\"https:\/\/prensalibre-com-develop.go-vip.co\/guatevision\/#\/schema\/person\/1062a0be25c8afd1d783de5d84088286\"},\"headline\":\"Firman convenio para emprendedores en Suchitep\u00e9quez\",\"datePublished\":\"2018-03-01T02:05:29+00:00\",\"dateModified\":\"2018-03-01T02:09:16+00:00\",\"mainEntityOfPage\":{\"@id\":\"https:\/\/prensalibre-com-develop.go-vip.co\/guatevision\/historico\/firman-convenio-para-emprendedores-en-suchitepequez\"},\"wordCount\":154,\"commentCount\":0,\"publisher\":{\"@id\":\"https:\/\/prensalibre-com-develop.go-vip.co\/guatevision\/#organization\"},\"image\":{\"@id\":\"https:\/\/prensalibre-com-develop.go-vip.co\/guatevision\/historico\/firman-convenio-para-emprendedores-en-suchitepequez#primaryimage\"},\"thumbnailUrl\":\"https:\/\/prensalibre-com-develop.go-vip.co\/guatevision\/wp-content\/uploads\/sites\/2\/2018\/02\/convenio1.png?quality=82\",\"keywords\":[\"convenio\",\"j\u00f3venes\",\"negocios\"],\"inLanguage\":\"es-GT\",\"potentialAction\":[{\"@type\":\"CommentAction\",\"name\":\"Comment\",\"target\":[\"https:\/\/prensalibre-com-develop.go-vip.co\/guatevision\/historico\/firman-convenio-para-emprendedores-en-suchitepequez#respond\"]}]},{\"@type\":\"WebPage\",\"@id\":\"https:\/\/prensalibre-com-develop.go-vip.co\/guatevision\/historico\/firman-convenio-para-emprendedores-en-suchitepequez\",\"url\":\"https:\/\/prensalibre-com-develop.go-vip.co\/guatevision\/historico\/firman-convenio-para-emprendedores-en-suchitepequez\",\"name\":\"Firman convenio para emprendedores en Suchitep\u00e9quez\",\"isPartOf\":{\"@id\":\"https:\/\/prensalibre-com-develop.go-vip.co\/guatevision\/#website\"},\"primaryImageOfPage\":{\"@id\":\"https:\/\/prensalibre-com-develop.go-vip.co\/guatevision\/historico\/firman-convenio-para-emprendedores-en-suchitepequez#primaryimage\"},\"image\":{\"@id\":\"https:\/\/prensalibre-com-develop.go-vip.co\/guatevision\/historico\/firman-convenio-para-emprendedores-en-suchitepequez#primaryimage\"},\"thumbnailUrl\":\"https:\/\/prensalibre-com-develop.go-vip.co\/guatevision\/wp-content\/uploads\/sites\/2\/2018\/02\/convenio1.png?quality=82\",\"datePublished\":\"2018-03-01T02:05:29+00:00\",\"dateModified\":\"2018-03-01T02:09:16+00:00\",\"description\":\"Representantes del grupo gestor de Suchitep\u00e9quez y ejecutivos del Banco de los Trabajadores,\u00a0 firmaron un convenio para impulsar un nuevo proyecto.\",\"inLanguage\":\"es-GT\",\"potentialAction\":[{\"@type\":\"ReadAction\",\"target\":[\"https:\/\/prensalibre-com-develop.go-vip.co\/guatevision\/historico\/firman-convenio-para-emprendedores-en-suchitepequez\"]}]},{\"@type\":\"ImageObject\",\"inLanguage\":\"es-GT\",\"@id\":\"https:\/\/prensalibre-com-develop.go-vip.co\/guatevision\/historico\/firman-convenio-para-emprendedores-en-suchitepequez#primaryimage\",\"url\":\"https:\/\/prensalibre-com-develop.go-vip.co\/guatevision\/wp-content\/uploads\/sites\/2\/2018\/02\/convenio1.png?quality=82\",\"contentUrl\":\"https:\/\/prensalibre-com-develop.go-vip.co\/guatevision\/wp-content\/uploads\/sites\/2\/2018\/02\/convenio1.png?quality=82\",\"width\":660,\"height\":371,\"caption\":\"Firman convenio para emprendedores en Suchitep\u00e9quez\"},{\"@type\":\"WebSite\",\"@id\":\"https:\/\/prensalibre-com-develop.go-vip.co\/guatevision\/#website\",\"url\":\"https:\/\/prensalibre-com-develop.go-vip.co\/guatevision\/\",\"name\":\"Guatevision\",\"description\":\"\u00a1Enciende Lo Bueno!\",\"publisher\":{\"@id\":\"https:\/\/prensalibre-com-develop.go-vip.co\/guatevision\/#organization\"},\"potentialAction\":[{\"@type\":\"SearchAction\",\"target\":{\"@type\":\"EntryPoint\",\"urlTemplate\":\"https:\/\/prensalibre-com-develop.go-vip.co\/guatevision\/?s={search_term_string}\"},\"query-input\":{\"@type\":\"PropertyValueSpecification\",\"valueRequired\":true,\"valueName\":\"search_term_string\"}}],\"inLanguage\":\"es-GT\"},{\"@type\":\"Organization\",\"@id\":\"https:\/\/prensalibre-com-develop.go-vip.co\/guatevision\/#organization\",\"name\":\"Guatevision\",\"url\":\"https:\/\/prensalibre-com-develop.go-vip.co\/guatevision\/\",\"logo\":{\"@type\":\"ImageObject\",\"inLanguage\":\"es-GT\",\"@id\":\"https:\/\/prensalibre-com-develop.go-vip.co\/guatevision\/#\/schema\/logo\/image\/\",\"url\":\"https:\/\/prensalibre-com-develop.go-vip.co\/guatevision\/wp-content\/uploads\/sites\/2\/2026\/04\/Diseno-sin-titulo.png?quality=82\",\"contentUrl\":\"https:\/\/prensalibre-com-develop.go-vip.co\/guatevision\/wp-content\/uploads\/sites\/2\/2026\/04\/Diseno-sin-titulo.png?quality=82\",\"width\":1000,\"height\":600,\"caption\":\"Guatevision\"},\"image\":{\"@id\":\"https:\/\/prensalibre-com-develop.go-vip.co\/guatevision\/#\/schema\/logo\/image\/\"}},{\"@type\":\"Person\",\"@id\":\"https:\/\/prensalibre-com-develop.go-vip.co\/guatevision\/#\/schema\/person\/1062a0be25c8afd1d783de5d84088286\",\"name\":\"Andrea de Le\u00f3n\",\"image\":{\"@type\":\"ImageObject\",\"inLanguage\":\"es-GT\",\"@id\":\"https:\/\/prensalibre-com-develop.go-vip.co\/guatevision\/#\/schema\/person\/image\/95f2bba41fd714fdee010845bffc4c79\",\"url\":\"https:\/\/secure.gravatar.com\/avatar\/9dce7edd2614974806cb955d2b9a46e6e25de98d3519fbbbee115cbb593eb951?s=96&d=mm&r=g\",\"contentUrl\":\"https:\/\/secure.gravatar.com\/avatar\/9dce7edd2614974806cb955d2b9a46e6e25de98d3519fbbbee115cbb593eb951?s=96&d=mm&r=g\",\"caption\":\"Andrea de Le\u00f3n\"},\"url\":\"https:\/\/prensalibre-com-develop.go-vip.co\/guatevision\/author\/mdeleon\"}]}<\/script>\n<!-- \/ Yoast SEO plugin. -->","yoast_head_json":{"title":"Firman convenio para emprendedores en Suchitep\u00e9quez","description":"Representantes del grupo gestor de Suchitep\u00e9quez y ejecutivos del Banco de los Trabajadores,\u00a0 firmaron un convenio para impulsar un nuevo proyecto.","robots":{"index":"index","follow":"follow","max-snippet":"max-snippet:-1","max-image-preview":"max-image-preview:large","max-video-preview":"max-video-preview:-1"},"canonical":"https:\/\/prensalibre-com-develop.go-vip.co\/guatevision\/historico\/firman-convenio-para-emprendedores-en-suchitepequez","og_locale":"es_ES","og_type":"article","og_title":"Firman convenio para emprendedores en Suchitep\u00e9quez","og_description":"Representantes del grupo gestor de Suchitep\u00e9quez y ejecutivos del Banco de los Trabajadores,\u00a0 firmaron un convenio para impulsar un nuevo proyecto.","og_url":"https:\/\/prensalibre-com-develop.go-vip.co\/guatevision\/historico\/firman-convenio-para-emprendedores-en-suchitepequez","og_site_name":"Guatevision","article_published_time":"2018-03-01T02:05:29+00:00","article_modified_time":"2018-03-01T02:09:16+00:00","og_image":[{"width":660,"height":371,"url":"https:\/\/prensalibre-com-develop.go-vip.co\/guatevision\/wp-content\/uploads\/sites\/2\/2018\/02\/convenio1.png?quality=82","type":"image\/png"}],"author":"Andrea de Le\u00f3n","twitter_card":"summary_large_image","twitter_misc":{"Written by":"Andrea de Le\u00f3n","Est. reading time":"1 minute"},"schema":{"@context":"https:\/\/schema.org","@graph":[{"@type":"Article","@id":"https:\/\/prensalibre-com-develop.go-vip.co\/guatevision\/historico\/firman-convenio-para-emprendedores-en-suchitepequez#article","isPartOf":{"@id":"https:\/\/prensalibre-com-develop.go-vip.co\/guatevision\/historico\/firman-convenio-para-emprendedores-en-suchitepequez"},"author":{"name":"Andrea de Le\u00f3n","@id":"https:\/\/prensalibre-com-develop.go-vip.co\/guatevision\/#\/schema\/person\/1062a0be25c8afd1d783de5d84088286"},"headline":"Firman convenio para emprendedores en Suchitep\u00e9quez","datePublished":"2018-03-01T02:05:29+00:00","dateModified":"2018-03-01T02:09:16+00:00","mainEntityOfPage":{"@id":"https:\/\/prensalibre-com-develop.go-vip.co\/guatevision\/historico\/firman-convenio-para-emprendedores-en-suchitepequez"},"wordCount":154,"commentCount":0,"publisher":{"@id":"https:\/\/prensalibre-com-develop.go-vip.co\/guatevision\/#organization"},"image":{"@id":"https:\/\/prensalibre-com-develop.go-vip.co\/guatevision\/historico\/firman-convenio-para-emprendedores-en-suchitepequez#primaryimage"},"thumbnailUrl":"https:\/\/prensalibre-com-develop.go-vip.co\/guatevision\/wp-content\/uploads\/sites\/2\/2018\/02\/convenio1.png?quality=82","keywords":["convenio","j\u00f3venes","negocios"],"inLanguage":"es-GT","potentialAction":[{"@type":"CommentAction","name":"Comment","target":["https:\/\/prensalibre-com-develop.go-vip.co\/guatevision\/historico\/firman-convenio-para-emprendedores-en-suchitepequez#respond"]}]},{"@type":"WebPage","@id":"https:\/\/prensalibre-com-develop.go-vip.co\/guatevision\/historico\/firman-convenio-para-emprendedores-en-suchitepequez","url":"https:\/\/prensalibre-com-develop.go-vip.co\/guatevision\/historico\/firman-convenio-para-emprendedores-en-suchitepequez","name":"Firman convenio para emprendedores en Suchitep\u00e9quez","isPartOf":{"@id":"https:\/\/prensalibre-com-develop.go-vip.co\/guatevision\/#website"},"primaryImageOfPage":{"@id":"https:\/\/prensalibre-com-develop.go-vip.co\/guatevision\/historico\/firman-convenio-para-emprendedores-en-suchitepequez#primaryimage"},"image":{"@id":"https:\/\/prensalibre-com-develop.go-vip.co\/guatevision\/historico\/firman-convenio-para-emprendedores-en-suchitepequez#primaryimage"},"thumbnailUrl":"https:\/\/prensalibre-com-develop.go-vip.co\/guatevision\/wp-content\/uploads\/sites\/2\/2018\/02\/convenio1.png?quality=82","datePublished":"2018-03-01T02:05:29+00:00","dateModified":"2018-03-01T02:09:16+00:00","description":"Representantes del grupo gestor de Suchitep\u00e9quez y ejecutivos del Banco de los Trabajadores,\u00a0 firmaron un convenio para impulsar un nuevo proyecto.","inLanguage":"es-GT","potentialAction":[{"@type":"ReadAction","target":["https:\/\/prensalibre-com-develop.go-vip.co\/guatevision\/historico\/firman-convenio-para-emprendedores-en-suchitepequez"]}]},{"@type":"ImageObject","inLanguage":"es-GT","@id":"https:\/\/prensalibre-com-develop.go-vip.co\/guatevision\/historico\/firman-convenio-para-emprendedores-en-suchitepequez#primaryimage","url":"https:\/\/prensalibre-com-develop.go-vip.co\/guatevision\/wp-content\/uploads\/sites\/2\/2018\/02\/convenio1.png?quality=82","contentUrl":"https:\/\/prensalibre-com-develop.go-vip.co\/guatevision\/wp-content\/uploads\/sites\/2\/2018\/02\/convenio1.png?quality=82","width":660,"height":371,"caption":"Firman convenio para emprendedores en Suchitep\u00e9quez"},{"@type":"WebSite","@id":"https:\/\/prensalibre-com-develop.go-vip.co\/guatevision\/#website","url":"https:\/\/prensalibre-com-develop.go-vip.co\/guatevision\/","name":"Guatevision","description":"\u00a1Enciende Lo Bueno!","publisher":{"@id":"https:\/\/prensalibre-com-develop.go-vip.co\/guatevision\/#organization"},"potentialAction":[{"@type":"SearchAction","target":{"@type":"EntryPoint","urlTemplate":"https:\/\/prensalibre-com-develop.go-vip.co\/guatevision\/?s={search_term_string}"},"query-input":{"@type":"PropertyValueSpecification","valueRequired":true,"valueName":"search_term_string"}}],"inLanguage":"es-GT"},{"@type":"Organization","@id":"https:\/\/prensalibre-com-develop.go-vip.co\/guatevision\/#organization","name":"Guatevision","url":"https:\/\/prensalibre-com-develop.go-vip.co\/guatevision\/","logo":{"@type":"ImageObject","inLanguage":"es-GT","@id":"https:\/\/prensalibre-com-develop.go-vip.co\/guatevision\/#\/schema\/logo\/image\/","url":"https:\/\/prensalibre-com-develop.go-vip.co\/guatevision\/wp-content\/uploads\/sites\/2\/2026\/04\/Diseno-sin-titulo.png?quality=82","contentUrl":"https:\/\/prensalibre-com-develop.go-vip.co\/guatevision\/wp-content\/uploads\/sites\/2\/2026\/04\/Diseno-sin-titulo.png?quality=82","width":1000,"height":600,"caption":"Guatevision"},"image":{"@id":"https:\/\/prensalibre-com-develop.go-vip.co\/guatevision\/#\/schema\/logo\/image\/"}},{"@type":"Person","@id":"https:\/\/prensalibre-com-develop.go-vip.co\/guatevision\/#\/schema\/person\/1062a0be25c8afd1d783de5d84088286","name":"Andrea de Le\u00f3n","image":{"@type":"ImageObject","inLanguage":"es-GT","@id":"https:\/\/prensalibre-com-develop.go-vip.co\/guatevision\/#\/schema\/person\/image\/95f2bba41fd714fdee010845bffc4c79","url":"https:\/\/secure.gravatar.com\/avatar\/9dce7edd2614974806cb955d2b9a46e6e25de98d3519fbbbee115cbb593eb951?s=96&d=mm&r=g","contentUrl":"https:\/\/secure.gravatar.com\/avatar\/9dce7edd2614974806cb955d2b9a46e6e25de98d3519fbbbee115cbb593eb951?s=96&d=mm&r=g","caption":"Andrea de Le\u00f3n"},"url":"https:\/\/prensalibre-com-develop.go-vip.co\/guatevision\/author\/mdeleon"}]}},"jetpack_featured_media_url":"https:\/\/prensalibre-com-develop.go-vip.co\/guatevision\/wp-content\/uploads\/sites\/2\/2018\/02\/convenio1.png?quality=82","jetpack_sharing_enabled":true,"_links":{"self":[{"href":"https:\/\/prensalibre-com-develop.go-vip.co\/guatevision\/wp-json\/wp\/v2\/posts\/154187","targetHints":{"allow":["GET"]}}],"collection":[{"href":"https:\/\/prensalibre-com-develop.go-vip.co\/guatevision\/wp-json\/wp\/v2\/posts"}],"about":[{"href":"https:\/\/prensalibre-com-develop.go-vip.co\/guatevision\/wp-json\/wp\/v2\/types\/post"}],"author":[{"embeddable":true,"href":"https:\/\/prensalibre-com-develop.go-vip.co\/guatevision\/wp-json\/wp\/v2\/users\/114"}],"replies":[{"embeddable":true,"href":"https:\/\/prensalibre-com-develop.go-vip.co\/guatevision\/wp-json\/wp\/v2\/comments?post=154187"}],"version-history":[{"count":0,"href":"https:\/\/prensalibre-com-develop.go-vip.co\/guatevision\/wp-json\/wp\/v2\/posts\/154187\/revisions"}],"wp:featuredmedia":[{"embeddable":true,"href":"https:\/\/prensalibre-com-develop.go-vip.co\/guatevision\/wp-json\/wp\/v2\/media\/154197"}],"wp:attachment":[{"href":"https:\/\/prensalibre-com-develop.go-vip.co\/guatevision\/wp-json\/wp\/v2\/media?parent=154187"}],"wp:term":[{"taxonomy":"category","embeddable":true,"href":"https:\/\/prensalibre-com-develop.go-vip.co\/guatevision\/wp-json\/wp\/v2\/categories?post=154187"},{"taxonomy":"etiqueta","embeddable":true,"href":"https:\/\/prensalibre-com-develop.go-vip.co\/guatevision\/wp-json\/wp\/v2\/etiqueta?post=154187"}],"curies":[{"name":"wp","href":"https:\/\/api.w.org\/{rel}","templated":true}]}}