{"id":154252,"date":"2018-03-01T11:07:20","date_gmt":"2018-03-01T17:07:20","guid":{"rendered":"https:\/\/prensalibre-com-develop.go-vip.co\/guatevision\/?p=154252"},"modified":"2018-03-01T11:07:20","modified_gmt":"2018-03-01T17:07:20","slug":"neymar-12","status":"publish","type":"post","link":"https:\/\/prensalibre-com-develop.go-vip.co\/guatevision\/historico\/neymar-12","title":{"rendered":"Neymar llega a Brasil para operarse el s\u00e1bado"},"content":{"rendered":"<p>El brasile\u00f1o Neymar, el jugador estrella del PSG, lleg\u00f3 la ma\u00f1ana de este jueves a Rio de Janeiro, antes de someterse el s\u00e1bado a una operaci\u00f3n en su pie que lo sacar\u00e1 de las canchas por hasta tres meses, lo que dibuja una sombra sobre el club parisino y la selecci\u00f3n brasile\u00f1a, a casi cien d\u00edas del Mundial en Rusia.<\/p>\n\n<p>Neymar, de 26 a\u00f1os, lleg\u00f3 en un avi\u00f3n de Air France proveniente de Par\u00eds con el m\u00e9dico Rodrigo Lasmar, quien lo debe operar, e inmediatamente abord\u00f3 un jet privado hacia un destino desconocido, dijo el vocero de la canarinha, Vinicius Rodrigues.<\/p>\n<p>Lasmar confirm\u00f3 que la operaci\u00f3n tendr\u00e1 lugar en Belo Horizonte (sudeste) el s\u00e1bado.<\/p>\n<p>Pero a pesar de la prisa para operar el pie derecho de Neymar, el jugador no volver\u00e1 tan pronto a las canchas.<\/p>\n<p><em>&#8220;No es una simple fisura, es una fractura de un hueso importante en mitad del pie (&#8230;) El periodo (de recuperaci\u00f3n) ser\u00e1 alrededor de dos meses y medio y tres meses&#8221;<\/em>, dijo Lasmar a periodistas tras llegar con el jugador en el mismo avi\u00f3n.<\/p>\n<p><em>&#8220;Nuestra preocupaci\u00f3n es la salud del jugador en primer lugar. Nuestro desaf\u00edo es que se recupere bien y est\u00e9 disponible para su club y para la selecci\u00f3n cuanto antes&#8221;<\/em>, a\u00f1adi\u00f3.<\/p>\n<p><em>&#8220;Intentaremos al m\u00e1ximo estar dentro de los plazos y que llegue bien para las finales del campeonato con el PSG y para la selecci\u00f3n brasile\u00f1a&#8221;<\/em>, insisti\u00f3 el m\u00e9dico.<\/p>\n<p>&nbsp;<\/p>\n<h3>El plazo de Neymar.<\/h3>\n<p>Brasil debuta en el Mundial de Rusia el 17 de junio ante Suiza en Rostov del Don.<\/p>\n<p>Lasmar despej\u00f3 cualquier divergencia entre el club parisino y la selecci\u00f3n de Brasil, y asegur\u00f3 que la decisi\u00f3n de operarlo fue &#8220;un\u00e1nime&#8221;.<\/p>\n<p><em>&#8220;Un tratamiento conservador, sin cirug\u00eda, presenta un riesgo mayor de que vuelva a fracturarse, no podemos correr ese riesgo&#8221;<\/em>, zanj\u00f3.<\/p>\n<p>Los pasajeros del vuelo de Air France se sorprendieron gratamente al ver al jugador a bordo y algunos le tomaron fotos, en las que Neymar aparece sonriendo bajo un par de lentes oscuros y una gorra.<\/p>\n<p>El mi\u00e9rcoles por la tarde, el jugador hab\u00eda publicado en su cuenta de Instagram una frase popularizada por la estrella de baloncesto Michael Jordan: &#8220;Los obst\u00e1culos no deben impedirte. Si encuentras una\u00a0pared, no desistas. Descubre c\u00f3mo escalarla&#8221;.<\/p>\n<p>Las palabras de inspiraci\u00f3n subtitulaban una foto del momento en que qued\u00f3 tendido en el campo sufriendo el dolor de la lesi\u00f3n, durante el partido del club parisino contra el Olympique de Marseille (3-0) el pasado domingo.<\/p>\n<p>&nbsp;<\/p>\n<h3>&#8211; Dr. Lasmar, padre e hijo &#8211;<\/h3>\n<p>El incidente saca al brasile\u00f1o -el jugador m\u00e1s caro del mundo, comprado por 222 millones de euros- del decisivo encuentro con el Real Madrid por la revancha de los octavos de final de la Champions League, tras haber ca\u00eddo el PSG en la ida por 3-1 en Madrid.<\/p>\n<p>El PSG anunci\u00f3 el diagn\u00f3stico m\u00e9dico el mi\u00e9rcoles, despu\u00e9s que el padre de Neymar ya hab\u00eda confirmado la noche anterior la ausencia del camisa 10 &#8220;por al menos seis semanas&#8221;.<\/p>\n<p>El Dr. Lasmar interrumpi\u00f3 un seminario de la FIFA en Sochi (Rusia) para viajar a Par\u00eds, examinar al jugador y acompa\u00f1arlo luego a Brasil.<\/p>\n<p>Conocido por haber tratado la rodilla de otro gigante de la Sele\u00e7\u00e3o, Ronaldo, el destacado m\u00e9dico franc\u00e9s Gerard Saillant, tambi\u00e9n estar\u00eda en camino a Brasil para acompa\u00f1ar el procedimiento.<\/p>\n<p>El Dr. Lasmar, de 46 a\u00f1os, tiene un v\u00ednculo de larga data con la selecci\u00f3n brasile\u00f1a.<\/p>\n<p>Antes de \u00e9l mismo convertirse en m\u00e9dico, cuando era adolescente acompa\u00f1\u00f3 a su padre, Neylor Lasmar, en el Mundial de M\u00e9xico-1986, cuando era doctor de la &#8216;canarinha&#8217;.<\/p>\n<p>&nbsp;<\/p>\n<h3>&#8211; &#8216;Tenemos un Mundial por ganar&#8217; &#8211;<\/h3>\n<p>El primer Mundial de Lasmar hijo como m\u00e9dico ortopedista fue en 2002, comandado por el Dr. Runco.<\/p>\n<p>Un debut mundialista colmado de \u00e9xito: en Corea del Sur y Jap\u00f3n, Brasil conquist\u00f3 su quinto y \u00faltimo t\u00edtulo.<\/p>\n<p>Aunque los recuerdos de la \u00faltima copa, disputada en Brasil, sean m\u00e1s amargos: Neymar se lesion\u00f3 la columna durante un juego ante Colombia en los cuartos de final y sin su delantero estrella, la selecci\u00f3n local fue humillada con un 7-1 ante Alemania en semifinales.<\/p>\n<p>Para &#8220;Ney&#8221;, que pretende volver a brillar en el Mundial de Rusia, la operaci\u00f3n puede permitirle una recuperaci\u00f3n m\u00e1s certera.<\/p>\n<p>En el pa\u00eds del f\u00fatbol, al final, eso es lo \u00fanico que quieren los brasile\u00f1os: conquistar el sexto t\u00edtulo con Neymar en la delantera.<\/p>\n<p>&#8220;Hey Neymar, todo Brasil espera que te recuperes de esta lesi\u00f3n tan r\u00e1pido como la \u00faltima vez. Tenemos una Copa del Mundo por ganar, mej\u00f3rate pronto!&#8221;, escribi\u00f3 en su cuenta de Twitter el astro Pel\u00e9.<\/p>\n<p>&nbsp;<\/p>\n<p>\u00a9 Agence France-Presse<\/p>\n","protected":false},"excerpt":{"rendered":"<p>Lasmar confirm\u00f3 que la operaci\u00f3n tendr\u00e1 lugar en Belo Horizonte (sudeste) el s\u00e1bado.<\/p>\n","protected":false},"author":71,"featured_media":154254,"comment_status":"open","ping_status":"closed","sticky":false,"template":"","format":"standard","meta":{"_jetpack_memberships_contains_paid_content":false,"footnotes":""},"categories":[],"etiqueta":[],"class_list":["post-154252","post","type-post","status-publish","format-standard","has-post-thumbnail","hentry"],"yoast_head":"<!-- This site is optimized with the Yoast SEO plugin v23.9 - https:\/\/yoast.com\/wordpress\/plugins\/seo\/ -->\n<title>Neymar llega a Brasil para operarse el s\u00e1bado con miras al Mundial<\/title>\n<meta name=\"description\" content=\"Neymar, lleg\u00f3 a Rio de Janeiro, antes de someterse el s\u00e1bado a una operaci\u00f3n en su pie que lo sacar\u00e1 de las canchas por hasta tres meses\" \/>\n<meta name=\"robots\" content=\"index, follow, max-snippet:-1, max-image-preview:large, max-video-preview:-1\" \/>\n<link rel=\"canonical\" href=\"https:\/\/prensalibre-com-develop.go-vip.co\/guatevision\/historico\/neymar-12\" \/>\n<meta property=\"og:locale\" content=\"es_ES\" \/>\n<meta property=\"og:type\" content=\"article\" \/>\n<meta property=\"og:title\" content=\"Neymar llega a Brasil para operarse el s\u00e1bado con miras al Mundial\" \/>\n<meta property=\"og:description\" content=\"Neymar, lleg\u00f3 a Rio de Janeiro, antes de someterse el s\u00e1bado a una operaci\u00f3n en su pie que lo sacar\u00e1 de las canchas por hasta tres meses\" \/>\n<meta property=\"og:url\" content=\"https:\/\/prensalibre-com-develop.go-vip.co\/guatevision\/historico\/neymar-12\" \/>\n<meta property=\"og:site_name\" content=\"Guatevision\" \/>\n<meta property=\"article:published_time\" content=\"2018-03-01T17:07:20+00:00\" \/>\n<meta property=\"og:image\" content=\"https:\/\/prensalibre-com-develop.go-vip.co\/guatevision\/wp-content\/uploads\/sites\/2\/2018\/03\/Neymar.png?quality=82\" \/>\n\t<meta property=\"og:image:width\" content=\"660\" \/>\n\t<meta property=\"og:image:height\" content=\"371\" \/>\n\t<meta property=\"og:image:type\" content=\"image\/png\" \/>\n<meta name=\"author\" content=\"Manuel Hern\u00e1ndez May\u00e9n\" \/>\n<meta name=\"twitter:card\" content=\"summary_large_image\" \/>\n<meta name=\"twitter:label1\" content=\"Written by\" \/>\n\t<meta name=\"twitter:data1\" content=\"Manuel Hern\u00e1ndez May\u00e9n\" \/>\n\t<meta name=\"twitter:label2\" content=\"Est. reading time\" \/>\n\t<meta name=\"twitter:data2\" content=\"4 minutes\" \/>\n<script type=\"application\/ld+json\" class=\"yoast-schema-graph\">{\"@context\":\"https:\/\/schema.org\",\"@graph\":[{\"@type\":\"Article\",\"@id\":\"https:\/\/prensalibre-com-develop.go-vip.co\/guatevision\/historico\/neymar-12#article\",\"isPartOf\":{\"@id\":\"https:\/\/prensalibre-com-develop.go-vip.co\/guatevision\/historico\/neymar-12\"},\"author\":{\"name\":\"Manuel Hern\u00e1ndez May\u00e9n\",\"@id\":\"https:\/\/prensalibre-com-develop.go-vip.co\/guatevision\/#\/schema\/person\/5b34ef10da9eb6f366b1c186913efddd\"},\"headline\":\"Neymar llega a Brasil para operarse el s\u00e1bado\",\"datePublished\":\"2018-03-01T17:07:20+00:00\",\"dateModified\":\"2018-03-01T17:07:20+00:00\",\"mainEntityOfPage\":{\"@id\":\"https:\/\/prensalibre-com-develop.go-vip.co\/guatevision\/historico\/neymar-12\"},\"wordCount\":838,\"commentCount\":0,\"publisher\":{\"@id\":\"https:\/\/prensalibre-com-develop.go-vip.co\/guatevision\/#organization\"},\"image\":{\"@id\":\"https:\/\/prensalibre-com-develop.go-vip.co\/guatevision\/historico\/neymar-12#primaryimage\"},\"thumbnailUrl\":\"https:\/\/prensalibre-com-develop.go-vip.co\/guatevision\/wp-content\/uploads\/sites\/2\/2018\/03\/Neymar.png?quality=82\",\"keywords\":[\"Neymar\",\"PSG\",\"Rio de Janeiro\"],\"inLanguage\":\"es-GT\",\"potentialAction\":[{\"@type\":\"CommentAction\",\"name\":\"Comment\",\"target\":[\"https:\/\/prensalibre-com-develop.go-vip.co\/guatevision\/historico\/neymar-12#respond\"]}]},{\"@type\":\"WebPage\",\"@id\":\"https:\/\/prensalibre-com-develop.go-vip.co\/guatevision\/historico\/neymar-12\",\"url\":\"https:\/\/prensalibre-com-develop.go-vip.co\/guatevision\/historico\/neymar-12\",\"name\":\"Neymar llega a Brasil para operarse el s\u00e1bado con miras al Mundial\",\"isPartOf\":{\"@id\":\"https:\/\/prensalibre-com-develop.go-vip.co\/guatevision\/#website\"},\"primaryImageOfPage\":{\"@id\":\"https:\/\/prensalibre-com-develop.go-vip.co\/guatevision\/historico\/neymar-12#primaryimage\"},\"image\":{\"@id\":\"https:\/\/prensalibre-com-develop.go-vip.co\/guatevision\/historico\/neymar-12#primaryimage\"},\"thumbnailUrl\":\"https:\/\/prensalibre-com-develop.go-vip.co\/guatevision\/wp-content\/uploads\/sites\/2\/2018\/03\/Neymar.png?quality=82\",\"datePublished\":\"2018-03-01T17:07:20+00:00\",\"dateModified\":\"2018-03-01T17:07:20+00:00\",\"description\":\"Neymar, lleg\u00f3 a Rio de Janeiro, antes de someterse el s\u00e1bado a una operaci\u00f3n en su pie que lo sacar\u00e1 de las canchas por hasta tres meses\",\"inLanguage\":\"es-GT\",\"potentialAction\":[{\"@type\":\"ReadAction\",\"target\":[\"https:\/\/prensalibre-com-develop.go-vip.co\/guatevision\/historico\/neymar-12\"]}]},{\"@type\":\"ImageObject\",\"inLanguage\":\"es-GT\",\"@id\":\"https:\/\/prensalibre-com-develop.go-vip.co\/guatevision\/historico\/neymar-12#primaryimage\",\"url\":\"https:\/\/prensalibre-com-develop.go-vip.co\/guatevision\/wp-content\/uploads\/sites\/2\/2018\/03\/Neymar.png?quality=82\",\"contentUrl\":\"https:\/\/prensalibre-com-develop.go-vip.co\/guatevision\/wp-content\/uploads\/sites\/2\/2018\/03\/Neymar.png?quality=82\",\"width\":660,\"height\":371,\"caption\":\"A picture obtained from Twitter account of @Claire_Dorland shows Brazilian superstar Neymar as he arrives at Rio de Janeiro after flying from Paris on March 1, 2018 ahead of an operation on his fractured foot. Brazilian superstar Neymar flew into Rio de Janeiro early Thursday ahead of an operation on his fractured foot that will rule him out for up to three months. Neymar suffered a hairline fracture of the fifth metatarsal in his right foot as well as a twisted ankle late in PSG's 3-0 win over Marseille in Ligue 1 on Sunday Claire Dornald Clauzel \/ Twitter \/ AFP\"},{\"@type\":\"WebSite\",\"@id\":\"https:\/\/prensalibre-com-develop.go-vip.co\/guatevision\/#website\",\"url\":\"https:\/\/prensalibre-com-develop.go-vip.co\/guatevision\/\",\"name\":\"Guatevision\",\"description\":\"\u00a1Enciende Lo Bueno!\",\"publisher\":{\"@id\":\"https:\/\/prensalibre-com-develop.go-vip.co\/guatevision\/#organization\"},\"potentialAction\":[{\"@type\":\"SearchAction\",\"target\":{\"@type\":\"EntryPoint\",\"urlTemplate\":\"https:\/\/prensalibre-com-develop.go-vip.co\/guatevision\/?s={search_term_string}\"},\"query-input\":{\"@type\":\"PropertyValueSpecification\",\"valueRequired\":true,\"valueName\":\"search_term_string\"}}],\"inLanguage\":\"es-GT\"},{\"@type\":\"Organization\",\"@id\":\"https:\/\/prensalibre-com-develop.go-vip.co\/guatevision\/#organization\",\"name\":\"Guatevision\",\"url\":\"https:\/\/prensalibre-com-develop.go-vip.co\/guatevision\/\",\"logo\":{\"@type\":\"ImageObject\",\"inLanguage\":\"es-GT\",\"@id\":\"https:\/\/prensalibre-com-develop.go-vip.co\/guatevision\/#\/schema\/logo\/image\/\",\"url\":\"https:\/\/prensalibre-com-develop.go-vip.co\/guatevision\/wp-content\/uploads\/sites\/2\/2026\/04\/Diseno-sin-titulo.png?quality=82\",\"contentUrl\":\"https:\/\/prensalibre-com-develop.go-vip.co\/guatevision\/wp-content\/uploads\/sites\/2\/2026\/04\/Diseno-sin-titulo.png?quality=82\",\"width\":1000,\"height\":600,\"caption\":\"Guatevision\"},\"image\":{\"@id\":\"https:\/\/prensalibre-com-develop.go-vip.co\/guatevision\/#\/schema\/logo\/image\/\"}},{\"@type\":\"Person\",\"@id\":\"https:\/\/prensalibre-com-develop.go-vip.co\/guatevision\/#\/schema\/person\/5b34ef10da9eb6f366b1c186913efddd\",\"name\":\"Manuel Hern\u00e1ndez May\u00e9n\",\"image\":{\"@type\":\"ImageObject\",\"inLanguage\":\"es-GT\",\"@id\":\"https:\/\/prensalibre-com-develop.go-vip.co\/guatevision\/#\/schema\/person\/image\/433265d8a81413206f8dd780c513ffd7\",\"url\":\"https:\/\/secure.gravatar.com\/avatar\/d6d67d029230e2c79470aabd3184418289f224c20a44e2beaa5864a18da50d01?s=96&d=mm&r=g\",\"contentUrl\":\"https:\/\/secure.gravatar.com\/avatar\/d6d67d029230e2c79470aabd3184418289f224c20a44e2beaa5864a18da50d01?s=96&d=mm&r=g\",\"caption\":\"Manuel Hern\u00e1ndez May\u00e9n\"},\"url\":\"https:\/\/prensalibre-com-develop.go-vip.co\/guatevision\/author\/mdhernandez\"}]}<\/script>\n<!-- \/ Yoast SEO plugin. -->","yoast_head_json":{"title":"Neymar llega a Brasil para operarse el s\u00e1bado con miras al Mundial","description":"Neymar, lleg\u00f3 a Rio de Janeiro, antes de someterse el s\u00e1bado a una operaci\u00f3n en su pie que lo sacar\u00e1 de las canchas por hasta tres meses","robots":{"index":"index","follow":"follow","max-snippet":"max-snippet:-1","max-image-preview":"max-image-preview:large","max-video-preview":"max-video-preview:-1"},"canonical":"https:\/\/prensalibre-com-develop.go-vip.co\/guatevision\/historico\/neymar-12","og_locale":"es_ES","og_type":"article","og_title":"Neymar llega a Brasil para operarse el s\u00e1bado con miras al Mundial","og_description":"Neymar, lleg\u00f3 a Rio de Janeiro, antes de someterse el s\u00e1bado a una operaci\u00f3n en su pie que lo sacar\u00e1 de las canchas por hasta tres meses","og_url":"https:\/\/prensalibre-com-develop.go-vip.co\/guatevision\/historico\/neymar-12","og_site_name":"Guatevision","article_published_time":"2018-03-01T17:07:20+00:00","og_image":[{"width":660,"height":371,"url":"https:\/\/prensalibre-com-develop.go-vip.co\/guatevision\/wp-content\/uploads\/sites\/2\/2018\/03\/Neymar.png?quality=82","type":"image\/png"}],"author":"Manuel Hern\u00e1ndez May\u00e9n","twitter_card":"summary_large_image","twitter_misc":{"Written by":"Manuel Hern\u00e1ndez May\u00e9n","Est. reading time":"4 minutes"},"schema":{"@context":"https:\/\/schema.org","@graph":[{"@type":"Article","@id":"https:\/\/prensalibre-com-develop.go-vip.co\/guatevision\/historico\/neymar-12#article","isPartOf":{"@id":"https:\/\/prensalibre-com-develop.go-vip.co\/guatevision\/historico\/neymar-12"},"author":{"name":"Manuel Hern\u00e1ndez May\u00e9n","@id":"https:\/\/prensalibre-com-develop.go-vip.co\/guatevision\/#\/schema\/person\/5b34ef10da9eb6f366b1c186913efddd"},"headline":"Neymar llega a Brasil para operarse el s\u00e1bado","datePublished":"2018-03-01T17:07:20+00:00","dateModified":"2018-03-01T17:07:20+00:00","mainEntityOfPage":{"@id":"https:\/\/prensalibre-com-develop.go-vip.co\/guatevision\/historico\/neymar-12"},"wordCount":838,"commentCount":0,"publisher":{"@id":"https:\/\/prensalibre-com-develop.go-vip.co\/guatevision\/#organization"},"image":{"@id":"https:\/\/prensalibre-com-develop.go-vip.co\/guatevision\/historico\/neymar-12#primaryimage"},"thumbnailUrl":"https:\/\/prensalibre-com-develop.go-vip.co\/guatevision\/wp-content\/uploads\/sites\/2\/2018\/03\/Neymar.png?quality=82","keywords":["Neymar","PSG","Rio de Janeiro"],"inLanguage":"es-GT","potentialAction":[{"@type":"CommentAction","name":"Comment","target":["https:\/\/prensalibre-com-develop.go-vip.co\/guatevision\/historico\/neymar-12#respond"]}]},{"@type":"WebPage","@id":"https:\/\/prensalibre-com-develop.go-vip.co\/guatevision\/historico\/neymar-12","url":"https:\/\/prensalibre-com-develop.go-vip.co\/guatevision\/historico\/neymar-12","name":"Neymar llega a Brasil para operarse el s\u00e1bado con miras al Mundial","isPartOf":{"@id":"https:\/\/prensalibre-com-develop.go-vip.co\/guatevision\/#website"},"primaryImageOfPage":{"@id":"https:\/\/prensalibre-com-develop.go-vip.co\/guatevision\/historico\/neymar-12#primaryimage"},"image":{"@id":"https:\/\/prensalibre-com-develop.go-vip.co\/guatevision\/historico\/neymar-12#primaryimage"},"thumbnailUrl":"https:\/\/prensalibre-com-develop.go-vip.co\/guatevision\/wp-content\/uploads\/sites\/2\/2018\/03\/Neymar.png?quality=82","datePublished":"2018-03-01T17:07:20+00:00","dateModified":"2018-03-01T17:07:20+00:00","description":"Neymar, lleg\u00f3 a Rio de Janeiro, antes de someterse el s\u00e1bado a una operaci\u00f3n en su pie que lo sacar\u00e1 de las canchas por hasta tres meses","inLanguage":"es-GT","potentialAction":[{"@type":"ReadAction","target":["https:\/\/prensalibre-com-develop.go-vip.co\/guatevision\/historico\/neymar-12"]}]},{"@type":"ImageObject","inLanguage":"es-GT","@id":"https:\/\/prensalibre-com-develop.go-vip.co\/guatevision\/historico\/neymar-12#primaryimage","url":"https:\/\/prensalibre-com-develop.go-vip.co\/guatevision\/wp-content\/uploads\/sites\/2\/2018\/03\/Neymar.png?quality=82","contentUrl":"https:\/\/prensalibre-com-develop.go-vip.co\/guatevision\/wp-content\/uploads\/sites\/2\/2018\/03\/Neymar.png?quality=82","width":660,"height":371,"caption":"A picture obtained from Twitter account of @Claire_Dorland shows Brazilian superstar Neymar as he arrives at Rio de Janeiro after flying from Paris on March 1, 2018 ahead of an operation on his fractured foot. Brazilian superstar Neymar flew into Rio de Janeiro early Thursday ahead of an operation on his fractured foot that will rule him out for up to three months. Neymar suffered a hairline fracture of the fifth metatarsal in his right foot as well as a twisted ankle late in PSG's 3-0 win over Marseille in Ligue 1 on Sunday Claire Dornald Clauzel \/ Twitter \/ AFP"},{"@type":"WebSite","@id":"https:\/\/prensalibre-com-develop.go-vip.co\/guatevision\/#website","url":"https:\/\/prensalibre-com-develop.go-vip.co\/guatevision\/","name":"Guatevision","description":"\u00a1Enciende Lo Bueno!","publisher":{"@id":"https:\/\/prensalibre-com-develop.go-vip.co\/guatevision\/#organization"},"potentialAction":[{"@type":"SearchAction","target":{"@type":"EntryPoint","urlTemplate":"https:\/\/prensalibre-com-develop.go-vip.co\/guatevision\/?s={search_term_string}"},"query-input":{"@type":"PropertyValueSpecification","valueRequired":true,"valueName":"search_term_string"}}],"inLanguage":"es-GT"},{"@type":"Organization","@id":"https:\/\/prensalibre-com-develop.go-vip.co\/guatevision\/#organization","name":"Guatevision","url":"https:\/\/prensalibre-com-develop.go-vip.co\/guatevision\/","logo":{"@type":"ImageObject","inLanguage":"es-GT","@id":"https:\/\/prensalibre-com-develop.go-vip.co\/guatevision\/#\/schema\/logo\/image\/","url":"https:\/\/prensalibre-com-develop.go-vip.co\/guatevision\/wp-content\/uploads\/sites\/2\/2026\/04\/Diseno-sin-titulo.png?quality=82","contentUrl":"https:\/\/prensalibre-com-develop.go-vip.co\/guatevision\/wp-content\/uploads\/sites\/2\/2026\/04\/Diseno-sin-titulo.png?quality=82","width":1000,"height":600,"caption":"Guatevision"},"image":{"@id":"https:\/\/prensalibre-com-develop.go-vip.co\/guatevision\/#\/schema\/logo\/image\/"}},{"@type":"Person","@id":"https:\/\/prensalibre-com-develop.go-vip.co\/guatevision\/#\/schema\/person\/5b34ef10da9eb6f366b1c186913efddd","name":"Manuel Hern\u00e1ndez May\u00e9n","image":{"@type":"ImageObject","inLanguage":"es-GT","@id":"https:\/\/prensalibre-com-develop.go-vip.co\/guatevision\/#\/schema\/person\/image\/433265d8a81413206f8dd780c513ffd7","url":"https:\/\/secure.gravatar.com\/avatar\/d6d67d029230e2c79470aabd3184418289f224c20a44e2beaa5864a18da50d01?s=96&d=mm&r=g","contentUrl":"https:\/\/secure.gravatar.com\/avatar\/d6d67d029230e2c79470aabd3184418289f224c20a44e2beaa5864a18da50d01?s=96&d=mm&r=g","caption":"Manuel Hern\u00e1ndez May\u00e9n"},"url":"https:\/\/prensalibre-com-develop.go-vip.co\/guatevision\/author\/mdhernandez"}]}},"jetpack_featured_media_url":"https:\/\/prensalibre-com-develop.go-vip.co\/guatevision\/wp-content\/uploads\/sites\/2\/2018\/03\/Neymar.png?quality=82","jetpack_sharing_enabled":true,"_links":{"self":[{"href":"https:\/\/prensalibre-com-develop.go-vip.co\/guatevision\/wp-json\/wp\/v2\/posts\/154252","targetHints":{"allow":["GET"]}}],"collection":[{"href":"https:\/\/prensalibre-com-develop.go-vip.co\/guatevision\/wp-json\/wp\/v2\/posts"}],"about":[{"href":"https:\/\/prensalibre-com-develop.go-vip.co\/guatevision\/wp-json\/wp\/v2\/types\/post"}],"author":[{"embeddable":true,"href":"https:\/\/prensalibre-com-develop.go-vip.co\/guatevision\/wp-json\/wp\/v2\/users\/71"}],"replies":[{"embeddable":true,"href":"https:\/\/prensalibre-com-develop.go-vip.co\/guatevision\/wp-json\/wp\/v2\/comments?post=154252"}],"version-history":[{"count":0,"href":"https:\/\/prensalibre-com-develop.go-vip.co\/guatevision\/wp-json\/wp\/v2\/posts\/154252\/revisions"}],"wp:featuredmedia":[{"embeddable":true,"href":"https:\/\/prensalibre-com-develop.go-vip.co\/guatevision\/wp-json\/wp\/v2\/media\/154254"}],"wp:attachment":[{"href":"https:\/\/prensalibre-com-develop.go-vip.co\/guatevision\/wp-json\/wp\/v2\/media?parent=154252"}],"wp:term":[{"taxonomy":"category","embeddable":true,"href":"https:\/\/prensalibre-com-develop.go-vip.co\/guatevision\/wp-json\/wp\/v2\/categories?post=154252"},{"taxonomy":"etiqueta","embeddable":true,"href":"https:\/\/prensalibre-com-develop.go-vip.co\/guatevision\/wp-json\/wp\/v2\/etiqueta?post=154252"}],"curies":[{"name":"wp","href":"https:\/\/api.w.org\/{rel}","templated":true}]}}