{"id":154392,"date":"2018-03-01T17:08:36","date_gmt":"2018-03-01T23:08:36","guid":{"rendered":"https:\/\/prensalibre-com-develop.go-vip.co\/guatevision\/?p=154392"},"modified":"2018-03-01T17:08:36","modified_gmt":"2018-03-01T23:08:36","slug":"trailer-accidento-san-cristobal","status":"publish","type":"post","link":"https:\/\/prensalibre-com-develop.go-vip.co\/guatevision\/historico\/trailer-accidento-san-cristobal","title":{"rendered":"Hace 9 meses un tr\u00e1iler se accident\u00f3 en el mismo lugar en San Crist\u00f3bal"},"content":{"rendered":"<p>El 17 de mayo de 2017 ocurri\u00f3 un accidente similar al de hoy. Un tr\u00e1iler se qued\u00f3 sin frenos en el mismo lugar y qued\u00f3 grabado en video.<\/p>\n\n<p>La \u00fanica diferencia del accidente fueron las v\u00edctimas. Hace 9 meses solo se report\u00f3 una persona herida y da\u00f1os materiales. Hoy, son 7 muertos\u00a0 y 20 heridos.<\/p>\n<h3>Este es el video del 17 de mayo de 2017:<\/h3>\n<div class=\"jetpack-video-wrapper\"><iframe loading=\"lazy\" title=\"Video del tr\u00e1iler que choc\u00f3 veh\u00edculos en puente San Cristobal\" width=\"500\" height=\"281\" src=\"https:\/\/www.youtube.com\/embed\/R4k8TTXMDWo?feature=oembed\" frameborder=\"0\" allow=\"accelerometer; autoplay; clipboard-write; encrypted-media; gyroscope; picture-in-picture; web-share\" referrerpolicy=\"strict-origin-when-cross-origin\" allowfullscreen><\/iframe><\/div>\n<h3>Este es el video de hoy, 1 marzo 2018<\/h3>\n<div class=\"jetpack-video-wrapper\"><iframe loading=\"lazy\" title=\"Accidente Ruta Interamericana\" width=\"500\" height=\"281\" src=\"https:\/\/www.youtube.com\/embed\/94UHKs9mUE0?feature=oembed\" frameborder=\"0\" allow=\"accelerometer; autoplay; clipboard-write; encrypted-media; gyroscope; picture-in-picture; web-share\" referrerpolicy=\"strict-origin-when-cross-origin\" allowfullscreen><\/iframe><\/div>\n<p>&nbsp;<\/p>\n","protected":false},"excerpt":{"rendered":"<p>Esta no es la primera vez que un tr\u00e1iler se accidenta en el kil\u00f3metro 19 de la ruta interamericana. Hace 9 meses se registr\u00f3 un hecho similar. <\/p>\n","protected":false},"author":104,"featured_media":154407,"comment_status":"open","ping_status":"closed","sticky":false,"template":"","format":"standard","meta":{"_jetpack_memberships_contains_paid_content":false,"footnotes":""},"categories":[],"etiqueta":[],"class_list":["post-154392","post","type-post","status-publish","format-standard","has-post-thumbnail","hentry"],"yoast_head":"<!-- This site is optimized with the Yoast SEO plugin v23.9 - https:\/\/yoast.com\/wordpress\/plugins\/seo\/ -->\n<title>Hace 9 meses un tr\u00e1iler se accident\u00f3 en el mismo lugar en San Crist\u00f3bal<\/title>\n<meta name=\"description\" content=\"Esta no es la primera vez que un tr\u00e1iler se accidenta en el kil\u00f3metro 19 de la ruta interamericana. Hace 9 meses se registr\u00f3 un hecho similar.\" \/>\n<meta name=\"robots\" content=\"index, follow, max-snippet:-1, max-image-preview:large, max-video-preview:-1\" \/>\n<link rel=\"canonical\" href=\"https:\/\/prensalibre-com-develop.go-vip.co\/guatevision\/historico\/trailer-accidento-san-cristobal\" \/>\n<meta property=\"og:locale\" content=\"es_ES\" \/>\n<meta property=\"og:type\" content=\"article\" \/>\n<meta property=\"og:title\" content=\"Hace 9 meses un tr\u00e1iler se accident\u00f3 en el mismo lugar en San Crist\u00f3bal\" \/>\n<meta property=\"og:description\" content=\"Esta no es la primera vez que un tr\u00e1iler se accidenta en el kil\u00f3metro 19 de la ruta interamericana. Hace 9 meses se registr\u00f3 un hecho similar.\" \/>\n<meta property=\"og:url\" content=\"https:\/\/prensalibre-com-develop.go-vip.co\/guatevision\/historico\/trailer-accidento-san-cristobal\" \/>\n<meta property=\"og:site_name\" content=\"Guatevision\" \/>\n<meta property=\"article:published_time\" content=\"2018-03-01T23:08:36+00:00\" \/>\n<meta property=\"og:image\" content=\"https:\/\/prensalibre-com-develop.go-vip.co\/guatevision\/wp-content\/uploads\/sites\/2\/2018\/03\/video-accidente-tr\u00e1fico.jpg?quality=82\" \/>\n\t<meta property=\"og:image:width\" content=\"660\" \/>\n\t<meta property=\"og:image:height\" content=\"371\" \/>\n\t<meta property=\"og:image:type\" content=\"image\/jpeg\" \/>\n<meta name=\"author\" content=\"Dulce Rivera\" \/>\n<meta name=\"twitter:card\" content=\"summary_large_image\" \/>\n<meta name=\"twitter:label1\" content=\"Written by\" \/>\n\t<meta name=\"twitter:data1\" content=\"Dulce Rivera\" \/>\n<script type=\"application\/ld+json\" class=\"yoast-schema-graph\">{\"@context\":\"https:\/\/schema.org\",\"@graph\":[{\"@type\":\"Article\",\"@id\":\"https:\/\/prensalibre-com-develop.go-vip.co\/guatevision\/historico\/trailer-accidento-san-cristobal#article\",\"isPartOf\":{\"@id\":\"https:\/\/prensalibre-com-develop.go-vip.co\/guatevision\/historico\/trailer-accidento-san-cristobal\"},\"author\":{\"name\":\"Dulce Rivera\",\"@id\":\"https:\/\/prensalibre-com-develop.go-vip.co\/guatevision\/#\/schema\/person\/b33c7cd2413fce18dfba760694e00c86\"},\"headline\":\"Hace 9 meses un tr\u00e1iler se accident\u00f3 en el mismo lugar en San Crist\u00f3bal\",\"datePublished\":\"2018-03-01T23:08:36+00:00\",\"dateModified\":\"2018-03-01T23:08:36+00:00\",\"mainEntityOfPage\":{\"@id\":\"https:\/\/prensalibre-com-develop.go-vip.co\/guatevision\/historico\/trailer-accidento-san-cristobal\"},\"wordCount\":98,\"commentCount\":0,\"publisher\":{\"@id\":\"https:\/\/prensalibre-com-develop.go-vip.co\/guatevision\/#organization\"},\"image\":{\"@id\":\"https:\/\/prensalibre-com-develop.go-vip.co\/guatevision\/historico\/trailer-accidento-san-cristobal#primaryimage\"},\"thumbnailUrl\":\"https:\/\/prensalibre-com-develop.go-vip.co\/guatevision\/wp-content\/uploads\/sites\/2\/2018\/03\/video-accidente-tr\u00e1fico.jpg?quality=82\",\"keywords\":[\"accidente\",\"Interamericana\",\"Mixco\",\"San Cristobal\"],\"inLanguage\":\"es-GT\",\"potentialAction\":[{\"@type\":\"CommentAction\",\"name\":\"Comment\",\"target\":[\"https:\/\/prensalibre-com-develop.go-vip.co\/guatevision\/historico\/trailer-accidento-san-cristobal#respond\"]}]},{\"@type\":\"WebPage\",\"@id\":\"https:\/\/prensalibre-com-develop.go-vip.co\/guatevision\/historico\/trailer-accidento-san-cristobal\",\"url\":\"https:\/\/prensalibre-com-develop.go-vip.co\/guatevision\/historico\/trailer-accidento-san-cristobal\",\"name\":\"Hace 9 meses un tr\u00e1iler se accident\u00f3 en el mismo lugar en San Crist\u00f3bal\",\"isPartOf\":{\"@id\":\"https:\/\/prensalibre-com-develop.go-vip.co\/guatevision\/#website\"},\"primaryImageOfPage\":{\"@id\":\"https:\/\/prensalibre-com-develop.go-vip.co\/guatevision\/historico\/trailer-accidento-san-cristobal#primaryimage\"},\"image\":{\"@id\":\"https:\/\/prensalibre-com-develop.go-vip.co\/guatevision\/historico\/trailer-accidento-san-cristobal#primaryimage\"},\"thumbnailUrl\":\"https:\/\/prensalibre-com-develop.go-vip.co\/guatevision\/wp-content\/uploads\/sites\/2\/2018\/03\/video-accidente-tr\u00e1fico.jpg?quality=82\",\"datePublished\":\"2018-03-01T23:08:36+00:00\",\"dateModified\":\"2018-03-01T23:08:36+00:00\",\"description\":\"Esta no es la primera vez que un tr\u00e1iler se accidenta en el kil\u00f3metro 19 de la ruta interamericana. Hace 9 meses se registr\u00f3 un hecho similar.\",\"inLanguage\":\"es-GT\",\"potentialAction\":[{\"@type\":\"ReadAction\",\"target\":[\"https:\/\/prensalibre-com-develop.go-vip.co\/guatevision\/historico\/trailer-accidento-san-cristobal\"]}]},{\"@type\":\"ImageObject\",\"inLanguage\":\"es-GT\",\"@id\":\"https:\/\/prensalibre-com-develop.go-vip.co\/guatevision\/historico\/trailer-accidento-san-cristobal#primaryimage\",\"url\":\"https:\/\/prensalibre-com-develop.go-vip.co\/guatevision\/wp-content\/uploads\/sites\/2\/2018\/03\/video-accidente-tr\u00e1fico.jpg?quality=82\",\"contentUrl\":\"https:\/\/prensalibre-com-develop.go-vip.co\/guatevision\/wp-content\/uploads\/sites\/2\/2018\/03\/video-accidente-tr\u00e1fico.jpg?quality=82\",\"width\":660,\"height\":371,\"caption\":\"video-accidente-tr\u00e1fico\"},{\"@type\":\"WebSite\",\"@id\":\"https:\/\/prensalibre-com-develop.go-vip.co\/guatevision\/#website\",\"url\":\"https:\/\/prensalibre-com-develop.go-vip.co\/guatevision\/\",\"name\":\"Guatevision\",\"description\":\"\u00a1Enciende Lo Bueno!\",\"publisher\":{\"@id\":\"https:\/\/prensalibre-com-develop.go-vip.co\/guatevision\/#organization\"},\"potentialAction\":[{\"@type\":\"SearchAction\",\"target\":{\"@type\":\"EntryPoint\",\"urlTemplate\":\"https:\/\/prensalibre-com-develop.go-vip.co\/guatevision\/?s={search_term_string}\"},\"query-input\":{\"@type\":\"PropertyValueSpecification\",\"valueRequired\":true,\"valueName\":\"search_term_string\"}}],\"inLanguage\":\"es-GT\"},{\"@type\":\"Organization\",\"@id\":\"https:\/\/prensalibre-com-develop.go-vip.co\/guatevision\/#organization\",\"name\":\"Guatevision\",\"url\":\"https:\/\/prensalibre-com-develop.go-vip.co\/guatevision\/\",\"logo\":{\"@type\":\"ImageObject\",\"inLanguage\":\"es-GT\",\"@id\":\"https:\/\/prensalibre-com-develop.go-vip.co\/guatevision\/#\/schema\/logo\/image\/\",\"url\":\"https:\/\/prensalibre-com-develop.go-vip.co\/guatevision\/wp-content\/uploads\/sites\/2\/2026\/04\/Diseno-sin-titulo.png?quality=82\",\"contentUrl\":\"https:\/\/prensalibre-com-develop.go-vip.co\/guatevision\/wp-content\/uploads\/sites\/2\/2026\/04\/Diseno-sin-titulo.png?quality=82\",\"width\":1000,\"height\":600,\"caption\":\"Guatevision\"},\"image\":{\"@id\":\"https:\/\/prensalibre-com-develop.go-vip.co\/guatevision\/#\/schema\/logo\/image\/\"}},{\"@type\":\"Person\",\"@id\":\"https:\/\/prensalibre-com-develop.go-vip.co\/guatevision\/#\/schema\/person\/b33c7cd2413fce18dfba760694e00c86\",\"name\":\"Dulce Rivera\",\"image\":{\"@type\":\"ImageObject\",\"inLanguage\":\"es-GT\",\"@id\":\"https:\/\/prensalibre-com-develop.go-vip.co\/guatevision\/#\/schema\/person\/image\/086aede4123e57fbafeb9c11348165de\",\"url\":\"https:\/\/secure.gravatar.com\/avatar\/0d00e65690e6def5fa8470b12015fa01255af8186a45dc6388191ab957ba9e40?s=96&d=mm&r=g\",\"contentUrl\":\"https:\/\/secure.gravatar.com\/avatar\/0d00e65690e6def5fa8470b12015fa01255af8186a45dc6388191ab957ba9e40?s=96&d=mm&r=g\",\"caption\":\"Dulce Rivera\"},\"url\":\"https:\/\/prensalibre-com-develop.go-vip.co\/guatevision\/author\/drivera\"}]}<\/script>\n<!-- \/ Yoast SEO plugin. -->","yoast_head_json":{"title":"Hace 9 meses un tr\u00e1iler se accident\u00f3 en el mismo lugar en San Crist\u00f3bal","description":"Esta no es la primera vez que un tr\u00e1iler se accidenta en el kil\u00f3metro 19 de la ruta interamericana. Hace 9 meses se registr\u00f3 un hecho similar.","robots":{"index":"index","follow":"follow","max-snippet":"max-snippet:-1","max-image-preview":"max-image-preview:large","max-video-preview":"max-video-preview:-1"},"canonical":"https:\/\/prensalibre-com-develop.go-vip.co\/guatevision\/historico\/trailer-accidento-san-cristobal","og_locale":"es_ES","og_type":"article","og_title":"Hace 9 meses un tr\u00e1iler se accident\u00f3 en el mismo lugar en San Crist\u00f3bal","og_description":"Esta no es la primera vez que un tr\u00e1iler se accidenta en el kil\u00f3metro 19 de la ruta interamericana. Hace 9 meses se registr\u00f3 un hecho similar.","og_url":"https:\/\/prensalibre-com-develop.go-vip.co\/guatevision\/historico\/trailer-accidento-san-cristobal","og_site_name":"Guatevision","article_published_time":"2018-03-01T23:08:36+00:00","og_image":[{"width":660,"height":371,"url":"https:\/\/prensalibre-com-develop.go-vip.co\/guatevision\/wp-content\/uploads\/sites\/2\/2018\/03\/video-accidente-tr\u00e1fico.jpg?quality=82","type":"image\/jpeg"}],"author":"Dulce Rivera","twitter_card":"summary_large_image","twitter_misc":{"Written by":"Dulce Rivera"},"schema":{"@context":"https:\/\/schema.org","@graph":[{"@type":"Article","@id":"https:\/\/prensalibre-com-develop.go-vip.co\/guatevision\/historico\/trailer-accidento-san-cristobal#article","isPartOf":{"@id":"https:\/\/prensalibre-com-develop.go-vip.co\/guatevision\/historico\/trailer-accidento-san-cristobal"},"author":{"name":"Dulce Rivera","@id":"https:\/\/prensalibre-com-develop.go-vip.co\/guatevision\/#\/schema\/person\/b33c7cd2413fce18dfba760694e00c86"},"headline":"Hace 9 meses un tr\u00e1iler se accident\u00f3 en el mismo lugar en San Crist\u00f3bal","datePublished":"2018-03-01T23:08:36+00:00","dateModified":"2018-03-01T23:08:36+00:00","mainEntityOfPage":{"@id":"https:\/\/prensalibre-com-develop.go-vip.co\/guatevision\/historico\/trailer-accidento-san-cristobal"},"wordCount":98,"commentCount":0,"publisher":{"@id":"https:\/\/prensalibre-com-develop.go-vip.co\/guatevision\/#organization"},"image":{"@id":"https:\/\/prensalibre-com-develop.go-vip.co\/guatevision\/historico\/trailer-accidento-san-cristobal#primaryimage"},"thumbnailUrl":"https:\/\/prensalibre-com-develop.go-vip.co\/guatevision\/wp-content\/uploads\/sites\/2\/2018\/03\/video-accidente-tr\u00e1fico.jpg?quality=82","keywords":["accidente","Interamericana","Mixco","San Cristobal"],"inLanguage":"es-GT","potentialAction":[{"@type":"CommentAction","name":"Comment","target":["https:\/\/prensalibre-com-develop.go-vip.co\/guatevision\/historico\/trailer-accidento-san-cristobal#respond"]}]},{"@type":"WebPage","@id":"https:\/\/prensalibre-com-develop.go-vip.co\/guatevision\/historico\/trailer-accidento-san-cristobal","url":"https:\/\/prensalibre-com-develop.go-vip.co\/guatevision\/historico\/trailer-accidento-san-cristobal","name":"Hace 9 meses un tr\u00e1iler se accident\u00f3 en el mismo lugar en San Crist\u00f3bal","isPartOf":{"@id":"https:\/\/prensalibre-com-develop.go-vip.co\/guatevision\/#website"},"primaryImageOfPage":{"@id":"https:\/\/prensalibre-com-develop.go-vip.co\/guatevision\/historico\/trailer-accidento-san-cristobal#primaryimage"},"image":{"@id":"https:\/\/prensalibre-com-develop.go-vip.co\/guatevision\/historico\/trailer-accidento-san-cristobal#primaryimage"},"thumbnailUrl":"https:\/\/prensalibre-com-develop.go-vip.co\/guatevision\/wp-content\/uploads\/sites\/2\/2018\/03\/video-accidente-tr\u00e1fico.jpg?quality=82","datePublished":"2018-03-01T23:08:36+00:00","dateModified":"2018-03-01T23:08:36+00:00","description":"Esta no es la primera vez que un tr\u00e1iler se accidenta en el kil\u00f3metro 19 de la ruta interamericana. Hace 9 meses se registr\u00f3 un hecho similar.","inLanguage":"es-GT","potentialAction":[{"@type":"ReadAction","target":["https:\/\/prensalibre-com-develop.go-vip.co\/guatevision\/historico\/trailer-accidento-san-cristobal"]}]},{"@type":"ImageObject","inLanguage":"es-GT","@id":"https:\/\/prensalibre-com-develop.go-vip.co\/guatevision\/historico\/trailer-accidento-san-cristobal#primaryimage","url":"https:\/\/prensalibre-com-develop.go-vip.co\/guatevision\/wp-content\/uploads\/sites\/2\/2018\/03\/video-accidente-tr\u00e1fico.jpg?quality=82","contentUrl":"https:\/\/prensalibre-com-develop.go-vip.co\/guatevision\/wp-content\/uploads\/sites\/2\/2018\/03\/video-accidente-tr\u00e1fico.jpg?quality=82","width":660,"height":371,"caption":"video-accidente-tr\u00e1fico"},{"@type":"WebSite","@id":"https:\/\/prensalibre-com-develop.go-vip.co\/guatevision\/#website","url":"https:\/\/prensalibre-com-develop.go-vip.co\/guatevision\/","name":"Guatevision","description":"\u00a1Enciende Lo Bueno!","publisher":{"@id":"https:\/\/prensalibre-com-develop.go-vip.co\/guatevision\/#organization"},"potentialAction":[{"@type":"SearchAction","target":{"@type":"EntryPoint","urlTemplate":"https:\/\/prensalibre-com-develop.go-vip.co\/guatevision\/?s={search_term_string}"},"query-input":{"@type":"PropertyValueSpecification","valueRequired":true,"valueName":"search_term_string"}}],"inLanguage":"es-GT"},{"@type":"Organization","@id":"https:\/\/prensalibre-com-develop.go-vip.co\/guatevision\/#organization","name":"Guatevision","url":"https:\/\/prensalibre-com-develop.go-vip.co\/guatevision\/","logo":{"@type":"ImageObject","inLanguage":"es-GT","@id":"https:\/\/prensalibre-com-develop.go-vip.co\/guatevision\/#\/schema\/logo\/image\/","url":"https:\/\/prensalibre-com-develop.go-vip.co\/guatevision\/wp-content\/uploads\/sites\/2\/2026\/04\/Diseno-sin-titulo.png?quality=82","contentUrl":"https:\/\/prensalibre-com-develop.go-vip.co\/guatevision\/wp-content\/uploads\/sites\/2\/2026\/04\/Diseno-sin-titulo.png?quality=82","width":1000,"height":600,"caption":"Guatevision"},"image":{"@id":"https:\/\/prensalibre-com-develop.go-vip.co\/guatevision\/#\/schema\/logo\/image\/"}},{"@type":"Person","@id":"https:\/\/prensalibre-com-develop.go-vip.co\/guatevision\/#\/schema\/person\/b33c7cd2413fce18dfba760694e00c86","name":"Dulce Rivera","image":{"@type":"ImageObject","inLanguage":"es-GT","@id":"https:\/\/prensalibre-com-develop.go-vip.co\/guatevision\/#\/schema\/person\/image\/086aede4123e57fbafeb9c11348165de","url":"https:\/\/secure.gravatar.com\/avatar\/0d00e65690e6def5fa8470b12015fa01255af8186a45dc6388191ab957ba9e40?s=96&d=mm&r=g","contentUrl":"https:\/\/secure.gravatar.com\/avatar\/0d00e65690e6def5fa8470b12015fa01255af8186a45dc6388191ab957ba9e40?s=96&d=mm&r=g","caption":"Dulce Rivera"},"url":"https:\/\/prensalibre-com-develop.go-vip.co\/guatevision\/author\/drivera"}]}},"jetpack_featured_media_url":"https:\/\/prensalibre-com-develop.go-vip.co\/guatevision\/wp-content\/uploads\/sites\/2\/2018\/03\/video-accidente-tr\u00e1fico.jpg?quality=82","jetpack_sharing_enabled":true,"_links":{"self":[{"href":"https:\/\/prensalibre-com-develop.go-vip.co\/guatevision\/wp-json\/wp\/v2\/posts\/154392","targetHints":{"allow":["GET"]}}],"collection":[{"href":"https:\/\/prensalibre-com-develop.go-vip.co\/guatevision\/wp-json\/wp\/v2\/posts"}],"about":[{"href":"https:\/\/prensalibre-com-develop.go-vip.co\/guatevision\/wp-json\/wp\/v2\/types\/post"}],"author":[{"embeddable":true,"href":"https:\/\/prensalibre-com-develop.go-vip.co\/guatevision\/wp-json\/wp\/v2\/users\/104"}],"replies":[{"embeddable":true,"href":"https:\/\/prensalibre-com-develop.go-vip.co\/guatevision\/wp-json\/wp\/v2\/comments?post=154392"}],"version-history":[{"count":0,"href":"https:\/\/prensalibre-com-develop.go-vip.co\/guatevision\/wp-json\/wp\/v2\/posts\/154392\/revisions"}],"wp:featuredmedia":[{"embeddable":true,"href":"https:\/\/prensalibre-com-develop.go-vip.co\/guatevision\/wp-json\/wp\/v2\/media\/154407"}],"wp:attachment":[{"href":"https:\/\/prensalibre-com-develop.go-vip.co\/guatevision\/wp-json\/wp\/v2\/media?parent=154392"}],"wp:term":[{"taxonomy":"category","embeddable":true,"href":"https:\/\/prensalibre-com-develop.go-vip.co\/guatevision\/wp-json\/wp\/v2\/categories?post=154392"},{"taxonomy":"etiqueta","embeddable":true,"href":"https:\/\/prensalibre-com-develop.go-vip.co\/guatevision\/wp-json\/wp\/v2\/etiqueta?post=154392"}],"curies":[{"name":"wp","href":"https:\/\/api.w.org\/{rel}","templated":true}]}}