{"id":154413,"date":"2018-03-01T17:34:35","date_gmt":"2018-03-01T23:34:35","guid":{"rendered":"https:\/\/prensalibre-com-develop.go-vip.co\/guatevision\/?p=154413"},"modified":"2018-03-01T17:34:35","modified_gmt":"2018-03-01T23:34:35","slug":"piloto-trailer-accidente-custodia","status":"publish","type":"post","link":"https:\/\/prensalibre-com-develop.go-vip.co\/guatevision\/historico\/piloto-trailer-accidente-custodia","title":{"rendered":"Piloto de tr\u00e1iler que provoc\u00f3 accidente permanece con custodia en el Hospital"},"content":{"rendered":"<p>Patricio Rodr\u00edguez Corona de 39 a\u00f1os, fue identificado como el piloto del tr\u00e1iler que colision\u00f3 con otros veh\u00edculos en la Ruta Interamericana.<\/p>\n\n<p>El conductor fue trasladado al Hospital Roosevelt con varias heridas en el cuerpo, y seg\u00fan inform\u00f3 el doctor Marco Antonio Barriendo, Rodr\u00edguez permanece con custodia policial. Una vez le den egreso ser\u00e1 consignado y presentado ante un juez correspondiente.<\/p>\n<div class=\"jetpack-video-wrapper\"><iframe loading=\"lazy\" title=\"Hospital Roosevelt informa el estado del piloto del tr\u00e1iler que ocasion\u00f3 accidente\" width=\"500\" height=\"281\" src=\"https:\/\/www.youtube.com\/embed\/ZZi1jypEVOY?feature=oembed\" frameborder=\"0\" allow=\"accelerometer; autoplay; clipboard-write; encrypted-media; gyroscope; picture-in-picture; web-share\" referrerpolicy=\"strict-origin-when-cross-origin\" allowfullscreen><\/iframe><\/div>\n<p>El piloto que conduc\u00eda el tr\u00e1iler que provoc\u00f3 el accidente, tendr\u00e1 que responder por la muerte de al menos 7 personas producto del percance. Tendr\u00eda que enfrentar cargos por homicidio culposo.<\/p>\n<p>Hasta el momento se desconoce las causas del accidente, aunque se especula que el tr\u00e1iler se qued\u00f3 sin frenos.<\/p>\n","protected":false},"excerpt":{"rendered":"<p>El piloto del tr\u00e1iler que habr\u00eda provocado el accidente en la Ruta Interamericana , fue trasladado hacia el Hospital Roosevelt, donde permanece con custodia<\/p>\n","protected":false},"author":104,"featured_media":154415,"comment_status":"open","ping_status":"closed","sticky":false,"template":"","format":"standard","meta":{"_jetpack_memberships_contains_paid_content":false,"footnotes":""},"categories":[],"etiqueta":[],"class_list":["post-154413","post","type-post","status-publish","format-standard","has-post-thumbnail","hentry"],"yoast_head":"<!-- This site is optimized with the Yoast SEO plugin v23.9 - https:\/\/yoast.com\/wordpress\/plugins\/seo\/ -->\n<title>Piloto de tr\u00e1iler que provoc\u00f3 accidente permanece con custodia en el Hospital<\/title>\n<meta name=\"description\" content=\"El piloto del tr\u00e1iler que habr\u00eda provocado el accidente en la Ruta Interamericana , fue trasladado hacia el Hospital Roosevelt, donde permanece con custodia\" \/>\n<meta name=\"robots\" content=\"index, follow, max-snippet:-1, max-image-preview:large, max-video-preview:-1\" \/>\n<link rel=\"canonical\" href=\"https:\/\/prensalibre-com-develop.go-vip.co\/guatevision\/historico\/piloto-trailer-accidente-custodia\" \/>\n<meta property=\"og:locale\" content=\"es_ES\" \/>\n<meta property=\"og:type\" content=\"article\" \/>\n<meta property=\"og:title\" content=\"Piloto de tr\u00e1iler que provoc\u00f3 accidente permanece con custodia en el Hospital\" \/>\n<meta property=\"og:description\" content=\"El piloto del tr\u00e1iler que habr\u00eda provocado el accidente en la Ruta Interamericana , fue trasladado hacia el Hospital Roosevelt, donde permanece con custodia\" \/>\n<meta property=\"og:url\" content=\"https:\/\/prensalibre-com-develop.go-vip.co\/guatevision\/historico\/piloto-trailer-accidente-custodia\" \/>\n<meta property=\"og:site_name\" content=\"Guatevision\" \/>\n<meta property=\"article:published_time\" content=\"2018-03-01T23:34:35+00:00\" \/>\n<meta property=\"og:image\" content=\"https:\/\/prensalibre-com-develop.go-vip.co\/guatevision\/wp-content\/uploads\/sites\/2\/2018\/03\/piloto-trailer.jpg?quality=82\" \/>\n\t<meta property=\"og:image:width\" content=\"660\" \/>\n\t<meta property=\"og:image:height\" content=\"371\" \/>\n\t<meta property=\"og:image:type\" content=\"image\/jpeg\" \/>\n<meta name=\"author\" content=\"Dulce Rivera\" \/>\n<meta name=\"twitter:card\" content=\"summary_large_image\" \/>\n<meta name=\"twitter:label1\" content=\"Written by\" \/>\n\t<meta name=\"twitter:data1\" content=\"Dulce Rivera\" \/>\n\t<meta name=\"twitter:label2\" content=\"Est. reading time\" \/>\n\t<meta name=\"twitter:data2\" content=\"1 minute\" \/>\n<script type=\"application\/ld+json\" class=\"yoast-schema-graph\">{\"@context\":\"https:\/\/schema.org\",\"@graph\":[{\"@type\":\"Article\",\"@id\":\"https:\/\/prensalibre-com-develop.go-vip.co\/guatevision\/historico\/piloto-trailer-accidente-custodia#article\",\"isPartOf\":{\"@id\":\"https:\/\/prensalibre-com-develop.go-vip.co\/guatevision\/historico\/piloto-trailer-accidente-custodia\"},\"author\":{\"name\":\"Dulce Rivera\",\"@id\":\"https:\/\/prensalibre-com-develop.go-vip.co\/guatevision\/#\/schema\/person\/b33c7cd2413fce18dfba760694e00c86\"},\"headline\":\"Piloto de tr\u00e1iler que provoc\u00f3 accidente permanece con custodia en el Hospital\",\"datePublished\":\"2018-03-01T23:34:35+00:00\",\"dateModified\":\"2018-03-01T23:34:35+00:00\",\"mainEntityOfPage\":{\"@id\":\"https:\/\/prensalibre-com-develop.go-vip.co\/guatevision\/historico\/piloto-trailer-accidente-custodia\"},\"wordCount\":144,\"commentCount\":0,\"publisher\":{\"@id\":\"https:\/\/prensalibre-com-develop.go-vip.co\/guatevision\/#organization\"},\"image\":{\"@id\":\"https:\/\/prensalibre-com-develop.go-vip.co\/guatevision\/historico\/piloto-trailer-accidente-custodia#primaryimage\"},\"thumbnailUrl\":\"https:\/\/prensalibre-com-develop.go-vip.co\/guatevision\/wp-content\/uploads\/sites\/2\/2018\/03\/piloto-trailer.jpg?quality=82\",\"keywords\":[\"accidente\",\"piloto\",\"Ruta Interamericana\",\"San Cristobal\",\"tr\u00e1iler\"],\"inLanguage\":\"es-GT\",\"potentialAction\":[{\"@type\":\"CommentAction\",\"name\":\"Comment\",\"target\":[\"https:\/\/prensalibre-com-develop.go-vip.co\/guatevision\/historico\/piloto-trailer-accidente-custodia#respond\"]}]},{\"@type\":\"WebPage\",\"@id\":\"https:\/\/prensalibre-com-develop.go-vip.co\/guatevision\/historico\/piloto-trailer-accidente-custodia\",\"url\":\"https:\/\/prensalibre-com-develop.go-vip.co\/guatevision\/historico\/piloto-trailer-accidente-custodia\",\"name\":\"Piloto de tr\u00e1iler que provoc\u00f3 accidente permanece con custodia en el Hospital\",\"isPartOf\":{\"@id\":\"https:\/\/prensalibre-com-develop.go-vip.co\/guatevision\/#website\"},\"primaryImageOfPage\":{\"@id\":\"https:\/\/prensalibre-com-develop.go-vip.co\/guatevision\/historico\/piloto-trailer-accidente-custodia#primaryimage\"},\"image\":{\"@id\":\"https:\/\/prensalibre-com-develop.go-vip.co\/guatevision\/historico\/piloto-trailer-accidente-custodia#primaryimage\"},\"thumbnailUrl\":\"https:\/\/prensalibre-com-develop.go-vip.co\/guatevision\/wp-content\/uploads\/sites\/2\/2018\/03\/piloto-trailer.jpg?quality=82\",\"datePublished\":\"2018-03-01T23:34:35+00:00\",\"dateModified\":\"2018-03-01T23:34:35+00:00\",\"description\":\"El piloto del tr\u00e1iler que habr\u00eda provocado el accidente en la Ruta Interamericana , fue trasladado hacia el Hospital Roosevelt, donde permanece con custodia\",\"inLanguage\":\"es-GT\",\"potentialAction\":[{\"@type\":\"ReadAction\",\"target\":[\"https:\/\/prensalibre-com-develop.go-vip.co\/guatevision\/historico\/piloto-trailer-accidente-custodia\"]}]},{\"@type\":\"ImageObject\",\"inLanguage\":\"es-GT\",\"@id\":\"https:\/\/prensalibre-com-develop.go-vip.co\/guatevision\/historico\/piloto-trailer-accidente-custodia#primaryimage\",\"url\":\"https:\/\/prensalibre-com-develop.go-vip.co\/guatevision\/wp-content\/uploads\/sites\/2\/2018\/03\/piloto-trailer.jpg?quality=82\",\"contentUrl\":\"https:\/\/prensalibre-com-develop.go-vip.co\/guatevision\/wp-content\/uploads\/sites\/2\/2018\/03\/piloto-trailer.jpg?quality=82\",\"width\":660,\"height\":371,\"caption\":\"piloto-trailer\"},{\"@type\":\"WebSite\",\"@id\":\"https:\/\/prensalibre-com-develop.go-vip.co\/guatevision\/#website\",\"url\":\"https:\/\/prensalibre-com-develop.go-vip.co\/guatevision\/\",\"name\":\"Guatevision\",\"description\":\"\u00a1Enciende Lo Bueno!\",\"publisher\":{\"@id\":\"https:\/\/prensalibre-com-develop.go-vip.co\/guatevision\/#organization\"},\"potentialAction\":[{\"@type\":\"SearchAction\",\"target\":{\"@type\":\"EntryPoint\",\"urlTemplate\":\"https:\/\/prensalibre-com-develop.go-vip.co\/guatevision\/?s={search_term_string}\"},\"query-input\":{\"@type\":\"PropertyValueSpecification\",\"valueRequired\":true,\"valueName\":\"search_term_string\"}}],\"inLanguage\":\"es-GT\"},{\"@type\":\"Organization\",\"@id\":\"https:\/\/prensalibre-com-develop.go-vip.co\/guatevision\/#organization\",\"name\":\"Guatevision\",\"url\":\"https:\/\/prensalibre-com-develop.go-vip.co\/guatevision\/\",\"logo\":{\"@type\":\"ImageObject\",\"inLanguage\":\"es-GT\",\"@id\":\"https:\/\/prensalibre-com-develop.go-vip.co\/guatevision\/#\/schema\/logo\/image\/\",\"url\":\"https:\/\/prensalibre-com-develop.go-vip.co\/guatevision\/wp-content\/uploads\/sites\/2\/2026\/04\/Diseno-sin-titulo.png?quality=82\",\"contentUrl\":\"https:\/\/prensalibre-com-develop.go-vip.co\/guatevision\/wp-content\/uploads\/sites\/2\/2026\/04\/Diseno-sin-titulo.png?quality=82\",\"width\":1000,\"height\":600,\"caption\":\"Guatevision\"},\"image\":{\"@id\":\"https:\/\/prensalibre-com-develop.go-vip.co\/guatevision\/#\/schema\/logo\/image\/\"}},{\"@type\":\"Person\",\"@id\":\"https:\/\/prensalibre-com-develop.go-vip.co\/guatevision\/#\/schema\/person\/b33c7cd2413fce18dfba760694e00c86\",\"name\":\"Dulce Rivera\",\"image\":{\"@type\":\"ImageObject\",\"inLanguage\":\"es-GT\",\"@id\":\"https:\/\/prensalibre-com-develop.go-vip.co\/guatevision\/#\/schema\/person\/image\/086aede4123e57fbafeb9c11348165de\",\"url\":\"https:\/\/secure.gravatar.com\/avatar\/0d00e65690e6def5fa8470b12015fa01255af8186a45dc6388191ab957ba9e40?s=96&d=mm&r=g\",\"contentUrl\":\"https:\/\/secure.gravatar.com\/avatar\/0d00e65690e6def5fa8470b12015fa01255af8186a45dc6388191ab957ba9e40?s=96&d=mm&r=g\",\"caption\":\"Dulce Rivera\"},\"url\":\"https:\/\/prensalibre-com-develop.go-vip.co\/guatevision\/author\/drivera\"}]}<\/script>\n<!-- \/ Yoast SEO plugin. -->","yoast_head_json":{"title":"Piloto de tr\u00e1iler que provoc\u00f3 accidente permanece con custodia en el Hospital","description":"El piloto del tr\u00e1iler que habr\u00eda provocado el accidente en la Ruta Interamericana , fue trasladado hacia el Hospital Roosevelt, donde permanece con custodia","robots":{"index":"index","follow":"follow","max-snippet":"max-snippet:-1","max-image-preview":"max-image-preview:large","max-video-preview":"max-video-preview:-1"},"canonical":"https:\/\/prensalibre-com-develop.go-vip.co\/guatevision\/historico\/piloto-trailer-accidente-custodia","og_locale":"es_ES","og_type":"article","og_title":"Piloto de tr\u00e1iler que provoc\u00f3 accidente permanece con custodia en el Hospital","og_description":"El piloto del tr\u00e1iler que habr\u00eda provocado el accidente en la Ruta Interamericana , fue trasladado hacia el Hospital Roosevelt, donde permanece con custodia","og_url":"https:\/\/prensalibre-com-develop.go-vip.co\/guatevision\/historico\/piloto-trailer-accidente-custodia","og_site_name":"Guatevision","article_published_time":"2018-03-01T23:34:35+00:00","og_image":[{"width":660,"height":371,"url":"https:\/\/prensalibre-com-develop.go-vip.co\/guatevision\/wp-content\/uploads\/sites\/2\/2018\/03\/piloto-trailer.jpg?quality=82","type":"image\/jpeg"}],"author":"Dulce Rivera","twitter_card":"summary_large_image","twitter_misc":{"Written by":"Dulce Rivera","Est. reading time":"1 minute"},"schema":{"@context":"https:\/\/schema.org","@graph":[{"@type":"Article","@id":"https:\/\/prensalibre-com-develop.go-vip.co\/guatevision\/historico\/piloto-trailer-accidente-custodia#article","isPartOf":{"@id":"https:\/\/prensalibre-com-develop.go-vip.co\/guatevision\/historico\/piloto-trailer-accidente-custodia"},"author":{"name":"Dulce Rivera","@id":"https:\/\/prensalibre-com-develop.go-vip.co\/guatevision\/#\/schema\/person\/b33c7cd2413fce18dfba760694e00c86"},"headline":"Piloto de tr\u00e1iler que provoc\u00f3 accidente permanece con custodia en el Hospital","datePublished":"2018-03-01T23:34:35+00:00","dateModified":"2018-03-01T23:34:35+00:00","mainEntityOfPage":{"@id":"https:\/\/prensalibre-com-develop.go-vip.co\/guatevision\/historico\/piloto-trailer-accidente-custodia"},"wordCount":144,"commentCount":0,"publisher":{"@id":"https:\/\/prensalibre-com-develop.go-vip.co\/guatevision\/#organization"},"image":{"@id":"https:\/\/prensalibre-com-develop.go-vip.co\/guatevision\/historico\/piloto-trailer-accidente-custodia#primaryimage"},"thumbnailUrl":"https:\/\/prensalibre-com-develop.go-vip.co\/guatevision\/wp-content\/uploads\/sites\/2\/2018\/03\/piloto-trailer.jpg?quality=82","keywords":["accidente","piloto","Ruta Interamericana","San Cristobal","tr\u00e1iler"],"inLanguage":"es-GT","potentialAction":[{"@type":"CommentAction","name":"Comment","target":["https:\/\/prensalibre-com-develop.go-vip.co\/guatevision\/historico\/piloto-trailer-accidente-custodia#respond"]}]},{"@type":"WebPage","@id":"https:\/\/prensalibre-com-develop.go-vip.co\/guatevision\/historico\/piloto-trailer-accidente-custodia","url":"https:\/\/prensalibre-com-develop.go-vip.co\/guatevision\/historico\/piloto-trailer-accidente-custodia","name":"Piloto de tr\u00e1iler que provoc\u00f3 accidente permanece con custodia en el Hospital","isPartOf":{"@id":"https:\/\/prensalibre-com-develop.go-vip.co\/guatevision\/#website"},"primaryImageOfPage":{"@id":"https:\/\/prensalibre-com-develop.go-vip.co\/guatevision\/historico\/piloto-trailer-accidente-custodia#primaryimage"},"image":{"@id":"https:\/\/prensalibre-com-develop.go-vip.co\/guatevision\/historico\/piloto-trailer-accidente-custodia#primaryimage"},"thumbnailUrl":"https:\/\/prensalibre-com-develop.go-vip.co\/guatevision\/wp-content\/uploads\/sites\/2\/2018\/03\/piloto-trailer.jpg?quality=82","datePublished":"2018-03-01T23:34:35+00:00","dateModified":"2018-03-01T23:34:35+00:00","description":"El piloto del tr\u00e1iler que habr\u00eda provocado el accidente en la Ruta Interamericana , fue trasladado hacia el Hospital Roosevelt, donde permanece con custodia","inLanguage":"es-GT","potentialAction":[{"@type":"ReadAction","target":["https:\/\/prensalibre-com-develop.go-vip.co\/guatevision\/historico\/piloto-trailer-accidente-custodia"]}]},{"@type":"ImageObject","inLanguage":"es-GT","@id":"https:\/\/prensalibre-com-develop.go-vip.co\/guatevision\/historico\/piloto-trailer-accidente-custodia#primaryimage","url":"https:\/\/prensalibre-com-develop.go-vip.co\/guatevision\/wp-content\/uploads\/sites\/2\/2018\/03\/piloto-trailer.jpg?quality=82","contentUrl":"https:\/\/prensalibre-com-develop.go-vip.co\/guatevision\/wp-content\/uploads\/sites\/2\/2018\/03\/piloto-trailer.jpg?quality=82","width":660,"height":371,"caption":"piloto-trailer"},{"@type":"WebSite","@id":"https:\/\/prensalibre-com-develop.go-vip.co\/guatevision\/#website","url":"https:\/\/prensalibre-com-develop.go-vip.co\/guatevision\/","name":"Guatevision","description":"\u00a1Enciende Lo Bueno!","publisher":{"@id":"https:\/\/prensalibre-com-develop.go-vip.co\/guatevision\/#organization"},"potentialAction":[{"@type":"SearchAction","target":{"@type":"EntryPoint","urlTemplate":"https:\/\/prensalibre-com-develop.go-vip.co\/guatevision\/?s={search_term_string}"},"query-input":{"@type":"PropertyValueSpecification","valueRequired":true,"valueName":"search_term_string"}}],"inLanguage":"es-GT"},{"@type":"Organization","@id":"https:\/\/prensalibre-com-develop.go-vip.co\/guatevision\/#organization","name":"Guatevision","url":"https:\/\/prensalibre-com-develop.go-vip.co\/guatevision\/","logo":{"@type":"ImageObject","inLanguage":"es-GT","@id":"https:\/\/prensalibre-com-develop.go-vip.co\/guatevision\/#\/schema\/logo\/image\/","url":"https:\/\/prensalibre-com-develop.go-vip.co\/guatevision\/wp-content\/uploads\/sites\/2\/2026\/04\/Diseno-sin-titulo.png?quality=82","contentUrl":"https:\/\/prensalibre-com-develop.go-vip.co\/guatevision\/wp-content\/uploads\/sites\/2\/2026\/04\/Diseno-sin-titulo.png?quality=82","width":1000,"height":600,"caption":"Guatevision"},"image":{"@id":"https:\/\/prensalibre-com-develop.go-vip.co\/guatevision\/#\/schema\/logo\/image\/"}},{"@type":"Person","@id":"https:\/\/prensalibre-com-develop.go-vip.co\/guatevision\/#\/schema\/person\/b33c7cd2413fce18dfba760694e00c86","name":"Dulce Rivera","image":{"@type":"ImageObject","inLanguage":"es-GT","@id":"https:\/\/prensalibre-com-develop.go-vip.co\/guatevision\/#\/schema\/person\/image\/086aede4123e57fbafeb9c11348165de","url":"https:\/\/secure.gravatar.com\/avatar\/0d00e65690e6def5fa8470b12015fa01255af8186a45dc6388191ab957ba9e40?s=96&d=mm&r=g","contentUrl":"https:\/\/secure.gravatar.com\/avatar\/0d00e65690e6def5fa8470b12015fa01255af8186a45dc6388191ab957ba9e40?s=96&d=mm&r=g","caption":"Dulce Rivera"},"url":"https:\/\/prensalibre-com-develop.go-vip.co\/guatevision\/author\/drivera"}]}},"jetpack_featured_media_url":"https:\/\/prensalibre-com-develop.go-vip.co\/guatevision\/wp-content\/uploads\/sites\/2\/2018\/03\/piloto-trailer.jpg?quality=82","jetpack_sharing_enabled":true,"_links":{"self":[{"href":"https:\/\/prensalibre-com-develop.go-vip.co\/guatevision\/wp-json\/wp\/v2\/posts\/154413","targetHints":{"allow":["GET"]}}],"collection":[{"href":"https:\/\/prensalibre-com-develop.go-vip.co\/guatevision\/wp-json\/wp\/v2\/posts"}],"about":[{"href":"https:\/\/prensalibre-com-develop.go-vip.co\/guatevision\/wp-json\/wp\/v2\/types\/post"}],"author":[{"embeddable":true,"href":"https:\/\/prensalibre-com-develop.go-vip.co\/guatevision\/wp-json\/wp\/v2\/users\/104"}],"replies":[{"embeddable":true,"href":"https:\/\/prensalibre-com-develop.go-vip.co\/guatevision\/wp-json\/wp\/v2\/comments?post=154413"}],"version-history":[{"count":0,"href":"https:\/\/prensalibre-com-develop.go-vip.co\/guatevision\/wp-json\/wp\/v2\/posts\/154413\/revisions"}],"wp:featuredmedia":[{"embeddable":true,"href":"https:\/\/prensalibre-com-develop.go-vip.co\/guatevision\/wp-json\/wp\/v2\/media\/154415"}],"wp:attachment":[{"href":"https:\/\/prensalibre-com-develop.go-vip.co\/guatevision\/wp-json\/wp\/v2\/media?parent=154413"}],"wp:term":[{"taxonomy":"category","embeddable":true,"href":"https:\/\/prensalibre-com-develop.go-vip.co\/guatevision\/wp-json\/wp\/v2\/categories?post=154413"},{"taxonomy":"etiqueta","embeddable":true,"href":"https:\/\/prensalibre-com-develop.go-vip.co\/guatevision\/wp-json\/wp\/v2\/etiqueta?post=154413"}],"curies":[{"name":"wp","href":"https:\/\/api.w.org\/{rel}","templated":true}]}}