{"id":155501,"date":"2018-03-07T12:58:52","date_gmt":"2018-03-07T18:58:52","guid":{"rendered":"https:\/\/prensalibre-com-develop.go-vip.co\/guatevision\/?p=155501"},"modified":"2018-03-07T12:58:52","modified_gmt":"2018-03-07T18:58:52","slug":"arquitecto-indio-balkrishna-doshi-gana-premio-pritzker","status":"publish","type":"post","link":"https:\/\/prensalibre-com-develop.go-vip.co\/guatevision\/historico\/arquitecto-indio-balkrishna-doshi-gana-premio-pritzker","title":{"rendered":"El arquitecto indio Balkrishna Doshi gana el premio Pritzker"},"content":{"rendered":"<div class=\"line textcontent_img watermark\">\n\n<p>El arquitecto indio Balkrishna Doshi, un pionero en la construcci\u00f3n de viviendas de bajo costo que fusion\u00f3 la tradici\u00f3n de su pa\u00eds con el modernismo internacional, gan\u00f3 este mi\u00e9rcoles el premio Pritzker, considerado el equivalente al Nobel en arquitectura.<\/p>\n<p>Doshi, de 90 a\u00f1os, un exaprendiz del arquitecto franco-suizo Le Corbusier, es el primer indio en ganar este premio y tambi\u00e9n el m\u00e1s anciano.<\/p>\n<\/div>\n<blockquote><p>&#8220;Arquitecto, planificador urbano y educador durante los \u00faltimos 70 a\u00f1os, Doshi ha sido clave en moldear el discurso de la arquitectura en India y en el mundo&#8221;, indic\u00f3 el jurado del Pritzker en un comunicado.<\/p>\n<p>&#8220;Doshi ha logrado interpretar la arquitectura y la ha transformado en obras que respetan la cultura oriental, al tiempo que aumentan la calidad de vida en India&#8221;, destac\u00f3.<\/p><\/blockquote>\n<p>El venerado arquitecto conocido por sus obras po\u00e9ticas y funcionales dise\u00f1\u00f3 por ejemplo el complejo de viviendas populares Aranya en la ciudad de Indore en 1989, un sistema de casas, patios y un laberinto de senderos internos donde viven 80.000 personas. Las m\u00e1s de 6.500 residencias dentro del complejo van de unidades modestas de un dormitorio hasta hogares espaciosos para familias de clase media.<\/p>\n<p>Entre sus m\u00e1s de 100 obras est\u00e1 Amdavad ni Gufa, un museo subterr\u00e1neo con b\u00f3vedas y protuberancias redondeadas cubiertas de mosaicos que surgen del suelo, o el Tagore Memorial Hall, un edificio de arquitectura brutalista dedicado a la memoria del poeta indio Rabindranath Tagore, ganador del Nobel de literatura en 1913.<\/p>\n<p>Doshi agradeci\u00f3 el premio y se lo dedic\u00f3 a su gran maestro, Le Corbusier, con quien trabaj\u00f3 en Par\u00eds en la d\u00e9cada de 1950.<\/p>\n<blockquote><p>&#8220;Mis obras son una extensi\u00f3n de mi vida, de mi filosof\u00eda y mis sue\u00f1os (&#8230;) Debo este prestigioso premio a mi gur\u00fa, Le Corbusier&#8221;, afirm\u00f3 Doshi.<\/p>\n<p>&#8220;El profesor Doshi ha dicho que &#8216;el dise\u00f1o convierte a refugios en hogares, a las viviendas en comunidades, y a las ciudades en imanes de oportunidad'&#8221;, coment\u00f3 Tom Pritzker, director de la Hyatt Foundation que auspicia el galard\u00f3n. &#8220;La obra de vida de Balkrishna Doshi realmente subraya la misi\u00f3n del premio: demostrar el arte de la arquitectura y rendir un servicio invalorable a la humanidad&#8221;.<\/p><\/blockquote>\n<h3>Curioso como un ni\u00f1o<\/h3>\n<figure id=\"attachment_155503\" aria-describedby=\"caption-attachment-155503\" style=\"width: 235px\" class=\"wp-caption aligncenter\"><img loading=\"lazy\" decoding=\"async\" class=\"size-large wp-image-155503\" src=\"https:\/\/prensalibre-com-develop.go-vip.co\/guatevision\/wp-content\/uploads\/2018\/03\/f828b99edc9485c0469e67e4badc5de285a6ec7e-235x371.jpg\" alt=\"El arquitecto indio Balkrishna Doshi gana el premio Pritzker\" width=\"235\" height=\"371\" \/><figcaption id=\"caption-attachment-155503\" class=\"wp-caption-text\">Foto de archivo tomada el 9 de setiembre de 2011<\/figcaption><\/figure>\n<p>El yerno de Doshi, Rajeev Kathpalia, que es tambi\u00e9n su socio en su estudio de arquitectura Sangath, dijo este mi\u00e9rcoles a la AFP que la familia ya est\u00e1 celebrando.<\/p>\n<blockquote><p>Doshi &#8220;se apasiona por todo lo que est\u00e1 vivo. Su nombre es Balkrishna, que significa &#8216;ni\u00f1o Krishna&#8217;, y como un ni\u00f1o, siempre tiene curiosidad sobre todo. Es como si se tornase cada vez m\u00e1s joven, mientras nosotros envejecemos&#8221;, reflexion\u00f3 Kathpalia.<\/p>\n<p>En la universidad que ayud\u00f3 a fundar, el Centro de Planificaci\u00f3n y Tecnolog\u00eda Ambiental (CEPT) en Ahmedabad, Doshi &#8220;ha moldeado e influido en muchas j\u00f3venes generaciones&#8221;, record\u00f3.<\/p>\n<p>&#8220;Ahora es un mentor en el estudio y estamos construyendo algunos de los campus universitarios m\u00e1s grandes del pa\u00eds, incluido el campus de la Universidad de Nalanda (este), un proyecto sobre el cual est\u00e1 particularmente apasionado&#8221;, cont\u00f3.<\/p><\/blockquote>\n<p>Doshi tuvo una formaci\u00f3n rigurosa. Nacido en Prune en 1927, comenz\u00f3 sus estudios de arquitectura cuando India alcanz\u00f3 la independencia, en 1947.<\/p>\n<p>Tras estudios en Bombay se mud\u00f3 a Inglaterra, y luego al taller de Le Corbusier en Par\u00eds, precisamente cuando \u00e9ste alistaba los planos de la nueva &#8220;ciudad verde&#8221; de Chandigarh y para varios edificios en Ahmedabad, una antigua ciudad de fuerte tradici\u00f3n textil que fue sede del movimiento independentista de Gandhi.<\/p>\n<p>Doshi aprendi\u00f3 as\u00ed a dise\u00f1ar en estudio, y luego a construir en India, donde tambi\u00e9n trabaj\u00f3 con Louis Kahn en el Indian Institute of Management de Ahmedabad.<\/p>\n<p>El a\u00f1o pasado, los ganadores del Pritzker fueron tres arquitectos espa\u00f1oles, Rafael Aranda, Carme Pigem y Ramon Vilalta, del estudio catal\u00e1n RCR Arquitectes, creadores de una obra reconocida internacionalmente, sin abandonar nunca su peque\u00f1o pueblo de Olot.<\/p>\n<h5>\u00a9 Agence France-Presse<\/h5>\n<div class=\"line textcontent_img watermark\"><\/div>\n","protected":false},"excerpt":{"rendered":"<p>Balkrishna Doshi, un pionero en la construcci\u00f3n de viviendas de bajo costo que fusion\u00f3 la tradici\u00f3n de su pa\u00eds con el modernismo internacional.<\/p>\n","protected":false},"author":218,"featured_media":155502,"comment_status":"open","ping_status":"closed","sticky":false,"template":"","format":"standard","meta":{"_jetpack_memberships_contains_paid_content":false,"footnotes":""},"categories":[],"etiqueta":[],"class_list":["post-155501","post","type-post","status-publish","format-standard","has-post-thumbnail","hentry"],"yoast_head":"<!-- This site is optimized with the Yoast SEO plugin v23.9 - https:\/\/yoast.com\/wordpress\/plugins\/seo\/ -->\n<title>El arquitecto indio Balkrishna Doshi gana el premio Pritzker<\/title>\n<meta name=\"description\" content=\"Balkrishna Doshi, un pionero en la construcci\u00f3n de viviendas de bajo costo que fusion\u00f3 la tradici\u00f3n de su pa\u00eds con el modernismo internacional.\" \/>\n<meta name=\"robots\" content=\"index, follow, max-snippet:-1, max-image-preview:large, max-video-preview:-1\" \/>\n<link rel=\"canonical\" href=\"https:\/\/prensalibre-com-develop.go-vip.co\/guatevision\/historico\/arquitecto-indio-balkrishna-doshi-gana-premio-pritzker\" \/>\n<meta property=\"og:locale\" content=\"es_ES\" \/>\n<meta property=\"og:type\" content=\"article\" \/>\n<meta property=\"og:title\" content=\"El arquitecto indio Balkrishna Doshi gana el premio Pritzker\" \/>\n<meta property=\"og:description\" content=\"Balkrishna Doshi, un pionero en la construcci\u00f3n de viviendas de bajo costo que fusion\u00f3 la tradici\u00f3n de su pa\u00eds con el modernismo internacional.\" \/>\n<meta property=\"og:url\" content=\"https:\/\/prensalibre-com-develop.go-vip.co\/guatevision\/historico\/arquitecto-indio-balkrishna-doshi-gana-premio-pritzker\" \/>\n<meta property=\"og:site_name\" content=\"Guatevision\" \/>\n<meta property=\"article:published_time\" content=\"2018-03-07T18:58:52+00:00\" \/>\n<meta property=\"og:image\" content=\"https:\/\/prensalibre-com-develop.go-vip.co\/guatevision\/wp-content\/uploads\/sites\/2\/2018\/03\/1b284306095f923a115cb96b1ed3b176d3c7c8a9.jpg?quality=82\" \/>\n\t<meta property=\"og:image:width\" content=\"660\" \/>\n\t<meta property=\"og:image:height\" content=\"371\" \/>\n\t<meta property=\"og:image:type\" content=\"image\/jpeg\" \/>\n<meta name=\"author\" content=\"Redacci\u00f3n Guatevisi\u00f3n\" \/>\n<meta name=\"twitter:card\" content=\"summary_large_image\" \/>\n<meta name=\"twitter:label1\" content=\"Written by\" \/>\n\t<meta name=\"twitter:data1\" content=\"Redacci\u00f3n Guatevisi\u00f3n\" \/>\n\t<meta name=\"twitter:label2\" content=\"Est. reading time\" \/>\n\t<meta name=\"twitter:data2\" content=\"3 minutes\" \/>\n<script type=\"application\/ld+json\" class=\"yoast-schema-graph\">{\"@context\":\"https:\/\/schema.org\",\"@graph\":[{\"@type\":\"Article\",\"@id\":\"https:\/\/prensalibre-com-develop.go-vip.co\/guatevision\/historico\/arquitecto-indio-balkrishna-doshi-gana-premio-pritzker#article\",\"isPartOf\":{\"@id\":\"https:\/\/prensalibre-com-develop.go-vip.co\/guatevision\/historico\/arquitecto-indio-balkrishna-doshi-gana-premio-pritzker\"},\"author\":{\"name\":\"Redacci\u00f3n Guatevisi\u00f3n\",\"@id\":\"https:\/\/prensalibre-com-develop.go-vip.co\/guatevision\/#\/schema\/person\/7c26ea5ceee1b7266a573b2125e1c2aa\"},\"headline\":\"El arquitecto indio Balkrishna Doshi gana el premio Pritzker\",\"datePublished\":\"2018-03-07T18:58:52+00:00\",\"dateModified\":\"2018-03-07T18:58:52+00:00\",\"mainEntityOfPage\":{\"@id\":\"https:\/\/prensalibre-com-develop.go-vip.co\/guatevision\/historico\/arquitecto-indio-balkrishna-doshi-gana-premio-pritzker\"},\"wordCount\":686,\"commentCount\":0,\"publisher\":{\"@id\":\"https:\/\/prensalibre-com-develop.go-vip.co\/guatevision\/#organization\"},\"image\":{\"@id\":\"https:\/\/prensalibre-com-develop.go-vip.co\/guatevision\/historico\/arquitecto-indio-balkrishna-doshi-gana-premio-pritzker#primaryimage\"},\"thumbnailUrl\":\"https:\/\/prensalibre-com-develop.go-vip.co\/guatevision\/wp-content\/uploads\/sites\/2\/2018\/03\/1b284306095f923a115cb96b1ed3b176d3c7c8a9.jpg?quality=82\",\"keywords\":[\"arquitecto\",\"indio Balkrishna Doshi\",\"premio Pritzker\"],\"inLanguage\":\"es-GT\",\"potentialAction\":[{\"@type\":\"CommentAction\",\"name\":\"Comment\",\"target\":[\"https:\/\/prensalibre-com-develop.go-vip.co\/guatevision\/historico\/arquitecto-indio-balkrishna-doshi-gana-premio-pritzker#respond\"]}]},{\"@type\":\"WebPage\",\"@id\":\"https:\/\/prensalibre-com-develop.go-vip.co\/guatevision\/historico\/arquitecto-indio-balkrishna-doshi-gana-premio-pritzker\",\"url\":\"https:\/\/prensalibre-com-develop.go-vip.co\/guatevision\/historico\/arquitecto-indio-balkrishna-doshi-gana-premio-pritzker\",\"name\":\"El arquitecto indio Balkrishna Doshi gana el premio Pritzker\",\"isPartOf\":{\"@id\":\"https:\/\/prensalibre-com-develop.go-vip.co\/guatevision\/#website\"},\"primaryImageOfPage\":{\"@id\":\"https:\/\/prensalibre-com-develop.go-vip.co\/guatevision\/historico\/arquitecto-indio-balkrishna-doshi-gana-premio-pritzker#primaryimage\"},\"image\":{\"@id\":\"https:\/\/prensalibre-com-develop.go-vip.co\/guatevision\/historico\/arquitecto-indio-balkrishna-doshi-gana-premio-pritzker#primaryimage\"},\"thumbnailUrl\":\"https:\/\/prensalibre-com-develop.go-vip.co\/guatevision\/wp-content\/uploads\/sites\/2\/2018\/03\/1b284306095f923a115cb96b1ed3b176d3c7c8a9.jpg?quality=82\",\"datePublished\":\"2018-03-07T18:58:52+00:00\",\"dateModified\":\"2018-03-07T18:58:52+00:00\",\"description\":\"Balkrishna Doshi, un pionero en la construcci\u00f3n de viviendas de bajo costo que fusion\u00f3 la tradici\u00f3n de su pa\u00eds con el modernismo internacional.\",\"inLanguage\":\"es-GT\",\"potentialAction\":[{\"@type\":\"ReadAction\",\"target\":[\"https:\/\/prensalibre-com-develop.go-vip.co\/guatevision\/historico\/arquitecto-indio-balkrishna-doshi-gana-premio-pritzker\"]}]},{\"@type\":\"ImageObject\",\"inLanguage\":\"es-GT\",\"@id\":\"https:\/\/prensalibre-com-develop.go-vip.co\/guatevision\/historico\/arquitecto-indio-balkrishna-doshi-gana-premio-pritzker#primaryimage\",\"url\":\"https:\/\/prensalibre-com-develop.go-vip.co\/guatevision\/wp-content\/uploads\/sites\/2\/2018\/03\/1b284306095f923a115cb96b1ed3b176d3c7c8a9.jpg?quality=82\",\"contentUrl\":\"https:\/\/prensalibre-com-develop.go-vip.co\/guatevision\/wp-content\/uploads\/sites\/2\/2018\/03\/1b284306095f923a115cb96b1ed3b176d3c7c8a9.jpg?quality=82\",\"width\":660,\"height\":371,\"caption\":\"Foto tomada el 8 de setiembre de 2011\"},{\"@type\":\"WebSite\",\"@id\":\"https:\/\/prensalibre-com-develop.go-vip.co\/guatevision\/#website\",\"url\":\"https:\/\/prensalibre-com-develop.go-vip.co\/guatevision\/\",\"name\":\"Guatevision\",\"description\":\"\u00a1Enciende Lo Bueno!\",\"publisher\":{\"@id\":\"https:\/\/prensalibre-com-develop.go-vip.co\/guatevision\/#organization\"},\"potentialAction\":[{\"@type\":\"SearchAction\",\"target\":{\"@type\":\"EntryPoint\",\"urlTemplate\":\"https:\/\/prensalibre-com-develop.go-vip.co\/guatevision\/?s={search_term_string}\"},\"query-input\":{\"@type\":\"PropertyValueSpecification\",\"valueRequired\":true,\"valueName\":\"search_term_string\"}}],\"inLanguage\":\"es-GT\"},{\"@type\":\"Organization\",\"@id\":\"https:\/\/prensalibre-com-develop.go-vip.co\/guatevision\/#organization\",\"name\":\"Guatevision\",\"url\":\"https:\/\/prensalibre-com-develop.go-vip.co\/guatevision\/\",\"logo\":{\"@type\":\"ImageObject\",\"inLanguage\":\"es-GT\",\"@id\":\"https:\/\/prensalibre-com-develop.go-vip.co\/guatevision\/#\/schema\/logo\/image\/\",\"url\":\"https:\/\/prensalibre-com-develop.go-vip.co\/guatevision\/wp-content\/uploads\/sites\/2\/2026\/04\/Diseno-sin-titulo.png?quality=82\",\"contentUrl\":\"https:\/\/prensalibre-com-develop.go-vip.co\/guatevision\/wp-content\/uploads\/sites\/2\/2026\/04\/Diseno-sin-titulo.png?quality=82\",\"width\":1000,\"height\":600,\"caption\":\"Guatevision\"},\"image\":{\"@id\":\"https:\/\/prensalibre-com-develop.go-vip.co\/guatevision\/#\/schema\/logo\/image\/\"}},{\"@type\":\"Person\",\"@id\":\"https:\/\/prensalibre-com-develop.go-vip.co\/guatevision\/#\/schema\/person\/7c26ea5ceee1b7266a573b2125e1c2aa\",\"name\":\"Redacci\u00f3n Guatevisi\u00f3n\",\"image\":{\"@type\":\"ImageObject\",\"inLanguage\":\"es-GT\",\"@id\":\"https:\/\/prensalibre-com-develop.go-vip.co\/guatevision\/#\/schema\/person\/image\/6d36cd161df0dff3760fc313fe2275f7\",\"url\":\"https:\/\/secure.gravatar.com\/avatar\/30137a0ea5fbd7114184dc546048a84bb0a0138981443c3af84a9d824dffdd9b?s=96&d=mm&r=g\",\"contentUrl\":\"https:\/\/secure.gravatar.com\/avatar\/30137a0ea5fbd7114184dc546048a84bb0a0138981443c3af84a9d824dffdd9b?s=96&d=mm&r=g\",\"caption\":\"Redacci\u00f3n Guatevisi\u00f3n\"},\"url\":\"https:\/\/prensalibre-com-develop.go-vip.co\/guatevision\/author\/redacciongtv\"}]}<\/script>\n<!-- \/ Yoast SEO plugin. -->","yoast_head_json":{"title":"El arquitecto indio Balkrishna Doshi gana el premio Pritzker","description":"Balkrishna Doshi, un pionero en la construcci\u00f3n de viviendas de bajo costo que fusion\u00f3 la tradici\u00f3n de su pa\u00eds con el modernismo internacional.","robots":{"index":"index","follow":"follow","max-snippet":"max-snippet:-1","max-image-preview":"max-image-preview:large","max-video-preview":"max-video-preview:-1"},"canonical":"https:\/\/prensalibre-com-develop.go-vip.co\/guatevision\/historico\/arquitecto-indio-balkrishna-doshi-gana-premio-pritzker","og_locale":"es_ES","og_type":"article","og_title":"El arquitecto indio Balkrishna Doshi gana el premio Pritzker","og_description":"Balkrishna Doshi, un pionero en la construcci\u00f3n de viviendas de bajo costo que fusion\u00f3 la tradici\u00f3n de su pa\u00eds con el modernismo internacional.","og_url":"https:\/\/prensalibre-com-develop.go-vip.co\/guatevision\/historico\/arquitecto-indio-balkrishna-doshi-gana-premio-pritzker","og_site_name":"Guatevision","article_published_time":"2018-03-07T18:58:52+00:00","og_image":[{"width":660,"height":371,"url":"https:\/\/prensalibre-com-develop.go-vip.co\/guatevision\/wp-content\/uploads\/sites\/2\/2018\/03\/1b284306095f923a115cb96b1ed3b176d3c7c8a9.jpg?quality=82","type":"image\/jpeg"}],"author":"Redacci\u00f3n Guatevisi\u00f3n","twitter_card":"summary_large_image","twitter_misc":{"Written by":"Redacci\u00f3n Guatevisi\u00f3n","Est. reading time":"3 minutes"},"schema":{"@context":"https:\/\/schema.org","@graph":[{"@type":"Article","@id":"https:\/\/prensalibre-com-develop.go-vip.co\/guatevision\/historico\/arquitecto-indio-balkrishna-doshi-gana-premio-pritzker#article","isPartOf":{"@id":"https:\/\/prensalibre-com-develop.go-vip.co\/guatevision\/historico\/arquitecto-indio-balkrishna-doshi-gana-premio-pritzker"},"author":{"name":"Redacci\u00f3n Guatevisi\u00f3n","@id":"https:\/\/prensalibre-com-develop.go-vip.co\/guatevision\/#\/schema\/person\/7c26ea5ceee1b7266a573b2125e1c2aa"},"headline":"El arquitecto indio Balkrishna Doshi gana el premio Pritzker","datePublished":"2018-03-07T18:58:52+00:00","dateModified":"2018-03-07T18:58:52+00:00","mainEntityOfPage":{"@id":"https:\/\/prensalibre-com-develop.go-vip.co\/guatevision\/historico\/arquitecto-indio-balkrishna-doshi-gana-premio-pritzker"},"wordCount":686,"commentCount":0,"publisher":{"@id":"https:\/\/prensalibre-com-develop.go-vip.co\/guatevision\/#organization"},"image":{"@id":"https:\/\/prensalibre-com-develop.go-vip.co\/guatevision\/historico\/arquitecto-indio-balkrishna-doshi-gana-premio-pritzker#primaryimage"},"thumbnailUrl":"https:\/\/prensalibre-com-develop.go-vip.co\/guatevision\/wp-content\/uploads\/sites\/2\/2018\/03\/1b284306095f923a115cb96b1ed3b176d3c7c8a9.jpg?quality=82","keywords":["arquitecto","indio Balkrishna Doshi","premio Pritzker"],"inLanguage":"es-GT","potentialAction":[{"@type":"CommentAction","name":"Comment","target":["https:\/\/prensalibre-com-develop.go-vip.co\/guatevision\/historico\/arquitecto-indio-balkrishna-doshi-gana-premio-pritzker#respond"]}]},{"@type":"WebPage","@id":"https:\/\/prensalibre-com-develop.go-vip.co\/guatevision\/historico\/arquitecto-indio-balkrishna-doshi-gana-premio-pritzker","url":"https:\/\/prensalibre-com-develop.go-vip.co\/guatevision\/historico\/arquitecto-indio-balkrishna-doshi-gana-premio-pritzker","name":"El arquitecto indio Balkrishna Doshi gana el premio Pritzker","isPartOf":{"@id":"https:\/\/prensalibre-com-develop.go-vip.co\/guatevision\/#website"},"primaryImageOfPage":{"@id":"https:\/\/prensalibre-com-develop.go-vip.co\/guatevision\/historico\/arquitecto-indio-balkrishna-doshi-gana-premio-pritzker#primaryimage"},"image":{"@id":"https:\/\/prensalibre-com-develop.go-vip.co\/guatevision\/historico\/arquitecto-indio-balkrishna-doshi-gana-premio-pritzker#primaryimage"},"thumbnailUrl":"https:\/\/prensalibre-com-develop.go-vip.co\/guatevision\/wp-content\/uploads\/sites\/2\/2018\/03\/1b284306095f923a115cb96b1ed3b176d3c7c8a9.jpg?quality=82","datePublished":"2018-03-07T18:58:52+00:00","dateModified":"2018-03-07T18:58:52+00:00","description":"Balkrishna Doshi, un pionero en la construcci\u00f3n de viviendas de bajo costo que fusion\u00f3 la tradici\u00f3n de su pa\u00eds con el modernismo internacional.","inLanguage":"es-GT","potentialAction":[{"@type":"ReadAction","target":["https:\/\/prensalibre-com-develop.go-vip.co\/guatevision\/historico\/arquitecto-indio-balkrishna-doshi-gana-premio-pritzker"]}]},{"@type":"ImageObject","inLanguage":"es-GT","@id":"https:\/\/prensalibre-com-develop.go-vip.co\/guatevision\/historico\/arquitecto-indio-balkrishna-doshi-gana-premio-pritzker#primaryimage","url":"https:\/\/prensalibre-com-develop.go-vip.co\/guatevision\/wp-content\/uploads\/sites\/2\/2018\/03\/1b284306095f923a115cb96b1ed3b176d3c7c8a9.jpg?quality=82","contentUrl":"https:\/\/prensalibre-com-develop.go-vip.co\/guatevision\/wp-content\/uploads\/sites\/2\/2018\/03\/1b284306095f923a115cb96b1ed3b176d3c7c8a9.jpg?quality=82","width":660,"height":371,"caption":"Foto tomada el 8 de setiembre de 2011"},{"@type":"WebSite","@id":"https:\/\/prensalibre-com-develop.go-vip.co\/guatevision\/#website","url":"https:\/\/prensalibre-com-develop.go-vip.co\/guatevision\/","name":"Guatevision","description":"\u00a1Enciende Lo Bueno!","publisher":{"@id":"https:\/\/prensalibre-com-develop.go-vip.co\/guatevision\/#organization"},"potentialAction":[{"@type":"SearchAction","target":{"@type":"EntryPoint","urlTemplate":"https:\/\/prensalibre-com-develop.go-vip.co\/guatevision\/?s={search_term_string}"},"query-input":{"@type":"PropertyValueSpecification","valueRequired":true,"valueName":"search_term_string"}}],"inLanguage":"es-GT"},{"@type":"Organization","@id":"https:\/\/prensalibre-com-develop.go-vip.co\/guatevision\/#organization","name":"Guatevision","url":"https:\/\/prensalibre-com-develop.go-vip.co\/guatevision\/","logo":{"@type":"ImageObject","inLanguage":"es-GT","@id":"https:\/\/prensalibre-com-develop.go-vip.co\/guatevision\/#\/schema\/logo\/image\/","url":"https:\/\/prensalibre-com-develop.go-vip.co\/guatevision\/wp-content\/uploads\/sites\/2\/2026\/04\/Diseno-sin-titulo.png?quality=82","contentUrl":"https:\/\/prensalibre-com-develop.go-vip.co\/guatevision\/wp-content\/uploads\/sites\/2\/2026\/04\/Diseno-sin-titulo.png?quality=82","width":1000,"height":600,"caption":"Guatevision"},"image":{"@id":"https:\/\/prensalibre-com-develop.go-vip.co\/guatevision\/#\/schema\/logo\/image\/"}},{"@type":"Person","@id":"https:\/\/prensalibre-com-develop.go-vip.co\/guatevision\/#\/schema\/person\/7c26ea5ceee1b7266a573b2125e1c2aa","name":"Redacci\u00f3n Guatevisi\u00f3n","image":{"@type":"ImageObject","inLanguage":"es-GT","@id":"https:\/\/prensalibre-com-develop.go-vip.co\/guatevision\/#\/schema\/person\/image\/6d36cd161df0dff3760fc313fe2275f7","url":"https:\/\/secure.gravatar.com\/avatar\/30137a0ea5fbd7114184dc546048a84bb0a0138981443c3af84a9d824dffdd9b?s=96&d=mm&r=g","contentUrl":"https:\/\/secure.gravatar.com\/avatar\/30137a0ea5fbd7114184dc546048a84bb0a0138981443c3af84a9d824dffdd9b?s=96&d=mm&r=g","caption":"Redacci\u00f3n Guatevisi\u00f3n"},"url":"https:\/\/prensalibre-com-develop.go-vip.co\/guatevision\/author\/redacciongtv"}]}},"jetpack_featured_media_url":"https:\/\/prensalibre-com-develop.go-vip.co\/guatevision\/wp-content\/uploads\/sites\/2\/2018\/03\/1b284306095f923a115cb96b1ed3b176d3c7c8a9.jpg?quality=82","jetpack_sharing_enabled":true,"_links":{"self":[{"href":"https:\/\/prensalibre-com-develop.go-vip.co\/guatevision\/wp-json\/wp\/v2\/posts\/155501","targetHints":{"allow":["GET"]}}],"collection":[{"href":"https:\/\/prensalibre-com-develop.go-vip.co\/guatevision\/wp-json\/wp\/v2\/posts"}],"about":[{"href":"https:\/\/prensalibre-com-develop.go-vip.co\/guatevision\/wp-json\/wp\/v2\/types\/post"}],"author":[{"embeddable":true,"href":"https:\/\/prensalibre-com-develop.go-vip.co\/guatevision\/wp-json\/wp\/v2\/users\/218"}],"replies":[{"embeddable":true,"href":"https:\/\/prensalibre-com-develop.go-vip.co\/guatevision\/wp-json\/wp\/v2\/comments?post=155501"}],"version-history":[{"count":0,"href":"https:\/\/prensalibre-com-develop.go-vip.co\/guatevision\/wp-json\/wp\/v2\/posts\/155501\/revisions"}],"wp:featuredmedia":[{"embeddable":true,"href":"https:\/\/prensalibre-com-develop.go-vip.co\/guatevision\/wp-json\/wp\/v2\/media\/155502"}],"wp:attachment":[{"href":"https:\/\/prensalibre-com-develop.go-vip.co\/guatevision\/wp-json\/wp\/v2\/media?parent=155501"}],"wp:term":[{"taxonomy":"category","embeddable":true,"href":"https:\/\/prensalibre-com-develop.go-vip.co\/guatevision\/wp-json\/wp\/v2\/categories?post=155501"},{"taxonomy":"etiqueta","embeddable":true,"href":"https:\/\/prensalibre-com-develop.go-vip.co\/guatevision\/wp-json\/wp\/v2\/etiqueta?post=155501"}],"curies":[{"name":"wp","href":"https:\/\/api.w.org\/{rel}","templated":true}]}}