{"id":156455,"date":"2018-03-12T15:51:10","date_gmt":"2018-03-12T21:51:10","guid":{"rendered":"https:\/\/prensalibre-com-develop.go-vip.co\/guatevision\/?p=156455"},"modified":"2018-03-12T15:51:10","modified_gmt":"2018-03-12T21:51:10","slug":"jay-z-beyonce-anuncian-una-gira-conjunta","status":"publish","type":"post","link":"https:\/\/prensalibre-com-develop.go-vip.co\/guatevision\/historico\/jay-z-beyonce-anuncian-una-gira-conjunta","title":{"rendered":"Jay-Z y Beyonc\u00e9 anuncian una gira conjunta"},"content":{"rendered":"<div class=\"line textcontent_img watermark\">\n\n<p>Beyonc\u00e9 y Jay-Z anunciaron el lunes una nueva gira conjunta, que probablemente escenificar\u00e1 algunos de los conciertos m\u00e1s lucrativos del a\u00f1o.<\/p>\n<p>El rapero y la diva, que en junio se convirtieron en padres de mellizos, abrir\u00e1n el 6 de junio en la ciudad de Cardiff, en Gales.<\/p>\n<\/div>\n<p>La gira de 36 fechas recorrer\u00e1 Europa, con espect\u00e1culos en 15 ciudades, entre las que se encuentran Barcelona (11 de julio), Par\u00eds, Londres, Roma y Berl\u00edn, y saltar\u00e1 despu\u00e9s a Am\u00e9rica del Norte, donde cerrar\u00e1 el 2 de octubre en Vancouver.<\/p>\n<p>Beyonc\u00e9 anunci\u00f3 la gira a sus 112 millones de seguidores de Instagram con la publicaci\u00f3n de una foto en blanco y negro en la que la pareja posa sensualmente en una moto, con una calavera estilo Lejano Oeste.<\/p>\n<p>Tambi\u00e9n public\u00f3 un breve video de im\u00e1genes en c\u00e1mara lenta de ambos musicalizado con el cl\u00e1sico del reggae &#8220;I&#8217;m Still in Love With You&#8221;.<\/p>\n<p>Jay-Z y Beyonc\u00e9 bautizaron la gira como &#8220;OTR II&#8221;, una referencia a su primera gira conjunta &#8220;On the Run&#8221; en 2014, que recaud\u00f3 unos 100 millones de d\u00f3lares.<\/p>\n<p>Antes de iniciar el periplo, la estrella pop se presentar\u00e1 en abril como cabeza de cartel de Coachella, el festival de m\u00fasica m\u00e1s grande de Estados Unidos, en su primera actuaci\u00f3n desde que dio a luz al segundo y tercer hijo de la pareja.<\/p>\n<p>En cuanto a Jay-Z, la gira seguir\u00e1 a una serie de conciertos en solitario para promocionar &#8220;4:44&#8221;, su \u00faltimo \u00e1lbum introspectivo en el que hace un mea culpa por su infidelidad a Beyonc\u00e9.<\/p>\n<h5>\u00a9 Agence France-Presse<\/h5>\n","protected":false},"excerpt":{"rendered":"<p>Beyonc\u00e9 y Jay-Z anunciaron el lunes una nueva gira conjunta, que probablemente escenificar\u00e1 algunos de los conciertos m\u00e1s lucrativos del a\u00f1o.<\/p>\n","protected":false},"author":218,"featured_media":156457,"comment_status":"open","ping_status":"closed","sticky":false,"template":"","format":"standard","meta":{"_jetpack_memberships_contains_paid_content":false,"footnotes":""},"categories":[],"etiqueta":[],"class_list":["post-156455","post","type-post","status-publish","format-standard","has-post-thumbnail","hentry"],"yoast_head":"<!-- This site is optimized with the Yoast SEO plugin v23.9 - https:\/\/yoast.com\/wordpress\/plugins\/seo\/ -->\n<title>Jay-Z y Beyonc\u00e9 anuncian una gira conjunta - Guatevisi\u00f3n<\/title>\n<meta name=\"description\" content=\"Beyonc\u00e9 y Jay-Z anunciaron el lunes una nueva gira conjunta, que probablemente escenificar\u00e1 algunos de los conciertos m\u00e1s lucrativos del a\u00f1o.\" \/>\n<meta name=\"robots\" content=\"index, follow, max-snippet:-1, max-image-preview:large, max-video-preview:-1\" \/>\n<link rel=\"canonical\" href=\"https:\/\/prensalibre-com-develop.go-vip.co\/guatevision\/historico\/jay-z-beyonce-anuncian-una-gira-conjunta\" \/>\n<meta property=\"og:locale\" content=\"es_ES\" \/>\n<meta property=\"og:type\" content=\"article\" \/>\n<meta property=\"og:title\" content=\"Jay-Z y Beyonc\u00e9 anuncian una gira conjunta - Guatevisi\u00f3n\" \/>\n<meta property=\"og:description\" content=\"Beyonc\u00e9 y Jay-Z anunciaron el lunes una nueva gira conjunta, que probablemente escenificar\u00e1 algunos de los conciertos m\u00e1s lucrativos del a\u00f1o.\" \/>\n<meta property=\"og:url\" content=\"https:\/\/prensalibre-com-develop.go-vip.co\/guatevision\/historico\/jay-z-beyonce-anuncian-una-gira-conjunta\" \/>\n<meta property=\"og:site_name\" content=\"Guatevision\" \/>\n<meta property=\"article:published_time\" content=\"2018-03-12T21:51:10+00:00\" \/>\n<meta property=\"og:image\" content=\"https:\/\/prensalibre-com-develop.go-vip.co\/guatevision\/wp-content\/uploads\/sites\/2\/2018\/03\/4abe94a14f276fd4a0d70669bc0d688e3b580788.jpg?quality=82\" \/>\n\t<meta property=\"og:image:width\" content=\"660\" \/>\n\t<meta property=\"og:image:height\" content=\"371\" \/>\n\t<meta property=\"og:image:type\" content=\"image\/jpeg\" \/>\n<meta name=\"author\" content=\"Redacci\u00f3n Guatevisi\u00f3n\" \/>\n<meta name=\"twitter:card\" content=\"summary_large_image\" \/>\n<meta name=\"twitter:label1\" content=\"Written by\" \/>\n\t<meta name=\"twitter:data1\" content=\"Redacci\u00f3n Guatevisi\u00f3n\" \/>\n\t<meta name=\"twitter:label2\" content=\"Est. reading time\" \/>\n\t<meta name=\"twitter:data2\" content=\"1 minute\" \/>\n<script type=\"application\/ld+json\" class=\"yoast-schema-graph\">{\"@context\":\"https:\/\/schema.org\",\"@graph\":[{\"@type\":\"Article\",\"@id\":\"https:\/\/prensalibre-com-develop.go-vip.co\/guatevision\/historico\/jay-z-beyonce-anuncian-una-gira-conjunta#article\",\"isPartOf\":{\"@id\":\"https:\/\/prensalibre-com-develop.go-vip.co\/guatevision\/historico\/jay-z-beyonce-anuncian-una-gira-conjunta\"},\"author\":{\"name\":\"Redacci\u00f3n Guatevisi\u00f3n\",\"@id\":\"https:\/\/prensalibre-com-develop.go-vip.co\/guatevision\/#\/schema\/person\/7c26ea5ceee1b7266a573b2125e1c2aa\"},\"headline\":\"Jay-Z y Beyonc\u00e9 anuncian una gira conjunta\",\"datePublished\":\"2018-03-12T21:51:10+00:00\",\"dateModified\":\"2018-03-12T21:51:10+00:00\",\"mainEntityOfPage\":{\"@id\":\"https:\/\/prensalibre-com-develop.go-vip.co\/guatevision\/historico\/jay-z-beyonce-anuncian-una-gira-conjunta\"},\"wordCount\":273,\"commentCount\":0,\"publisher\":{\"@id\":\"https:\/\/prensalibre-com-develop.go-vip.co\/guatevision\/#organization\"},\"image\":{\"@id\":\"https:\/\/prensalibre-com-develop.go-vip.co\/guatevision\/historico\/jay-z-beyonce-anuncian-una-gira-conjunta#primaryimage\"},\"thumbnailUrl\":\"https:\/\/prensalibre-com-develop.go-vip.co\/guatevision\/wp-content\/uploads\/sites\/2\/2018\/03\/4abe94a14f276fd4a0d70669bc0d688e3b580788.jpg?quality=82\",\"keywords\":[\"beyonce\",\"Jay-Z\",\"una gira conjunta\"],\"inLanguage\":\"es-GT\",\"potentialAction\":[{\"@type\":\"CommentAction\",\"name\":\"Comment\",\"target\":[\"https:\/\/prensalibre-com-develop.go-vip.co\/guatevision\/historico\/jay-z-beyonce-anuncian-una-gira-conjunta#respond\"]}]},{\"@type\":\"WebPage\",\"@id\":\"https:\/\/prensalibre-com-develop.go-vip.co\/guatevision\/historico\/jay-z-beyonce-anuncian-una-gira-conjunta\",\"url\":\"https:\/\/prensalibre-com-develop.go-vip.co\/guatevision\/historico\/jay-z-beyonce-anuncian-una-gira-conjunta\",\"name\":\"Jay-Z y Beyonc\u00e9 anuncian una gira conjunta - Guatevisi\u00f3n\",\"isPartOf\":{\"@id\":\"https:\/\/prensalibre-com-develop.go-vip.co\/guatevision\/#website\"},\"primaryImageOfPage\":{\"@id\":\"https:\/\/prensalibre-com-develop.go-vip.co\/guatevision\/historico\/jay-z-beyonce-anuncian-una-gira-conjunta#primaryimage\"},\"image\":{\"@id\":\"https:\/\/prensalibre-com-develop.go-vip.co\/guatevision\/historico\/jay-z-beyonce-anuncian-una-gira-conjunta#primaryimage\"},\"thumbnailUrl\":\"https:\/\/prensalibre-com-develop.go-vip.co\/guatevision\/wp-content\/uploads\/sites\/2\/2018\/03\/4abe94a14f276fd4a0d70669bc0d688e3b580788.jpg?quality=82\",\"datePublished\":\"2018-03-12T21:51:10+00:00\",\"dateModified\":\"2018-03-12T21:51:10+00:00\",\"description\":\"Beyonc\u00e9 y Jay-Z anunciaron el lunes una nueva gira conjunta, que probablemente escenificar\u00e1 algunos de los conciertos m\u00e1s lucrativos del a\u00f1o.\",\"inLanguage\":\"es-GT\",\"potentialAction\":[{\"@type\":\"ReadAction\",\"target\":[\"https:\/\/prensalibre-com-develop.go-vip.co\/guatevision\/historico\/jay-z-beyonce-anuncian-una-gira-conjunta\"]}]},{\"@type\":\"ImageObject\",\"inLanguage\":\"es-GT\",\"@id\":\"https:\/\/prensalibre-com-develop.go-vip.co\/guatevision\/historico\/jay-z-beyonce-anuncian-una-gira-conjunta#primaryimage\",\"url\":\"https:\/\/prensalibre-com-develop.go-vip.co\/guatevision\/wp-content\/uploads\/sites\/2\/2018\/03\/4abe94a14f276fd4a0d70669bc0d688e3b580788.jpg?quality=82\",\"contentUrl\":\"https:\/\/prensalibre-com-develop.go-vip.co\/guatevision\/wp-content\/uploads\/sites\/2\/2018\/03\/4abe94a14f276fd4a0d70669bc0d688e3b580788.jpg?quality=82\",\"width\":660,\"height\":371,\"caption\":\"Beyonc\u00e9 y Jay-Z junto a su hija Blue Ivy Carter (der.) en la entrega de los premios Grammy el 28 de enero de 2018 en Nueva York\"},{\"@type\":\"WebSite\",\"@id\":\"https:\/\/prensalibre-com-develop.go-vip.co\/guatevision\/#website\",\"url\":\"https:\/\/prensalibre-com-develop.go-vip.co\/guatevision\/\",\"name\":\"Guatevision\",\"description\":\"\u00a1Enciende Lo Bueno!\",\"publisher\":{\"@id\":\"https:\/\/prensalibre-com-develop.go-vip.co\/guatevision\/#organization\"},\"potentialAction\":[{\"@type\":\"SearchAction\",\"target\":{\"@type\":\"EntryPoint\",\"urlTemplate\":\"https:\/\/prensalibre-com-develop.go-vip.co\/guatevision\/?s={search_term_string}\"},\"query-input\":{\"@type\":\"PropertyValueSpecification\",\"valueRequired\":true,\"valueName\":\"search_term_string\"}}],\"inLanguage\":\"es-GT\"},{\"@type\":\"Organization\",\"@id\":\"https:\/\/prensalibre-com-develop.go-vip.co\/guatevision\/#organization\",\"name\":\"Guatevision\",\"url\":\"https:\/\/prensalibre-com-develop.go-vip.co\/guatevision\/\",\"logo\":{\"@type\":\"ImageObject\",\"inLanguage\":\"es-GT\",\"@id\":\"https:\/\/prensalibre-com-develop.go-vip.co\/guatevision\/#\/schema\/logo\/image\/\",\"url\":\"https:\/\/prensalibre-com-develop.go-vip.co\/guatevision\/wp-content\/uploads\/sites\/2\/2026\/04\/Diseno-sin-titulo.png?quality=82\",\"contentUrl\":\"https:\/\/prensalibre-com-develop.go-vip.co\/guatevision\/wp-content\/uploads\/sites\/2\/2026\/04\/Diseno-sin-titulo.png?quality=82\",\"width\":1000,\"height\":600,\"caption\":\"Guatevision\"},\"image\":{\"@id\":\"https:\/\/prensalibre-com-develop.go-vip.co\/guatevision\/#\/schema\/logo\/image\/\"}},{\"@type\":\"Person\",\"@id\":\"https:\/\/prensalibre-com-develop.go-vip.co\/guatevision\/#\/schema\/person\/7c26ea5ceee1b7266a573b2125e1c2aa\",\"name\":\"Redacci\u00f3n Guatevisi\u00f3n\",\"image\":{\"@type\":\"ImageObject\",\"inLanguage\":\"es-GT\",\"@id\":\"https:\/\/prensalibre-com-develop.go-vip.co\/guatevision\/#\/schema\/person\/image\/6d36cd161df0dff3760fc313fe2275f7\",\"url\":\"https:\/\/secure.gravatar.com\/avatar\/30137a0ea5fbd7114184dc546048a84bb0a0138981443c3af84a9d824dffdd9b?s=96&d=mm&r=g\",\"contentUrl\":\"https:\/\/secure.gravatar.com\/avatar\/30137a0ea5fbd7114184dc546048a84bb0a0138981443c3af84a9d824dffdd9b?s=96&d=mm&r=g\",\"caption\":\"Redacci\u00f3n Guatevisi\u00f3n\"},\"url\":\"https:\/\/prensalibre-com-develop.go-vip.co\/guatevision\/author\/redacciongtv\"}]}<\/script>\n<!-- \/ Yoast SEO plugin. -->","yoast_head_json":{"title":"Jay-Z y Beyonc\u00e9 anuncian una gira conjunta - Guatevisi\u00f3n","description":"Beyonc\u00e9 y Jay-Z anunciaron el lunes una nueva gira conjunta, que probablemente escenificar\u00e1 algunos de los conciertos m\u00e1s lucrativos del a\u00f1o.","robots":{"index":"index","follow":"follow","max-snippet":"max-snippet:-1","max-image-preview":"max-image-preview:large","max-video-preview":"max-video-preview:-1"},"canonical":"https:\/\/prensalibre-com-develop.go-vip.co\/guatevision\/historico\/jay-z-beyonce-anuncian-una-gira-conjunta","og_locale":"es_ES","og_type":"article","og_title":"Jay-Z y Beyonc\u00e9 anuncian una gira conjunta - Guatevisi\u00f3n","og_description":"Beyonc\u00e9 y Jay-Z anunciaron el lunes una nueva gira conjunta, que probablemente escenificar\u00e1 algunos de los conciertos m\u00e1s lucrativos del a\u00f1o.","og_url":"https:\/\/prensalibre-com-develop.go-vip.co\/guatevision\/historico\/jay-z-beyonce-anuncian-una-gira-conjunta","og_site_name":"Guatevision","article_published_time":"2018-03-12T21:51:10+00:00","og_image":[{"width":660,"height":371,"url":"https:\/\/prensalibre-com-develop.go-vip.co\/guatevision\/wp-content\/uploads\/sites\/2\/2018\/03\/4abe94a14f276fd4a0d70669bc0d688e3b580788.jpg?quality=82","type":"image\/jpeg"}],"author":"Redacci\u00f3n Guatevisi\u00f3n","twitter_card":"summary_large_image","twitter_misc":{"Written by":"Redacci\u00f3n Guatevisi\u00f3n","Est. reading time":"1 minute"},"schema":{"@context":"https:\/\/schema.org","@graph":[{"@type":"Article","@id":"https:\/\/prensalibre-com-develop.go-vip.co\/guatevision\/historico\/jay-z-beyonce-anuncian-una-gira-conjunta#article","isPartOf":{"@id":"https:\/\/prensalibre-com-develop.go-vip.co\/guatevision\/historico\/jay-z-beyonce-anuncian-una-gira-conjunta"},"author":{"name":"Redacci\u00f3n Guatevisi\u00f3n","@id":"https:\/\/prensalibre-com-develop.go-vip.co\/guatevision\/#\/schema\/person\/7c26ea5ceee1b7266a573b2125e1c2aa"},"headline":"Jay-Z y Beyonc\u00e9 anuncian una gira conjunta","datePublished":"2018-03-12T21:51:10+00:00","dateModified":"2018-03-12T21:51:10+00:00","mainEntityOfPage":{"@id":"https:\/\/prensalibre-com-develop.go-vip.co\/guatevision\/historico\/jay-z-beyonce-anuncian-una-gira-conjunta"},"wordCount":273,"commentCount":0,"publisher":{"@id":"https:\/\/prensalibre-com-develop.go-vip.co\/guatevision\/#organization"},"image":{"@id":"https:\/\/prensalibre-com-develop.go-vip.co\/guatevision\/historico\/jay-z-beyonce-anuncian-una-gira-conjunta#primaryimage"},"thumbnailUrl":"https:\/\/prensalibre-com-develop.go-vip.co\/guatevision\/wp-content\/uploads\/sites\/2\/2018\/03\/4abe94a14f276fd4a0d70669bc0d688e3b580788.jpg?quality=82","keywords":["beyonce","Jay-Z","una gira conjunta"],"inLanguage":"es-GT","potentialAction":[{"@type":"CommentAction","name":"Comment","target":["https:\/\/prensalibre-com-develop.go-vip.co\/guatevision\/historico\/jay-z-beyonce-anuncian-una-gira-conjunta#respond"]}]},{"@type":"WebPage","@id":"https:\/\/prensalibre-com-develop.go-vip.co\/guatevision\/historico\/jay-z-beyonce-anuncian-una-gira-conjunta","url":"https:\/\/prensalibre-com-develop.go-vip.co\/guatevision\/historico\/jay-z-beyonce-anuncian-una-gira-conjunta","name":"Jay-Z y Beyonc\u00e9 anuncian una gira conjunta - Guatevisi\u00f3n","isPartOf":{"@id":"https:\/\/prensalibre-com-develop.go-vip.co\/guatevision\/#website"},"primaryImageOfPage":{"@id":"https:\/\/prensalibre-com-develop.go-vip.co\/guatevision\/historico\/jay-z-beyonce-anuncian-una-gira-conjunta#primaryimage"},"image":{"@id":"https:\/\/prensalibre-com-develop.go-vip.co\/guatevision\/historico\/jay-z-beyonce-anuncian-una-gira-conjunta#primaryimage"},"thumbnailUrl":"https:\/\/prensalibre-com-develop.go-vip.co\/guatevision\/wp-content\/uploads\/sites\/2\/2018\/03\/4abe94a14f276fd4a0d70669bc0d688e3b580788.jpg?quality=82","datePublished":"2018-03-12T21:51:10+00:00","dateModified":"2018-03-12T21:51:10+00:00","description":"Beyonc\u00e9 y Jay-Z anunciaron el lunes una nueva gira conjunta, que probablemente escenificar\u00e1 algunos de los conciertos m\u00e1s lucrativos del a\u00f1o.","inLanguage":"es-GT","potentialAction":[{"@type":"ReadAction","target":["https:\/\/prensalibre-com-develop.go-vip.co\/guatevision\/historico\/jay-z-beyonce-anuncian-una-gira-conjunta"]}]},{"@type":"ImageObject","inLanguage":"es-GT","@id":"https:\/\/prensalibre-com-develop.go-vip.co\/guatevision\/historico\/jay-z-beyonce-anuncian-una-gira-conjunta#primaryimage","url":"https:\/\/prensalibre-com-develop.go-vip.co\/guatevision\/wp-content\/uploads\/sites\/2\/2018\/03\/4abe94a14f276fd4a0d70669bc0d688e3b580788.jpg?quality=82","contentUrl":"https:\/\/prensalibre-com-develop.go-vip.co\/guatevision\/wp-content\/uploads\/sites\/2\/2018\/03\/4abe94a14f276fd4a0d70669bc0d688e3b580788.jpg?quality=82","width":660,"height":371,"caption":"Beyonc\u00e9 y Jay-Z junto a su hija Blue Ivy Carter (der.) en la entrega de los premios Grammy el 28 de enero de 2018 en Nueva York"},{"@type":"WebSite","@id":"https:\/\/prensalibre-com-develop.go-vip.co\/guatevision\/#website","url":"https:\/\/prensalibre-com-develop.go-vip.co\/guatevision\/","name":"Guatevision","description":"\u00a1Enciende Lo Bueno!","publisher":{"@id":"https:\/\/prensalibre-com-develop.go-vip.co\/guatevision\/#organization"},"potentialAction":[{"@type":"SearchAction","target":{"@type":"EntryPoint","urlTemplate":"https:\/\/prensalibre-com-develop.go-vip.co\/guatevision\/?s={search_term_string}"},"query-input":{"@type":"PropertyValueSpecification","valueRequired":true,"valueName":"search_term_string"}}],"inLanguage":"es-GT"},{"@type":"Organization","@id":"https:\/\/prensalibre-com-develop.go-vip.co\/guatevision\/#organization","name":"Guatevision","url":"https:\/\/prensalibre-com-develop.go-vip.co\/guatevision\/","logo":{"@type":"ImageObject","inLanguage":"es-GT","@id":"https:\/\/prensalibre-com-develop.go-vip.co\/guatevision\/#\/schema\/logo\/image\/","url":"https:\/\/prensalibre-com-develop.go-vip.co\/guatevision\/wp-content\/uploads\/sites\/2\/2026\/04\/Diseno-sin-titulo.png?quality=82","contentUrl":"https:\/\/prensalibre-com-develop.go-vip.co\/guatevision\/wp-content\/uploads\/sites\/2\/2026\/04\/Diseno-sin-titulo.png?quality=82","width":1000,"height":600,"caption":"Guatevision"},"image":{"@id":"https:\/\/prensalibre-com-develop.go-vip.co\/guatevision\/#\/schema\/logo\/image\/"}},{"@type":"Person","@id":"https:\/\/prensalibre-com-develop.go-vip.co\/guatevision\/#\/schema\/person\/7c26ea5ceee1b7266a573b2125e1c2aa","name":"Redacci\u00f3n Guatevisi\u00f3n","image":{"@type":"ImageObject","inLanguage":"es-GT","@id":"https:\/\/prensalibre-com-develop.go-vip.co\/guatevision\/#\/schema\/person\/image\/6d36cd161df0dff3760fc313fe2275f7","url":"https:\/\/secure.gravatar.com\/avatar\/30137a0ea5fbd7114184dc546048a84bb0a0138981443c3af84a9d824dffdd9b?s=96&d=mm&r=g","contentUrl":"https:\/\/secure.gravatar.com\/avatar\/30137a0ea5fbd7114184dc546048a84bb0a0138981443c3af84a9d824dffdd9b?s=96&d=mm&r=g","caption":"Redacci\u00f3n Guatevisi\u00f3n"},"url":"https:\/\/prensalibre-com-develop.go-vip.co\/guatevision\/author\/redacciongtv"}]}},"jetpack_featured_media_url":"https:\/\/prensalibre-com-develop.go-vip.co\/guatevision\/wp-content\/uploads\/sites\/2\/2018\/03\/4abe94a14f276fd4a0d70669bc0d688e3b580788.jpg?quality=82","jetpack_sharing_enabled":true,"_links":{"self":[{"href":"https:\/\/prensalibre-com-develop.go-vip.co\/guatevision\/wp-json\/wp\/v2\/posts\/156455","targetHints":{"allow":["GET"]}}],"collection":[{"href":"https:\/\/prensalibre-com-develop.go-vip.co\/guatevision\/wp-json\/wp\/v2\/posts"}],"about":[{"href":"https:\/\/prensalibre-com-develop.go-vip.co\/guatevision\/wp-json\/wp\/v2\/types\/post"}],"author":[{"embeddable":true,"href":"https:\/\/prensalibre-com-develop.go-vip.co\/guatevision\/wp-json\/wp\/v2\/users\/218"}],"replies":[{"embeddable":true,"href":"https:\/\/prensalibre-com-develop.go-vip.co\/guatevision\/wp-json\/wp\/v2\/comments?post=156455"}],"version-history":[{"count":0,"href":"https:\/\/prensalibre-com-develop.go-vip.co\/guatevision\/wp-json\/wp\/v2\/posts\/156455\/revisions"}],"wp:featuredmedia":[{"embeddable":true,"href":"https:\/\/prensalibre-com-develop.go-vip.co\/guatevision\/wp-json\/wp\/v2\/media\/156457"}],"wp:attachment":[{"href":"https:\/\/prensalibre-com-develop.go-vip.co\/guatevision\/wp-json\/wp\/v2\/media?parent=156455"}],"wp:term":[{"taxonomy":"category","embeddable":true,"href":"https:\/\/prensalibre-com-develop.go-vip.co\/guatevision\/wp-json\/wp\/v2\/categories?post=156455"},{"taxonomy":"etiqueta","embeddable":true,"href":"https:\/\/prensalibre-com-develop.go-vip.co\/guatevision\/wp-json\/wp\/v2\/etiqueta?post=156455"}],"curies":[{"name":"wp","href":"https:\/\/api.w.org\/{rel}","templated":true}]}}