{"id":1818,"date":"2016-11-01T16:46:08","date_gmt":"2016-11-01T22:46:08","guid":{"rendered":"https:\/\/prensalibre-com-develop.go-vip.co\/guatevision\/?p=1818"},"modified":"2016-11-02T07:47:04","modified_gmt":"2016-11-02T13:47:04","slug":"villalobos-bicampeon-vuelta-ciclistica","status":"publish","type":"post","link":"https:\/\/prensalibre-com-develop.go-vip.co\/guatevision\/historico\/villalobos-bicampeon-vuelta-ciclistica","title":{"rendered":"La Vuelta: Rom\u00e1n Villalobos bicampe\u00f3n"},"content":{"rendered":"<p style=\"text-align: justify;\">El costarricense Rom\u00e1n Villalobos (Canel\u00b4s \u2013 M\u00e9xico) se proclam\u00f3 bicampe\u00f3n de la Vuelta Cicl\u00edstica a Guatemala, la cual finaliz\u00f3 con un circuito de 105 kms el Anillo Perif\u00e9rico.<\/p>\n<p style=\"text-align: justify;\">Villalobos pr\u00e1cticamente dio un paseo triunfal sobre el \u00a0tradicional circuito del giro chap\u00edn debido a que la vuelta la sentenci\u00f3 en la s\u00e9ptima largada\u00a0la cual finaliz\u00f3 en El Tabl\u00f3n, Solol\u00e1, desplazando a Manuel Rodas quien hab\u00eda mantenido el su\u00e9ter l\u00edder en tres etapas.<\/p>\n\n<figure id=\"attachment_1824\" aria-describedby=\"caption-attachment-1824\" style=\"width: 660px\" class=\"wp-caption aligncenter\"><img loading=\"lazy\" decoding=\"async\" class=\"size-full wp-image-1824\" src=\"https:\/\/prensalibre-com-develop.go-vip.co\/guatevision\/wp-content\/uploads\/2016\/11\/ELIAS-VEGA.png\" alt=\"elias-vega Guatevision\" width=\"660\" height=\"371\" srcset=\"https:\/\/prensalibre-com-develop.go-vip.co\/guatevision\/wp-content\/uploads\/sites\/2\/2016\/11\/ELIAS-VEGA.png 660w, https:\/\/prensalibre-com-develop.go-vip.co\/guatevision\/wp-content\/uploads\/sites\/2\/2016\/11\/ELIAS-VEGA.png?resize=300,169 300w, https:\/\/prensalibre-com-develop.go-vip.co\/guatevision\/wp-content\/uploads\/sites\/2\/2016\/11\/ELIAS-VEGA.png?resize=276,154 276w, https:\/\/prensalibre-com-develop.go-vip.co\/guatevision\/wp-content\/uploads\/sites\/2\/2016\/11\/ELIAS-VEGA.png?resize=260,146 260w, https:\/\/prensalibre-com-develop.go-vip.co\/guatevision\/wp-content\/uploads\/sites\/2\/2016\/11\/ELIAS-VEGA.png?resize=150,84 150w\" sizes=\"auto, (max-width: 660px) 100vw, 660px\" \/><figcaption id=\"caption-attachment-1824\" class=\"wp-caption-text\">Foto: Federaci\u00f3n Guatemalteca de Ciclismo<\/figcaption><\/figure>\n<p style=\"text-align: justify;\">El costarricense El\u00edas Vega del Nestl\u00e9-Giant se impuso en la \u00faltima largada, al cronometrar 2 horas, 20 minutos y 28 segundos. El guatemalteco Julio Padilla ocup\u00f3 el segundo lugar con 4 segundos de diferencia, junto al hol\u00e1ndes Jeroen Breewel, Dorian Monterroso de Cable Dx y el colombiano Juan Rend\u00f3n de la Liga Cundinamarca.<\/p>\n<p style=\"text-align: justify;\">El tiempo oficial de Villalobos en la general individual fue de 24 horas 41 minutos y 47 segundos. Manuel Rodas ya no pudo reducir la notable ventaja que le sac\u00f3 el campe\u00f3n en la s\u00e9ptima etapa y se qued\u00f3 a\u00a01:25 y el tercer lugar fue para el espa\u00f1ol Victor Garc\u00eda tambien del Canel\u00b4s.<\/p>\n<figure id=\"attachment_1825\" aria-describedby=\"caption-attachment-1825\" style=\"width: 660px\" class=\"wp-caption aligncenter\"><img loading=\"lazy\" decoding=\"async\" class=\"size-full wp-image-1825\" src=\"https:\/\/prensalibre-com-develop.go-vip.co\/guatevision\/wp-content\/uploads\/2016\/11\/Canels-campeon-1.png\" alt=\"canels-campeon-1 Guatevision\" width=\"660\" height=\"371\" srcset=\"https:\/\/prensalibre-com-develop.go-vip.co\/guatevision\/wp-content\/uploads\/sites\/2\/2016\/11\/Canels-campeon-1.png 660w, https:\/\/prensalibre-com-develop.go-vip.co\/guatevision\/wp-content\/uploads\/sites\/2\/2016\/11\/Canels-campeon-1.png?resize=300,169 300w, https:\/\/prensalibre-com-develop.go-vip.co\/guatevision\/wp-content\/uploads\/sites\/2\/2016\/11\/Canels-campeon-1.png?resize=276,154 276w, https:\/\/prensalibre-com-develop.go-vip.co\/guatevision\/wp-content\/uploads\/sites\/2\/2016\/11\/Canels-campeon-1.png?resize=260,146 260w, https:\/\/prensalibre-com-develop.go-vip.co\/guatevision\/wp-content\/uploads\/sites\/2\/2016\/11\/Canels-campeon-1.png?resize=150,84 150w\" sizes=\"auto, (max-width: 660px) 100vw, 660px\" \/><figcaption id=\"caption-attachment-1825\" class=\"wp-caption-text\">Foto: Luis L\u00f3pez<\/figcaption><\/figure>\n<h3 style=\"text-align: justify;\"><em><strong>Solo un t\u00edtulo para Guatemala.<\/strong><\/em><\/h3>\n<p style=\"text-align: justify;\">El \u00fanico t\u00edtulo para\u00a0\u00a0el pais fue las metas volantes, Dorian Monterroso gan\u00f3 dos de los \u00faltimos\u00a0tres premios y alcanz\u00f3 los 44 puntos, Julio Padilla finaliz\u00f3 en el segundo lugar.<\/p>\n<p style=\"text-align: justify;\">El ecuatoriano Jefferson Cepeda fue el mejor escalador con 24 puntos. La revelaci\u00f3n fue Santos Crispin del Hino-RCN en el segundo puesto con 17 puntos.<\/p>\n<h3 style=\"text-align: justify;\"><strong><em>Resultados IX Etapa.<\/em><\/strong><\/h3>\n<ol>\n<li style=\"text-align: justify;\">El\u00edas Vega (Giant-Costa Rica) 2:20:28<\/li>\n<li style=\"text-align: justify;\">Julio Padilla (Arapahoe-USA) + 0:04<\/li>\n<li style=\"text-align: justify;\">Jeroen Breewel (Global Team \u2013 Holanda) + 0:04<\/li>\n<li style=\"text-align: justify;\">Dorian Monterroso (Cable DX \u2013 Guatemala) + 0:04<\/li>\n<li style=\"text-align: justify;\">Juan Rend\u00f3n (Liga Cundinamarca-Colombia) + 0:04<\/li>\n<\/ol>\n<h3 style=\"text-align: justify;\"><em><strong>General Individual:<\/strong><\/em><\/h3>\n<ol>\n<li style=\"text-align: justify;\">Rom\u00e1n Villalobos (Canel\u00b4s-M\u00e9xico) 24:51:47<\/li>\n<li style=\"text-align: justify;\">Manuel Rodas (Cable DX-Guatemala) +1:25<\/li>\n<li style=\"text-align: justify;\">V\u00edctor Garc\u00eda (Canel\u00b4s-M\u00e9xico) +1:57<\/li>\n<li style=\"text-align: justify;\">Juan Rend\u00f3n (Liga Cundinamarca-Colombia) +3:14<\/li>\n<li style=\"text-align: justify;\">Byron Guam\u00e1 (Selecci\u00f3n Ecuador) + 3:18<\/li>\n<\/ol>\n<h3 style=\"text-align: justify;\"><strong><em>General Metas Volantes:<\/em><\/strong><\/h3>\n<ol>\n<li style=\"text-align: justify;\">Dorian Monterroso (Cable DX-Guatemala) 44 pts.<\/li>\n<li style=\"text-align: justify;\">Julio Padilla (Arapahoe-USA) 31 pts.<\/li>\n<li style=\"text-align: justify;\">Pablo Alarc\u00f3n (Canel\u00b4s-M\u00e9xico) 30 pts.<\/li>\n<\/ol>\n<h3 style=\"text-align: justify;\"><em><strong>General Metas Monta\u00f1a:<\/strong><\/em><\/h3>\n<ol>\n<li style=\"text-align: justify;\">Jefferson Cepeda (Selecci\u00f3n-Ecuador) 24 pts.<\/li>\n<li style=\"text-align: justify;\">Santos Crisp\u00edn (Hino-RCN) 17 pts.<\/li>\n<li style=\"text-align: justify;\">Rom\u00e1n Villalobos (Canel\u00b4s \u2013 M\u00e9xico) 14 pts.<\/li>\n<\/ol>\n<h3>Bicampe\u00f3n de la Vuelta Cicl\u00edstica<\/h3>\n<p style=\"text-align: justify;\">Villalobos gan\u00f3 por segundo a\u00f1o consecutivo el t\u00edtulo en Guatemala (2015) y escribi\u00f3 su nombre junto al colombiano Patrocinio Jim\u00e9nez en 1976-77<\/p>\n<p style=\"text-align: justify;\"><img loading=\"lazy\" decoding=\"async\" class=\"aligncenter size-full wp-image-1826\" src=\"https:\/\/prensalibre-com-develop.go-vip.co\/guatevision\/wp-content\/uploads\/2016\/11\/Roman-Villalobos-campeo\u0301n-2.png\" alt=\"roman-villalobos-campeon-2\" width=\"660\" height=\"371\" srcset=\"https:\/\/prensalibre-com-develop.go-vip.co\/guatevision\/wp-content\/uploads\/sites\/2\/2016\/11\/Roman-Villalobos-campeo\u0301n-2.png 660w, https:\/\/prensalibre-com-develop.go-vip.co\/guatevision\/wp-content\/uploads\/sites\/2\/2016\/11\/Roman-Villalobos-campeo\u0301n-2.png?resize=300,169 300w, https:\/\/prensalibre-com-develop.go-vip.co\/guatevision\/wp-content\/uploads\/sites\/2\/2016\/11\/Roman-Villalobos-campeo\u0301n-2.png?resize=276,154 276w, https:\/\/prensalibre-com-develop.go-vip.co\/guatevision\/wp-content\/uploads\/sites\/2\/2016\/11\/Roman-Villalobos-campeo\u0301n-2.png?resize=260,146 260w, https:\/\/prensalibre-com-develop.go-vip.co\/guatevision\/wp-content\/uploads\/sites\/2\/2016\/11\/Roman-Villalobos-campeo\u0301n-2.png?resize=150,84 150w\" sizes=\"auto, (max-width: 660px) 100vw, 660px\" \/><\/p>\n<ul>\n<li style=\"text-align: justify;\">\n<h4>Informaci\u00f3n de <a href=\"https:\/\/twitter.com\/LuisLopez_Gtv\" target=\"_blank\">Luis L\u00f3pez DXTV<\/a><\/h4>\n<\/li>\n<\/ul>\n","protected":false},"excerpt":{"rendered":"","protected":false},"author":71,"featured_media":1827,"comment_status":"open","ping_status":"open","sticky":false,"template":"","format":"standard","meta":{"_jetpack_memberships_contains_paid_content":false,"footnotes":""},"categories":[],"etiqueta":[],"class_list":["post-1818","post","type-post","status-publish","format-standard","has-post-thumbnail","hentry"],"yoast_head":"<!-- This site is optimized with the Yoast SEO plugin v23.9 - https:\/\/yoast.com\/wordpress\/plugins\/seo\/ -->\n<title>Rom\u00e1n Villalobos bicampe\u00f3n de la Vuelta Cicl\u00edstica a Guatemala<\/title>\n<meta name=\"description\" content=\"El costarricense Rom\u00e1n Villalobos le dio un t\u00edtulo m\u00e1s a su pais en la Vuelta Cicl\u00edstica a Guatemala al alcanzar el bicampeonato.\" \/>\n<meta name=\"robots\" content=\"index, follow, max-snippet:-1, max-image-preview:large, max-video-preview:-1\" \/>\n<link rel=\"canonical\" href=\"https:\/\/prensalibre-com-develop.go-vip.co\/guatevision\/historico\/villalobos-bicampeon-vuelta-ciclistica\" \/>\n<meta property=\"og:locale\" content=\"es_ES\" \/>\n<meta property=\"og:type\" content=\"article\" \/>\n<meta property=\"og:title\" content=\"Rom\u00e1n Villalobos bicampe\u00f3n de la Vuelta Cicl\u00edstica a Guatemala\" \/>\n<meta property=\"og:description\" content=\"El costarricense Rom\u00e1n Villalobos le dio un t\u00edtulo m\u00e1s a su pais en la Vuelta Cicl\u00edstica a Guatemala al alcanzar el bicampeonato.\" \/>\n<meta property=\"og:url\" content=\"https:\/\/prensalibre-com-develop.go-vip.co\/guatevision\/historico\/villalobos-bicampeon-vuelta-ciclistica\" \/>\n<meta property=\"og:site_name\" content=\"Guatevision\" \/>\n<meta property=\"article:published_time\" content=\"2016-11-01T22:46:08+00:00\" \/>\n<meta property=\"article:modified_time\" content=\"2016-11-02T13:47:04+00:00\" \/>\n<meta property=\"og:image\" content=\"https:\/\/prensalibre-com-develop.go-vip.co\/guatevision\/wp-content\/uploads\/sites\/2\/2016\/11\/Roman-Villalobos-campeo\u0301n.png?quality=82\" \/>\n\t<meta property=\"og:image:width\" content=\"660\" \/>\n\t<meta property=\"og:image:height\" content=\"371\" \/>\n\t<meta property=\"og:image:type\" content=\"image\/png\" \/>\n<meta name=\"author\" content=\"Manuel Hern\u00e1ndez May\u00e9n\" \/>\n<meta name=\"twitter:card\" content=\"summary_large_image\" \/>\n<meta name=\"twitter:label1\" content=\"Written by\" \/>\n\t<meta name=\"twitter:data1\" content=\"Manuel Hern\u00e1ndez May\u00e9n\" \/>\n\t<meta name=\"twitter:label2\" content=\"Est. reading time\" \/>\n\t<meta name=\"twitter:data2\" content=\"2 minutes\" \/>\n<script type=\"application\/ld+json\" class=\"yoast-schema-graph\">{\"@context\":\"https:\/\/schema.org\",\"@graph\":[{\"@type\":\"Article\",\"@id\":\"https:\/\/prensalibre-com-develop.go-vip.co\/guatevision\/historico\/villalobos-bicampeon-vuelta-ciclistica#article\",\"isPartOf\":{\"@id\":\"https:\/\/prensalibre-com-develop.go-vip.co\/guatevision\/historico\/villalobos-bicampeon-vuelta-ciclistica\"},\"author\":{\"name\":\"Manuel Hern\u00e1ndez May\u00e9n\",\"@id\":\"https:\/\/prensalibre-com-develop.go-vip.co\/guatevision\/#\/schema\/person\/5b34ef10da9eb6f366b1c186913efddd\"},\"headline\":\"La Vuelta: Rom\u00e1n Villalobos bicampe\u00f3n\",\"datePublished\":\"2016-11-01T22:46:08+00:00\",\"dateModified\":\"2016-11-02T13:47:04+00:00\",\"mainEntityOfPage\":{\"@id\":\"https:\/\/prensalibre-com-develop.go-vip.co\/guatevision\/historico\/villalobos-bicampeon-vuelta-ciclistica\"},\"wordCount\":417,\"commentCount\":0,\"publisher\":{\"@id\":\"https:\/\/prensalibre-com-develop.go-vip.co\/guatevision\/#organization\"},\"image\":{\"@id\":\"https:\/\/prensalibre-com-develop.go-vip.co\/guatevision\/historico\/villalobos-bicampeon-vuelta-ciclistica#primaryimage\"},\"thumbnailUrl\":\"https:\/\/prensalibre-com-develop.go-vip.co\/guatevision\/wp-content\/uploads\/sites\/2\/2016\/11\/Roman-Villalobos-campeo\u0301n.png?quality=82\",\"keywords\":[\"resultados vuelta\",\"Rom\u00e1n Villalobos\",\"VUELTA CICL\u00cdSTICA\"],\"inLanguage\":\"es-GT\",\"potentialAction\":[{\"@type\":\"CommentAction\",\"name\":\"Comment\",\"target\":[\"https:\/\/prensalibre-com-develop.go-vip.co\/guatevision\/historico\/villalobos-bicampeon-vuelta-ciclistica#respond\"]}]},{\"@type\":\"WebPage\",\"@id\":\"https:\/\/prensalibre-com-develop.go-vip.co\/guatevision\/historico\/villalobos-bicampeon-vuelta-ciclistica\",\"url\":\"https:\/\/prensalibre-com-develop.go-vip.co\/guatevision\/historico\/villalobos-bicampeon-vuelta-ciclistica\",\"name\":\"Rom\u00e1n Villalobos bicampe\u00f3n de la Vuelta Cicl\u00edstica a Guatemala\",\"isPartOf\":{\"@id\":\"https:\/\/prensalibre-com-develop.go-vip.co\/guatevision\/#website\"},\"primaryImageOfPage\":{\"@id\":\"https:\/\/prensalibre-com-develop.go-vip.co\/guatevision\/historico\/villalobos-bicampeon-vuelta-ciclistica#primaryimage\"},\"image\":{\"@id\":\"https:\/\/prensalibre-com-develop.go-vip.co\/guatevision\/historico\/villalobos-bicampeon-vuelta-ciclistica#primaryimage\"},\"thumbnailUrl\":\"https:\/\/prensalibre-com-develop.go-vip.co\/guatevision\/wp-content\/uploads\/sites\/2\/2016\/11\/Roman-Villalobos-campeo\u0301n.png?quality=82\",\"datePublished\":\"2016-11-01T22:46:08+00:00\",\"dateModified\":\"2016-11-02T13:47:04+00:00\",\"description\":\"El costarricense Rom\u00e1n Villalobos le dio un t\u00edtulo m\u00e1s a su pais en la Vuelta Cicl\u00edstica a Guatemala al alcanzar el bicampeonato.\",\"inLanguage\":\"es-GT\",\"potentialAction\":[{\"@type\":\"ReadAction\",\"target\":[\"https:\/\/prensalibre-com-develop.go-vip.co\/guatevision\/historico\/villalobos-bicampeon-vuelta-ciclistica\"]}]},{\"@type\":\"ImageObject\",\"inLanguage\":\"es-GT\",\"@id\":\"https:\/\/prensalibre-com-develop.go-vip.co\/guatevision\/historico\/villalobos-bicampeon-vuelta-ciclistica#primaryimage\",\"url\":\"https:\/\/prensalibre-com-develop.go-vip.co\/guatevision\/wp-content\/uploads\/sites\/2\/2016\/11\/Roman-Villalobos-campeo\u0301n.png?quality=82\",\"contentUrl\":\"https:\/\/prensalibre-com-develop.go-vip.co\/guatevision\/wp-content\/uploads\/sites\/2\/2016\/11\/Roman-Villalobos-campeo\u0301n.png?quality=82\",\"width\":660,\"height\":371,\"caption\":\"vuelta cicl\u00edstica\"},{\"@type\":\"WebSite\",\"@id\":\"https:\/\/prensalibre-com-develop.go-vip.co\/guatevision\/#website\",\"url\":\"https:\/\/prensalibre-com-develop.go-vip.co\/guatevision\/\",\"name\":\"Guatevision\",\"description\":\"\u00a1Enciende Lo Bueno!\",\"publisher\":{\"@id\":\"https:\/\/prensalibre-com-develop.go-vip.co\/guatevision\/#organization\"},\"potentialAction\":[{\"@type\":\"SearchAction\",\"target\":{\"@type\":\"EntryPoint\",\"urlTemplate\":\"https:\/\/prensalibre-com-develop.go-vip.co\/guatevision\/?s={search_term_string}\"},\"query-input\":{\"@type\":\"PropertyValueSpecification\",\"valueRequired\":true,\"valueName\":\"search_term_string\"}}],\"inLanguage\":\"es-GT\"},{\"@type\":\"Organization\",\"@id\":\"https:\/\/prensalibre-com-develop.go-vip.co\/guatevision\/#organization\",\"name\":\"Guatevision\",\"url\":\"https:\/\/prensalibre-com-develop.go-vip.co\/guatevision\/\",\"logo\":{\"@type\":\"ImageObject\",\"inLanguage\":\"es-GT\",\"@id\":\"https:\/\/prensalibre-com-develop.go-vip.co\/guatevision\/#\/schema\/logo\/image\/\",\"url\":\"https:\/\/prensalibre-com-develop.go-vip.co\/guatevision\/wp-content\/uploads\/sites\/2\/2026\/04\/Diseno-sin-titulo.png?quality=82\",\"contentUrl\":\"https:\/\/prensalibre-com-develop.go-vip.co\/guatevision\/wp-content\/uploads\/sites\/2\/2026\/04\/Diseno-sin-titulo.png?quality=82\",\"width\":1000,\"height\":600,\"caption\":\"Guatevision\"},\"image\":{\"@id\":\"https:\/\/prensalibre-com-develop.go-vip.co\/guatevision\/#\/schema\/logo\/image\/\"}},{\"@type\":\"Person\",\"@id\":\"https:\/\/prensalibre-com-develop.go-vip.co\/guatevision\/#\/schema\/person\/5b34ef10da9eb6f366b1c186913efddd\",\"name\":\"Manuel Hern\u00e1ndez May\u00e9n\",\"image\":{\"@type\":\"ImageObject\",\"inLanguage\":\"es-GT\",\"@id\":\"https:\/\/prensalibre-com-develop.go-vip.co\/guatevision\/#\/schema\/person\/image\/433265d8a81413206f8dd780c513ffd7\",\"url\":\"https:\/\/secure.gravatar.com\/avatar\/d6d67d029230e2c79470aabd3184418289f224c20a44e2beaa5864a18da50d01?s=96&d=mm&r=g\",\"contentUrl\":\"https:\/\/secure.gravatar.com\/avatar\/d6d67d029230e2c79470aabd3184418289f224c20a44e2beaa5864a18da50d01?s=96&d=mm&r=g\",\"caption\":\"Manuel Hern\u00e1ndez May\u00e9n\"},\"url\":\"https:\/\/prensalibre-com-develop.go-vip.co\/guatevision\/author\/mdhernandez\"}]}<\/script>\n<!-- \/ Yoast SEO plugin. -->","yoast_head_json":{"title":"Rom\u00e1n Villalobos bicampe\u00f3n de la Vuelta Cicl\u00edstica a Guatemala","description":"El costarricense Rom\u00e1n Villalobos le dio un t\u00edtulo m\u00e1s a su pais en la Vuelta Cicl\u00edstica a Guatemala al alcanzar el bicampeonato.","robots":{"index":"index","follow":"follow","max-snippet":"max-snippet:-1","max-image-preview":"max-image-preview:large","max-video-preview":"max-video-preview:-1"},"canonical":"https:\/\/prensalibre-com-develop.go-vip.co\/guatevision\/historico\/villalobos-bicampeon-vuelta-ciclistica","og_locale":"es_ES","og_type":"article","og_title":"Rom\u00e1n Villalobos bicampe\u00f3n de la Vuelta Cicl\u00edstica a Guatemala","og_description":"El costarricense Rom\u00e1n Villalobos le dio un t\u00edtulo m\u00e1s a su pais en la Vuelta Cicl\u00edstica a Guatemala al alcanzar el bicampeonato.","og_url":"https:\/\/prensalibre-com-develop.go-vip.co\/guatevision\/historico\/villalobos-bicampeon-vuelta-ciclistica","og_site_name":"Guatevision","article_published_time":"2016-11-01T22:46:08+00:00","article_modified_time":"2016-11-02T13:47:04+00:00","og_image":[{"width":660,"height":371,"url":"https:\/\/prensalibre-com-develop.go-vip.co\/guatevision\/wp-content\/uploads\/sites\/2\/2016\/11\/Roman-Villalobos-campeo\u0301n.png?quality=82","type":"image\/png"}],"author":"Manuel Hern\u00e1ndez May\u00e9n","twitter_card":"summary_large_image","twitter_misc":{"Written by":"Manuel Hern\u00e1ndez May\u00e9n","Est. reading time":"2 minutes"},"schema":{"@context":"https:\/\/schema.org","@graph":[{"@type":"Article","@id":"https:\/\/prensalibre-com-develop.go-vip.co\/guatevision\/historico\/villalobos-bicampeon-vuelta-ciclistica#article","isPartOf":{"@id":"https:\/\/prensalibre-com-develop.go-vip.co\/guatevision\/historico\/villalobos-bicampeon-vuelta-ciclistica"},"author":{"name":"Manuel Hern\u00e1ndez May\u00e9n","@id":"https:\/\/prensalibre-com-develop.go-vip.co\/guatevision\/#\/schema\/person\/5b34ef10da9eb6f366b1c186913efddd"},"headline":"La Vuelta: Rom\u00e1n Villalobos bicampe\u00f3n","datePublished":"2016-11-01T22:46:08+00:00","dateModified":"2016-11-02T13:47:04+00:00","mainEntityOfPage":{"@id":"https:\/\/prensalibre-com-develop.go-vip.co\/guatevision\/historico\/villalobos-bicampeon-vuelta-ciclistica"},"wordCount":417,"commentCount":0,"publisher":{"@id":"https:\/\/prensalibre-com-develop.go-vip.co\/guatevision\/#organization"},"image":{"@id":"https:\/\/prensalibre-com-develop.go-vip.co\/guatevision\/historico\/villalobos-bicampeon-vuelta-ciclistica#primaryimage"},"thumbnailUrl":"https:\/\/prensalibre-com-develop.go-vip.co\/guatevision\/wp-content\/uploads\/sites\/2\/2016\/11\/Roman-Villalobos-campeo\u0301n.png?quality=82","keywords":["resultados vuelta","Rom\u00e1n Villalobos","VUELTA CICL\u00cdSTICA"],"inLanguage":"es-GT","potentialAction":[{"@type":"CommentAction","name":"Comment","target":["https:\/\/prensalibre-com-develop.go-vip.co\/guatevision\/historico\/villalobos-bicampeon-vuelta-ciclistica#respond"]}]},{"@type":"WebPage","@id":"https:\/\/prensalibre-com-develop.go-vip.co\/guatevision\/historico\/villalobos-bicampeon-vuelta-ciclistica","url":"https:\/\/prensalibre-com-develop.go-vip.co\/guatevision\/historico\/villalobos-bicampeon-vuelta-ciclistica","name":"Rom\u00e1n Villalobos bicampe\u00f3n de la Vuelta Cicl\u00edstica a Guatemala","isPartOf":{"@id":"https:\/\/prensalibre-com-develop.go-vip.co\/guatevision\/#website"},"primaryImageOfPage":{"@id":"https:\/\/prensalibre-com-develop.go-vip.co\/guatevision\/historico\/villalobos-bicampeon-vuelta-ciclistica#primaryimage"},"image":{"@id":"https:\/\/prensalibre-com-develop.go-vip.co\/guatevision\/historico\/villalobos-bicampeon-vuelta-ciclistica#primaryimage"},"thumbnailUrl":"https:\/\/prensalibre-com-develop.go-vip.co\/guatevision\/wp-content\/uploads\/sites\/2\/2016\/11\/Roman-Villalobos-campeo\u0301n.png?quality=82","datePublished":"2016-11-01T22:46:08+00:00","dateModified":"2016-11-02T13:47:04+00:00","description":"El costarricense Rom\u00e1n Villalobos le dio un t\u00edtulo m\u00e1s a su pais en la Vuelta Cicl\u00edstica a Guatemala al alcanzar el bicampeonato.","inLanguage":"es-GT","potentialAction":[{"@type":"ReadAction","target":["https:\/\/prensalibre-com-develop.go-vip.co\/guatevision\/historico\/villalobos-bicampeon-vuelta-ciclistica"]}]},{"@type":"ImageObject","inLanguage":"es-GT","@id":"https:\/\/prensalibre-com-develop.go-vip.co\/guatevision\/historico\/villalobos-bicampeon-vuelta-ciclistica#primaryimage","url":"https:\/\/prensalibre-com-develop.go-vip.co\/guatevision\/wp-content\/uploads\/sites\/2\/2016\/11\/Roman-Villalobos-campeo\u0301n.png?quality=82","contentUrl":"https:\/\/prensalibre-com-develop.go-vip.co\/guatevision\/wp-content\/uploads\/sites\/2\/2016\/11\/Roman-Villalobos-campeo\u0301n.png?quality=82","width":660,"height":371,"caption":"vuelta cicl\u00edstica"},{"@type":"WebSite","@id":"https:\/\/prensalibre-com-develop.go-vip.co\/guatevision\/#website","url":"https:\/\/prensalibre-com-develop.go-vip.co\/guatevision\/","name":"Guatevision","description":"\u00a1Enciende Lo Bueno!","publisher":{"@id":"https:\/\/prensalibre-com-develop.go-vip.co\/guatevision\/#organization"},"potentialAction":[{"@type":"SearchAction","target":{"@type":"EntryPoint","urlTemplate":"https:\/\/prensalibre-com-develop.go-vip.co\/guatevision\/?s={search_term_string}"},"query-input":{"@type":"PropertyValueSpecification","valueRequired":true,"valueName":"search_term_string"}}],"inLanguage":"es-GT"},{"@type":"Organization","@id":"https:\/\/prensalibre-com-develop.go-vip.co\/guatevision\/#organization","name":"Guatevision","url":"https:\/\/prensalibre-com-develop.go-vip.co\/guatevision\/","logo":{"@type":"ImageObject","inLanguage":"es-GT","@id":"https:\/\/prensalibre-com-develop.go-vip.co\/guatevision\/#\/schema\/logo\/image\/","url":"https:\/\/prensalibre-com-develop.go-vip.co\/guatevision\/wp-content\/uploads\/sites\/2\/2026\/04\/Diseno-sin-titulo.png?quality=82","contentUrl":"https:\/\/prensalibre-com-develop.go-vip.co\/guatevision\/wp-content\/uploads\/sites\/2\/2026\/04\/Diseno-sin-titulo.png?quality=82","width":1000,"height":600,"caption":"Guatevision"},"image":{"@id":"https:\/\/prensalibre-com-develop.go-vip.co\/guatevision\/#\/schema\/logo\/image\/"}},{"@type":"Person","@id":"https:\/\/prensalibre-com-develop.go-vip.co\/guatevision\/#\/schema\/person\/5b34ef10da9eb6f366b1c186913efddd","name":"Manuel Hern\u00e1ndez May\u00e9n","image":{"@type":"ImageObject","inLanguage":"es-GT","@id":"https:\/\/prensalibre-com-develop.go-vip.co\/guatevision\/#\/schema\/person\/image\/433265d8a81413206f8dd780c513ffd7","url":"https:\/\/secure.gravatar.com\/avatar\/d6d67d029230e2c79470aabd3184418289f224c20a44e2beaa5864a18da50d01?s=96&d=mm&r=g","contentUrl":"https:\/\/secure.gravatar.com\/avatar\/d6d67d029230e2c79470aabd3184418289f224c20a44e2beaa5864a18da50d01?s=96&d=mm&r=g","caption":"Manuel Hern\u00e1ndez May\u00e9n"},"url":"https:\/\/prensalibre-com-develop.go-vip.co\/guatevision\/author\/mdhernandez"}]}},"jetpack_featured_media_url":"https:\/\/prensalibre-com-develop.go-vip.co\/guatevision\/wp-content\/uploads\/sites\/2\/2016\/11\/Roman-Villalobos-campeo\u0301n.png?quality=82","jetpack_sharing_enabled":true,"_links":{"self":[{"href":"https:\/\/prensalibre-com-develop.go-vip.co\/guatevision\/wp-json\/wp\/v2\/posts\/1818","targetHints":{"allow":["GET"]}}],"collection":[{"href":"https:\/\/prensalibre-com-develop.go-vip.co\/guatevision\/wp-json\/wp\/v2\/posts"}],"about":[{"href":"https:\/\/prensalibre-com-develop.go-vip.co\/guatevision\/wp-json\/wp\/v2\/types\/post"}],"author":[{"embeddable":true,"href":"https:\/\/prensalibre-com-develop.go-vip.co\/guatevision\/wp-json\/wp\/v2\/users\/71"}],"replies":[{"embeddable":true,"href":"https:\/\/prensalibre-com-develop.go-vip.co\/guatevision\/wp-json\/wp\/v2\/comments?post=1818"}],"version-history":[{"count":0,"href":"https:\/\/prensalibre-com-develop.go-vip.co\/guatevision\/wp-json\/wp\/v2\/posts\/1818\/revisions"}],"wp:featuredmedia":[{"embeddable":true,"href":"https:\/\/prensalibre-com-develop.go-vip.co\/guatevision\/wp-json\/wp\/v2\/media\/1827"}],"wp:attachment":[{"href":"https:\/\/prensalibre-com-develop.go-vip.co\/guatevision\/wp-json\/wp\/v2\/media?parent=1818"}],"wp:term":[{"taxonomy":"category","embeddable":true,"href":"https:\/\/prensalibre-com-develop.go-vip.co\/guatevision\/wp-json\/wp\/v2\/categories?post=1818"},{"taxonomy":"etiqueta","embeddable":true,"href":"https:\/\/prensalibre-com-develop.go-vip.co\/guatevision\/wp-json\/wp\/v2\/etiqueta?post=1818"}],"curies":[{"name":"wp","href":"https:\/\/api.w.org\/{rel}","templated":true}]}}