{"id":1855,"date":"2016-11-01T18:01:28","date_gmt":"2016-11-02T00:01:28","guid":{"rendered":"https:\/\/prensalibre-com-develop.go-vip.co\/guatevision\/?p=1855"},"modified":"2016-11-03T09:20:18","modified_gmt":"2016-11-03T15:20:18","slug":"delincuente-extraditable-estados-unidos","status":"publish","type":"post","link":"https:\/\/prensalibre-com-develop.go-vip.co\/guatevision\/historico\/delincuente-extraditable-estados-unidos","title":{"rendered":"&#8220;S\u00ed, el delincuente soy yo&#8221;, dice el extraditable a EE. UU."},"content":{"rendered":"<div id=\"yui_3_16_0_ym19_1_1478016837720_26776\" class=\"thread-body\" tabindex=\"0\">\n<div id=\"yui_3_16_0_ym19_1_1478016837720_26826\" class=\"body undoreset\" tabindex=\"0\">\n<div id=\"yui_3_16_0_ym19_1_1478016837720_26825\" class=\"email-wrapped\">\n<div id=\"yiv0444205923\">\n<div dir=\"ltr\">\n\n<p>Marlon Francesco Monroy Meo\u00f1o alias \u201cTeniente Fantasma o M3\u201d est\u00e1 con un pie en Guatemala y el otro en Estados Unidos. As\u00ed lo describe \u00e9l mismo. Monroy Meo\u00f1o es requerido por la Uni\u00f3n Americana que lo se\u00f1ala por trasiego de coca\u00edna.<\/p>\n<p id=\"yui_3_16_0_ym19_1_1478016837720_26833\" class=\"yiv0444205923MsoNormal\">Meo\u00f1o indic\u00f3 que lo \u00fanico que le preocupa al dejar el territorio nacional, son sus hijos. \u00c9l teme que ellos sufran los constantes se\u00f1alamientos que hay en su contra. \u201cS\u00ed, el delincuente soy yo&#8230; \u00a1Ay pobrecito! Pobrecito no. Porque yo sab\u00eda lo que estaba haciendo, ahora tengo que asumir la consecuencias\u201d.<\/p>\n<p id=\"yui_3_16_0_ym19_1_1478016837720_26835\" class=\"yiv0444205923MsoNormal\">\u201cEl Teniente Fantasma&#8221; ha permanecido en prisi\u00f3n por seis meses fue capturado en un operativo en la Antigua Guatemala el pasado 31 de abril, desde entonces guarda prisi\u00f3n en la Brigada Mariscal Zavala<\/p>\n<figure id=\"attachment_1862\" aria-describedby=\"caption-attachment-1862\" style=\"width: 311px\" class=\"wp-caption alignnone\"><img loading=\"lazy\" decoding=\"async\" class=\"size-medium wp-image-1862\" src=\"https:\/\/prensalibre-com-develop.go-vip.co\/guatevision\/wp-content\/uploads\/2016\/11\/Fantasma-2-311x175.png\" alt=\"delincuente\" width=\"311\" height=\"175\" \/><figcaption id=\"caption-attachment-1862\" class=\"wp-caption-text\">Monroy se siente identificado con &#8220;The Punisher&#8221;, un personaje del mundo del comic. Tiene dos tatuajes con la imagen de la calavera.<\/figcaption><\/figure>\n<h3 class=\"yiv0444205923MsoNormal\">\u00a0\u00bfAmenaz\u00f3 a la Fiscal? No soy ESE delincuente&#8230;<\/h3>\n<p id=\"yui_3_16_0_ym19_1_1478016837720_26837\" class=\"yiv0444205923MsoNormal\">Monroy Meo\u00f1o afirma que le pidieron asesinar a la fiscal pero propuesta de crimen a la que no accedi\u00f3.\u00a0 No di\u00f3 detalles sobre quienes fueron los que se acercaron para dicha petici\u00f3n. Neg\u00f3 enf\u00e1ticamente el llegar a ejecutar el crimen. Con un tono molesto expres\u00f3 que no tiene nada que ver y que se debe investigar sobre dicha amenaza.<\/p>\n<p id=\"yui_3_16_0_ym19_1_1478016837720_26839\" class=\"yiv0444205923MsoNormal\">En la entrevista afirm\u00f3 que fue guardaespaldas de Juan Jos\u00e9 \u201cJuancho\u201d Le\u00f3n supuesto narcotraficante \u00a0\u201cA mi me pagaban cuando era guardaespaldas para ser guardaespaldas, y trataba de ser el mejor guardaespaldas del mundo\u201d as\u00ed, se expreso al referirse que los fiscales deben de investigar.<\/p>\n<h3 class=\"yiv0444205923MsoNormal\">El amor del \u201cFantasma\u201d<\/h3>\n<figure id=\"attachment_1865\" aria-describedby=\"caption-attachment-1865\" style=\"width: 311px\" class=\"wp-caption alignnone\"><img loading=\"lazy\" decoding=\"async\" class=\"size-medium wp-image-1865\" src=\"https:\/\/prensalibre-com-develop.go-vip.co\/guatevision\/wp-content\/uploads\/2016\/11\/Novia--311x175.png\" alt=\"delincuente fantasma\" width=\"311\" height=\"175\" \/><figcaption id=\"caption-attachment-1865\" class=\"wp-caption-text\">Cardona es la esposa del &#8220;Fantasma&#8221;, tambi\u00e9n ser\u00e1 extraditada a Estados Unidos<\/figcaption><\/figure>\n<p class=\"yiv0444205923MsoNormal\">Cynthia Jeannette Cardona Sandoval fue detenida en diciembre del 2015 en ese entonces a\u00fan novia de Marlon Monroy Meo\u00f1o, pas\u00f3 casi 6 meses en el centro carcelario para mujeres de la zona 18 Santa Teresa.<\/p>\n<p class=\"yiv0444205923MsoNormal\">Hace dos meses fue trasladada tambi\u00e9n a la Brigada Mariscal Zavala tiene un permiso con Monroy Meo\u00f1o de ocho horas diarias para verse con su esposo ya que se casaron estando en prisi\u00f3n.<\/p>\n<p id=\"yui_3_16_0_ym19_1_1478016837720_26857\" class=\"yiv0444205923MsoNormal\">Cardona Sandoval tambi\u00e9n es requerida por el pa\u00eds norteamericano por el trasiego de coca\u00edna y se cree que podr\u00edan irse juntos.<\/p>\n<figure id=\"attachment_1862\" aria-describedby=\"caption-attachment-1862\" style=\"width: 311px\" class=\"wp-caption alignnone\"><img loading=\"lazy\" decoding=\"async\" class=\"size-medium wp-image-1862\" src=\"https:\/\/prensalibre-com-develop.go-vip.co\/guatevision\/wp-content\/uploads\/2016\/11\/Fantasma-2-311x175.png\" alt=\"delincuente\" width=\"311\" height=\"175\" \/><figcaption id=\"caption-attachment-1862\" class=\"wp-caption-text\">Monroy se siente identificado con &#8220;The Punisher&#8221;, un personaje del mundo del comic. Tiene dos tatuajes con la imagen de la calavera.<\/figcaption><\/figure>\n<p class=\"yiv0444205923MsoNormal\">Durante la entrevista \u201cEl Fantasma\u201d indic\u00f3 que pago a periodistas para perjudicar a sus enemigos aunque no dio m\u00e1s detalles.<\/p>\n<\/div>\n<\/div>\n<\/div>\n<\/div>\n<\/div>\n","protected":false},"excerpt":{"rendered":"<p>Es conocido como &#8220;El Fantasma&#8221; por las autoridades y pronto ser\u00e1 llevado a Estados Unidos por tr\u00e1fico de drogas. Antes de eso se confiesa.<\/p>\n","protected":false},"author":218,"featured_media":1864,"comment_status":"open","ping_status":"open","sticky":false,"template":"","format":"standard","meta":{"_jetpack_memberships_contains_paid_content":false,"footnotes":""},"categories":[],"etiqueta":[],"class_list":["post-1855","post","type-post","status-publish","format-standard","has-post-thumbnail","hentry"],"yoast_head":"<!-- This site is optimized with the Yoast SEO plugin v23.9 - https:\/\/yoast.com\/wordpress\/plugins\/seo\/ -->\n<title>&quot;Si, el delincuente soy yo&quot;, dice el extraditable a Estados Unidos<\/title>\n<meta name=\"description\" content=\"Es conocido como &quot;El Fantasma&quot; por las autoridades y pronto ser\u00e1 llevado a Estados Unidos por tr\u00e1fico de drogas. Antes de eso se confiesa.\" \/>\n<meta name=\"robots\" content=\"index, follow, max-snippet:-1, max-image-preview:large, max-video-preview:-1\" \/>\n<link rel=\"canonical\" href=\"https:\/\/prensalibre-com-develop.go-vip.co\/guatevision\/historico\/delincuente-extraditable-estados-unidos\" \/>\n<meta property=\"og:locale\" content=\"es_ES\" \/>\n<meta property=\"og:type\" content=\"article\" \/>\n<meta property=\"og:title\" content=\"&quot;Si, el delincuente soy yo&quot;, dice el extraditable a Estados Unidos\" \/>\n<meta property=\"og:description\" content=\"Es conocido como &quot;El Fantasma&quot; por las autoridades y pronto ser\u00e1 llevado a Estados Unidos por tr\u00e1fico de drogas. Antes de eso se confiesa.\" \/>\n<meta property=\"og:url\" content=\"https:\/\/prensalibre-com-develop.go-vip.co\/guatevision\/historico\/delincuente-extraditable-estados-unidos\" \/>\n<meta property=\"og:site_name\" content=\"Guatevision\" \/>\n<meta property=\"article:published_time\" content=\"2016-11-02T00:01:28+00:00\" \/>\n<meta property=\"article:modified_time\" content=\"2016-11-03T15:20:18+00:00\" \/>\n<meta property=\"og:image\" content=\"https:\/\/prensalibre-com-develop.go-vip.co\/guatevision\/wp-content\/uploads\/sites\/2\/2016\/11\/Fantasma1.png?quality=82\" \/>\n\t<meta property=\"og:image:width\" content=\"660\" \/>\n\t<meta property=\"og:image:height\" content=\"371\" \/>\n\t<meta property=\"og:image:type\" content=\"image\/png\" \/>\n<meta name=\"author\" content=\"Redacci\u00f3n Guatevisi\u00f3n\" \/>\n<meta name=\"twitter:card\" content=\"summary_large_image\" \/>\n<meta name=\"twitter:label1\" content=\"Written by\" \/>\n\t<meta name=\"twitter:data1\" content=\"Redacci\u00f3n Guatevisi\u00f3n\" \/>\n\t<meta name=\"twitter:label2\" content=\"Est. reading time\" \/>\n\t<meta name=\"twitter:data2\" content=\"2 minutes\" \/>\n<script type=\"application\/ld+json\" class=\"yoast-schema-graph\">{\"@context\":\"https:\/\/schema.org\",\"@graph\":[{\"@type\":\"Article\",\"@id\":\"https:\/\/prensalibre-com-develop.go-vip.co\/guatevision\/historico\/delincuente-extraditable-estados-unidos#article\",\"isPartOf\":{\"@id\":\"https:\/\/prensalibre-com-develop.go-vip.co\/guatevision\/historico\/delincuente-extraditable-estados-unidos\"},\"author\":{\"name\":\"Redacci\u00f3n Guatevisi\u00f3n\",\"@id\":\"https:\/\/prensalibre-com-develop.go-vip.co\/guatevision\/#\/schema\/person\/7c26ea5ceee1b7266a573b2125e1c2aa\"},\"headline\":\"&#8220;S\u00ed, el delincuente soy yo&#8221;, dice el extraditable a EE. UU.\",\"datePublished\":\"2016-11-02T00:01:28+00:00\",\"dateModified\":\"2016-11-03T15:20:18+00:00\",\"mainEntityOfPage\":{\"@id\":\"https:\/\/prensalibre-com-develop.go-vip.co\/guatevision\/historico\/delincuente-extraditable-estados-unidos\"},\"wordCount\":458,\"commentCount\":0,\"publisher\":{\"@id\":\"https:\/\/prensalibre-com-develop.go-vip.co\/guatevision\/#organization\"},\"image\":{\"@id\":\"https:\/\/prensalibre-com-develop.go-vip.co\/guatevision\/historico\/delincuente-extraditable-estados-unidos#primaryimage\"},\"thumbnailUrl\":\"https:\/\/prensalibre-com-develop.go-vip.co\/guatevision\/wp-content\/uploads\/sites\/2\/2016\/11\/Fantasma1.png?quality=82\",\"keywords\":[\"Amenazas Fiscal\",\"Antigua Guatemala\",\"drogas\",\"El Fantasma\",\"Estados Unidos\",\"extradici\u00f3n\",\"guardaespaldas\",\"inseguridad\",\"juancho le\u00f3n\",\"Marlon Meo\u00f1o\",\"Seguridad\",\"trasiego\"],\"inLanguage\":\"es-GT\",\"potentialAction\":[{\"@type\":\"CommentAction\",\"name\":\"Comment\",\"target\":[\"https:\/\/prensalibre-com-develop.go-vip.co\/guatevision\/historico\/delincuente-extraditable-estados-unidos#respond\"]}]},{\"@type\":\"WebPage\",\"@id\":\"https:\/\/prensalibre-com-develop.go-vip.co\/guatevision\/historico\/delincuente-extraditable-estados-unidos\",\"url\":\"https:\/\/prensalibre-com-develop.go-vip.co\/guatevision\/historico\/delincuente-extraditable-estados-unidos\",\"name\":\"\\\"Si, el delincuente soy yo\\\", dice el extraditable a Estados Unidos\",\"isPartOf\":{\"@id\":\"https:\/\/prensalibre-com-develop.go-vip.co\/guatevision\/#website\"},\"primaryImageOfPage\":{\"@id\":\"https:\/\/prensalibre-com-develop.go-vip.co\/guatevision\/historico\/delincuente-extraditable-estados-unidos#primaryimage\"},\"image\":{\"@id\":\"https:\/\/prensalibre-com-develop.go-vip.co\/guatevision\/historico\/delincuente-extraditable-estados-unidos#primaryimage\"},\"thumbnailUrl\":\"https:\/\/prensalibre-com-develop.go-vip.co\/guatevision\/wp-content\/uploads\/sites\/2\/2016\/11\/Fantasma1.png?quality=82\",\"datePublished\":\"2016-11-02T00:01:28+00:00\",\"dateModified\":\"2016-11-03T15:20:18+00:00\",\"description\":\"Es conocido como \\\"El Fantasma\\\" por las autoridades y pronto ser\u00e1 llevado a Estados Unidos por tr\u00e1fico de drogas. Antes de eso se confiesa.\",\"inLanguage\":\"es-GT\",\"potentialAction\":[{\"@type\":\"ReadAction\",\"target\":[\"https:\/\/prensalibre-com-develop.go-vip.co\/guatevision\/historico\/delincuente-extraditable-estados-unidos\"]}]},{\"@type\":\"ImageObject\",\"inLanguage\":\"es-GT\",\"@id\":\"https:\/\/prensalibre-com-develop.go-vip.co\/guatevision\/historico\/delincuente-extraditable-estados-unidos#primaryimage\",\"url\":\"https:\/\/prensalibre-com-develop.go-vip.co\/guatevision\/wp-content\/uploads\/sites\/2\/2016\/11\/Fantasma1.png?quality=82\",\"contentUrl\":\"https:\/\/prensalibre-com-develop.go-vip.co\/guatevision\/wp-content\/uploads\/sites\/2\/2016\/11\/Fantasma1.png?quality=82\",\"width\":660,\"height\":371,\"caption\":\"Marlon Monroy ser\u00e1 extraditado a Estados Unidos por el trasiego de drogas. Monfoy fue detenido a inicios de a\u00f1o.\"},{\"@type\":\"WebSite\",\"@id\":\"https:\/\/prensalibre-com-develop.go-vip.co\/guatevision\/#website\",\"url\":\"https:\/\/prensalibre-com-develop.go-vip.co\/guatevision\/\",\"name\":\"Guatevision\",\"description\":\"\u00a1Enciende Lo Bueno!\",\"publisher\":{\"@id\":\"https:\/\/prensalibre-com-develop.go-vip.co\/guatevision\/#organization\"},\"potentialAction\":[{\"@type\":\"SearchAction\",\"target\":{\"@type\":\"EntryPoint\",\"urlTemplate\":\"https:\/\/prensalibre-com-develop.go-vip.co\/guatevision\/?s={search_term_string}\"},\"query-input\":{\"@type\":\"PropertyValueSpecification\",\"valueRequired\":true,\"valueName\":\"search_term_string\"}}],\"inLanguage\":\"es-GT\"},{\"@type\":\"Organization\",\"@id\":\"https:\/\/prensalibre-com-develop.go-vip.co\/guatevision\/#organization\",\"name\":\"Guatevision\",\"url\":\"https:\/\/prensalibre-com-develop.go-vip.co\/guatevision\/\",\"logo\":{\"@type\":\"ImageObject\",\"inLanguage\":\"es-GT\",\"@id\":\"https:\/\/prensalibre-com-develop.go-vip.co\/guatevision\/#\/schema\/logo\/image\/\",\"url\":\"https:\/\/prensalibre-com-develop.go-vip.co\/guatevision\/wp-content\/uploads\/sites\/2\/2026\/04\/Diseno-sin-titulo.png?quality=82\",\"contentUrl\":\"https:\/\/prensalibre-com-develop.go-vip.co\/guatevision\/wp-content\/uploads\/sites\/2\/2026\/04\/Diseno-sin-titulo.png?quality=82\",\"width\":1000,\"height\":600,\"caption\":\"Guatevision\"},\"image\":{\"@id\":\"https:\/\/prensalibre-com-develop.go-vip.co\/guatevision\/#\/schema\/logo\/image\/\"}},{\"@type\":\"Person\",\"@id\":\"https:\/\/prensalibre-com-develop.go-vip.co\/guatevision\/#\/schema\/person\/7c26ea5ceee1b7266a573b2125e1c2aa\",\"name\":\"Redacci\u00f3n Guatevisi\u00f3n\",\"image\":{\"@type\":\"ImageObject\",\"inLanguage\":\"es-GT\",\"@id\":\"https:\/\/prensalibre-com-develop.go-vip.co\/guatevision\/#\/schema\/person\/image\/6d36cd161df0dff3760fc313fe2275f7\",\"url\":\"https:\/\/secure.gravatar.com\/avatar\/30137a0ea5fbd7114184dc546048a84bb0a0138981443c3af84a9d824dffdd9b?s=96&d=mm&r=g\",\"contentUrl\":\"https:\/\/secure.gravatar.com\/avatar\/30137a0ea5fbd7114184dc546048a84bb0a0138981443c3af84a9d824dffdd9b?s=96&d=mm&r=g\",\"caption\":\"Redacci\u00f3n Guatevisi\u00f3n\"},\"url\":\"https:\/\/prensalibre-com-develop.go-vip.co\/guatevision\/author\/redacciongtv\"}]}<\/script>\n<!-- \/ Yoast SEO plugin. -->","yoast_head_json":{"title":"\"Si, el delincuente soy yo\", dice el extraditable a Estados Unidos","description":"Es conocido como \"El Fantasma\" por las autoridades y pronto ser\u00e1 llevado a Estados Unidos por tr\u00e1fico de drogas. Antes de eso se confiesa.","robots":{"index":"index","follow":"follow","max-snippet":"max-snippet:-1","max-image-preview":"max-image-preview:large","max-video-preview":"max-video-preview:-1"},"canonical":"https:\/\/prensalibre-com-develop.go-vip.co\/guatevision\/historico\/delincuente-extraditable-estados-unidos","og_locale":"es_ES","og_type":"article","og_title":"\"Si, el delincuente soy yo\", dice el extraditable a Estados Unidos","og_description":"Es conocido como \"El Fantasma\" por las autoridades y pronto ser\u00e1 llevado a Estados Unidos por tr\u00e1fico de drogas. Antes de eso se confiesa.","og_url":"https:\/\/prensalibre-com-develop.go-vip.co\/guatevision\/historico\/delincuente-extraditable-estados-unidos","og_site_name":"Guatevision","article_published_time":"2016-11-02T00:01:28+00:00","article_modified_time":"2016-11-03T15:20:18+00:00","og_image":[{"width":660,"height":371,"url":"https:\/\/prensalibre-com-develop.go-vip.co\/guatevision\/wp-content\/uploads\/sites\/2\/2016\/11\/Fantasma1.png?quality=82","type":"image\/png"}],"author":"Redacci\u00f3n Guatevisi\u00f3n","twitter_card":"summary_large_image","twitter_misc":{"Written by":"Redacci\u00f3n Guatevisi\u00f3n","Est. reading time":"2 minutes"},"schema":{"@context":"https:\/\/schema.org","@graph":[{"@type":"Article","@id":"https:\/\/prensalibre-com-develop.go-vip.co\/guatevision\/historico\/delincuente-extraditable-estados-unidos#article","isPartOf":{"@id":"https:\/\/prensalibre-com-develop.go-vip.co\/guatevision\/historico\/delincuente-extraditable-estados-unidos"},"author":{"name":"Redacci\u00f3n Guatevisi\u00f3n","@id":"https:\/\/prensalibre-com-develop.go-vip.co\/guatevision\/#\/schema\/person\/7c26ea5ceee1b7266a573b2125e1c2aa"},"headline":"&#8220;S\u00ed, el delincuente soy yo&#8221;, dice el extraditable a EE. UU.","datePublished":"2016-11-02T00:01:28+00:00","dateModified":"2016-11-03T15:20:18+00:00","mainEntityOfPage":{"@id":"https:\/\/prensalibre-com-develop.go-vip.co\/guatevision\/historico\/delincuente-extraditable-estados-unidos"},"wordCount":458,"commentCount":0,"publisher":{"@id":"https:\/\/prensalibre-com-develop.go-vip.co\/guatevision\/#organization"},"image":{"@id":"https:\/\/prensalibre-com-develop.go-vip.co\/guatevision\/historico\/delincuente-extraditable-estados-unidos#primaryimage"},"thumbnailUrl":"https:\/\/prensalibre-com-develop.go-vip.co\/guatevision\/wp-content\/uploads\/sites\/2\/2016\/11\/Fantasma1.png?quality=82","keywords":["Amenazas Fiscal","Antigua Guatemala","drogas","El Fantasma","Estados Unidos","extradici\u00f3n","guardaespaldas","inseguridad","juancho le\u00f3n","Marlon Meo\u00f1o","Seguridad","trasiego"],"inLanguage":"es-GT","potentialAction":[{"@type":"CommentAction","name":"Comment","target":["https:\/\/prensalibre-com-develop.go-vip.co\/guatevision\/historico\/delincuente-extraditable-estados-unidos#respond"]}]},{"@type":"WebPage","@id":"https:\/\/prensalibre-com-develop.go-vip.co\/guatevision\/historico\/delincuente-extraditable-estados-unidos","url":"https:\/\/prensalibre-com-develop.go-vip.co\/guatevision\/historico\/delincuente-extraditable-estados-unidos","name":"\"Si, el delincuente soy yo\", dice el extraditable a Estados Unidos","isPartOf":{"@id":"https:\/\/prensalibre-com-develop.go-vip.co\/guatevision\/#website"},"primaryImageOfPage":{"@id":"https:\/\/prensalibre-com-develop.go-vip.co\/guatevision\/historico\/delincuente-extraditable-estados-unidos#primaryimage"},"image":{"@id":"https:\/\/prensalibre-com-develop.go-vip.co\/guatevision\/historico\/delincuente-extraditable-estados-unidos#primaryimage"},"thumbnailUrl":"https:\/\/prensalibre-com-develop.go-vip.co\/guatevision\/wp-content\/uploads\/sites\/2\/2016\/11\/Fantasma1.png?quality=82","datePublished":"2016-11-02T00:01:28+00:00","dateModified":"2016-11-03T15:20:18+00:00","description":"Es conocido como \"El Fantasma\" por las autoridades y pronto ser\u00e1 llevado a Estados Unidos por tr\u00e1fico de drogas. Antes de eso se confiesa.","inLanguage":"es-GT","potentialAction":[{"@type":"ReadAction","target":["https:\/\/prensalibre-com-develop.go-vip.co\/guatevision\/historico\/delincuente-extraditable-estados-unidos"]}]},{"@type":"ImageObject","inLanguage":"es-GT","@id":"https:\/\/prensalibre-com-develop.go-vip.co\/guatevision\/historico\/delincuente-extraditable-estados-unidos#primaryimage","url":"https:\/\/prensalibre-com-develop.go-vip.co\/guatevision\/wp-content\/uploads\/sites\/2\/2016\/11\/Fantasma1.png?quality=82","contentUrl":"https:\/\/prensalibre-com-develop.go-vip.co\/guatevision\/wp-content\/uploads\/sites\/2\/2016\/11\/Fantasma1.png?quality=82","width":660,"height":371,"caption":"Marlon Monroy ser\u00e1 extraditado a Estados Unidos por el trasiego de drogas. Monfoy fue detenido a inicios de a\u00f1o."},{"@type":"WebSite","@id":"https:\/\/prensalibre-com-develop.go-vip.co\/guatevision\/#website","url":"https:\/\/prensalibre-com-develop.go-vip.co\/guatevision\/","name":"Guatevision","description":"\u00a1Enciende Lo Bueno!","publisher":{"@id":"https:\/\/prensalibre-com-develop.go-vip.co\/guatevision\/#organization"},"potentialAction":[{"@type":"SearchAction","target":{"@type":"EntryPoint","urlTemplate":"https:\/\/prensalibre-com-develop.go-vip.co\/guatevision\/?s={search_term_string}"},"query-input":{"@type":"PropertyValueSpecification","valueRequired":true,"valueName":"search_term_string"}}],"inLanguage":"es-GT"},{"@type":"Organization","@id":"https:\/\/prensalibre-com-develop.go-vip.co\/guatevision\/#organization","name":"Guatevision","url":"https:\/\/prensalibre-com-develop.go-vip.co\/guatevision\/","logo":{"@type":"ImageObject","inLanguage":"es-GT","@id":"https:\/\/prensalibre-com-develop.go-vip.co\/guatevision\/#\/schema\/logo\/image\/","url":"https:\/\/prensalibre-com-develop.go-vip.co\/guatevision\/wp-content\/uploads\/sites\/2\/2026\/04\/Diseno-sin-titulo.png?quality=82","contentUrl":"https:\/\/prensalibre-com-develop.go-vip.co\/guatevision\/wp-content\/uploads\/sites\/2\/2026\/04\/Diseno-sin-titulo.png?quality=82","width":1000,"height":600,"caption":"Guatevision"},"image":{"@id":"https:\/\/prensalibre-com-develop.go-vip.co\/guatevision\/#\/schema\/logo\/image\/"}},{"@type":"Person","@id":"https:\/\/prensalibre-com-develop.go-vip.co\/guatevision\/#\/schema\/person\/7c26ea5ceee1b7266a573b2125e1c2aa","name":"Redacci\u00f3n Guatevisi\u00f3n","image":{"@type":"ImageObject","inLanguage":"es-GT","@id":"https:\/\/prensalibre-com-develop.go-vip.co\/guatevision\/#\/schema\/person\/image\/6d36cd161df0dff3760fc313fe2275f7","url":"https:\/\/secure.gravatar.com\/avatar\/30137a0ea5fbd7114184dc546048a84bb0a0138981443c3af84a9d824dffdd9b?s=96&d=mm&r=g","contentUrl":"https:\/\/secure.gravatar.com\/avatar\/30137a0ea5fbd7114184dc546048a84bb0a0138981443c3af84a9d824dffdd9b?s=96&d=mm&r=g","caption":"Redacci\u00f3n Guatevisi\u00f3n"},"url":"https:\/\/prensalibre-com-develop.go-vip.co\/guatevision\/author\/redacciongtv"}]}},"jetpack_featured_media_url":"https:\/\/prensalibre-com-develop.go-vip.co\/guatevision\/wp-content\/uploads\/sites\/2\/2016\/11\/Fantasma1.png?quality=82","jetpack_sharing_enabled":true,"_links":{"self":[{"href":"https:\/\/prensalibre-com-develop.go-vip.co\/guatevision\/wp-json\/wp\/v2\/posts\/1855","targetHints":{"allow":["GET"]}}],"collection":[{"href":"https:\/\/prensalibre-com-develop.go-vip.co\/guatevision\/wp-json\/wp\/v2\/posts"}],"about":[{"href":"https:\/\/prensalibre-com-develop.go-vip.co\/guatevision\/wp-json\/wp\/v2\/types\/post"}],"author":[{"embeddable":true,"href":"https:\/\/prensalibre-com-develop.go-vip.co\/guatevision\/wp-json\/wp\/v2\/users\/218"}],"replies":[{"embeddable":true,"href":"https:\/\/prensalibre-com-develop.go-vip.co\/guatevision\/wp-json\/wp\/v2\/comments?post=1855"}],"version-history":[{"count":0,"href":"https:\/\/prensalibre-com-develop.go-vip.co\/guatevision\/wp-json\/wp\/v2\/posts\/1855\/revisions"}],"wp:featuredmedia":[{"embeddable":true,"href":"https:\/\/prensalibre-com-develop.go-vip.co\/guatevision\/wp-json\/wp\/v2\/media\/1864"}],"wp:attachment":[{"href":"https:\/\/prensalibre-com-develop.go-vip.co\/guatevision\/wp-json\/wp\/v2\/media?parent=1855"}],"wp:term":[{"taxonomy":"category","embeddable":true,"href":"https:\/\/prensalibre-com-develop.go-vip.co\/guatevision\/wp-json\/wp\/v2\/categories?post=1855"},{"taxonomy":"etiqueta","embeddable":true,"href":"https:\/\/prensalibre-com-develop.go-vip.co\/guatevision\/wp-json\/wp\/v2\/etiqueta?post=1855"}],"curies":[{"name":"wp","href":"https:\/\/api.w.org\/{rel}","templated":true}]}}