{"id":310950,"date":"2019-11-16T14:32:39","date_gmt":"2019-11-16T20:32:39","guid":{"rendered":"https:\/\/prensalibre-com-develop.go-vip.co\/guatevision\/?p=310950"},"modified":"2019-11-16T19:54:55","modified_gmt":"2019-11-17T01:54:55","slug":"festival-arbol-gallo-2019","status":"publish","type":"post","link":"https:\/\/prensalibre-com-develop.go-vip.co\/guatevision\/nacionales\/festival-arbol-gallo-2019","title":{"rendered":"El \u00c1rbol Gallo se enciende y deslumbra a miles de guatemaltecos"},"content":{"rendered":"<p>Este s\u00e1bado, 16 de noviembre de 2019, junto a las luces del \u00c1rbol Gallo se encendi\u00f3 en los corazones de los guatemaltecos el esp\u00edritu navide\u00f1o. El show inaugural del \u00e1rbol se llev\u00f3 a cabo en la Plaza Obelisco.<\/p>\n\n<p>A las 19.30 horas, aproximadamente, durante el cl\u00e1sico conteo regresivo, se encendi\u00f3 el \u00c1rbol Gallo acompa\u00f1ado de juegos pirot\u00e9cnicos.<\/p>\n<p>Los cl\u00e1sicos villancicos como <em>Jingle Bells<\/em> o <em>Carol of the Bells<\/em> hicieron que el espect\u00e1culo fuera m\u00e1gico y lleno de armon\u00eda.<\/p>\n<p>Cerca de las 19 horas,\u00a0 cientos de familias guatemaltecos con gorros con el tradicional rojo de la \u00e9poca navide\u00f1a, presenciaron c\u00f3mo el \u00e1rbol instalado en el Obelisco se ilumin\u00f3 de varios relucientes colores, a trav\u00e9s de un <em>mapping.<\/em><\/p>\n<figure id=\"attachment_311016\" aria-describedby=\"caption-attachment-311016\" style=\"width: 1280px\" class=\"wp-caption alignnone\"><img loading=\"lazy\" decoding=\"async\" class=\"wp-image-311016 size-full\" src=\"https:\/\/prensalibre-com-develop.go-vip.co\/guatevision\/wp-content\/uploads\/sites\/2\/2019\/11\/arbol-gallo-mapping.jpg\" alt=\"\" width=\"1280\" height=\"853\" srcset=\"https:\/\/prensalibre-com-develop.go-vip.co\/guatevision\/wp-content\/uploads\/sites\/2\/2019\/11\/arbol-gallo-mapping.jpg 1280w, https:\/\/prensalibre-com-develop.go-vip.co\/guatevision\/wp-content\/uploads\/sites\/2\/2019\/11\/arbol-gallo-mapping.jpg?resize=300,200 300w, https:\/\/prensalibre-com-develop.go-vip.co\/guatevision\/wp-content\/uploads\/sites\/2\/2019\/11\/arbol-gallo-mapping.jpg?resize=768,512 768w, https:\/\/prensalibre-com-develop.go-vip.co\/guatevision\/wp-content\/uploads\/sites\/2\/2019\/11\/arbol-gallo-mapping.jpg?resize=1024,682 1024w, https:\/\/prensalibre-com-develop.go-vip.co\/guatevision\/wp-content\/uploads\/sites\/2\/2019\/11\/arbol-gallo-mapping.jpg?resize=1200,800 1200w, https:\/\/prensalibre-com-develop.go-vip.co\/guatevision\/wp-content\/uploads\/sites\/2\/2019\/11\/arbol-gallo-mapping.jpg?resize=750,500 750w, https:\/\/prensalibre-com-develop.go-vip.co\/guatevision\/wp-content\/uploads\/sites\/2\/2019\/11\/arbol-gallo-mapping.jpg?resize=150,100 150w\" sizes=\"auto, (max-width: 1280px) 100vw, 1280px\" \/><figcaption id=\"caption-attachment-311016\" class=\"wp-caption-text\">Durante la actividad tambi\u00e9n se llev\u00f3 a cabo un mapping proyectado en el \u00e1rbol del festival. (Foto: Keneth Cruz)<\/figcaption><\/figure>\n<p>Durante la actividad tambi\u00e9n hubo juegos pirot\u00e9cnicos que llamaron la atenci\u00f3n de todos, sobre todo de los m\u00e1s peque\u00f1os.<\/p>\n<figure id=\"attachment_311004\" aria-describedby=\"caption-attachment-311004\" style=\"width: 1280px\" class=\"wp-caption alignnone\"><img loading=\"lazy\" decoding=\"async\" class=\"wp-image-311004 size-full\" src=\"https:\/\/prensalibre-com-develop.go-vip.co\/guatevision\/wp-content\/uploads\/sites\/2\/2019\/11\/festival-arbol-gallo-noe-medina.jpg\" alt=\"\" width=\"1280\" height=\"853\" srcset=\"https:\/\/prensalibre-com-develop.go-vip.co\/guatevision\/wp-content\/uploads\/sites\/2\/2019\/11\/festival-arbol-gallo-noe-medina.jpg 1280w, https:\/\/prensalibre-com-develop.go-vip.co\/guatevision\/wp-content\/uploads\/sites\/2\/2019\/11\/festival-arbol-gallo-noe-medina.jpg?resize=300,200 300w, https:\/\/prensalibre-com-develop.go-vip.co\/guatevision\/wp-content\/uploads\/sites\/2\/2019\/11\/festival-arbol-gallo-noe-medina.jpg?resize=768,512 768w, https:\/\/prensalibre-com-develop.go-vip.co\/guatevision\/wp-content\/uploads\/sites\/2\/2019\/11\/festival-arbol-gallo-noe-medina.jpg?resize=1024,682 1024w, https:\/\/prensalibre-com-develop.go-vip.co\/guatevision\/wp-content\/uploads\/sites\/2\/2019\/11\/festival-arbol-gallo-noe-medina.jpg?resize=1200,800 1200w, https:\/\/prensalibre-com-develop.go-vip.co\/guatevision\/wp-content\/uploads\/sites\/2\/2019\/11\/festival-arbol-gallo-noe-medina.jpg?resize=750,500 750w, https:\/\/prensalibre-com-develop.go-vip.co\/guatevision\/wp-content\/uploads\/sites\/2\/2019\/11\/festival-arbol-gallo-noe-medina.jpg?resize=150,100 150w\" sizes=\"auto, (max-width: 1280px) 100vw, 1280px\" \/><figcaption id=\"caption-attachment-311004\" class=\"wp-caption-text\">Peque\u00f1os disfrutaron de la inauguraci\u00f3n del Festival del \u00c1rbol Gallo. Foto: No\u00e9 Medina.<\/figcaption><\/figure>\n<p>Aunque las actividades oficiales arrancaron a las 16 horas con el talento del cantante Pedro Cuevas, Am\u00edlcar Montejo, director de Comunicaci\u00f3n de Emetra, pronostic\u00f3 que los espectadores comenzar\u00edan a llegar desde las 14 horas.<\/p>\n<p>Roberto Pontaza, gerente de marca de Cerveza Gallo, en d\u00edas previos hab\u00eda dicho: \u201cEn El Obelisco el d\u00eda de inauguraci\u00f3n las actividades iniciar\u00e1n desde las 16 horas en el camell\u00f3n Central de Avenida Las Am\u00e9ricas donde se tendr\u00e1n distintas atracciones para que disfruten las familias que nos acompa\u00f1en\u201d.<\/p>\n<figure id=\"attachment_311005\" aria-describedby=\"caption-attachment-311005\" style=\"width: 1024px\" class=\"wp-caption alignnone\"><img loading=\"lazy\" decoding=\"async\" class=\"wp-image-311005 size-large\" src=\"https:\/\/prensalibre-com-develop.go-vip.co\/guatevision\/wp-content\/uploads\/sites\/2\/2019\/11\/festival-arbol-gallo-noe-medina-1.jpg?quality=82&amp;w=1024\" alt=\"\" width=\"1024\" height=\"682\" srcset=\"https:\/\/prensalibre-com-develop.go-vip.co\/guatevision\/wp-content\/uploads\/sites\/2\/2019\/11\/festival-arbol-gallo-noe-medina-1.jpg 1280w, https:\/\/prensalibre-com-develop.go-vip.co\/guatevision\/wp-content\/uploads\/sites\/2\/2019\/11\/festival-arbol-gallo-noe-medina-1.jpg?resize=300,200 300w, https:\/\/prensalibre-com-develop.go-vip.co\/guatevision\/wp-content\/uploads\/sites\/2\/2019\/11\/festival-arbol-gallo-noe-medina-1.jpg?resize=768,512 768w, https:\/\/prensalibre-com-develop.go-vip.co\/guatevision\/wp-content\/uploads\/sites\/2\/2019\/11\/festival-arbol-gallo-noe-medina-1.jpg?resize=1024,682 1024w, https:\/\/prensalibre-com-develop.go-vip.co\/guatevision\/wp-content\/uploads\/sites\/2\/2019\/11\/festival-arbol-gallo-noe-medina-1.jpg?resize=1200,800 1200w, https:\/\/prensalibre-com-develop.go-vip.co\/guatevision\/wp-content\/uploads\/sites\/2\/2019\/11\/festival-arbol-gallo-noe-medina-1.jpg?resize=750,500 750w, https:\/\/prensalibre-com-develop.go-vip.co\/guatevision\/wp-content\/uploads\/sites\/2\/2019\/11\/festival-arbol-gallo-noe-medina-1.jpg?resize=150,100 150w\" sizes=\"auto, (max-width: 1024px) 100vw, 1024px\" \/><figcaption id=\"caption-attachment-311005\" class=\"wp-caption-text\">Los espectadores no dudaron en retratar un bello recuerdo con sus celulares. Foto: Keneth Cruz.<\/figcaption><\/figure>\n<p>Este mismo homenaje a la Navidad se celebrar\u00e1 en 33 distintos lugares del territorio nacional. Entre ellos se encuentran: Mixco, Amatitl\u00e1n, Zacapa, Escuintla, Huehuetenango y Chimaltenango.<\/p>\n<div class=\"fb-post\" data-href=\"https:\/\/www.facebook.com\/ArbolGalloTactic\/posts\/1495908977215133\" data-width=\"552\" style=\"background-color: #fff; display: inline-block;\"><\/div>\n<h2>Curiosidades<\/h2>\n<p>Solo la coronilla del abeto cuenta con 32 mil luces LED, mientras que en el show audiovisual se utilizaron m\u00e1s de un mill\u00f3n y medio de luces que siguieron el ritmo de la m\u00fasica.<\/p>\n<p>El espect\u00e1culo tambi\u00e9n incluy\u00f3 cinco presentaciones diarias, cada una con una duraci\u00f3n de seis minutos.<\/p>\n<p>Lo que concierne a la seguridad, tanto la Polic\u00eda Nacional Civil (PNC) como la Polic\u00eda Municipal estuvieron presentes.<\/p>\n<p>Tambi\u00e9n participaron 100 agentes privados que se encontraban en los puntos de registro, junto con un circuito de c\u00e1maras de monitoreo.<\/p>\n<p>El principal atractivo de este a\u00f1o fue la ampliaci\u00f3n de la iluminaci\u00f3n hasta el camell\u00f3n central de la Avenida la Reforma y Avenida Las Am\u00e9ricas.<\/p>\n<p>El \u00c1rbol Gallo se podr\u00e1 visitar hasta el 5 de enero del 2020, cuando sea retirado.<\/p>\n<p>&nbsp;<\/p>\n","protected":false},"excerpt":{"rendered":"<p>Le damos la bienvenida a la Navidad con el show inaugural del \u00c1rbol Gallo, que se inaugura este s\u00e1bado 16 de noviembre en El Obelisco. <\/p>\n","protected":false},"author":86,"featured_media":311021,"comment_status":"open","ping_status":"open","sticky":false,"template":"","format":"standard","meta":{"_jetpack_memberships_contains_paid_content":false,"footnotes":""},"categories":[40009,39733],"etiqueta":[41066,108,31853],"class_list":["post-310950","post","type-post","status-publish","format-standard","has-post-thumbnail","hentry","category-guatemala","category-nacionales","etiqueta-festival-arbol-gallo","etiqueta-guatemala","etiqueta-navidad"],"yoast_head":"<!-- This site is optimized with the Yoast SEO plugin v23.9 - https:\/\/yoast.com\/wordpress\/plugins\/seo\/ -->\n<title>El \u00c1rbol Gallo se enciende y deslumbra a miles de guatemaltecos - Guatevision<\/title>\n<meta name=\"robots\" content=\"index, follow, max-snippet:-1, max-image-preview:large, max-video-preview:-1\" \/>\n<link rel=\"canonical\" href=\"https:\/\/prensalibre-com-develop.go-vip.co\/guatevision\/nacionales\/festival-arbol-gallo-2019\" \/>\n<meta property=\"og:locale\" content=\"es_ES\" \/>\n<meta property=\"og:type\" content=\"article\" \/>\n<meta property=\"og:title\" content=\"El \u00c1rbol Gallo se enciende y deslumbra a miles de guatemaltecos - Guatevision\" \/>\n<meta property=\"og:description\" content=\"Le damos la bienvenida a la Navidad con el show inaugural del \u00c1rbol Gallo, que se inaugura este s\u00e1bado 16 de noviembre en El Obelisco.\" \/>\n<meta property=\"og:url\" content=\"https:\/\/prensalibre-com-develop.go-vip.co\/guatevision\/nacionales\/festival-arbol-gallo-2019\" \/>\n<meta property=\"og:site_name\" content=\"Guatevision\" \/>\n<meta property=\"article:published_time\" content=\"2019-11-16T20:32:39+00:00\" \/>\n<meta property=\"article:modified_time\" content=\"2019-11-17T01:54:55+00:00\" \/>\n<meta property=\"og:image\" content=\"https:\/\/prensalibre-com-develop.go-vip.co\/guatevision\/wp-content\/uploads\/sites\/2\/2019\/11\/arbol-gallo-keneth-cruz-encendido.jpg?quality=82\" \/>\n\t<meta property=\"og:image:width\" content=\"1280\" \/>\n\t<meta property=\"og:image:height\" content=\"853\" \/>\n\t<meta property=\"og:image:type\" content=\"image\/jpeg\" \/>\n<meta name=\"author\" content=\"Oscar Garc\u00eda\" \/>\n<meta name=\"twitter:card\" content=\"summary_large_image\" \/>\n<meta name=\"twitter:label1\" content=\"Written by\" \/>\n\t<meta name=\"twitter:data1\" content=\"Oscar Garc\u00eda\" \/>\n\t<meta name=\"twitter:label2\" content=\"Est. reading time\" \/>\n\t<meta name=\"twitter:data2\" content=\"2 minutes\" \/>\n<script type=\"application\/ld+json\" class=\"yoast-schema-graph\">{\"@context\":\"https:\/\/schema.org\",\"@graph\":[{\"@type\":\"Article\",\"@id\":\"https:\/\/prensalibre-com-develop.go-vip.co\/guatevision\/nacionales\/festival-arbol-gallo-2019#article\",\"isPartOf\":{\"@id\":\"https:\/\/prensalibre-com-develop.go-vip.co\/guatevision\/nacionales\/festival-arbol-gallo-2019\"},\"author\":{\"name\":\"Oscar Garc\u00eda\",\"@id\":\"https:\/\/prensalibre-com-develop.go-vip.co\/guatevision\/#\/schema\/person\/23d12c2e4788a05b94cead5a7bcd6332\"},\"headline\":\"El \u00c1rbol Gallo se enciende y deslumbra a miles de guatemaltecos\",\"datePublished\":\"2019-11-16T20:32:39+00:00\",\"dateModified\":\"2019-11-17T01:54:55+00:00\",\"mainEntityOfPage\":{\"@id\":\"https:\/\/prensalibre-com-develop.go-vip.co\/guatevision\/nacionales\/festival-arbol-gallo-2019\"},\"wordCount\":496,\"commentCount\":0,\"publisher\":{\"@id\":\"https:\/\/prensalibre-com-develop.go-vip.co\/guatevision\/#organization\"},\"image\":{\"@id\":\"https:\/\/prensalibre-com-develop.go-vip.co\/guatevision\/nacionales\/festival-arbol-gallo-2019#primaryimage\"},\"thumbnailUrl\":\"https:\/\/prensalibre-com-develop.go-vip.co\/guatevision\/wp-content\/uploads\/sites\/2\/2019\/11\/arbol-gallo-keneth-cruz-encendido.jpg?quality=82\",\"articleSection\":[\"Guatemala\",\"Nacionales\"],\"inLanguage\":\"es-GT\",\"potentialAction\":[{\"@type\":\"CommentAction\",\"name\":\"Comment\",\"target\":[\"https:\/\/prensalibre-com-develop.go-vip.co\/guatevision\/nacionales\/festival-arbol-gallo-2019#respond\"]}]},{\"@type\":\"WebPage\",\"@id\":\"https:\/\/prensalibre-com-develop.go-vip.co\/guatevision\/nacionales\/festival-arbol-gallo-2019\",\"url\":\"https:\/\/prensalibre-com-develop.go-vip.co\/guatevision\/nacionales\/festival-arbol-gallo-2019\",\"name\":\"El \u00c1rbol Gallo se enciende y deslumbra a miles de guatemaltecos - Guatevision\",\"isPartOf\":{\"@id\":\"https:\/\/prensalibre-com-develop.go-vip.co\/guatevision\/#website\"},\"primaryImageOfPage\":{\"@id\":\"https:\/\/prensalibre-com-develop.go-vip.co\/guatevision\/nacionales\/festival-arbol-gallo-2019#primaryimage\"},\"image\":{\"@id\":\"https:\/\/prensalibre-com-develop.go-vip.co\/guatevision\/nacionales\/festival-arbol-gallo-2019#primaryimage\"},\"thumbnailUrl\":\"https:\/\/prensalibre-com-develop.go-vip.co\/guatevision\/wp-content\/uploads\/sites\/2\/2019\/11\/arbol-gallo-keneth-cruz-encendido.jpg?quality=82\",\"datePublished\":\"2019-11-16T20:32:39+00:00\",\"dateModified\":\"2019-11-17T01:54:55+00:00\",\"inLanguage\":\"es-GT\",\"potentialAction\":[{\"@type\":\"ReadAction\",\"target\":[\"https:\/\/prensalibre-com-develop.go-vip.co\/guatevision\/nacionales\/festival-arbol-gallo-2019\"]}]},{\"@type\":\"ImageObject\",\"inLanguage\":\"es-GT\",\"@id\":\"https:\/\/prensalibre-com-develop.go-vip.co\/guatevision\/nacionales\/festival-arbol-gallo-2019#primaryimage\",\"url\":\"https:\/\/prensalibre-com-develop.go-vip.co\/guatevision\/wp-content\/uploads\/sites\/2\/2019\/11\/arbol-gallo-keneth-cruz-encendido.jpg?quality=82\",\"contentUrl\":\"https:\/\/prensalibre-com-develop.go-vip.co\/guatevision\/wp-content\/uploads\/sites\/2\/2019\/11\/arbol-gallo-keneth-cruz-encendido.jpg?quality=82\",\"width\":1280,\"height\":853,\"caption\":\"Temporada navide\u00f1a comienza con el encendido del \u00c1rbol Gallo. (Foto: Keneth Cruz)\"},{\"@type\":\"WebSite\",\"@id\":\"https:\/\/prensalibre-com-develop.go-vip.co\/guatevision\/#website\",\"url\":\"https:\/\/prensalibre-com-develop.go-vip.co\/guatevision\/\",\"name\":\"Guatevision\",\"description\":\"\u00a1Enciende Lo Bueno!\",\"publisher\":{\"@id\":\"https:\/\/prensalibre-com-develop.go-vip.co\/guatevision\/#organization\"},\"potentialAction\":[{\"@type\":\"SearchAction\",\"target\":{\"@type\":\"EntryPoint\",\"urlTemplate\":\"https:\/\/prensalibre-com-develop.go-vip.co\/guatevision\/?s={search_term_string}\"},\"query-input\":{\"@type\":\"PropertyValueSpecification\",\"valueRequired\":true,\"valueName\":\"search_term_string\"}}],\"inLanguage\":\"es-GT\"},{\"@type\":\"Organization\",\"@id\":\"https:\/\/prensalibre-com-develop.go-vip.co\/guatevision\/#organization\",\"name\":\"Guatevision\",\"url\":\"https:\/\/prensalibre-com-develop.go-vip.co\/guatevision\/\",\"logo\":{\"@type\":\"ImageObject\",\"inLanguage\":\"es-GT\",\"@id\":\"https:\/\/prensalibre-com-develop.go-vip.co\/guatevision\/#\/schema\/logo\/image\/\",\"url\":\"https:\/\/prensalibre-com-develop.go-vip.co\/guatevision\/wp-content\/uploads\/sites\/2\/2026\/04\/Diseno-sin-titulo.png?quality=82\",\"contentUrl\":\"https:\/\/prensalibre-com-develop.go-vip.co\/guatevision\/wp-content\/uploads\/sites\/2\/2026\/04\/Diseno-sin-titulo.png?quality=82\",\"width\":1000,\"height\":600,\"caption\":\"Guatevision\"},\"image\":{\"@id\":\"https:\/\/prensalibre-com-develop.go-vip.co\/guatevision\/#\/schema\/logo\/image\/\"}},{\"@type\":\"Person\",\"@id\":\"https:\/\/prensalibre-com-develop.go-vip.co\/guatevision\/#\/schema\/person\/23d12c2e4788a05b94cead5a7bcd6332\",\"name\":\"Oscar Garc\u00eda\",\"image\":{\"@type\":\"ImageObject\",\"inLanguage\":\"es-GT\",\"@id\":\"https:\/\/prensalibre-com-develop.go-vip.co\/guatevision\/#\/schema\/person\/image\/4a24b0593b9f227bb8212c8c8267ee8d\",\"url\":\"https:\/\/secure.gravatar.com\/avatar\/1279253bb5b7bef9fd9c2b07a1380d08028943a6a06c009624851b3676e28280?s=96&d=mm&r=g\",\"contentUrl\":\"https:\/\/secure.gravatar.com\/avatar\/1279253bb5b7bef9fd9c2b07a1380d08028943a6a06c009624851b3676e28280?s=96&d=mm&r=g\",\"caption\":\"Oscar Garc\u00eda\"},\"url\":\"https:\/\/prensalibre-com-develop.go-vip.co\/guatevision\/author\/ogarcia\"}]}<\/script>\n<!-- \/ Yoast SEO plugin. -->","yoast_head_json":{"title":"El \u00c1rbol Gallo se enciende y deslumbra a miles de guatemaltecos - Guatevision","robots":{"index":"index","follow":"follow","max-snippet":"max-snippet:-1","max-image-preview":"max-image-preview:large","max-video-preview":"max-video-preview:-1"},"canonical":"https:\/\/prensalibre-com-develop.go-vip.co\/guatevision\/nacionales\/festival-arbol-gallo-2019","og_locale":"es_ES","og_type":"article","og_title":"El \u00c1rbol Gallo se enciende y deslumbra a miles de guatemaltecos - Guatevision","og_description":"Le damos la bienvenida a la Navidad con el show inaugural del \u00c1rbol Gallo, que se inaugura este s\u00e1bado 16 de noviembre en El Obelisco.","og_url":"https:\/\/prensalibre-com-develop.go-vip.co\/guatevision\/nacionales\/festival-arbol-gallo-2019","og_site_name":"Guatevision","article_published_time":"2019-11-16T20:32:39+00:00","article_modified_time":"2019-11-17T01:54:55+00:00","og_image":[{"width":1280,"height":853,"url":"https:\/\/prensalibre-com-develop.go-vip.co\/guatevision\/wp-content\/uploads\/sites\/2\/2019\/11\/arbol-gallo-keneth-cruz-encendido.jpg?quality=82","type":"image\/jpeg"}],"author":"Oscar Garc\u00eda","twitter_card":"summary_large_image","twitter_misc":{"Written by":"Oscar Garc\u00eda","Est. reading time":"2 minutes"},"schema":{"@context":"https:\/\/schema.org","@graph":[{"@type":"Article","@id":"https:\/\/prensalibre-com-develop.go-vip.co\/guatevision\/nacionales\/festival-arbol-gallo-2019#article","isPartOf":{"@id":"https:\/\/prensalibre-com-develop.go-vip.co\/guatevision\/nacionales\/festival-arbol-gallo-2019"},"author":{"name":"Oscar Garc\u00eda","@id":"https:\/\/prensalibre-com-develop.go-vip.co\/guatevision\/#\/schema\/person\/23d12c2e4788a05b94cead5a7bcd6332"},"headline":"El \u00c1rbol Gallo se enciende y deslumbra a miles de guatemaltecos","datePublished":"2019-11-16T20:32:39+00:00","dateModified":"2019-11-17T01:54:55+00:00","mainEntityOfPage":{"@id":"https:\/\/prensalibre-com-develop.go-vip.co\/guatevision\/nacionales\/festival-arbol-gallo-2019"},"wordCount":496,"commentCount":0,"publisher":{"@id":"https:\/\/prensalibre-com-develop.go-vip.co\/guatevision\/#organization"},"image":{"@id":"https:\/\/prensalibre-com-develop.go-vip.co\/guatevision\/nacionales\/festival-arbol-gallo-2019#primaryimage"},"thumbnailUrl":"https:\/\/prensalibre-com-develop.go-vip.co\/guatevision\/wp-content\/uploads\/sites\/2\/2019\/11\/arbol-gallo-keneth-cruz-encendido.jpg?quality=82","articleSection":["Guatemala","Nacionales"],"inLanguage":"es-GT","potentialAction":[{"@type":"CommentAction","name":"Comment","target":["https:\/\/prensalibre-com-develop.go-vip.co\/guatevision\/nacionales\/festival-arbol-gallo-2019#respond"]}]},{"@type":"WebPage","@id":"https:\/\/prensalibre-com-develop.go-vip.co\/guatevision\/nacionales\/festival-arbol-gallo-2019","url":"https:\/\/prensalibre-com-develop.go-vip.co\/guatevision\/nacionales\/festival-arbol-gallo-2019","name":"El \u00c1rbol Gallo se enciende y deslumbra a miles de guatemaltecos - Guatevision","isPartOf":{"@id":"https:\/\/prensalibre-com-develop.go-vip.co\/guatevision\/#website"},"primaryImageOfPage":{"@id":"https:\/\/prensalibre-com-develop.go-vip.co\/guatevision\/nacionales\/festival-arbol-gallo-2019#primaryimage"},"image":{"@id":"https:\/\/prensalibre-com-develop.go-vip.co\/guatevision\/nacionales\/festival-arbol-gallo-2019#primaryimage"},"thumbnailUrl":"https:\/\/prensalibre-com-develop.go-vip.co\/guatevision\/wp-content\/uploads\/sites\/2\/2019\/11\/arbol-gallo-keneth-cruz-encendido.jpg?quality=82","datePublished":"2019-11-16T20:32:39+00:00","dateModified":"2019-11-17T01:54:55+00:00","inLanguage":"es-GT","potentialAction":[{"@type":"ReadAction","target":["https:\/\/prensalibre-com-develop.go-vip.co\/guatevision\/nacionales\/festival-arbol-gallo-2019"]}]},{"@type":"ImageObject","inLanguage":"es-GT","@id":"https:\/\/prensalibre-com-develop.go-vip.co\/guatevision\/nacionales\/festival-arbol-gallo-2019#primaryimage","url":"https:\/\/prensalibre-com-develop.go-vip.co\/guatevision\/wp-content\/uploads\/sites\/2\/2019\/11\/arbol-gallo-keneth-cruz-encendido.jpg?quality=82","contentUrl":"https:\/\/prensalibre-com-develop.go-vip.co\/guatevision\/wp-content\/uploads\/sites\/2\/2019\/11\/arbol-gallo-keneth-cruz-encendido.jpg?quality=82","width":1280,"height":853,"caption":"Temporada navide\u00f1a comienza con el encendido del \u00c1rbol Gallo. (Foto: Keneth Cruz)"},{"@type":"WebSite","@id":"https:\/\/prensalibre-com-develop.go-vip.co\/guatevision\/#website","url":"https:\/\/prensalibre-com-develop.go-vip.co\/guatevision\/","name":"Guatevision","description":"\u00a1Enciende Lo Bueno!","publisher":{"@id":"https:\/\/prensalibre-com-develop.go-vip.co\/guatevision\/#organization"},"potentialAction":[{"@type":"SearchAction","target":{"@type":"EntryPoint","urlTemplate":"https:\/\/prensalibre-com-develop.go-vip.co\/guatevision\/?s={search_term_string}"},"query-input":{"@type":"PropertyValueSpecification","valueRequired":true,"valueName":"search_term_string"}}],"inLanguage":"es-GT"},{"@type":"Organization","@id":"https:\/\/prensalibre-com-develop.go-vip.co\/guatevision\/#organization","name":"Guatevision","url":"https:\/\/prensalibre-com-develop.go-vip.co\/guatevision\/","logo":{"@type":"ImageObject","inLanguage":"es-GT","@id":"https:\/\/prensalibre-com-develop.go-vip.co\/guatevision\/#\/schema\/logo\/image\/","url":"https:\/\/prensalibre-com-develop.go-vip.co\/guatevision\/wp-content\/uploads\/sites\/2\/2026\/04\/Diseno-sin-titulo.png?quality=82","contentUrl":"https:\/\/prensalibre-com-develop.go-vip.co\/guatevision\/wp-content\/uploads\/sites\/2\/2026\/04\/Diseno-sin-titulo.png?quality=82","width":1000,"height":600,"caption":"Guatevision"},"image":{"@id":"https:\/\/prensalibre-com-develop.go-vip.co\/guatevision\/#\/schema\/logo\/image\/"}},{"@type":"Person","@id":"https:\/\/prensalibre-com-develop.go-vip.co\/guatevision\/#\/schema\/person\/23d12c2e4788a05b94cead5a7bcd6332","name":"Oscar Garc\u00eda","image":{"@type":"ImageObject","inLanguage":"es-GT","@id":"https:\/\/prensalibre-com-develop.go-vip.co\/guatevision\/#\/schema\/person\/image\/4a24b0593b9f227bb8212c8c8267ee8d","url":"https:\/\/secure.gravatar.com\/avatar\/1279253bb5b7bef9fd9c2b07a1380d08028943a6a06c009624851b3676e28280?s=96&d=mm&r=g","contentUrl":"https:\/\/secure.gravatar.com\/avatar\/1279253bb5b7bef9fd9c2b07a1380d08028943a6a06c009624851b3676e28280?s=96&d=mm&r=g","caption":"Oscar Garc\u00eda"},"url":"https:\/\/prensalibre-com-develop.go-vip.co\/guatevision\/author\/ogarcia"}]}},"jetpack_featured_media_url":"https:\/\/prensalibre-com-develop.go-vip.co\/guatevision\/wp-content\/uploads\/sites\/2\/2019\/11\/arbol-gallo-keneth-cruz-encendido.jpg?quality=82","jetpack_sharing_enabled":true,"_links":{"self":[{"href":"https:\/\/prensalibre-com-develop.go-vip.co\/guatevision\/wp-json\/wp\/v2\/posts\/310950","targetHints":{"allow":["GET"]}}],"collection":[{"href":"https:\/\/prensalibre-com-develop.go-vip.co\/guatevision\/wp-json\/wp\/v2\/posts"}],"about":[{"href":"https:\/\/prensalibre-com-develop.go-vip.co\/guatevision\/wp-json\/wp\/v2\/types\/post"}],"author":[{"embeddable":true,"href":"https:\/\/prensalibre-com-develop.go-vip.co\/guatevision\/wp-json\/wp\/v2\/users\/86"}],"replies":[{"embeddable":true,"href":"https:\/\/prensalibre-com-develop.go-vip.co\/guatevision\/wp-json\/wp\/v2\/comments?post=310950"}],"version-history":[{"count":0,"href":"https:\/\/prensalibre-com-develop.go-vip.co\/guatevision\/wp-json\/wp\/v2\/posts\/310950\/revisions"}],"wp:featuredmedia":[{"embeddable":true,"href":"https:\/\/prensalibre-com-develop.go-vip.co\/guatevision\/wp-json\/wp\/v2\/media\/311021"}],"wp:attachment":[{"href":"https:\/\/prensalibre-com-develop.go-vip.co\/guatevision\/wp-json\/wp\/v2\/media?parent=310950"}],"wp:term":[{"taxonomy":"category","embeddable":true,"href":"https:\/\/prensalibre-com-develop.go-vip.co\/guatevision\/wp-json\/wp\/v2\/categories?post=310950"},{"taxonomy":"etiqueta","embeddable":true,"href":"https:\/\/prensalibre-com-develop.go-vip.co\/guatevision\/wp-json\/wp\/v2\/etiqueta?post=310950"}],"curies":[{"name":"wp","href":"https:\/\/api.w.org\/{rel}","templated":true}]}}