{"id":332740,"date":"2020-04-06T17:58:19","date_gmt":"2020-04-06T23:58:19","guid":{"rendered":"https:\/\/prensalibre-com-develop.go-vip.co\/guatevision\/?p=332740"},"modified":"2020-04-06T18:00:20","modified_gmt":"2020-04-07T00:00:20","slug":"que-es-un-caso-comunitario-de-coronavirus","status":"publish","type":"post","link":"https:\/\/prensalibre-com-develop.go-vip.co\/guatevision\/nacionales\/que-es-un-caso-comunitario-de-coronavirus","title":{"rendered":"Qu\u00e9 es un caso comunitario de coronavirus"},"content":{"rendered":"<p>La expansi\u00f3n del nuevo coronavirus sigue a paso acelerado en el mundo; Guatemala no es la excepci\u00f3n.\u00a0 Mientras la pandemia avanza, muchas han sido las preguntas sobre el covid-19. Por ejemplo:\u00a0<a href=\"https:\/\/prensalibre-com-develop.go-vip.co\/internacional\/coronavirus-mapa-de-casos-detectados-en-el-mundo\/\">\u00bfCu\u00e1ntos casos de coronavirus hay en el mundo?<\/a>\u00a0<a href=\"https:\/\/prensalibre-com-develop.go-vip.co\/vida\/salud-y-familia\/que-es-una-cuarentena\/\">\u00bfQu\u00e9 es una cuarentena?<\/a>\u00a0<a href=\"https:\/\/prensalibre-com-develop.go-vip.co\/vida\/bbc-news-mundo-vida\/coronavirus-cuanto-tiempo-sobrevive-el-virus-causante-de-covid-19-en-distintas-superficies\/\">\u00bfCu\u00e1nto tiempo vive el coronavirus en las superficies?<\/a><\/p>\n\n<p>Sin embargo, tambi\u00e9n han surgido interrogantes sobre la tipificaci\u00f3n de los casos del covid-19, espec\u00edficamente sobre la diferencia que existe entre cada uno de ellos.<\/p>\n<p>Existen tres grupos de pacientes, categorizados por los infect\u00f3logos y los epidemi\u00f3logos como: \u201c<strong>caso comunitario\u201d, \u201ccaso importado\u201d, \u201ccaso no importado\u201d.<\/strong><\/p>\n<p>Ricardo Teijeiro, miembro de la Sociedad Argentina de Infectolog\u00eda, explic\u00f3 cu\u00e1l es la diferencia, en una\u00a0<a href=\"https:\/\/www.lanacion.com.ar\/sociedad\/cual-es-diferencia-caso-importado-no-importado-nid2346452?utm_medium=Echobox&amp;utm_source=Facebook#Echobox=1584975064\" target=\"_blank\" rel=\"noopener noreferrer\">entrevista con el diario argentino La Naci\u00f3n:<\/a><\/p>\n<ul>\n<li>Los<strong>\u00a0casos importados<\/strong>\u00a0son aquellos en los que el paciente estuvo en el extranjero, ingres\u00f3 al pa\u00eds y luego fue confirmado como positivo de covid-19.<\/li>\n<li>Los\u00a0<strong>casos no importados\u00a0<\/strong>\u00a0son aquellos detectados en personas que no viajaron, pero que s\u00ed tuvieron contacto estrecho o directo con los\u00a0<strong>casos importados.<\/strong><\/li>\n<li>El tercer tipo de contagio, los\u00a0<strong>casos comunitarios<\/strong>, son aquellos cuyo historial no tiene relaci\u00f3n con casos importados y no importados. Estos tambi\u00e9n son\u00a0<strong>llamados de \u201clibre circulaci\u00f3n\u201d<\/strong>. Estos casos ameritan que los pa\u00edses ampl\u00eden sus medidas de contenci\u00f3n porque significa que el virus ya est\u00e1 presente entre los habitantes.<\/li>\n<\/ul>\n<h4><\/h4>\n<h4>Caso comunitario en Guatemala<\/h4>\n<p>El\u00a0<strong>Gobierno de Guatemala<\/strong>\u00a0dio a conocer los\u00a0<strong>primeros casos comunitarios<\/strong>\u00a0el 5 de abril de 2020, adem\u00e1s de elevar la\u00a0<a href=\"https:\/\/prensalibre-com-develop.go-vip.co\/guatemala\/comunitario\/casos-de-coronavirus-en-guatemala\/\">cifra de contagios y muertos por coronavirus.\u00a0<\/a><\/p>\n<p>Las autoridades dieron a conocer durante una conferencia de prensa que hab\u00edan<strong>\u00a0cinco casos comunitarios confirmados en <a href=\"https:\/\/prensalibre-com-develop.go-vip.co\/guatevision\/nacionales\/como-es-patzun-el-municipio-de-chimaltenango-que-esta-en-cuarentena-por-el-coronavirus\">Patz\u00fan, Chimaltenango.<\/a><\/strong><\/p>\n<p>Por esta raz\u00f3n, se orden\u00f3 un cord\u00f3n sanitario en la regi\u00f3n a cargo del<strong>\u00a0Ministerio de Gobiernaci\u00f3n y del Ministerio de la Defensa<\/strong>, ya que como explican los infect\u00f3logos citados por el medio argentino\u00a0<em>La Naci\u00f3n:<\/em>\u00a0\u00a0\u201cEn esta etapa, las\u00a0<strong>medidas de prevenci\u00f3n suelen ampliarse<\/strong>\u00a0y la procedencia del virus deja de ser el foco de atenci\u00f3n, ya que se considera que est\u00e1 presente en la poblaci\u00f3n\u201d.<\/p>\n<figure id=\"attachment_332743\" aria-describedby=\"caption-attachment-332743\" style=\"width: 1024px\" class=\"wp-caption alignnone\"><img loading=\"lazy\" decoding=\"async\" class=\"wp-image-332743 size-large\" src=\"https:\/\/prensalibre-com-develop.go-vip.co\/guatevision\/wp-content\/uploads\/sites\/2\/2020\/04\/patz\u00fa-chimaltenango.jpg?quality=82&amp;w=1024\" alt=\"\" width=\"1024\" height=\"498\" srcset=\"https:\/\/prensalibre-com-develop.go-vip.co\/guatevision\/wp-content\/uploads\/sites\/2\/2020\/04\/patz\u00fa-chimaltenango.jpg 1152w, https:\/\/prensalibre-com-develop.go-vip.co\/guatevision\/wp-content\/uploads\/sites\/2\/2020\/04\/patz\u00fa-chimaltenango.jpg?resize=300,146 300w, https:\/\/prensalibre-com-develop.go-vip.co\/guatevision\/wp-content\/uploads\/sites\/2\/2020\/04\/patz\u00fa-chimaltenango.jpg?resize=768,373 768w, https:\/\/prensalibre-com-develop.go-vip.co\/guatevision\/wp-content\/uploads\/sites\/2\/2020\/04\/patz\u00fa-chimaltenango.jpg?resize=1024,498 1024w, https:\/\/prensalibre-com-develop.go-vip.co\/guatevision\/wp-content\/uploads\/sites\/2\/2020\/04\/patz\u00fa-chimaltenango.jpg?resize=150,73 150w\" sizes=\"auto, (max-width: 1024px) 100vw, 1024px\" \/><figcaption id=\"caption-attachment-332743\" class=\"wp-caption-text\">El municipio de Patz\u00fan, Chimaltenango, registra los primeros casos comunitarios de coronavirus en Guatemala. (Foto Prensa Libre: Julio Jos\u00e9 P\u00e9rez Zambrano)<\/figcaption><\/figure>\n","protected":false},"excerpt":{"rendered":"<p>Conforme avanza la pandemia del coronavirus, en varios pa\u00edses se habla del tipo de contagios: \u201ccasos comunitarios\u201d, \u201cimportados\u201d, \u201cno importados\u201d. \u00bfCu\u00e1l es la diferencia?<\/p>\n","protected":false},"author":13,"featured_media":332746,"comment_status":"open","ping_status":"open","sticky":false,"template":"","format":"standard","meta":{"_jetpack_memberships_contains_paid_content":false,"footnotes":""},"categories":[39733],"etiqueta":[41668,41856,42058,86],"class_list":["post-332740","post","type-post","status-publish","format-standard","has-post-thumbnail","hentry","category-nacionales","etiqueta-coronavirus","etiqueta-covid-19","etiqueta-preguntas-sobre-coronavirus","etiqueta-salud"],"yoast_head":"<!-- This site is optimized with the Yoast SEO plugin v23.9 - https:\/\/yoast.com\/wordpress\/plugins\/seo\/ -->\n<title>Qu\u00e9 es un caso comunitario de coronavirus - Guatevision<\/title>\n<meta name=\"robots\" content=\"index, follow, max-snippet:-1, max-image-preview:large, max-video-preview:-1\" \/>\n<link rel=\"canonical\" href=\"https:\/\/prensalibre-com-develop.go-vip.co\/guatevision\/nacionales\/que-es-un-caso-comunitario-de-coronavirus\" \/>\n<meta property=\"og:locale\" content=\"es_ES\" \/>\n<meta property=\"og:type\" content=\"article\" \/>\n<meta property=\"og:title\" content=\"Qu\u00e9 es un caso comunitario de coronavirus - Guatevision\" \/>\n<meta property=\"og:description\" content=\"Conforme avanza la pandemia del coronavirus, en varios pa\u00edses se habla del tipo de contagios: \u201ccasos comunitarios\u201d, \u201cimportados\u201d, \u201cno importados\u201d. \u00bfCu\u00e1l es la diferencia?\" \/>\n<meta property=\"og:url\" content=\"https:\/\/prensalibre-com-develop.go-vip.co\/guatevision\/nacionales\/que-es-un-caso-comunitario-de-coronavirus\" \/>\n<meta property=\"og:site_name\" content=\"Guatevision\" \/>\n<meta property=\"article:published_time\" content=\"2020-04-06T23:58:19+00:00\" \/>\n<meta property=\"article:modified_time\" content=\"2020-04-07T00:00:20+00:00\" \/>\n<meta property=\"og:image\" content=\"https:\/\/prensalibre-com-develop.go-vip.co\/guatevision\/wp-content\/uploads\/sites\/2\/2020\/04\/26eea270-0f47-4dbd-850e-74d7ec94d1de.jpg?quality=82\" \/>\n\t<meta property=\"og:image:width\" content=\"1280\" \/>\n\t<meta property=\"og:image:height\" content=\"853\" \/>\n\t<meta property=\"og:image:type\" content=\"image\/jpeg\" \/>\n<meta name=\"author\" content=\"Willian Cumes\" \/>\n<meta name=\"twitter:card\" content=\"summary_large_image\" \/>\n<meta name=\"twitter:label1\" content=\"Written by\" \/>\n\t<meta name=\"twitter:data1\" content=\"Willian Cumes\" \/>\n\t<meta name=\"twitter:label2\" content=\"Est. reading time\" \/>\n\t<meta name=\"twitter:data2\" content=\"2 minutes\" \/>\n<script type=\"application\/ld+json\" class=\"yoast-schema-graph\">{\"@context\":\"https:\/\/schema.org\",\"@graph\":[{\"@type\":\"Article\",\"@id\":\"https:\/\/prensalibre-com-develop.go-vip.co\/guatevision\/nacionales\/que-es-un-caso-comunitario-de-coronavirus#article\",\"isPartOf\":{\"@id\":\"https:\/\/prensalibre-com-develop.go-vip.co\/guatevision\/nacionales\/que-es-un-caso-comunitario-de-coronavirus\"},\"author\":{\"name\":\"Willian Cumes\",\"@id\":\"https:\/\/prensalibre-com-develop.go-vip.co\/guatevision\/#\/schema\/person\/c1978c5efef5f17a9cb3e776ff74a058\"},\"headline\":\"Qu\u00e9 es un caso comunitario de coronavirus\",\"datePublished\":\"2020-04-06T23:58:19+00:00\",\"dateModified\":\"2020-04-07T00:00:20+00:00\",\"mainEntityOfPage\":{\"@id\":\"https:\/\/prensalibre-com-develop.go-vip.co\/guatevision\/nacionales\/que-es-un-caso-comunitario-de-coronavirus\"},\"wordCount\":402,\"commentCount\":0,\"publisher\":{\"@id\":\"https:\/\/prensalibre-com-develop.go-vip.co\/guatevision\/#organization\"},\"image\":{\"@id\":\"https:\/\/prensalibre-com-develop.go-vip.co\/guatevision\/nacionales\/que-es-un-caso-comunitario-de-coronavirus#primaryimage\"},\"thumbnailUrl\":\"https:\/\/prensalibre-com-develop.go-vip.co\/guatevision\/wp-content\/uploads\/sites\/2\/2020\/04\/26eea270-0f47-4dbd-850e-74d7ec94d1de.jpg?quality=82\",\"articleSection\":[\"Nacionales\"],\"inLanguage\":\"es-GT\",\"potentialAction\":[{\"@type\":\"CommentAction\",\"name\":\"Comment\",\"target\":[\"https:\/\/prensalibre-com-develop.go-vip.co\/guatevision\/nacionales\/que-es-un-caso-comunitario-de-coronavirus#respond\"]}]},{\"@type\":\"WebPage\",\"@id\":\"https:\/\/prensalibre-com-develop.go-vip.co\/guatevision\/nacionales\/que-es-un-caso-comunitario-de-coronavirus\",\"url\":\"https:\/\/prensalibre-com-develop.go-vip.co\/guatevision\/nacionales\/que-es-un-caso-comunitario-de-coronavirus\",\"name\":\"Qu\u00e9 es un caso comunitario de coronavirus - Guatevision\",\"isPartOf\":{\"@id\":\"https:\/\/prensalibre-com-develop.go-vip.co\/guatevision\/#website\"},\"primaryImageOfPage\":{\"@id\":\"https:\/\/prensalibre-com-develop.go-vip.co\/guatevision\/nacionales\/que-es-un-caso-comunitario-de-coronavirus#primaryimage\"},\"image\":{\"@id\":\"https:\/\/prensalibre-com-develop.go-vip.co\/guatevision\/nacionales\/que-es-un-caso-comunitario-de-coronavirus#primaryimage\"},\"thumbnailUrl\":\"https:\/\/prensalibre-com-develop.go-vip.co\/guatevision\/wp-content\/uploads\/sites\/2\/2020\/04\/26eea270-0f47-4dbd-850e-74d7ec94d1de.jpg?quality=82\",\"datePublished\":\"2020-04-06T23:58:19+00:00\",\"dateModified\":\"2020-04-07T00:00:20+00:00\",\"inLanguage\":\"es-GT\",\"potentialAction\":[{\"@type\":\"ReadAction\",\"target\":[\"https:\/\/prensalibre-com-develop.go-vip.co\/guatevision\/nacionales\/que-es-un-caso-comunitario-de-coronavirus\"]}]},{\"@type\":\"ImageObject\",\"inLanguage\":\"es-GT\",\"@id\":\"https:\/\/prensalibre-com-develop.go-vip.co\/guatevision\/nacionales\/que-es-un-caso-comunitario-de-coronavirus#primaryimage\",\"url\":\"https:\/\/prensalibre-com-develop.go-vip.co\/guatevision\/wp-content\/uploads\/sites\/2\/2020\/04\/26eea270-0f47-4dbd-850e-74d7ec94d1de.jpg?quality=82\",\"contentUrl\":\"https:\/\/prensalibre-com-develop.go-vip.co\/guatevision\/wp-content\/uploads\/sites\/2\/2020\/04\/26eea270-0f47-4dbd-850e-74d7ec94d1de.jpg?quality=82\",\"width\":1280,\"height\":853,\"caption\":\"Ciudadanos portan mascarilla para minimizar el riesgo de contagio de coronavirus. (Foto Guatevisi\u00f3n: Carlos Hern\u00e1ndez).\"},{\"@type\":\"WebSite\",\"@id\":\"https:\/\/prensalibre-com-develop.go-vip.co\/guatevision\/#website\",\"url\":\"https:\/\/prensalibre-com-develop.go-vip.co\/guatevision\/\",\"name\":\"Guatevision\",\"description\":\"\u00a1Enciende Lo Bueno!\",\"publisher\":{\"@id\":\"https:\/\/prensalibre-com-develop.go-vip.co\/guatevision\/#organization\"},\"potentialAction\":[{\"@type\":\"SearchAction\",\"target\":{\"@type\":\"EntryPoint\",\"urlTemplate\":\"https:\/\/prensalibre-com-develop.go-vip.co\/guatevision\/?s={search_term_string}\"},\"query-input\":{\"@type\":\"PropertyValueSpecification\",\"valueRequired\":true,\"valueName\":\"search_term_string\"}}],\"inLanguage\":\"es-GT\"},{\"@type\":\"Organization\",\"@id\":\"https:\/\/prensalibre-com-develop.go-vip.co\/guatevision\/#organization\",\"name\":\"Guatevision\",\"url\":\"https:\/\/prensalibre-com-develop.go-vip.co\/guatevision\/\",\"logo\":{\"@type\":\"ImageObject\",\"inLanguage\":\"es-GT\",\"@id\":\"https:\/\/prensalibre-com-develop.go-vip.co\/guatevision\/#\/schema\/logo\/image\/\",\"url\":\"https:\/\/prensalibre-com-develop.go-vip.co\/guatevision\/wp-content\/uploads\/sites\/2\/2026\/04\/Diseno-sin-titulo.png?quality=82\",\"contentUrl\":\"https:\/\/prensalibre-com-develop.go-vip.co\/guatevision\/wp-content\/uploads\/sites\/2\/2026\/04\/Diseno-sin-titulo.png?quality=82\",\"width\":1000,\"height\":600,\"caption\":\"Guatevision\"},\"image\":{\"@id\":\"https:\/\/prensalibre-com-develop.go-vip.co\/guatevision\/#\/schema\/logo\/image\/\"}},{\"@type\":\"Person\",\"@id\":\"https:\/\/prensalibre-com-develop.go-vip.co\/guatevision\/#\/schema\/person\/c1978c5efef5f17a9cb3e776ff74a058\",\"name\":\"Willian Cumes\",\"image\":{\"@type\":\"ImageObject\",\"inLanguage\":\"es-GT\",\"@id\":\"https:\/\/prensalibre-com-develop.go-vip.co\/guatevision\/#\/schema\/person\/image\/0b99087f15233f826fedd6205df3aea0\",\"url\":\"https:\/\/secure.gravatar.com\/avatar\/0d235a933f2cbc856bdd7c6a7af35f3536c998df23563bbf5e2d1adb9341e779?s=96&d=mm&r=g\",\"contentUrl\":\"https:\/\/secure.gravatar.com\/avatar\/0d235a933f2cbc856bdd7c6a7af35f3536c998df23563bbf5e2d1adb9341e779?s=96&d=mm&r=g\",\"caption\":\"Willian Cumes\"},\"url\":\"https:\/\/prensalibre-com-develop.go-vip.co\/guatevision\/author\/wcumes\"}]}<\/script>\n<!-- \/ Yoast SEO plugin. -->","yoast_head_json":{"title":"Qu\u00e9 es un caso comunitario de coronavirus - Guatevision","robots":{"index":"index","follow":"follow","max-snippet":"max-snippet:-1","max-image-preview":"max-image-preview:large","max-video-preview":"max-video-preview:-1"},"canonical":"https:\/\/prensalibre-com-develop.go-vip.co\/guatevision\/nacionales\/que-es-un-caso-comunitario-de-coronavirus","og_locale":"es_ES","og_type":"article","og_title":"Qu\u00e9 es un caso comunitario de coronavirus - Guatevision","og_description":"Conforme avanza la pandemia del coronavirus, en varios pa\u00edses se habla del tipo de contagios: \u201ccasos comunitarios\u201d, \u201cimportados\u201d, \u201cno importados\u201d. \u00bfCu\u00e1l es la diferencia?","og_url":"https:\/\/prensalibre-com-develop.go-vip.co\/guatevision\/nacionales\/que-es-un-caso-comunitario-de-coronavirus","og_site_name":"Guatevision","article_published_time":"2020-04-06T23:58:19+00:00","article_modified_time":"2020-04-07T00:00:20+00:00","og_image":[{"width":1280,"height":853,"url":"https:\/\/prensalibre-com-develop.go-vip.co\/guatevision\/wp-content\/uploads\/sites\/2\/2020\/04\/26eea270-0f47-4dbd-850e-74d7ec94d1de.jpg?quality=82","type":"image\/jpeg"}],"author":"Willian Cumes","twitter_card":"summary_large_image","twitter_misc":{"Written by":"Willian Cumes","Est. reading time":"2 minutes"},"schema":{"@context":"https:\/\/schema.org","@graph":[{"@type":"Article","@id":"https:\/\/prensalibre-com-develop.go-vip.co\/guatevision\/nacionales\/que-es-un-caso-comunitario-de-coronavirus#article","isPartOf":{"@id":"https:\/\/prensalibre-com-develop.go-vip.co\/guatevision\/nacionales\/que-es-un-caso-comunitario-de-coronavirus"},"author":{"name":"Willian Cumes","@id":"https:\/\/prensalibre-com-develop.go-vip.co\/guatevision\/#\/schema\/person\/c1978c5efef5f17a9cb3e776ff74a058"},"headline":"Qu\u00e9 es un caso comunitario de coronavirus","datePublished":"2020-04-06T23:58:19+00:00","dateModified":"2020-04-07T00:00:20+00:00","mainEntityOfPage":{"@id":"https:\/\/prensalibre-com-develop.go-vip.co\/guatevision\/nacionales\/que-es-un-caso-comunitario-de-coronavirus"},"wordCount":402,"commentCount":0,"publisher":{"@id":"https:\/\/prensalibre-com-develop.go-vip.co\/guatevision\/#organization"},"image":{"@id":"https:\/\/prensalibre-com-develop.go-vip.co\/guatevision\/nacionales\/que-es-un-caso-comunitario-de-coronavirus#primaryimage"},"thumbnailUrl":"https:\/\/prensalibre-com-develop.go-vip.co\/guatevision\/wp-content\/uploads\/sites\/2\/2020\/04\/26eea270-0f47-4dbd-850e-74d7ec94d1de.jpg?quality=82","articleSection":["Nacionales"],"inLanguage":"es-GT","potentialAction":[{"@type":"CommentAction","name":"Comment","target":["https:\/\/prensalibre-com-develop.go-vip.co\/guatevision\/nacionales\/que-es-un-caso-comunitario-de-coronavirus#respond"]}]},{"@type":"WebPage","@id":"https:\/\/prensalibre-com-develop.go-vip.co\/guatevision\/nacionales\/que-es-un-caso-comunitario-de-coronavirus","url":"https:\/\/prensalibre-com-develop.go-vip.co\/guatevision\/nacionales\/que-es-un-caso-comunitario-de-coronavirus","name":"Qu\u00e9 es un caso comunitario de coronavirus - Guatevision","isPartOf":{"@id":"https:\/\/prensalibre-com-develop.go-vip.co\/guatevision\/#website"},"primaryImageOfPage":{"@id":"https:\/\/prensalibre-com-develop.go-vip.co\/guatevision\/nacionales\/que-es-un-caso-comunitario-de-coronavirus#primaryimage"},"image":{"@id":"https:\/\/prensalibre-com-develop.go-vip.co\/guatevision\/nacionales\/que-es-un-caso-comunitario-de-coronavirus#primaryimage"},"thumbnailUrl":"https:\/\/prensalibre-com-develop.go-vip.co\/guatevision\/wp-content\/uploads\/sites\/2\/2020\/04\/26eea270-0f47-4dbd-850e-74d7ec94d1de.jpg?quality=82","datePublished":"2020-04-06T23:58:19+00:00","dateModified":"2020-04-07T00:00:20+00:00","inLanguage":"es-GT","potentialAction":[{"@type":"ReadAction","target":["https:\/\/prensalibre-com-develop.go-vip.co\/guatevision\/nacionales\/que-es-un-caso-comunitario-de-coronavirus"]}]},{"@type":"ImageObject","inLanguage":"es-GT","@id":"https:\/\/prensalibre-com-develop.go-vip.co\/guatevision\/nacionales\/que-es-un-caso-comunitario-de-coronavirus#primaryimage","url":"https:\/\/prensalibre-com-develop.go-vip.co\/guatevision\/wp-content\/uploads\/sites\/2\/2020\/04\/26eea270-0f47-4dbd-850e-74d7ec94d1de.jpg?quality=82","contentUrl":"https:\/\/prensalibre-com-develop.go-vip.co\/guatevision\/wp-content\/uploads\/sites\/2\/2020\/04\/26eea270-0f47-4dbd-850e-74d7ec94d1de.jpg?quality=82","width":1280,"height":853,"caption":"Ciudadanos portan mascarilla para minimizar el riesgo de contagio de coronavirus. (Foto Guatevisi\u00f3n: Carlos Hern\u00e1ndez)."},{"@type":"WebSite","@id":"https:\/\/prensalibre-com-develop.go-vip.co\/guatevision\/#website","url":"https:\/\/prensalibre-com-develop.go-vip.co\/guatevision\/","name":"Guatevision","description":"\u00a1Enciende Lo Bueno!","publisher":{"@id":"https:\/\/prensalibre-com-develop.go-vip.co\/guatevision\/#organization"},"potentialAction":[{"@type":"SearchAction","target":{"@type":"EntryPoint","urlTemplate":"https:\/\/prensalibre-com-develop.go-vip.co\/guatevision\/?s={search_term_string}"},"query-input":{"@type":"PropertyValueSpecification","valueRequired":true,"valueName":"search_term_string"}}],"inLanguage":"es-GT"},{"@type":"Organization","@id":"https:\/\/prensalibre-com-develop.go-vip.co\/guatevision\/#organization","name":"Guatevision","url":"https:\/\/prensalibre-com-develop.go-vip.co\/guatevision\/","logo":{"@type":"ImageObject","inLanguage":"es-GT","@id":"https:\/\/prensalibre-com-develop.go-vip.co\/guatevision\/#\/schema\/logo\/image\/","url":"https:\/\/prensalibre-com-develop.go-vip.co\/guatevision\/wp-content\/uploads\/sites\/2\/2026\/04\/Diseno-sin-titulo.png?quality=82","contentUrl":"https:\/\/prensalibre-com-develop.go-vip.co\/guatevision\/wp-content\/uploads\/sites\/2\/2026\/04\/Diseno-sin-titulo.png?quality=82","width":1000,"height":600,"caption":"Guatevision"},"image":{"@id":"https:\/\/prensalibre-com-develop.go-vip.co\/guatevision\/#\/schema\/logo\/image\/"}},{"@type":"Person","@id":"https:\/\/prensalibre-com-develop.go-vip.co\/guatevision\/#\/schema\/person\/c1978c5efef5f17a9cb3e776ff74a058","name":"Willian Cumes","image":{"@type":"ImageObject","inLanguage":"es-GT","@id":"https:\/\/prensalibre-com-develop.go-vip.co\/guatevision\/#\/schema\/person\/image\/0b99087f15233f826fedd6205df3aea0","url":"https:\/\/secure.gravatar.com\/avatar\/0d235a933f2cbc856bdd7c6a7af35f3536c998df23563bbf5e2d1adb9341e779?s=96&d=mm&r=g","contentUrl":"https:\/\/secure.gravatar.com\/avatar\/0d235a933f2cbc856bdd7c6a7af35f3536c998df23563bbf5e2d1adb9341e779?s=96&d=mm&r=g","caption":"Willian Cumes"},"url":"https:\/\/prensalibre-com-develop.go-vip.co\/guatevision\/author\/wcumes"}]}},"jetpack_featured_media_url":"https:\/\/prensalibre-com-develop.go-vip.co\/guatevision\/wp-content\/uploads\/sites\/2\/2020\/04\/26eea270-0f47-4dbd-850e-74d7ec94d1de.jpg?quality=82","jetpack_sharing_enabled":true,"_links":{"self":[{"href":"https:\/\/prensalibre-com-develop.go-vip.co\/guatevision\/wp-json\/wp\/v2\/posts\/332740","targetHints":{"allow":["GET"]}}],"collection":[{"href":"https:\/\/prensalibre-com-develop.go-vip.co\/guatevision\/wp-json\/wp\/v2\/posts"}],"about":[{"href":"https:\/\/prensalibre-com-develop.go-vip.co\/guatevision\/wp-json\/wp\/v2\/types\/post"}],"author":[{"embeddable":true,"href":"https:\/\/prensalibre-com-develop.go-vip.co\/guatevision\/wp-json\/wp\/v2\/users\/13"}],"replies":[{"embeddable":true,"href":"https:\/\/prensalibre-com-develop.go-vip.co\/guatevision\/wp-json\/wp\/v2\/comments?post=332740"}],"version-history":[{"count":0,"href":"https:\/\/prensalibre-com-develop.go-vip.co\/guatevision\/wp-json\/wp\/v2\/posts\/332740\/revisions"}],"wp:featuredmedia":[{"embeddable":true,"href":"https:\/\/prensalibre-com-develop.go-vip.co\/guatevision\/wp-json\/wp\/v2\/media\/332746"}],"wp:attachment":[{"href":"https:\/\/prensalibre-com-develop.go-vip.co\/guatevision\/wp-json\/wp\/v2\/media?parent=332740"}],"wp:term":[{"taxonomy":"category","embeddable":true,"href":"https:\/\/prensalibre-com-develop.go-vip.co\/guatevision\/wp-json\/wp\/v2\/categories?post=332740"},{"taxonomy":"etiqueta","embeddable":true,"href":"https:\/\/prensalibre-com-develop.go-vip.co\/guatevision\/wp-json\/wp\/v2\/etiqueta?post=332740"}],"curies":[{"name":"wp","href":"https:\/\/api.w.org\/{rel}","templated":true}]}}