{"id":340219,"date":"2020-05-17T18:32:35","date_gmt":"2020-05-18T00:32:35","guid":{"rendered":"https:\/\/prensalibre-com-develop.go-vip.co\/guatevision\/?p=340219"},"modified":"2020-05-17T18:43:55","modified_gmt":"2020-05-18T00:43:55","slug":"bronco-en-su-primer-concierto-en-vivo","status":"publish","type":"post","link":"https:\/\/prensalibre-com-develop.go-vip.co\/guatevision\/espectaculo\/bronco-en-su-primer-concierto-en-vivo","title":{"rendered":"En l\u00ednea: Bronco y su primera vez"},"content":{"rendered":"<p>El domingo 17 de mayo por la tarde se present\u00f3 por primera vez Bronco en un concierto en l\u00ednea.\u00a0 Una modalidad que diferentes artistas est\u00e1n presentando durante la pandemia y como apoyo a que las personas se queden en casa para disminuir los contagios.<\/p>\n\n<p>Presentaron algunos problemas t\u00e9cnicos en la transmisi\u00f3n por <a href=\"https:\/\/www.youtube.com\/watch?v=6VffDlSnlvA&amp;fbclid=IwAR26_oBsSo_BYr43JJIESYaTM2XZ-NzyXzEyrl5jVsvnNA-g5ISbuWfIKYw\" target=\"_blank\" rel=\"noopener noreferrer\">YouTube<\/a> al punto de quedar la p\u00e1gina inhabilitada y con un mensaje de estar en modo privado.\u00a0 Pero, la transmisi\u00f3n sigui\u00f3 en la p\u00e1gina de Facebook del patrocinador que organiz\u00f3 el evento.<\/p>\n<p>Lupe Esparza y los integrantes del grupo agradecieron al p\u00fablico y compartieron con sus seguidores canciones como Que no quede huella, Doctor, Sergio el bailador y Libros tontos.<\/p>\n<figure id=\"attachment_340222\" aria-describedby=\"caption-attachment-340222\" style=\"width: 960px\" class=\"wp-caption alignnone\"><img loading=\"lazy\" decoding=\"async\" class=\"wp-image-340222 size-large\" src=\"https:\/\/prensalibre-com-develop.go-vip.co\/guatevision\/wp-content\/uploads\/sites\/2\/2020\/05\/ellos.jpg?quality=82&amp;w=960\" alt=\"\" width=\"960\" height=\"641\" srcset=\"https:\/\/prensalibre-com-develop.go-vip.co\/guatevision\/wp-content\/uploads\/sites\/2\/2020\/05\/ellos.jpg 960w, https:\/\/prensalibre-com-develop.go-vip.co\/guatevision\/wp-content\/uploads\/sites\/2\/2020\/05\/ellos.jpg?resize=300,200 300w, https:\/\/prensalibre-com-develop.go-vip.co\/guatevision\/wp-content\/uploads\/sites\/2\/2020\/05\/ellos.jpg?resize=768,513 768w, https:\/\/prensalibre-com-develop.go-vip.co\/guatevision\/wp-content\/uploads\/sites\/2\/2020\/05\/ellos.jpg?resize=750,500 750w, https:\/\/prensalibre-com-develop.go-vip.co\/guatevision\/wp-content\/uploads\/sites\/2\/2020\/05\/ellos.jpg?resize=150,100 150w\" sizes=\"auto, (max-width: 960px) 100vw, 960px\" \/><figcaption id=\"caption-attachment-340222\" class=\"wp-caption-text\">Los integrantes del grupo publicaron una fotograf\u00eda del concierto que dieron este 17 de mayo para apoyar en la iniciativa de Qu\u00e9date en casa, a causa de la pandemia. (Foto: Fb Bronco).<\/figcaption><\/figure>\n<p>Al final el grupo agradeci\u00f3 con un post en su p\u00e1gina de Facebook: &#8220;\u00a1No tenemos palabras para agradecer todo su cari\u00f1o, gracias por acompa\u00f1arnos en este nuestro primer concierto virtual, extra\u00f1amos su presencia f\u00edsica, pero sigamos en casa para poder estar juntos muy pronto, muchas gracias, la pasamos muy bien!&#8221;.<\/p>\n<p>https:\/\/www.youtube.com\/watch?v=SmZprZzQm6o<\/p>\n<p>&nbsp;<\/p>\n","protected":false},"excerpt":{"rendered":"<p>Algunos problemas t\u00e9cnicos en la transmisi\u00f3n del concierto en l\u00ednea del famoso grupo Bronco.  Esta es la primera vez que se presenta en vivo. <\/p>\n","protected":false},"author":98,"featured_media":340220,"comment_status":"closed","ping_status":"closed","sticky":false,"template":"","format":"standard","meta":{"_jetpack_memberships_contains_paid_content":false,"footnotes":""},"categories":[39736],"etiqueta":[40062,110,41723],"class_list":["post-340219","post","type-post","status-publish","format-standard","has-post-thumbnail","hentry","category-espectaculo","etiqueta-bronco","etiqueta-concierto","etiqueta-pandemia"],"yoast_head":"<!-- This site is optimized with the Yoast SEO plugin v23.9 - https:\/\/yoast.com\/wordpress\/plugins\/seo\/ -->\n<title>En l\u00ednea: Bronco y su primera vez - Guatevision<\/title>\n<meta name=\"robots\" content=\"index, follow, max-snippet:-1, max-image-preview:large, max-video-preview:-1\" \/>\n<link rel=\"canonical\" href=\"https:\/\/prensalibre-com-develop.go-vip.co\/guatevision\/espectaculo\/bronco-en-su-primer-concierto-en-vivo\" \/>\n<meta property=\"og:locale\" content=\"es_ES\" \/>\n<meta property=\"og:type\" content=\"article\" \/>\n<meta property=\"og:title\" content=\"En l\u00ednea: Bronco y su primera vez - Guatevision\" \/>\n<meta property=\"og:description\" content=\"Algunos problemas t\u00e9cnicos en la transmisi\u00f3n del concierto en l\u00ednea del famoso grupo Bronco. Esta es la primera vez que se presenta en vivo.\" \/>\n<meta property=\"og:url\" content=\"https:\/\/prensalibre-com-develop.go-vip.co\/guatevision\/espectaculo\/bronco-en-su-primer-concierto-en-vivo\" \/>\n<meta property=\"og:site_name\" content=\"Guatevision\" \/>\n<meta property=\"article:published_time\" content=\"2020-05-18T00:32:35+00:00\" \/>\n<meta property=\"article:modified_time\" content=\"2020-05-18T00:43:55+00:00\" \/>\n<meta property=\"og:image\" content=\"https:\/\/prensalibre-com-develop.go-vip.co\/guatevision\/wp-content\/uploads\/sites\/2\/2020\/05\/bc.jpg?quality=82\" \/>\n\t<meta property=\"og:image:width\" content=\"835\" \/>\n\t<meta property=\"og:image:height\" content=\"317\" \/>\n\t<meta property=\"og:image:type\" content=\"image\/jpeg\" \/>\n<meta name=\"author\" content=\"Ingrid Reyes\" \/>\n<meta name=\"twitter:card\" content=\"summary_large_image\" \/>\n<meta name=\"twitter:label1\" content=\"Written by\" \/>\n\t<meta name=\"twitter:data1\" content=\"Ingrid Reyes\" \/>\n\t<meta name=\"twitter:label2\" content=\"Est. reading time\" \/>\n\t<meta name=\"twitter:data2\" content=\"1 minute\" \/>\n<script type=\"application\/ld+json\" class=\"yoast-schema-graph\">{\"@context\":\"https:\/\/schema.org\",\"@graph\":[{\"@type\":\"Article\",\"@id\":\"https:\/\/prensalibre-com-develop.go-vip.co\/guatevision\/espectaculo\/bronco-en-su-primer-concierto-en-vivo#article\",\"isPartOf\":{\"@id\":\"https:\/\/prensalibre-com-develop.go-vip.co\/guatevision\/espectaculo\/bronco-en-su-primer-concierto-en-vivo\"},\"author\":{\"name\":\"Ingrid Reyes\",\"@id\":\"https:\/\/prensalibre-com-develop.go-vip.co\/guatevision\/#\/schema\/person\/b8166b81be87827838559f8e48d7e422\"},\"headline\":\"En l\u00ednea: Bronco y su primera vez\",\"datePublished\":\"2020-05-18T00:32:35+00:00\",\"dateModified\":\"2020-05-18T00:43:55+00:00\",\"mainEntityOfPage\":{\"@id\":\"https:\/\/prensalibre-com-develop.go-vip.co\/guatevision\/espectaculo\/bronco-en-su-primer-concierto-en-vivo\"},\"wordCount\":231,\"publisher\":{\"@id\":\"https:\/\/prensalibre-com-develop.go-vip.co\/guatevision\/#organization\"},\"image\":{\"@id\":\"https:\/\/prensalibre-com-develop.go-vip.co\/guatevision\/espectaculo\/bronco-en-su-primer-concierto-en-vivo#primaryimage\"},\"thumbnailUrl\":\"https:\/\/prensalibre-com-develop.go-vip.co\/guatevision\/wp-content\/uploads\/sites\/2\/2020\/05\/bc.jpg?quality=82\",\"articleSection\":[\"Espect\u00e1culos\"],\"inLanguage\":\"es-GT\"},{\"@type\":\"WebPage\",\"@id\":\"https:\/\/prensalibre-com-develop.go-vip.co\/guatevision\/espectaculo\/bronco-en-su-primer-concierto-en-vivo\",\"url\":\"https:\/\/prensalibre-com-develop.go-vip.co\/guatevision\/espectaculo\/bronco-en-su-primer-concierto-en-vivo\",\"name\":\"En l\u00ednea: Bronco y su primera vez - Guatevision\",\"isPartOf\":{\"@id\":\"https:\/\/prensalibre-com-develop.go-vip.co\/guatevision\/#website\"},\"primaryImageOfPage\":{\"@id\":\"https:\/\/prensalibre-com-develop.go-vip.co\/guatevision\/espectaculo\/bronco-en-su-primer-concierto-en-vivo#primaryimage\"},\"image\":{\"@id\":\"https:\/\/prensalibre-com-develop.go-vip.co\/guatevision\/espectaculo\/bronco-en-su-primer-concierto-en-vivo#primaryimage\"},\"thumbnailUrl\":\"https:\/\/prensalibre-com-develop.go-vip.co\/guatevision\/wp-content\/uploads\/sites\/2\/2020\/05\/bc.jpg?quality=82\",\"datePublished\":\"2020-05-18T00:32:35+00:00\",\"dateModified\":\"2020-05-18T00:43:55+00:00\",\"inLanguage\":\"es-GT\",\"potentialAction\":[{\"@type\":\"ReadAction\",\"target\":[\"https:\/\/prensalibre-com-develop.go-vip.co\/guatevision\/espectaculo\/bronco-en-su-primer-concierto-en-vivo\"]}]},{\"@type\":\"ImageObject\",\"inLanguage\":\"es-GT\",\"@id\":\"https:\/\/prensalibre-com-develop.go-vip.co\/guatevision\/espectaculo\/bronco-en-su-primer-concierto-en-vivo#primaryimage\",\"url\":\"https:\/\/prensalibre-com-develop.go-vip.co\/guatevision\/wp-content\/uploads\/sites\/2\/2020\/05\/bc.jpg?quality=82\",\"contentUrl\":\"https:\/\/prensalibre-com-develop.go-vip.co\/guatevision\/wp-content\/uploads\/sites\/2\/2020\/05\/bc.jpg?quality=82\",\"width\":835,\"height\":317},{\"@type\":\"WebSite\",\"@id\":\"https:\/\/prensalibre-com-develop.go-vip.co\/guatevision\/#website\",\"url\":\"https:\/\/prensalibre-com-develop.go-vip.co\/guatevision\/\",\"name\":\"Guatevision\",\"description\":\"\u00a1Enciende Lo Bueno!\",\"publisher\":{\"@id\":\"https:\/\/prensalibre-com-develop.go-vip.co\/guatevision\/#organization\"},\"potentialAction\":[{\"@type\":\"SearchAction\",\"target\":{\"@type\":\"EntryPoint\",\"urlTemplate\":\"https:\/\/prensalibre-com-develop.go-vip.co\/guatevision\/?s={search_term_string}\"},\"query-input\":{\"@type\":\"PropertyValueSpecification\",\"valueRequired\":true,\"valueName\":\"search_term_string\"}}],\"inLanguage\":\"es-GT\"},{\"@type\":\"Organization\",\"@id\":\"https:\/\/prensalibre-com-develop.go-vip.co\/guatevision\/#organization\",\"name\":\"Guatevision\",\"url\":\"https:\/\/prensalibre-com-develop.go-vip.co\/guatevision\/\",\"logo\":{\"@type\":\"ImageObject\",\"inLanguage\":\"es-GT\",\"@id\":\"https:\/\/prensalibre-com-develop.go-vip.co\/guatevision\/#\/schema\/logo\/image\/\",\"url\":\"https:\/\/prensalibre-com-develop.go-vip.co\/guatevision\/wp-content\/uploads\/sites\/2\/2026\/04\/Diseno-sin-titulo.png?quality=82\",\"contentUrl\":\"https:\/\/prensalibre-com-develop.go-vip.co\/guatevision\/wp-content\/uploads\/sites\/2\/2026\/04\/Diseno-sin-titulo.png?quality=82\",\"width\":1000,\"height\":600,\"caption\":\"Guatevision\"},\"image\":{\"@id\":\"https:\/\/prensalibre-com-develop.go-vip.co\/guatevision\/#\/schema\/logo\/image\/\"}},{\"@type\":\"Person\",\"@id\":\"https:\/\/prensalibre-com-develop.go-vip.co\/guatevision\/#\/schema\/person\/b8166b81be87827838559f8e48d7e422\",\"name\":\"Ingrid Reyes\",\"image\":{\"@type\":\"ImageObject\",\"inLanguage\":\"es-GT\",\"@id\":\"https:\/\/prensalibre-com-develop.go-vip.co\/guatevision\/#\/schema\/person\/image\/3fe86c4ab93f251436b712abc3cc74c7\",\"url\":\"https:\/\/secure.gravatar.com\/avatar\/6ff1f05a51740403fa2719face949fb28154c28fc10d3c3f454684be2c61c18e?s=96&d=mm&r=g\",\"contentUrl\":\"https:\/\/secure.gravatar.com\/avatar\/6ff1f05a51740403fa2719face949fb28154c28fc10d3c3f454684be2c61c18e?s=96&d=mm&r=g\",\"caption\":\"Ingrid Reyes\"},\"url\":\"https:\/\/prensalibre-com-develop.go-vip.co\/guatevision\/author\/ireyes\"}]}<\/script>\n<!-- \/ Yoast SEO plugin. -->","yoast_head_json":{"title":"En l\u00ednea: Bronco y su primera vez - Guatevision","robots":{"index":"index","follow":"follow","max-snippet":"max-snippet:-1","max-image-preview":"max-image-preview:large","max-video-preview":"max-video-preview:-1"},"canonical":"https:\/\/prensalibre-com-develop.go-vip.co\/guatevision\/espectaculo\/bronco-en-su-primer-concierto-en-vivo","og_locale":"es_ES","og_type":"article","og_title":"En l\u00ednea: Bronco y su primera vez - Guatevision","og_description":"Algunos problemas t\u00e9cnicos en la transmisi\u00f3n del concierto en l\u00ednea del famoso grupo Bronco. Esta es la primera vez que se presenta en vivo.","og_url":"https:\/\/prensalibre-com-develop.go-vip.co\/guatevision\/espectaculo\/bronco-en-su-primer-concierto-en-vivo","og_site_name":"Guatevision","article_published_time":"2020-05-18T00:32:35+00:00","article_modified_time":"2020-05-18T00:43:55+00:00","og_image":[{"width":835,"height":317,"url":"https:\/\/prensalibre-com-develop.go-vip.co\/guatevision\/wp-content\/uploads\/sites\/2\/2020\/05\/bc.jpg?quality=82","type":"image\/jpeg"}],"author":"Ingrid Reyes","twitter_card":"summary_large_image","twitter_misc":{"Written by":"Ingrid Reyes","Est. reading time":"1 minute"},"schema":{"@context":"https:\/\/schema.org","@graph":[{"@type":"Article","@id":"https:\/\/prensalibre-com-develop.go-vip.co\/guatevision\/espectaculo\/bronco-en-su-primer-concierto-en-vivo#article","isPartOf":{"@id":"https:\/\/prensalibre-com-develop.go-vip.co\/guatevision\/espectaculo\/bronco-en-su-primer-concierto-en-vivo"},"author":{"name":"Ingrid Reyes","@id":"https:\/\/prensalibre-com-develop.go-vip.co\/guatevision\/#\/schema\/person\/b8166b81be87827838559f8e48d7e422"},"headline":"En l\u00ednea: Bronco y su primera vez","datePublished":"2020-05-18T00:32:35+00:00","dateModified":"2020-05-18T00:43:55+00:00","mainEntityOfPage":{"@id":"https:\/\/prensalibre-com-develop.go-vip.co\/guatevision\/espectaculo\/bronco-en-su-primer-concierto-en-vivo"},"wordCount":231,"publisher":{"@id":"https:\/\/prensalibre-com-develop.go-vip.co\/guatevision\/#organization"},"image":{"@id":"https:\/\/prensalibre-com-develop.go-vip.co\/guatevision\/espectaculo\/bronco-en-su-primer-concierto-en-vivo#primaryimage"},"thumbnailUrl":"https:\/\/prensalibre-com-develop.go-vip.co\/guatevision\/wp-content\/uploads\/sites\/2\/2020\/05\/bc.jpg?quality=82","articleSection":["Espect\u00e1culos"],"inLanguage":"es-GT"},{"@type":"WebPage","@id":"https:\/\/prensalibre-com-develop.go-vip.co\/guatevision\/espectaculo\/bronco-en-su-primer-concierto-en-vivo","url":"https:\/\/prensalibre-com-develop.go-vip.co\/guatevision\/espectaculo\/bronco-en-su-primer-concierto-en-vivo","name":"En l\u00ednea: Bronco y su primera vez - Guatevision","isPartOf":{"@id":"https:\/\/prensalibre-com-develop.go-vip.co\/guatevision\/#website"},"primaryImageOfPage":{"@id":"https:\/\/prensalibre-com-develop.go-vip.co\/guatevision\/espectaculo\/bronco-en-su-primer-concierto-en-vivo#primaryimage"},"image":{"@id":"https:\/\/prensalibre-com-develop.go-vip.co\/guatevision\/espectaculo\/bronco-en-su-primer-concierto-en-vivo#primaryimage"},"thumbnailUrl":"https:\/\/prensalibre-com-develop.go-vip.co\/guatevision\/wp-content\/uploads\/sites\/2\/2020\/05\/bc.jpg?quality=82","datePublished":"2020-05-18T00:32:35+00:00","dateModified":"2020-05-18T00:43:55+00:00","inLanguage":"es-GT","potentialAction":[{"@type":"ReadAction","target":["https:\/\/prensalibre-com-develop.go-vip.co\/guatevision\/espectaculo\/bronco-en-su-primer-concierto-en-vivo"]}]},{"@type":"ImageObject","inLanguage":"es-GT","@id":"https:\/\/prensalibre-com-develop.go-vip.co\/guatevision\/espectaculo\/bronco-en-su-primer-concierto-en-vivo#primaryimage","url":"https:\/\/prensalibre-com-develop.go-vip.co\/guatevision\/wp-content\/uploads\/sites\/2\/2020\/05\/bc.jpg?quality=82","contentUrl":"https:\/\/prensalibre-com-develop.go-vip.co\/guatevision\/wp-content\/uploads\/sites\/2\/2020\/05\/bc.jpg?quality=82","width":835,"height":317},{"@type":"WebSite","@id":"https:\/\/prensalibre-com-develop.go-vip.co\/guatevision\/#website","url":"https:\/\/prensalibre-com-develop.go-vip.co\/guatevision\/","name":"Guatevision","description":"\u00a1Enciende Lo Bueno!","publisher":{"@id":"https:\/\/prensalibre-com-develop.go-vip.co\/guatevision\/#organization"},"potentialAction":[{"@type":"SearchAction","target":{"@type":"EntryPoint","urlTemplate":"https:\/\/prensalibre-com-develop.go-vip.co\/guatevision\/?s={search_term_string}"},"query-input":{"@type":"PropertyValueSpecification","valueRequired":true,"valueName":"search_term_string"}}],"inLanguage":"es-GT"},{"@type":"Organization","@id":"https:\/\/prensalibre-com-develop.go-vip.co\/guatevision\/#organization","name":"Guatevision","url":"https:\/\/prensalibre-com-develop.go-vip.co\/guatevision\/","logo":{"@type":"ImageObject","inLanguage":"es-GT","@id":"https:\/\/prensalibre-com-develop.go-vip.co\/guatevision\/#\/schema\/logo\/image\/","url":"https:\/\/prensalibre-com-develop.go-vip.co\/guatevision\/wp-content\/uploads\/sites\/2\/2026\/04\/Diseno-sin-titulo.png?quality=82","contentUrl":"https:\/\/prensalibre-com-develop.go-vip.co\/guatevision\/wp-content\/uploads\/sites\/2\/2026\/04\/Diseno-sin-titulo.png?quality=82","width":1000,"height":600,"caption":"Guatevision"},"image":{"@id":"https:\/\/prensalibre-com-develop.go-vip.co\/guatevision\/#\/schema\/logo\/image\/"}},{"@type":"Person","@id":"https:\/\/prensalibre-com-develop.go-vip.co\/guatevision\/#\/schema\/person\/b8166b81be87827838559f8e48d7e422","name":"Ingrid Reyes","image":{"@type":"ImageObject","inLanguage":"es-GT","@id":"https:\/\/prensalibre-com-develop.go-vip.co\/guatevision\/#\/schema\/person\/image\/3fe86c4ab93f251436b712abc3cc74c7","url":"https:\/\/secure.gravatar.com\/avatar\/6ff1f05a51740403fa2719face949fb28154c28fc10d3c3f454684be2c61c18e?s=96&d=mm&r=g","contentUrl":"https:\/\/secure.gravatar.com\/avatar\/6ff1f05a51740403fa2719face949fb28154c28fc10d3c3f454684be2c61c18e?s=96&d=mm&r=g","caption":"Ingrid Reyes"},"url":"https:\/\/prensalibre-com-develop.go-vip.co\/guatevision\/author\/ireyes"}]}},"jetpack_featured_media_url":"https:\/\/prensalibre-com-develop.go-vip.co\/guatevision\/wp-content\/uploads\/sites\/2\/2020\/05\/bc.jpg?quality=82","jetpack_sharing_enabled":true,"_links":{"self":[{"href":"https:\/\/prensalibre-com-develop.go-vip.co\/guatevision\/wp-json\/wp\/v2\/posts\/340219","targetHints":{"allow":["GET"]}}],"collection":[{"href":"https:\/\/prensalibre-com-develop.go-vip.co\/guatevision\/wp-json\/wp\/v2\/posts"}],"about":[{"href":"https:\/\/prensalibre-com-develop.go-vip.co\/guatevision\/wp-json\/wp\/v2\/types\/post"}],"author":[{"embeddable":true,"href":"https:\/\/prensalibre-com-develop.go-vip.co\/guatevision\/wp-json\/wp\/v2\/users\/98"}],"replies":[{"embeddable":true,"href":"https:\/\/prensalibre-com-develop.go-vip.co\/guatevision\/wp-json\/wp\/v2\/comments?post=340219"}],"version-history":[{"count":0,"href":"https:\/\/prensalibre-com-develop.go-vip.co\/guatevision\/wp-json\/wp\/v2\/posts\/340219\/revisions"}],"wp:featuredmedia":[{"embeddable":true,"href":"https:\/\/prensalibre-com-develop.go-vip.co\/guatevision\/wp-json\/wp\/v2\/media\/340220"}],"wp:attachment":[{"href":"https:\/\/prensalibre-com-develop.go-vip.co\/guatevision\/wp-json\/wp\/v2\/media?parent=340219"}],"wp:term":[{"taxonomy":"category","embeddable":true,"href":"https:\/\/prensalibre-com-develop.go-vip.co\/guatevision\/wp-json\/wp\/v2\/categories?post=340219"},{"taxonomy":"etiqueta","embeddable":true,"href":"https:\/\/prensalibre-com-develop.go-vip.co\/guatevision\/wp-json\/wp\/v2\/etiqueta?post=340219"}],"curies":[{"name":"wp","href":"https:\/\/api.w.org\/{rel}","templated":true}]}}