{"id":343197,"date":"2020-05-31T17:33:03","date_gmt":"2020-05-31T23:33:03","guid":{"rendered":"https:\/\/prensalibre-com-develop.go-vip.co\/guatevision\/?p=343197"},"modified":"2020-05-31T17:33:03","modified_gmt":"2020-05-31T23:33:03","slug":"como-puedo-optar-para-que-no-me-corten-los-servicios-basicos","status":"publish","type":"post","link":"https:\/\/prensalibre-com-develop.go-vip.co\/guatevision\/nacionales\/como-puedo-optar-para-que-no-me-corten-los-servicios-basicos","title":{"rendered":"C\u00f3mo puedo optar para que no me corten los servicios b\u00e1sicos"},"content":{"rendered":"<p>El decreto del Congreso entr\u00f3 en vigencia la semana pasada, pero el gobierno deb\u00eda elaborar el reglamento respectivo el cual fue aprobado por el gabinete de ministros con el acuerdo gubernativo 74-2020.<\/p>\n\n<p>Mientras el decreto generaliza la prohibici\u00f3n de corte, con el reglamento el gobierno establece qui\u00e9nes son los grupos de consumo a los cuales no se les puede cortar el servicio. Al resto las empresas podr\u00e1n suspenderles si no paga sus facturas.<\/p>\n<p>&nbsp;<\/p>\n<h2>Energ\u00eda<\/h2>\n<p>El reglamento establece que no se podr\u00e1 cortar el servicio durante la vigencia y aplicaci\u00f3n de las medidas de emergencia a las personas que est\u00e9n en situaci\u00f3n de vulnerabilidad, que sean usuarios residenciales solo en el caso que no haya pagado sus facturas mensuales emitidas en dicho per\u00edodo y cuyo consumo no exceda de 300 kilovatios hora al mes.<\/p>\n<p>Se establece en el documento que tal disposici\u00f3n de prohibici\u00f3n de corte aplica para el usuario que est\u00e9 al d\u00eda en el pago de sus facturas al momento de entrar en vigencia la ley.<\/p>\n<p>Si al entrar en vigencia dicha ley, el usuario tiene dos meses de mora en el pag\u00f3 de su servicio no le aplica el beneficio y la distribuidora puede continuar con el tr\u00e1mite de corte o suspensi\u00f3n del mismo.<\/p>\n<p>El decreto fue publicado el 21 de mayo y cobr\u00f3 vigencia el 22.<\/p>\n<p>Para gozar de este beneficio (que no le corten el servicio) el usuario deber\u00e1 solicitar a la distribuidora el diferimiento de pago de la factura dentro de los 5 d\u00edas h\u00e1biles con un convenio de pago de hasta 12 meses cuyo plazo iniciar\u00e1 en el mes siguiente en que cese la aplicaci\u00f3n de las medidas de emergencia. Las distribuidoras deber\u00e1n resolver en un per\u00edodo no mayor a 5 d\u00edas h\u00e1biles a partir de cuando recibieron la solicitud completa.<\/p>\n<p>El ministro de Energ\u00eda y Minas, Alberto Pimentel, dijo que bajo el decreto 15-2020 se da el beneficio de poder hacer convenios de pago por un plazo de 3 meses por las facturas partir de la entrada en vigencia de la ley, sin cobro de moras e intereses. El plazo ser\u00eda del 22 de mayo al 22 de agosto.<\/p>\n<p>Si se tienen pendientes facturas anteriores el usuario deber\u00e1 contactar a las distribuidoras con el fin hacer convenios bajo las condiciones de estas compa\u00f1\u00edas. Las distribuidoras ofrecieron desde abril la posibilidad hacer convenios de pago seg\u00fan un acuerdo que se logr\u00f3 entre esas empresas y el gobierno, anterior al decreto en menci\u00f3n.<\/p>\n<p>En el decreto se refiere que no se est\u00e1 eximiendo del pago a los usuarios. Se trata de un diferimiento de pagos.<\/p>\n<p>Agreg\u00f3 que quienes tengan convenio de pago ya efectuado, tambi\u00e9n pueden acceder a este beneficio por el plazo y las condiciones que fija el reglamento a la ley 15-2020.<\/p>\n<p>No tendr\u00e1n ese beneficio de prohibici\u00f3n de cortes de servicios y convenios de pago, bajo esa ley, los comercios o negocios, ni quienes consuman m\u00e1s de 300 kilovatios hora al mes, tampoco las empresas medianas o grandes que sean grandes usuarios.<\/p>\n<p>&nbsp;<\/p>\n<figure id=\"attachment_343200\" aria-describedby=\"caption-attachment-343200\" style=\"width: 1024px\" class=\"wp-caption aligncenter\"><img loading=\"lazy\" decoding=\"async\" class=\"wp-image-343200 size-large\" src=\"https:\/\/prensalibre-com-develop.go-vip.co\/guatevision\/wp-content\/uploads\/sites\/2\/2020\/05\/Captura-de-pantalla-2020-05-31-a-las-17.21.18.png?quality=82&amp;w=1024\" alt=\"luz\" width=\"1024\" height=\"572\" srcset=\"https:\/\/prensalibre-com-develop.go-vip.co\/guatevision\/wp-content\/uploads\/sites\/2\/2020\/05\/Captura-de-pantalla-2020-05-31-a-las-17.21.18.png 1508w, https:\/\/prensalibre-com-develop.go-vip.co\/guatevision\/wp-content\/uploads\/sites\/2\/2020\/05\/Captura-de-pantalla-2020-05-31-a-las-17.21.18.png?resize=300,168 300w, https:\/\/prensalibre-com-develop.go-vip.co\/guatevision\/wp-content\/uploads\/sites\/2\/2020\/05\/Captura-de-pantalla-2020-05-31-a-las-17.21.18.png?resize=768,429 768w, https:\/\/prensalibre-com-develop.go-vip.co\/guatevision\/wp-content\/uploads\/sites\/2\/2020\/05\/Captura-de-pantalla-2020-05-31-a-las-17.21.18.png?resize=1024,572 1024w, https:\/\/prensalibre-com-develop.go-vip.co\/guatevision\/wp-content\/uploads\/sites\/2\/2020\/05\/Captura-de-pantalla-2020-05-31-a-las-17.21.18.png?resize=276,154 276w, https:\/\/prensalibre-com-develop.go-vip.co\/guatevision\/wp-content\/uploads\/sites\/2\/2020\/05\/Captura-de-pantalla-2020-05-31-a-las-17.21.18.png?resize=260,146 260w, https:\/\/prensalibre-com-develop.go-vip.co\/guatevision\/wp-content\/uploads\/sites\/2\/2020\/05\/Captura-de-pantalla-2020-05-31-a-las-17.21.18.png?resize=150,84 150w\" sizes=\"auto, (max-width: 1024px) 100vw, 1024px\" \/><figcaption id=\"caption-attachment-343200\" class=\"wp-caption-text\">(Foto HemerotecaPL)<\/figcaption><\/figure>\n<p>&nbsp;<\/p>\n<h2>Agua<\/h2>\n<p>Para el servicio de agua el beneficio de prohibici\u00f3n de corte y poder efectuar un convenio de pago sin intereses, moras o recargos se establece para los usuarios que en la facturaci\u00f3n correspondiente a mayo del 2020 no efectuaron su pago de consumo por Q300 o menos.<\/p>\n<p>Podr\u00e1n realizar un convenio de pago de hasta 12 meses plazo por el consumo facturado no pagado durante la aplicaci\u00f3n y vigencia de las medidas de emergencia.<\/p>\n<p>El plazo para pagar el convenio se iniciar\u00e1 en el mes siguiente en que cese la aplicaci\u00f3n de las medidas de emergencia.<\/p>\n<p>&nbsp;<\/p>\n<figure id=\"attachment_332163\" aria-describedby=\"caption-attachment-332163\" style=\"width: 760px\" class=\"wp-caption aligncenter\"><img loading=\"lazy\" decoding=\"async\" class=\"wp-image-332163 size-large\" src=\"https:\/\/prensalibre-com-develop.go-vip.co\/guatevision\/wp-content\/uploads\/sites\/2\/2020\/04\/Augua.jpg?quality=82&amp;w=760\" alt=\"\" width=\"760\" height=\"430\" srcset=\"https:\/\/prensalibre-com-develop.go-vip.co\/guatevision\/wp-content\/uploads\/sites\/2\/2020\/04\/Augua.jpg 760w, https:\/\/prensalibre-com-develop.go-vip.co\/guatevision\/wp-content\/uploads\/sites\/2\/2020\/04\/Augua.jpg?resize=300,170 300w, https:\/\/prensalibre-com-develop.go-vip.co\/guatevision\/wp-content\/uploads\/sites\/2\/2020\/04\/Augua.jpg?resize=260,146 260w, https:\/\/prensalibre-com-develop.go-vip.co\/guatevision\/wp-content\/uploads\/sites\/2\/2020\/04\/Augua.jpg?resize=150,85 150w\" sizes=\"auto, (max-width: 760px) 100vw, 760px\" \/><figcaption id=\"caption-attachment-332163\" class=\"wp-caption-text\">(Foto HemerotecaPL)<\/figcaption><\/figure>\n<p>&nbsp;<\/p>\n<h2>Telefon\u00eda<\/h2>\n<p>Incluye telefon\u00eda fija y m\u00f3vil que tengan contrato de suministro mensual en modalidad de pospago, por el plazo de las medidas de emergencia.<\/p>\n<p>El operador no podr\u00e1 suspender el servicio telef\u00f3nico, tanto m\u00f3vil como fijo, pero s\u00ed podr\u00e1 reducirlo a un plan de comunicaci\u00f3n b\u00e1sica.<\/p>\n<p>El usuario conservar\u00e1 su n\u00famero de tel\u00e9fono asignado.<\/p>\n<p>Adem\u00e1s, no se aplicar\u00e1 a las cuentas de estos usuarios cargos moratorios ni cualquier otra penalizaci\u00f3n por falta de pago.<\/p>\n<p>Para los usuarios con la modalidad de prepago de servicio m\u00f3vil o residencial, la empresa deber\u00e1 mantener las facilidades que permitan mantener la comunicaci\u00f3n limitada y congruente a situaciones de emergencia y solo mientras dure el estado de Calamidad y sus pr\u00f3rrogas.<\/p>\n<p>&nbsp;<\/p>\n<figure id=\"attachment_146276\" aria-describedby=\"caption-attachment-146276\" style=\"width: 624px\" class=\"wp-caption aligncenter\"><img loading=\"lazy\" decoding=\"async\" class=\"wp-image-146276 size-large\" src=\"https:\/\/prensalibre-com-develop.go-vip.co\/guatevision\/wp-content\/uploads\/sites\/2\/2018\/01\/99734858_gettyimages-846148982.jpg?quality=82&amp;w=624\" alt=\"&quot;El mundo se est\u00e1 quedando sin potencia computacional&quot;: \u00bfqu\u00e9 es la Ley de Moore y por qu\u00e9 le preocupa al CEO de Microsoft?\" width=\"624\" height=\"351\" srcset=\"https:\/\/prensalibre-com-develop.go-vip.co\/guatevision\/wp-content\/uploads\/sites\/2\/2018\/01\/99734858_gettyimages-846148982.jpg 624w, https:\/\/prensalibre-com-develop.go-vip.co\/guatevision\/wp-content\/uploads\/sites\/2\/2018\/01\/99734858_gettyimages-846148982.jpg?resize=300,169 300w, https:\/\/prensalibre-com-develop.go-vip.co\/guatevision\/wp-content\/uploads\/sites\/2\/2018\/01\/99734858_gettyimages-846148982.jpg?resize=276,154 276w, https:\/\/prensalibre-com-develop.go-vip.co\/guatevision\/wp-content\/uploads\/sites\/2\/2018\/01\/99734858_gettyimages-846148982.jpg?resize=260,146 260w, https:\/\/prensalibre-com-develop.go-vip.co\/guatevision\/wp-content\/uploads\/sites\/2\/2018\/01\/99734858_gettyimages-846148982.jpg?resize=150,84 150w\" sizes=\"auto, (max-width: 624px) 100vw, 624px\" \/><figcaption id=\"caption-attachment-146276\" class=\"wp-caption-text\">GETTY IMAGES<\/figcaption><\/figure>\n<p>&nbsp;<\/p>\n<h2>Internet fijo o m\u00f3vil<\/h2>\n<p>Por el servicio de Internet fijo o m\u00f3vil pospago el proveedor no podr\u00e1 suspender el servicio por falta de pago, pero s\u00ed podr\u00e1 reducirlo a una navegaci\u00f3n b\u00e1sica que permita el acceso a correo electr\u00f3nico de los usuarios y p\u00e1ginas de gobierno.<\/p>\n<p>Tampoco se aplicar\u00e1n a estos usuarios cargos moratorios ni cualquier otra penalizaci\u00f3n por falta de pago.<\/p>\n<p>En la modalidad de prepago de internet fijo o m\u00f3vil la proveedora deber\u00e1 permitirle navegar y tener acceso a las p\u00e1ginas oficiales de los ministerios de gobierno y dem\u00e1s entidades p\u00fablicas.<\/p>\n<p>Finalizando el plazo estipulado en este reglamento, los usuarios de telefon\u00eda tanto fija o m\u00f3vil e internet que haya solicitado los beneficios deben continuar con sus planes contratados oportunamente.<\/p>\n<p>Los usuarios pueden optar al convenio de pago hasta de 12 cuotas mensuales iniciando en el mes siguiente en que cese la aplicaci\u00f3n de las medidas de emergencia.<\/p>\n<p>En estos servicios tampoco se exime del pago. Se especifica que las obligaciones y contrataciones celebradas entre usuarios y empresarios anteriores a la fecha de estado de Calamidad no se ver\u00e1n afectadas por la suscripci\u00f3n del convenio respectivo ni por las medidas acordadas por la ley 15-2020 y su reglamento.<\/p>\n<p>&nbsp;<\/p>\n<figure id=\"attachment_129834\" aria-describedby=\"caption-attachment-129834\" style=\"width: 660px\" class=\"wp-caption aligncenter\"><img loading=\"lazy\" decoding=\"async\" class=\"wp-image-129834 size-large\" src=\"https:\/\/prensalibre-com-develop.go-vip.co\/guatevision\/wp-content\/uploads\/sites\/2\/2017\/11\/ansiedad_-_computadora.jpg?quality=82&amp;w=660\" alt=\"mail\" width=\"660\" height=\"371\" srcset=\"https:\/\/prensalibre-com-develop.go-vip.co\/guatevision\/wp-content\/uploads\/sites\/2\/2017\/11\/ansiedad_-_computadora.jpg 660w, https:\/\/prensalibre-com-develop.go-vip.co\/guatevision\/wp-content\/uploads\/sites\/2\/2017\/11\/ansiedad_-_computadora.jpg?resize=300,169 300w, https:\/\/prensalibre-com-develop.go-vip.co\/guatevision\/wp-content\/uploads\/sites\/2\/2017\/11\/ansiedad_-_computadora.jpg?resize=276,154 276w, https:\/\/prensalibre-com-develop.go-vip.co\/guatevision\/wp-content\/uploads\/sites\/2\/2017\/11\/ansiedad_-_computadora.jpg?resize=260,146 260w, https:\/\/prensalibre-com-develop.go-vip.co\/guatevision\/wp-content\/uploads\/sites\/2\/2017\/11\/ansiedad_-_computadora.jpg?resize=150,84 150w\" sizes=\"auto, (max-width: 660px) 100vw, 660px\" \/><figcaption id=\"caption-attachment-129834\" class=\"wp-caption-text\">(Foto PLHemeroteca)<\/figcaption><\/figure>\n<p>&nbsp;<\/p>\n<h2>Cable<\/h2>\n<p>Por el servicio de suministro mensual de cable pospago el operador no podr\u00e1 suspender el servicio cable, pero s\u00ed podr\u00e1 reducirlo a un plan de programaci\u00f3n b\u00e1sica.<\/p>\n<p>Tampoco podr\u00e1n cobrar cargos moratorios ni cualquier otra penalizaci\u00f3n por falta de pago y los usuarios podr\u00e1n acceder a convenios de pago.<\/p>\n<p>Para cumplir con la aplicaci\u00f3n del decreto 15-2020, el Cr\u00e9dito Hipotecario Nacional y las municipalidades deber\u00e1n emitir sus respectivos reglamentos, seg\u00fan se indica en el acuerdo gubernativo 74-2020.<\/p>\n<p>&nbsp;<\/p>\n<h4>Con informaci\u00f3n de Rosa Mar\u00eda Bola\u00f1os.<\/h4>\n","protected":false},"excerpt":{"rendered":"<p>Este 31 de mayo entr\u00f3 en vigencia el reglamento del decreto 15-2020 el cual delimita a qui\u00e9nes no se les podr\u00e1 cortar los servicios p\u00fablicos<\/p>\n","protected":false},"author":113,"featured_media":322675,"comment_status":"closed","ping_status":"closed","sticky":false,"template":"","format":"standard","meta":{"_jetpack_memberships_contains_paid_content":false,"footnotes":""},"categories":[39733],"etiqueta":[20821,42819,42727,389,24349,42577,42555],"class_list":["post-343197","post","type-post","status-publish","format-standard","has-post-thumbnail","hentry","category-nacionales","etiqueta-agua","etiqueta-cabre","etiqueta-decreto-15-2020","etiqueta-energia-electrica","etiqueta-internet","etiqueta-servicios-basicos","etiqueta-telefonia"],"yoast_head":"<!-- This site is optimized with the Yoast SEO plugin v23.9 - https:\/\/yoast.com\/wordpress\/plugins\/seo\/ -->\n<title>C\u00f3mo puedo optar para que no me corten los servicios b\u00e1sicos - Guatevision<\/title>\n<meta name=\"robots\" content=\"index, follow, max-snippet:-1, max-image-preview:large, max-video-preview:-1\" \/>\n<link rel=\"canonical\" href=\"https:\/\/prensalibre-com-develop.go-vip.co\/guatevision\/nacionales\/como-puedo-optar-para-que-no-me-corten-los-servicios-basicos\" \/>\n<meta property=\"og:locale\" content=\"es_ES\" \/>\n<meta property=\"og:type\" content=\"article\" \/>\n<meta property=\"og:title\" content=\"C\u00f3mo puedo optar para que no me corten los servicios b\u00e1sicos - Guatevision\" \/>\n<meta property=\"og:description\" content=\"Este 31 de mayo entr\u00f3 en vigencia el reglamento del decreto 15-2020 el cual delimita a qui\u00e9nes no se les podr\u00e1 cortar los servicios p\u00fablicos\" \/>\n<meta property=\"og:url\" content=\"https:\/\/prensalibre-com-develop.go-vip.co\/guatevision\/nacionales\/como-puedo-optar-para-que-no-me-corten-los-servicios-basicos\" \/>\n<meta property=\"og:site_name\" content=\"Guatevision\" \/>\n<meta property=\"article:published_time\" content=\"2020-05-31T23:33:03+00:00\" \/>\n<meta property=\"og:image\" content=\"https:\/\/prensalibre-com-develop.go-vip.co\/guatevision\/wp-content\/uploads\/sites\/2\/2020\/02\/110795790_gettyimages-918572576.jpg?quality=82\" \/>\n\t<meta property=\"og:image:width\" content=\"660\" \/>\n\t<meta property=\"og:image:height\" content=\"405\" \/>\n\t<meta property=\"og:image:type\" content=\"image\/jpeg\" \/>\n<meta name=\"author\" content=\"Paula Maria Ozaeta\" \/>\n<meta name=\"twitter:card\" content=\"summary_large_image\" \/>\n<meta name=\"twitter:label1\" content=\"Written by\" \/>\n\t<meta name=\"twitter:data1\" content=\"Paula Maria Ozaeta\" \/>\n\t<meta name=\"twitter:label2\" content=\"Est. reading time\" \/>\n\t<meta name=\"twitter:data2\" content=\"6 minutes\" \/>\n<script type=\"application\/ld+json\" class=\"yoast-schema-graph\">{\"@context\":\"https:\/\/schema.org\",\"@graph\":[{\"@type\":\"Article\",\"@id\":\"https:\/\/prensalibre-com-develop.go-vip.co\/guatevision\/nacionales\/como-puedo-optar-para-que-no-me-corten-los-servicios-basicos#article\",\"isPartOf\":{\"@id\":\"https:\/\/prensalibre-com-develop.go-vip.co\/guatevision\/nacionales\/como-puedo-optar-para-que-no-me-corten-los-servicios-basicos\"},\"author\":{\"name\":\"Paula Maria Ozaeta\",\"@id\":\"https:\/\/prensalibre-com-develop.go-vip.co\/guatevision\/#\/schema\/person\/3614be99b86c0f62811dc0a5ef43fa97\"},\"headline\":\"C\u00f3mo puedo optar para que no me corten los servicios b\u00e1sicos\",\"datePublished\":\"2020-05-31T23:33:03+00:00\",\"dateModified\":\"2020-05-31T23:33:03+00:00\",\"mainEntityOfPage\":{\"@id\":\"https:\/\/prensalibre-com-develop.go-vip.co\/guatevision\/nacionales\/como-puedo-optar-para-que-no-me-corten-los-servicios-basicos\"},\"wordCount\":1121,\"publisher\":{\"@id\":\"https:\/\/prensalibre-com-develop.go-vip.co\/guatevision\/#organization\"},\"image\":{\"@id\":\"https:\/\/prensalibre-com-develop.go-vip.co\/guatevision\/nacionales\/como-puedo-optar-para-que-no-me-corten-los-servicios-basicos#primaryimage\"},\"thumbnailUrl\":\"https:\/\/prensalibre-com-develop.go-vip.co\/guatevision\/wp-content\/uploads\/sites\/2\/2020\/02\/110795790_gettyimages-918572576.jpg?quality=82\",\"articleSection\":[\"Nacionales\"],\"inLanguage\":\"es-GT\"},{\"@type\":\"WebPage\",\"@id\":\"https:\/\/prensalibre-com-develop.go-vip.co\/guatevision\/nacionales\/como-puedo-optar-para-que-no-me-corten-los-servicios-basicos\",\"url\":\"https:\/\/prensalibre-com-develop.go-vip.co\/guatevision\/nacionales\/como-puedo-optar-para-que-no-me-corten-los-servicios-basicos\",\"name\":\"C\u00f3mo puedo optar para que no me corten los servicios b\u00e1sicos - Guatevision\",\"isPartOf\":{\"@id\":\"https:\/\/prensalibre-com-develop.go-vip.co\/guatevision\/#website\"},\"primaryImageOfPage\":{\"@id\":\"https:\/\/prensalibre-com-develop.go-vip.co\/guatevision\/nacionales\/como-puedo-optar-para-que-no-me-corten-los-servicios-basicos#primaryimage\"},\"image\":{\"@id\":\"https:\/\/prensalibre-com-develop.go-vip.co\/guatevision\/nacionales\/como-puedo-optar-para-que-no-me-corten-los-servicios-basicos#primaryimage\"},\"thumbnailUrl\":\"https:\/\/prensalibre-com-develop.go-vip.co\/guatevision\/wp-content\/uploads\/sites\/2\/2020\/02\/110795790_gettyimages-918572576.jpg?quality=82\",\"datePublished\":\"2020-05-31T23:33:03+00:00\",\"dateModified\":\"2020-05-31T23:33:03+00:00\",\"inLanguage\":\"es-GT\",\"potentialAction\":[{\"@type\":\"ReadAction\",\"target\":[\"https:\/\/prensalibre-com-develop.go-vip.co\/guatevision\/nacionales\/como-puedo-optar-para-que-no-me-corten-los-servicios-basicos\"]}]},{\"@type\":\"ImageObject\",\"inLanguage\":\"es-GT\",\"@id\":\"https:\/\/prensalibre-com-develop.go-vip.co\/guatevision\/nacionales\/como-puedo-optar-para-que-no-me-corten-los-servicios-basicos#primaryimage\",\"url\":\"https:\/\/prensalibre-com-develop.go-vip.co\/guatevision\/wp-content\/uploads\/sites\/2\/2020\/02\/110795790_gettyimages-918572576.jpg?quality=82\",\"contentUrl\":\"https:\/\/prensalibre-com-develop.go-vip.co\/guatevision\/wp-content\/uploads\/sites\/2\/2020\/02\/110795790_gettyimages-918572576.jpg?quality=82\",\"width\":660,\"height\":405,\"caption\":\"Seg\u00fan una encuesta de usuarios de internet, solo el 15% piensa que su computadora port\u00e1til es su dispositivo m\u00e1s importante, mientras que el 66% cree que su tel\u00e9fono inteligente lo es. GETTY IMAGES\"},{\"@type\":\"WebSite\",\"@id\":\"https:\/\/prensalibre-com-develop.go-vip.co\/guatevision\/#website\",\"url\":\"https:\/\/prensalibre-com-develop.go-vip.co\/guatevision\/\",\"name\":\"Guatevision\",\"description\":\"\u00a1Enciende Lo Bueno!\",\"publisher\":{\"@id\":\"https:\/\/prensalibre-com-develop.go-vip.co\/guatevision\/#organization\"},\"potentialAction\":[{\"@type\":\"SearchAction\",\"target\":{\"@type\":\"EntryPoint\",\"urlTemplate\":\"https:\/\/prensalibre-com-develop.go-vip.co\/guatevision\/?s={search_term_string}\"},\"query-input\":{\"@type\":\"PropertyValueSpecification\",\"valueRequired\":true,\"valueName\":\"search_term_string\"}}],\"inLanguage\":\"es-GT\"},{\"@type\":\"Organization\",\"@id\":\"https:\/\/prensalibre-com-develop.go-vip.co\/guatevision\/#organization\",\"name\":\"Guatevision\",\"url\":\"https:\/\/prensalibre-com-develop.go-vip.co\/guatevision\/\",\"logo\":{\"@type\":\"ImageObject\",\"inLanguage\":\"es-GT\",\"@id\":\"https:\/\/prensalibre-com-develop.go-vip.co\/guatevision\/#\/schema\/logo\/image\/\",\"url\":\"https:\/\/prensalibre-com-develop.go-vip.co\/guatevision\/wp-content\/uploads\/sites\/2\/2026\/04\/Diseno-sin-titulo.png?quality=82\",\"contentUrl\":\"https:\/\/prensalibre-com-develop.go-vip.co\/guatevision\/wp-content\/uploads\/sites\/2\/2026\/04\/Diseno-sin-titulo.png?quality=82\",\"width\":1000,\"height\":600,\"caption\":\"Guatevision\"},\"image\":{\"@id\":\"https:\/\/prensalibre-com-develop.go-vip.co\/guatevision\/#\/schema\/logo\/image\/\"}},{\"@type\":\"Person\",\"@id\":\"https:\/\/prensalibre-com-develop.go-vip.co\/guatevision\/#\/schema\/person\/3614be99b86c0f62811dc0a5ef43fa97\",\"name\":\"Paula Maria Ozaeta\",\"image\":{\"@type\":\"ImageObject\",\"inLanguage\":\"es-GT\",\"@id\":\"https:\/\/prensalibre-com-develop.go-vip.co\/guatevision\/#\/schema\/person\/image\/b092428151beeb018a88a7bfb3b75d0c\",\"url\":\"https:\/\/secure.gravatar.com\/avatar\/1dfb9a2216b5ceb12c2f53a8a403239b04b60dc8772bba568fb594349a2078d6?s=96&d=mm&r=g\",\"contentUrl\":\"https:\/\/secure.gravatar.com\/avatar\/1dfb9a2216b5ceb12c2f53a8a403239b04b60dc8772bba568fb594349a2078d6?s=96&d=mm&r=g\",\"caption\":\"Paula Maria Ozaeta\"},\"url\":\"https:\/\/prensalibre-com-develop.go-vip.co\/guatevision\/author\/pozaeta\"}]}<\/script>\n<!-- \/ Yoast SEO plugin. -->","yoast_head_json":{"title":"C\u00f3mo puedo optar para que no me corten los servicios b\u00e1sicos - Guatevision","robots":{"index":"index","follow":"follow","max-snippet":"max-snippet:-1","max-image-preview":"max-image-preview:large","max-video-preview":"max-video-preview:-1"},"canonical":"https:\/\/prensalibre-com-develop.go-vip.co\/guatevision\/nacionales\/como-puedo-optar-para-que-no-me-corten-los-servicios-basicos","og_locale":"es_ES","og_type":"article","og_title":"C\u00f3mo puedo optar para que no me corten los servicios b\u00e1sicos - Guatevision","og_description":"Este 31 de mayo entr\u00f3 en vigencia el reglamento del decreto 15-2020 el cual delimita a qui\u00e9nes no se les podr\u00e1 cortar los servicios p\u00fablicos","og_url":"https:\/\/prensalibre-com-develop.go-vip.co\/guatevision\/nacionales\/como-puedo-optar-para-que-no-me-corten-los-servicios-basicos","og_site_name":"Guatevision","article_published_time":"2020-05-31T23:33:03+00:00","og_image":[{"width":660,"height":405,"url":"https:\/\/prensalibre-com-develop.go-vip.co\/guatevision\/wp-content\/uploads\/sites\/2\/2020\/02\/110795790_gettyimages-918572576.jpg?quality=82","type":"image\/jpeg"}],"author":"Paula Maria Ozaeta","twitter_card":"summary_large_image","twitter_misc":{"Written by":"Paula Maria Ozaeta","Est. reading time":"6 minutes"},"schema":{"@context":"https:\/\/schema.org","@graph":[{"@type":"Article","@id":"https:\/\/prensalibre-com-develop.go-vip.co\/guatevision\/nacionales\/como-puedo-optar-para-que-no-me-corten-los-servicios-basicos#article","isPartOf":{"@id":"https:\/\/prensalibre-com-develop.go-vip.co\/guatevision\/nacionales\/como-puedo-optar-para-que-no-me-corten-los-servicios-basicos"},"author":{"name":"Paula Maria Ozaeta","@id":"https:\/\/prensalibre-com-develop.go-vip.co\/guatevision\/#\/schema\/person\/3614be99b86c0f62811dc0a5ef43fa97"},"headline":"C\u00f3mo puedo optar para que no me corten los servicios b\u00e1sicos","datePublished":"2020-05-31T23:33:03+00:00","dateModified":"2020-05-31T23:33:03+00:00","mainEntityOfPage":{"@id":"https:\/\/prensalibre-com-develop.go-vip.co\/guatevision\/nacionales\/como-puedo-optar-para-que-no-me-corten-los-servicios-basicos"},"wordCount":1121,"publisher":{"@id":"https:\/\/prensalibre-com-develop.go-vip.co\/guatevision\/#organization"},"image":{"@id":"https:\/\/prensalibre-com-develop.go-vip.co\/guatevision\/nacionales\/como-puedo-optar-para-que-no-me-corten-los-servicios-basicos#primaryimage"},"thumbnailUrl":"https:\/\/prensalibre-com-develop.go-vip.co\/guatevision\/wp-content\/uploads\/sites\/2\/2020\/02\/110795790_gettyimages-918572576.jpg?quality=82","articleSection":["Nacionales"],"inLanguage":"es-GT"},{"@type":"WebPage","@id":"https:\/\/prensalibre-com-develop.go-vip.co\/guatevision\/nacionales\/como-puedo-optar-para-que-no-me-corten-los-servicios-basicos","url":"https:\/\/prensalibre-com-develop.go-vip.co\/guatevision\/nacionales\/como-puedo-optar-para-que-no-me-corten-los-servicios-basicos","name":"C\u00f3mo puedo optar para que no me corten los servicios b\u00e1sicos - Guatevision","isPartOf":{"@id":"https:\/\/prensalibre-com-develop.go-vip.co\/guatevision\/#website"},"primaryImageOfPage":{"@id":"https:\/\/prensalibre-com-develop.go-vip.co\/guatevision\/nacionales\/como-puedo-optar-para-que-no-me-corten-los-servicios-basicos#primaryimage"},"image":{"@id":"https:\/\/prensalibre-com-develop.go-vip.co\/guatevision\/nacionales\/como-puedo-optar-para-que-no-me-corten-los-servicios-basicos#primaryimage"},"thumbnailUrl":"https:\/\/prensalibre-com-develop.go-vip.co\/guatevision\/wp-content\/uploads\/sites\/2\/2020\/02\/110795790_gettyimages-918572576.jpg?quality=82","datePublished":"2020-05-31T23:33:03+00:00","dateModified":"2020-05-31T23:33:03+00:00","inLanguage":"es-GT","potentialAction":[{"@type":"ReadAction","target":["https:\/\/prensalibre-com-develop.go-vip.co\/guatevision\/nacionales\/como-puedo-optar-para-que-no-me-corten-los-servicios-basicos"]}]},{"@type":"ImageObject","inLanguage":"es-GT","@id":"https:\/\/prensalibre-com-develop.go-vip.co\/guatevision\/nacionales\/como-puedo-optar-para-que-no-me-corten-los-servicios-basicos#primaryimage","url":"https:\/\/prensalibre-com-develop.go-vip.co\/guatevision\/wp-content\/uploads\/sites\/2\/2020\/02\/110795790_gettyimages-918572576.jpg?quality=82","contentUrl":"https:\/\/prensalibre-com-develop.go-vip.co\/guatevision\/wp-content\/uploads\/sites\/2\/2020\/02\/110795790_gettyimages-918572576.jpg?quality=82","width":660,"height":405,"caption":"Seg\u00fan una encuesta de usuarios de internet, solo el 15% piensa que su computadora port\u00e1til es su dispositivo m\u00e1s importante, mientras que el 66% cree que su tel\u00e9fono inteligente lo es. GETTY IMAGES"},{"@type":"WebSite","@id":"https:\/\/prensalibre-com-develop.go-vip.co\/guatevision\/#website","url":"https:\/\/prensalibre-com-develop.go-vip.co\/guatevision\/","name":"Guatevision","description":"\u00a1Enciende Lo Bueno!","publisher":{"@id":"https:\/\/prensalibre-com-develop.go-vip.co\/guatevision\/#organization"},"potentialAction":[{"@type":"SearchAction","target":{"@type":"EntryPoint","urlTemplate":"https:\/\/prensalibre-com-develop.go-vip.co\/guatevision\/?s={search_term_string}"},"query-input":{"@type":"PropertyValueSpecification","valueRequired":true,"valueName":"search_term_string"}}],"inLanguage":"es-GT"},{"@type":"Organization","@id":"https:\/\/prensalibre-com-develop.go-vip.co\/guatevision\/#organization","name":"Guatevision","url":"https:\/\/prensalibre-com-develop.go-vip.co\/guatevision\/","logo":{"@type":"ImageObject","inLanguage":"es-GT","@id":"https:\/\/prensalibre-com-develop.go-vip.co\/guatevision\/#\/schema\/logo\/image\/","url":"https:\/\/prensalibre-com-develop.go-vip.co\/guatevision\/wp-content\/uploads\/sites\/2\/2026\/04\/Diseno-sin-titulo.png?quality=82","contentUrl":"https:\/\/prensalibre-com-develop.go-vip.co\/guatevision\/wp-content\/uploads\/sites\/2\/2026\/04\/Diseno-sin-titulo.png?quality=82","width":1000,"height":600,"caption":"Guatevision"},"image":{"@id":"https:\/\/prensalibre-com-develop.go-vip.co\/guatevision\/#\/schema\/logo\/image\/"}},{"@type":"Person","@id":"https:\/\/prensalibre-com-develop.go-vip.co\/guatevision\/#\/schema\/person\/3614be99b86c0f62811dc0a5ef43fa97","name":"Paula Maria Ozaeta","image":{"@type":"ImageObject","inLanguage":"es-GT","@id":"https:\/\/prensalibre-com-develop.go-vip.co\/guatevision\/#\/schema\/person\/image\/b092428151beeb018a88a7bfb3b75d0c","url":"https:\/\/secure.gravatar.com\/avatar\/1dfb9a2216b5ceb12c2f53a8a403239b04b60dc8772bba568fb594349a2078d6?s=96&d=mm&r=g","contentUrl":"https:\/\/secure.gravatar.com\/avatar\/1dfb9a2216b5ceb12c2f53a8a403239b04b60dc8772bba568fb594349a2078d6?s=96&d=mm&r=g","caption":"Paula Maria Ozaeta"},"url":"https:\/\/prensalibre-com-develop.go-vip.co\/guatevision\/author\/pozaeta"}]}},"jetpack_featured_media_url":"https:\/\/prensalibre-com-develop.go-vip.co\/guatevision\/wp-content\/uploads\/sites\/2\/2020\/02\/110795790_gettyimages-918572576.jpg?quality=82","jetpack_sharing_enabled":true,"_links":{"self":[{"href":"https:\/\/prensalibre-com-develop.go-vip.co\/guatevision\/wp-json\/wp\/v2\/posts\/343197","targetHints":{"allow":["GET"]}}],"collection":[{"href":"https:\/\/prensalibre-com-develop.go-vip.co\/guatevision\/wp-json\/wp\/v2\/posts"}],"about":[{"href":"https:\/\/prensalibre-com-develop.go-vip.co\/guatevision\/wp-json\/wp\/v2\/types\/post"}],"author":[{"embeddable":true,"href":"https:\/\/prensalibre-com-develop.go-vip.co\/guatevision\/wp-json\/wp\/v2\/users\/113"}],"replies":[{"embeddable":true,"href":"https:\/\/prensalibre-com-develop.go-vip.co\/guatevision\/wp-json\/wp\/v2\/comments?post=343197"}],"version-history":[{"count":0,"href":"https:\/\/prensalibre-com-develop.go-vip.co\/guatevision\/wp-json\/wp\/v2\/posts\/343197\/revisions"}],"wp:featuredmedia":[{"embeddable":true,"href":"https:\/\/prensalibre-com-develop.go-vip.co\/guatevision\/wp-json\/wp\/v2\/media\/322675"}],"wp:attachment":[{"href":"https:\/\/prensalibre-com-develop.go-vip.co\/guatevision\/wp-json\/wp\/v2\/media?parent=343197"}],"wp:term":[{"taxonomy":"category","embeddable":true,"href":"https:\/\/prensalibre-com-develop.go-vip.co\/guatevision\/wp-json\/wp\/v2\/categories?post=343197"},{"taxonomy":"etiqueta","embeddable":true,"href":"https:\/\/prensalibre-com-develop.go-vip.co\/guatevision\/wp-json\/wp\/v2\/etiqueta?post=343197"}],"curies":[{"name":"wp","href":"https:\/\/api.w.org\/{rel}","templated":true}]}}