{"id":3713,"date":"2016-11-06T12:33:48","date_gmt":"2016-11-06T18:33:48","guid":{"rendered":"https:\/\/prensalibre-com-develop.go-vip.co\/guatevision\/?p=3713"},"modified":"2016-11-06T22:02:46","modified_gmt":"2016-11-07T04:02:46","slug":"cristiano-ronaldo-amplia-contrato","status":"publish","type":"post","link":"https:\/\/prensalibre-com-develop.go-vip.co\/guatevision\/historico\/cristiano-ronaldo-amplia-contrato","title":{"rendered":"Cristiano Ronaldo ampl\u00eda su contrato con el Real Madrid hasta 2021"},"content":{"rendered":"<p>&nbsp;<\/p>\n<p style=\"text-align: justify;\">El jugador portugu\u00e9s del Real Madrid Cristiano Ronaldo ha renovado a sus 31 a\u00f1os con el Real Madrid por tres temporadas m\u00e1s, hasta 2021, con lo que el jugador apunta a un posible fin de carrera vestido de blanco.<\/p>\n<p style=\"text-align: justify;\">Cristiano &#8220;queda vinculado al club hasta el 30 de junio de 2021&#8221;, anunci\u00f3 el club este domingo en un comunicado oficial, anunciando un acto para oficializar la renovaci\u00f3n y una rueda de prensa del jugador para el lunes en el estadio Santiago Bernab\u00e9u.<\/p>\n<p style=\"text-align: justify;\">La estrella portuguesa estar\u00e1 acompa\u00f1ada por el presidente del club, Florentino P\u00e9rez, seg\u00fan la nota.<\/p>\n<p style=\"text-align: justify;\">El Real Madrid no ha dado detalles sobre las cifras de la operaci\u00f3n ni sobre el eventual salario del jugador, pero tras su primera renovaci\u00f3n en 2013, el diario Marca public\u00f3 que cobraba unos 17 millones de euros por temporada.<\/p>\n<p style=\"text-align: justify;\">A primera hora de la tarde, el t\u00e9cnico blanco, Zinedine Zidane, hab\u00eda mostrado su satisfacci\u00f3n por la renovaci\u00f3n de su estrella.<\/p>\n<p style=\"text-align: justify;\">&#8220;Estoy contento, lo que tiene que hacer es acabar su carrera aqu\u00ed. Cristiano es \u00fanico, lo que ha hecho, lo que es&#8221;, dijo Zidane tras la victoria 3-0 sobre el Legan\u00e9s en Liga.<\/p>\n<p style=\"text-align: justify;\">El t\u00e9cnico blanco confi\u00f3 en que pueda &#8220;acabar con esta camiseta blanca como hice yo hace a\u00f1os&#8221;.<\/p>\n<p style=\"text-align: justify;\">El tres veces Bal\u00f3n de Oro ya hab\u00eda mostrado en varias ocasiones su deseo de renovar con el equipo blanco, del que se ha convertido en un emblema y es su mejor goleador hist\u00f3rico.<\/p>\n<p style=\"text-align: justify;\">&#8220;Si fuera presidente del Real Madrid y tuviera un jugador como yo, lo renovar\u00eda por lo menos diez a\u00f1os&#8221;, aseguraba el mes pasado el astro luso.<\/p>\n\n<h3 style=\"text-align: justify;\"><strong>&#8211; Exitoso 2016 &#8211;<\/strong><\/h3>\n<p style=\"text-align: justify;\">Llegado al Real Madrid en el a\u00f1o 2009 por 94 millones de euros procedente del M\u00e1nchester United, el luso lo ha ganado todo en el Real Madrid.<\/p>\n<p style=\"text-align: justify;\">En su palmar\u00e9s figuran una Liga (2011\/2012), dos Copas del Rey (2011 y 2014), dos Ligas de Campeones (2014 y 2016), una Supercopa de Espa\u00f1a (2012), dos Supercopas de Europa (2014 y 2016) y un Mundial de Clubes (2014).<\/p>\n<p style=\"text-align: justify;\">Su segunda renovaci\u00f3n con el equipo blanco rubrica un a\u00f1o 2016 espl\u00e9ndido para el delantero luso, en el que gan\u00f3 su segunda Liga de Campeones y se proclam\u00f3 campe\u00f3n de Europa con Portugal, mientras espera un eventual cuarto Bal\u00f3n de Oro.<\/p>\n<p style=\"text-align: justify;\">Adem\u00e1s, sin duda, animar\u00e1 a un jugador que est\u00e1 teniendo un irregular inicio de temporada, alejado de las estad\u00edsticas que acostumbra con 7 goles en once partidos de Liga y de &#8216;Champions&#8217;.<\/p>\n<p style=\"text-align: justify;\">Todo ello tras recuperarse de la lesi\u00f3n de rodilla que sufri\u00f3 en la final de la Eurocopa contra Francia y que empa\u00f1\u00f3 su pretemporada.<\/p>\n<p style=\"text-align: justify;\">El jugador portugu\u00e9s es la cuarta renovaci\u00f3n del Real Madrid, tras las llevadas a cabo en las \u00faltimas semanas de Gareth Bale (2022), Luka Modric (2020), Lucas V\u00e1zquez (2021) o Toni Kroos (2020).<\/p>\n<p style=\"text-align: justify;\">El Real Madrid trata de atar a todas sus principales figuras ante la posibilidad de no poder efectuar fichajes en las pr\u00f3ximas ventanas de invierno y verano por la sanci\u00f3n de la FIFA a causa de las irregularidades en el fichaje de menores de edad.<\/p>\n<p style=\"text-align: justify;\">La &#8216;Casa blanca&#8217; recurri\u00f3 esa decisi\u00f3n ante el Tribunal Arbitral del Deporte (TAS).<\/p>\n<ul>\n<li>Con informaci\u00f3n de <a href=\"https:\/\/www.afp.com\/es\/inicio\" target=\"_blank\">AFP<\/a><\/li>\n<\/ul>\n","protected":false},"excerpt":{"rendered":"","protected":false},"author":218,"featured_media":3714,"comment_status":"open","ping_status":"open","sticky":false,"template":"","format":"standard","meta":{"_jetpack_newsletter_access":"","_jetpack_dont_email_post_to_subs":false,"_jetpack_newsletter_tier_id":0,"_jetpack_memberships_contains_paywalled_content":false,"_jetpack_memberships_contains_paid_content":false,"footnotes":"","jetpack_post_was_ever_published":false},"categories":[],"etiqueta":[],"class_list":["post-3713","post","type-post","status-publish","format-standard","has-post-thumbnail","hentry"],"yoast_head":"<!-- This site is optimized with the Yoast SEO plugin v23.9 - https:\/\/yoast.com\/wordpress\/plugins\/seo\/ -->\n<title>Cristiano Ronaldo ampl\u00eda su contrato con el Real Madrid hasta 2021<\/title>\n<meta name=\"description\" content=\"El jugador portugu\u00e9s del Real Madrid Cristiano Ronaldo ha renovado a sus 31 a\u00f1os con el Real Madrid por tres temporadas m\u00e1s, hasta 2021.\" \/>\n<meta name=\"robots\" content=\"index, follow, max-snippet:-1, max-image-preview:large, max-video-preview:-1\" \/>\n<link rel=\"canonical\" href=\"https:\/\/prensalibre-com-develop.go-vip.co\/guatevision\/historico\/cristiano-ronaldo-amplia-contrato\" \/>\n<meta property=\"og:locale\" content=\"es_ES\" \/>\n<meta property=\"og:type\" content=\"article\" \/>\n<meta property=\"og:title\" content=\"Cristiano Ronaldo ampl\u00eda su contrato con el Real Madrid hasta 2021\" \/>\n<meta property=\"og:description\" content=\"El jugador portugu\u00e9s del Real Madrid Cristiano Ronaldo ha renovado a sus 31 a\u00f1os con el Real Madrid por tres temporadas m\u00e1s, hasta 2021.\" \/>\n<meta property=\"og:url\" content=\"https:\/\/prensalibre-com-develop.go-vip.co\/guatevision\/historico\/cristiano-ronaldo-amplia-contrato\" \/>\n<meta property=\"og:site_name\" content=\"Guatevision\" \/>\n<meta property=\"article:published_time\" content=\"2016-11-06T18:33:48+00:00\" \/>\n<meta property=\"article:modified_time\" content=\"2016-11-07T04:02:46+00:00\" \/>\n<meta property=\"og:image\" content=\"https:\/\/prensalibre-com-develop.go-vip.co\/guatevision\/wp-content\/uploads\/sites\/2\/2016\/11\/000_HU23G-1-e1478457153342.jpg?quality=82\" \/>\n\t<meta property=\"og:image:width\" content=\"660\" \/>\n\t<meta property=\"og:image:height\" content=\"370\" \/>\n\t<meta property=\"og:image:type\" content=\"image\/jpeg\" \/>\n<meta name=\"author\" content=\"Redacci\u00f3n Guatevisi\u00f3n\" \/>\n<meta name=\"twitter:card\" content=\"summary_large_image\" \/>\n<meta name=\"twitter:label1\" content=\"Written by\" \/>\n\t<meta name=\"twitter:data1\" content=\"Redacci\u00f3n Guatevisi\u00f3n\" \/>\n\t<meta name=\"twitter:label2\" content=\"Est. reading time\" \/>\n\t<meta name=\"twitter:data2\" content=\"3 minutes\" \/>\n<script type=\"application\/ld+json\" class=\"yoast-schema-graph\">{\"@context\":\"https:\/\/schema.org\",\"@graph\":[{\"@type\":\"Article\",\"@id\":\"https:\/\/prensalibre-com-develop.go-vip.co\/guatevision\/historico\/cristiano-ronaldo-amplia-contrato#article\",\"isPartOf\":{\"@id\":\"https:\/\/prensalibre-com-develop.go-vip.co\/guatevision\/historico\/cristiano-ronaldo-amplia-contrato\"},\"author\":{\"name\":\"Redacci\u00f3n Guatevisi\u00f3n\",\"@id\":\"https:\/\/prensalibre-com-develop.go-vip.co\/guatevision\/#\/schema\/person\/7c26ea5ceee1b7266a573b2125e1c2aa\"},\"headline\":\"Cristiano Ronaldo ampl\u00eda su contrato con el Real Madrid hasta 2021\",\"datePublished\":\"2016-11-06T18:33:48+00:00\",\"dateModified\":\"2016-11-07T04:02:46+00:00\",\"mainEntityOfPage\":{\"@id\":\"https:\/\/prensalibre-com-develop.go-vip.co\/guatevision\/historico\/cristiano-ronaldo-amplia-contrato\"},\"wordCount\":559,\"commentCount\":0,\"publisher\":{\"@id\":\"https:\/\/prensalibre-com-develop.go-vip.co\/guatevision\/#organization\"},\"image\":{\"@id\":\"https:\/\/prensalibre-com-develop.go-vip.co\/guatevision\/historico\/cristiano-ronaldo-amplia-contrato#primaryimage\"},\"thumbnailUrl\":\"https:\/\/prensalibre-com-develop.go-vip.co\/guatevision\/wp-content\/uploads\/sites\/2\/2016\/11\/000_HU23G-1-e1478457153342.jpg\",\"keywords\":[\"Cristiano Ronaldo\",\"deportes\",\"Futbol\",\"Real Madrid\"],\"inLanguage\":\"es-GT\",\"potentialAction\":[{\"@type\":\"CommentAction\",\"name\":\"Comment\",\"target\":[\"https:\/\/prensalibre-com-develop.go-vip.co\/guatevision\/historico\/cristiano-ronaldo-amplia-contrato#respond\"]}]},{\"@type\":\"WebPage\",\"@id\":\"https:\/\/prensalibre-com-develop.go-vip.co\/guatevision\/historico\/cristiano-ronaldo-amplia-contrato\",\"url\":\"https:\/\/prensalibre-com-develop.go-vip.co\/guatevision\/historico\/cristiano-ronaldo-amplia-contrato\",\"name\":\"Cristiano Ronaldo ampl\u00eda su contrato con el Real Madrid hasta 2021\",\"isPartOf\":{\"@id\":\"https:\/\/prensalibre-com-develop.go-vip.co\/guatevision\/#website\"},\"primaryImageOfPage\":{\"@id\":\"https:\/\/prensalibre-com-develop.go-vip.co\/guatevision\/historico\/cristiano-ronaldo-amplia-contrato#primaryimage\"},\"image\":{\"@id\":\"https:\/\/prensalibre-com-develop.go-vip.co\/guatevision\/historico\/cristiano-ronaldo-amplia-contrato#primaryimage\"},\"thumbnailUrl\":\"https:\/\/prensalibre-com-develop.go-vip.co\/guatevision\/wp-content\/uploads\/sites\/2\/2016\/11\/000_HU23G-1-e1478457153342.jpg\",\"datePublished\":\"2016-11-06T18:33:48+00:00\",\"dateModified\":\"2016-11-07T04:02:46+00:00\",\"description\":\"El jugador portugu\u00e9s del Real Madrid Cristiano Ronaldo ha renovado a sus 31 a\u00f1os con el Real Madrid por tres temporadas m\u00e1s, hasta 2021.\",\"inLanguage\":\"es-GT\",\"potentialAction\":[{\"@type\":\"ReadAction\",\"target\":[\"https:\/\/prensalibre-com-develop.go-vip.co\/guatevision\/historico\/cristiano-ronaldo-amplia-contrato\"]}]},{\"@type\":\"ImageObject\",\"inLanguage\":\"es-GT\",\"@id\":\"https:\/\/prensalibre-com-develop.go-vip.co\/guatevision\/historico\/cristiano-ronaldo-amplia-contrato#primaryimage\",\"url\":\"https:\/\/prensalibre-com-develop.go-vip.co\/guatevision\/wp-content\/uploads\/sites\/2\/2016\/11\/000_HU23G-1-e1478457153342.jpg\",\"contentUrl\":\"https:\/\/prensalibre-com-develop.go-vip.co\/guatevision\/wp-content\/uploads\/sites\/2\/2016\/11\/000_HU23G-1-e1478457153342.jpg\",\"width\":660,\"height\":370,\"caption\":\"(FILES) This file photo taken on April 12, 2016 shows Real Madrid's Portuguese forward Cristiano Ronaldo celebrating after scoring his third goal during the Champions League quarter-final second leg football match Real Madrid vs Wolfsburg at the Santiago Bernabeu stadium in Madrid on April 12, 2016. Cristiano Ronaldo looks set to retire at Real Madrid after agreeing a bumper new five-year contract to be signed on November 7, 2016 that ties him to the Spanish giants until 2021. \/ AFP PHOTO \/ JAVIER SORIANO\"},{\"@type\":\"WebSite\",\"@id\":\"https:\/\/prensalibre-com-develop.go-vip.co\/guatevision\/#website\",\"url\":\"https:\/\/prensalibre-com-develop.go-vip.co\/guatevision\/\",\"name\":\"Guatevision\",\"description\":\"\u00a1Enciende Lo Bueno!\",\"publisher\":{\"@id\":\"https:\/\/prensalibre-com-develop.go-vip.co\/guatevision\/#organization\"},\"potentialAction\":[{\"@type\":\"SearchAction\",\"target\":{\"@type\":\"EntryPoint\",\"urlTemplate\":\"https:\/\/prensalibre-com-develop.go-vip.co\/guatevision\/?s={search_term_string}\"},\"query-input\":{\"@type\":\"PropertyValueSpecification\",\"valueRequired\":true,\"valueName\":\"search_term_string\"}}],\"inLanguage\":\"es-GT\"},{\"@type\":\"Organization\",\"@id\":\"https:\/\/prensalibre-com-develop.go-vip.co\/guatevision\/#organization\",\"name\":\"Guatevision\",\"url\":\"https:\/\/prensalibre-com-develop.go-vip.co\/guatevision\/\",\"logo\":{\"@type\":\"ImageObject\",\"inLanguage\":\"es-GT\",\"@id\":\"https:\/\/prensalibre-com-develop.go-vip.co\/guatevision\/#\/schema\/logo\/image\/\",\"url\":\"https:\/\/prensalibre-com-develop.go-vip.co\/guatevision\/wp-content\/uploads\/sites\/2\/2026\/04\/Diseno-sin-titulo.png\",\"contentUrl\":\"https:\/\/prensalibre-com-develop.go-vip.co\/guatevision\/wp-content\/uploads\/sites\/2\/2026\/04\/Diseno-sin-titulo.png\",\"width\":1000,\"height\":600,\"caption\":\"Guatevision\"},\"image\":{\"@id\":\"https:\/\/prensalibre-com-develop.go-vip.co\/guatevision\/#\/schema\/logo\/image\/\"}},{\"@type\":\"Person\",\"@id\":\"https:\/\/prensalibre-com-develop.go-vip.co\/guatevision\/#\/schema\/person\/7c26ea5ceee1b7266a573b2125e1c2aa\",\"name\":\"Redacci\u00f3n Guatevisi\u00f3n\",\"image\":{\"@type\":\"ImageObject\",\"inLanguage\":\"es-GT\",\"@id\":\"https:\/\/prensalibre-com-develop.go-vip.co\/guatevision\/#\/schema\/person\/image\/6d36cd161df0dff3760fc313fe2275f7\",\"url\":\"https:\/\/secure.gravatar.com\/avatar\/30137a0ea5fbd7114184dc546048a84bb0a0138981443c3af84a9d824dffdd9b?s=96&d=mm&r=g\",\"contentUrl\":\"https:\/\/secure.gravatar.com\/avatar\/30137a0ea5fbd7114184dc546048a84bb0a0138981443c3af84a9d824dffdd9b?s=96&d=mm&r=g\",\"caption\":\"Redacci\u00f3n Guatevisi\u00f3n\"},\"url\":\"https:\/\/prensalibre-com-develop.go-vip.co\/guatevision\/author\/redacciongtv\"}]}<\/script>\n<!-- \/ Yoast SEO plugin. -->","yoast_head_json":{"title":"Cristiano Ronaldo ampl\u00eda su contrato con el Real Madrid hasta 2021","description":"El jugador portugu\u00e9s del Real Madrid Cristiano Ronaldo ha renovado a sus 31 a\u00f1os con el Real Madrid por tres temporadas m\u00e1s, hasta 2021.","robots":{"index":"index","follow":"follow","max-snippet":"max-snippet:-1","max-image-preview":"max-image-preview:large","max-video-preview":"max-video-preview:-1"},"canonical":"https:\/\/prensalibre-com-develop.go-vip.co\/guatevision\/historico\/cristiano-ronaldo-amplia-contrato","og_locale":"es_ES","og_type":"article","og_title":"Cristiano Ronaldo ampl\u00eda su contrato con el Real Madrid hasta 2021","og_description":"El jugador portugu\u00e9s del Real Madrid Cristiano Ronaldo ha renovado a sus 31 a\u00f1os con el Real Madrid por tres temporadas m\u00e1s, hasta 2021.","og_url":"https:\/\/prensalibre-com-develop.go-vip.co\/guatevision\/historico\/cristiano-ronaldo-amplia-contrato","og_site_name":"Guatevision","article_published_time":"2016-11-06T18:33:48+00:00","article_modified_time":"2016-11-07T04:02:46+00:00","og_image":[{"width":660,"height":370,"url":"https:\/\/prensalibre-com-develop.go-vip.co\/guatevision\/wp-content\/uploads\/sites\/2\/2016\/11\/000_HU23G-1-e1478457153342.jpg?quality=82","type":"image\/jpeg"}],"author":"Redacci\u00f3n Guatevisi\u00f3n","twitter_card":"summary_large_image","twitter_misc":{"Written by":"Redacci\u00f3n Guatevisi\u00f3n","Est. reading time":"3 minutes"},"schema":{"@context":"https:\/\/schema.org","@graph":[{"@type":"Article","@id":"https:\/\/prensalibre-com-develop.go-vip.co\/guatevision\/historico\/cristiano-ronaldo-amplia-contrato#article","isPartOf":{"@id":"https:\/\/prensalibre-com-develop.go-vip.co\/guatevision\/historico\/cristiano-ronaldo-amplia-contrato"},"author":{"name":"Redacci\u00f3n Guatevisi\u00f3n","@id":"https:\/\/prensalibre-com-develop.go-vip.co\/guatevision\/#\/schema\/person\/7c26ea5ceee1b7266a573b2125e1c2aa"},"headline":"Cristiano Ronaldo ampl\u00eda su contrato con el Real Madrid hasta 2021","datePublished":"2016-11-06T18:33:48+00:00","dateModified":"2016-11-07T04:02:46+00:00","mainEntityOfPage":{"@id":"https:\/\/prensalibre-com-develop.go-vip.co\/guatevision\/historico\/cristiano-ronaldo-amplia-contrato"},"wordCount":559,"commentCount":0,"publisher":{"@id":"https:\/\/prensalibre-com-develop.go-vip.co\/guatevision\/#organization"},"image":{"@id":"https:\/\/prensalibre-com-develop.go-vip.co\/guatevision\/historico\/cristiano-ronaldo-amplia-contrato#primaryimage"},"thumbnailUrl":"https:\/\/prensalibre-com-develop.go-vip.co\/guatevision\/wp-content\/uploads\/sites\/2\/2016\/11\/000_HU23G-1-e1478457153342.jpg","keywords":["Cristiano Ronaldo","deportes","Futbol","Real Madrid"],"inLanguage":"es-GT","potentialAction":[{"@type":"CommentAction","name":"Comment","target":["https:\/\/prensalibre-com-develop.go-vip.co\/guatevision\/historico\/cristiano-ronaldo-amplia-contrato#respond"]}]},{"@type":"WebPage","@id":"https:\/\/prensalibre-com-develop.go-vip.co\/guatevision\/historico\/cristiano-ronaldo-amplia-contrato","url":"https:\/\/prensalibre-com-develop.go-vip.co\/guatevision\/historico\/cristiano-ronaldo-amplia-contrato","name":"Cristiano Ronaldo ampl\u00eda su contrato con el Real Madrid hasta 2021","isPartOf":{"@id":"https:\/\/prensalibre-com-develop.go-vip.co\/guatevision\/#website"},"primaryImageOfPage":{"@id":"https:\/\/prensalibre-com-develop.go-vip.co\/guatevision\/historico\/cristiano-ronaldo-amplia-contrato#primaryimage"},"image":{"@id":"https:\/\/prensalibre-com-develop.go-vip.co\/guatevision\/historico\/cristiano-ronaldo-amplia-contrato#primaryimage"},"thumbnailUrl":"https:\/\/prensalibre-com-develop.go-vip.co\/guatevision\/wp-content\/uploads\/sites\/2\/2016\/11\/000_HU23G-1-e1478457153342.jpg","datePublished":"2016-11-06T18:33:48+00:00","dateModified":"2016-11-07T04:02:46+00:00","description":"El jugador portugu\u00e9s del Real Madrid Cristiano Ronaldo ha renovado a sus 31 a\u00f1os con el Real Madrid por tres temporadas m\u00e1s, hasta 2021.","inLanguage":"es-GT","potentialAction":[{"@type":"ReadAction","target":["https:\/\/prensalibre-com-develop.go-vip.co\/guatevision\/historico\/cristiano-ronaldo-amplia-contrato"]}]},{"@type":"ImageObject","inLanguage":"es-GT","@id":"https:\/\/prensalibre-com-develop.go-vip.co\/guatevision\/historico\/cristiano-ronaldo-amplia-contrato#primaryimage","url":"https:\/\/prensalibre-com-develop.go-vip.co\/guatevision\/wp-content\/uploads\/sites\/2\/2016\/11\/000_HU23G-1-e1478457153342.jpg","contentUrl":"https:\/\/prensalibre-com-develop.go-vip.co\/guatevision\/wp-content\/uploads\/sites\/2\/2016\/11\/000_HU23G-1-e1478457153342.jpg","width":660,"height":370,"caption":"(FILES) This file photo taken on April 12, 2016 shows Real Madrid's Portuguese forward Cristiano Ronaldo celebrating after scoring his third goal during the Champions League quarter-final second leg football match Real Madrid vs Wolfsburg at the Santiago Bernabeu stadium in Madrid on April 12, 2016. Cristiano Ronaldo looks set to retire at Real Madrid after agreeing a bumper new five-year contract to be signed on November 7, 2016 that ties him to the Spanish giants until 2021. \/ AFP PHOTO \/ JAVIER SORIANO"},{"@type":"WebSite","@id":"https:\/\/prensalibre-com-develop.go-vip.co\/guatevision\/#website","url":"https:\/\/prensalibre-com-develop.go-vip.co\/guatevision\/","name":"Guatevision","description":"\u00a1Enciende Lo Bueno!","publisher":{"@id":"https:\/\/prensalibre-com-develop.go-vip.co\/guatevision\/#organization"},"potentialAction":[{"@type":"SearchAction","target":{"@type":"EntryPoint","urlTemplate":"https:\/\/prensalibre-com-develop.go-vip.co\/guatevision\/?s={search_term_string}"},"query-input":{"@type":"PropertyValueSpecification","valueRequired":true,"valueName":"search_term_string"}}],"inLanguage":"es-GT"},{"@type":"Organization","@id":"https:\/\/prensalibre-com-develop.go-vip.co\/guatevision\/#organization","name":"Guatevision","url":"https:\/\/prensalibre-com-develop.go-vip.co\/guatevision\/","logo":{"@type":"ImageObject","inLanguage":"es-GT","@id":"https:\/\/prensalibre-com-develop.go-vip.co\/guatevision\/#\/schema\/logo\/image\/","url":"https:\/\/prensalibre-com-develop.go-vip.co\/guatevision\/wp-content\/uploads\/sites\/2\/2026\/04\/Diseno-sin-titulo.png","contentUrl":"https:\/\/prensalibre-com-develop.go-vip.co\/guatevision\/wp-content\/uploads\/sites\/2\/2026\/04\/Diseno-sin-titulo.png","width":1000,"height":600,"caption":"Guatevision"},"image":{"@id":"https:\/\/prensalibre-com-develop.go-vip.co\/guatevision\/#\/schema\/logo\/image\/"}},{"@type":"Person","@id":"https:\/\/prensalibre-com-develop.go-vip.co\/guatevision\/#\/schema\/person\/7c26ea5ceee1b7266a573b2125e1c2aa","name":"Redacci\u00f3n Guatevisi\u00f3n","image":{"@type":"ImageObject","inLanguage":"es-GT","@id":"https:\/\/prensalibre-com-develop.go-vip.co\/guatevision\/#\/schema\/person\/image\/6d36cd161df0dff3760fc313fe2275f7","url":"https:\/\/secure.gravatar.com\/avatar\/30137a0ea5fbd7114184dc546048a84bb0a0138981443c3af84a9d824dffdd9b?s=96&d=mm&r=g","contentUrl":"https:\/\/secure.gravatar.com\/avatar\/30137a0ea5fbd7114184dc546048a84bb0a0138981443c3af84a9d824dffdd9b?s=96&d=mm&r=g","caption":"Redacci\u00f3n Guatevisi\u00f3n"},"url":"https:\/\/prensalibre-com-develop.go-vip.co\/guatevision\/author\/redacciongtv"}]}},"jetpack_sharing_enabled":true,"jetpack_featured_media_url":"https:\/\/prensalibre-com-develop.go-vip.co\/guatevision\/wp-content\/uploads\/sites\/2\/2016\/11\/000_HU23G-1-e1478457153342.jpg","_links":{"self":[{"href":"https:\/\/prensalibre-com-develop.go-vip.co\/guatevision\/wp-json\/wp\/v2\/posts\/3713","targetHints":{"allow":["GET"]}}],"collection":[{"href":"https:\/\/prensalibre-com-develop.go-vip.co\/guatevision\/wp-json\/wp\/v2\/posts"}],"about":[{"href":"https:\/\/prensalibre-com-develop.go-vip.co\/guatevision\/wp-json\/wp\/v2\/types\/post"}],"author":[{"embeddable":true,"href":"https:\/\/prensalibre-com-develop.go-vip.co\/guatevision\/wp-json\/wp\/v2\/users\/218"}],"replies":[{"embeddable":true,"href":"https:\/\/prensalibre-com-develop.go-vip.co\/guatevision\/wp-json\/wp\/v2\/comments?post=3713"}],"version-history":[{"count":0,"href":"https:\/\/prensalibre-com-develop.go-vip.co\/guatevision\/wp-json\/wp\/v2\/posts\/3713\/revisions"}],"wp:featuredmedia":[{"embeddable":true,"href":"https:\/\/prensalibre-com-develop.go-vip.co\/guatevision\/wp-json\/wp\/v2\/media\/3714"}],"wp:attachment":[{"href":"https:\/\/prensalibre-com-develop.go-vip.co\/guatevision\/wp-json\/wp\/v2\/media?parent=3713"}],"wp:term":[{"taxonomy":"category","embeddable":true,"href":"https:\/\/prensalibre-com-develop.go-vip.co\/guatevision\/wp-json\/wp\/v2\/categories?post=3713"},{"taxonomy":"etiqueta","embeddable":true,"href":"https:\/\/prensalibre-com-develop.go-vip.co\/guatevision\/wp-json\/wp\/v2\/etiqueta?post=3713"}],"curies":[{"name":"wp","href":"https:\/\/api.w.org\/{rel}","templated":true}]}}