{"id":389506,"date":"2020-12-14T20:01:08","date_gmt":"2020-12-15T02:01:08","guid":{"rendered":"https:\/\/prensalibre-com-develop.go-vip.co\/guatevision\/?p=389506"},"modified":"2020-12-15T10:54:08","modified_gmt":"2020-12-15T16:54:08","slug":"lista-de-famosos-que-murieron-en-el-2020","status":"publish","type":"post","link":"https:\/\/prensalibre-com-develop.go-vip.co\/guatevision\/espectaculo\/lista-de-famosos-que-murieron-en-el-2020","title":{"rendered":"Lista de famosos que murieron en el 2020"},"content":{"rendered":"<p>El 2020 est\u00e1 por concluir y durante estos 12 meses, varios acontecimientos marcaron el a\u00f1o.<\/p>\n\n<p>De forma directa la pandemia del <a href=\"https:\/\/prensalibre-com-develop.go-vip.co\/guatevision\/etiqueta\/coronavirus\" target=\"_blank\" rel=\"noopener\">coronavirus<\/a> ha sido la que m\u00e1s ha afectado al mundo entero. Sin embargo, varias personalidades fallecieron por diferentes causas y en este espacio se recuerda a aquellos que nos dijeron adi\u00f3s.<\/p>\n<p>De hecho, <a href=\"https:\/\/prensalibre-com-develop.go-vip.co\/guatevision\/ciencia-y-tecnologia\/que-significa-tusa-las-busquedas-de-guatemala-en-google-2020-ademas-del-coronavirus\" target=\"_blank\" rel=\"noopener\">Google a trav\u00e9s de Google Trends, public\u00f3 recientemente su reporte de b\u00fasquedas anuales<\/a>, el cual detall\u00f3 por tem\u00e1ticas y destac\u00f3 <strong>\u201cLos que se fueron\u201d<\/strong>, categor\u00eda que incluy\u00f3 el obituario mundial con los nombres m\u00e1s buscados de personalidades que fallecieron durante el 2020.<\/p>\n<p>Los sectores art\u00edstico y deportivo fueron de los m\u00e1s afectados y en esta lista recordamos el legado de los que partieron este a\u00f1o.<\/p>\n<h3>1. Kobe Bryant<\/h3>\n<p>El exjugador estadounidense de baloncesto Kobe Bryant muri\u00f3 tr\u00e1gicamente el 26 de enero de 2020 en un accidente de helic\u00f3ptero, en Calabasas, California, EE. UU.<\/p>\n<figure id=\"attachment_389512\" aria-describedby=\"caption-attachment-389512\" style=\"width: 1024px\" class=\"wp-caption alignnone\"><img loading=\"lazy\" decoding=\"async\" class=\"size-large wp-image-389512\" src=\"https:\/\/prensalibre-com-develop.go-vip.co\/guatevision\/wp-content\/uploads\/sites\/2\/2020\/12\/Kobe_Bryant.jpg?quality=82&amp;w=1024\" alt=\"\" width=\"1024\" height=\"597\" srcset=\"https:\/\/prensalibre-com-develop.go-vip.co\/guatevision\/wp-content\/uploads\/sites\/2\/2020\/12\/Kobe_Bryant.jpg 1483w, https:\/\/prensalibre-com-develop.go-vip.co\/guatevision\/wp-content\/uploads\/sites\/2\/2020\/12\/Kobe_Bryant.jpg?resize=300,175 300w, https:\/\/prensalibre-com-develop.go-vip.co\/guatevision\/wp-content\/uploads\/sites\/2\/2020\/12\/Kobe_Bryant.jpg?resize=768,447 768w, https:\/\/prensalibre-com-develop.go-vip.co\/guatevision\/wp-content\/uploads\/sites\/2\/2020\/12\/Kobe_Bryant.jpg?resize=1024,597 1024w, https:\/\/prensalibre-com-develop.go-vip.co\/guatevision\/wp-content\/uploads\/sites\/2\/2020\/12\/Kobe_Bryant.jpg?resize=600,350 600w, https:\/\/prensalibre-com-develop.go-vip.co\/guatevision\/wp-content\/uploads\/sites\/2\/2020\/12\/Kobe_Bryant.jpg?resize=150,87 150w\" sizes=\"auto, (max-width: 1024px) 100vw, 1024px\" \/><figcaption id=\"caption-attachment-389512\" class=\"wp-caption-text\">Kobe Bryant muri\u00f3 el 26 de enero de 2020. (Foto: Hemeroteca PL)<\/figcaption><\/figure>\n<p>Bryant muri\u00f3 junto a otras ocho personas en el accidente, incluyendo su hija Gianna Maria Onore, reportaron en ese momento las autoridades locales.<\/p>\n<p>La noticia conmovi\u00f3 al mundo deportivo y varias celebridades como rindieron homenaje p\u00f3stumo. El Real Madrid, La NBA, Messi, Cristiano Ronaldo, LeBron James, Neymar, Ricardo Arjona, Shaquille O\u2019 Neal, Eros Ramazzotti, Guns N\u00b4 Roses y Michael Jordan fueron algunos que despidieron a Bryant.<\/p>\n<h3>2. Luc\u00eda Bos\u00e9<\/h3>\n<p>La actriz Luc\u00eda Bos\u00e9 falleci\u00f3 el 23 de marzo de 2020, seg\u00fan confirmaron fuentes familiares.<\/p>\n<p>La artista de 89 a\u00f1os y madre del cantante espa\u00f1ol Miguel Bos\u00e9, naci\u00f3 en Mil\u00e1n, Italia el 28 de enero de 1931. Tuvo tres hijos. Miguel, Paola y Luc\u00eda.<\/p>\n<figure id=\"attachment_389523\" aria-describedby=\"caption-attachment-389523\" style=\"width: 750px\" class=\"wp-caption alignnone\"><img loading=\"lazy\" decoding=\"async\" class=\"size-large wp-image-389523\" src=\"https:\/\/prensalibre-com-develop.go-vip.co\/guatevision\/wp-content\/uploads\/sites\/2\/2020\/12\/Lucia-bose.jpg?quality=82&amp;w=750\" alt=\"\" width=\"750\" height=\"734\" srcset=\"https:\/\/prensalibre-com-develop.go-vip.co\/guatevision\/wp-content\/uploads\/sites\/2\/2020\/12\/Lucia-bose.jpg 750w, https:\/\/prensalibre-com-develop.go-vip.co\/guatevision\/wp-content\/uploads\/sites\/2\/2020\/12\/Lucia-bose.jpg?resize=300,294 300w, https:\/\/prensalibre-com-develop.go-vip.co\/guatevision\/wp-content\/uploads\/sites\/2\/2020\/12\/Lucia-bose.jpg?resize=150,147 150w\" sizes=\"auto, (max-width: 750px) 100vw, 750px\" \/><figcaption id=\"caption-attachment-389523\" class=\"wp-caption-text\">Luc\u00eda Bos\u00e9 falleci\u00f3 el 23 de marzo de 2020. (Foto: Miguel Bos\u00e9)<\/figcaption><\/figure>\n<p>Los familiares no precisaron la causa de la muerte, aunque algunos medios apuntan a que fue por coronavirus.<\/p>\n<h3>3. Luis Eduardo Aute<\/h3>\n<p>El artista polifac\u00e9tico e icono de la canci\u00f3n de autor espa\u00f1ola, falleci\u00f3 el 4 de abril de 2020 en Madrid a los 76 a\u00f1os.<\/p>\n<p>Reconocido y admirado en Espa\u00f1a y Am\u00e9rica Latina, Aute fue conocido por temas como <em>De alguna manera, Las cuatro y diez, Sin tu latido<\/em> o <em>Al alba<\/em>. Sus 560 obras registradas fueron interpretadas por \u00e9l mismo y por otros m\u00fasicos.<\/p>\n<figure id=\"attachment_389526\" aria-describedby=\"caption-attachment-389526\" style=\"width: 1024px\" class=\"wp-caption alignnone\"><img loading=\"lazy\" decoding=\"async\" class=\"size-large wp-image-389526\" src=\"https:\/\/prensalibre-com-develop.go-vip.co\/guatevision\/wp-content\/uploads\/sites\/2\/2020\/12\/luis-eduardo-aute.jpg?quality=82&amp;w=1024\" alt=\"\" width=\"1024\" height=\"682\" srcset=\"https:\/\/prensalibre-com-develop.go-vip.co\/guatevision\/wp-content\/uploads\/sites\/2\/2020\/12\/luis-eduardo-aute.jpg 1280w, https:\/\/prensalibre-com-develop.go-vip.co\/guatevision\/wp-content\/uploads\/sites\/2\/2020\/12\/luis-eduardo-aute.jpg?resize=300,200 300w, https:\/\/prensalibre-com-develop.go-vip.co\/guatevision\/wp-content\/uploads\/sites\/2\/2020\/12\/luis-eduardo-aute.jpg?resize=768,512 768w, https:\/\/prensalibre-com-develop.go-vip.co\/guatevision\/wp-content\/uploads\/sites\/2\/2020\/12\/luis-eduardo-aute.jpg?resize=1024,682 1024w, https:\/\/prensalibre-com-develop.go-vip.co\/guatevision\/wp-content\/uploads\/sites\/2\/2020\/12\/luis-eduardo-aute.jpg?resize=1200,800 1200w, https:\/\/prensalibre-com-develop.go-vip.co\/guatevision\/wp-content\/uploads\/sites\/2\/2020\/12\/luis-eduardo-aute.jpg?resize=750,500 750w, https:\/\/prensalibre-com-develop.go-vip.co\/guatevision\/wp-content\/uploads\/sites\/2\/2020\/12\/luis-eduardo-aute.jpg?resize=150,100 150w\" sizes=\"auto, (max-width: 1024px) 100vw, 1024px\" \/><figcaption id=\"caption-attachment-389526\" class=\"wp-caption-text\">Luis Eduardo Aute durante un concierto en Guatemala, el 18 de mayo de 2012. (Foto: Keneth Cruz)<\/figcaption><\/figure>\n<p>&nbsp;<\/p>\n<p>Dej\u00f3 un legado en la m\u00fasica y sus familiares no revelaron las causas de su muerte.<\/p>\n<p>El \u00faltimo concierto que ofreci\u00f3 en Guatemala fue el 18 de mayo de 2012 en la Gran Sala del Centro Cultural Miguel \u00c1ngel Asturias en la ciudad capital.<\/p>\n<h3>4. George Floyd<\/h3>\n<p>El 25 de mayo de 2020 el afroamericano George Floyd fue sometido por polic\u00edas estadounidenses en el vecindario de Powderhorn, en la ciudad de Mine\u00e1polis, Minesota, EE. UU. y muri\u00f3 mientras era arrestado.<\/p>\n<figure id=\"attachment_389534\" aria-describedby=\"caption-attachment-389534\" style=\"width: 1024px\" class=\"wp-caption alignnone\"><img loading=\"lazy\" decoding=\"async\" class=\"size-large wp-image-389534\" src=\"https:\/\/prensalibre-com-develop.go-vip.co\/guatevision\/wp-content\/uploads\/sites\/2\/2020\/12\/George-Floyd-01.jpg?quality=82&amp;w=1024\" alt=\"\" width=\"1024\" height=\"683\" srcset=\"https:\/\/prensalibre-com-develop.go-vip.co\/guatevision\/wp-content\/uploads\/sites\/2\/2020\/12\/George-Floyd-01.jpg 6228w, https:\/\/prensalibre-com-develop.go-vip.co\/guatevision\/wp-content\/uploads\/sites\/2\/2020\/12\/George-Floyd-01.jpg?resize=300,200 300w, https:\/\/prensalibre-com-develop.go-vip.co\/guatevision\/wp-content\/uploads\/sites\/2\/2020\/12\/George-Floyd-01.jpg?resize=768,512 768w, https:\/\/prensalibre-com-develop.go-vip.co\/guatevision\/wp-content\/uploads\/sites\/2\/2020\/12\/George-Floyd-01.jpg?resize=1024,683 1024w, https:\/\/prensalibre-com-develop.go-vip.co\/guatevision\/wp-content\/uploads\/sites\/2\/2020\/12\/George-Floyd-01.jpg?resize=1536,1024 1536w, https:\/\/prensalibre-com-develop.go-vip.co\/guatevision\/wp-content\/uploads\/sites\/2\/2020\/12\/George-Floyd-01.jpg?resize=2048,1365 2048w, https:\/\/prensalibre-com-develop.go-vip.co\/guatevision\/wp-content\/uploads\/sites\/2\/2020\/12\/George-Floyd-01.jpg?resize=1200,800 1200w, https:\/\/prensalibre-com-develop.go-vip.co\/guatevision\/wp-content\/uploads\/sites\/2\/2020\/12\/George-Floyd-01.jpg?resize=750,500 750w, https:\/\/prensalibre-com-develop.go-vip.co\/guatevision\/wp-content\/uploads\/sites\/2\/2020\/12\/George-Floyd-01.jpg?resize=150,100 150w\" sizes=\"auto, (max-width: 1024px) 100vw, 1024px\" \/><figcaption id=\"caption-attachment-389534\" class=\"wp-caption-text\">George Floyd muri\u00f3 el 25 de mayo de 2020. (Foto: AFP)<\/figcaption><\/figure>\n<p>Ese sucedo indign\u00f3 a la humanidad y fue tachado de racismo. Adem\u00e1s, la brutalidad policial contra la comunidad de color provoc\u00f3 protestas en diferentes ciudades de Estados Unidos.<\/p>\n<figure id=\"attachment_389535\" aria-describedby=\"caption-attachment-389535\" style=\"width: 760px\" class=\"wp-caption alignnone\"><img loading=\"lazy\" decoding=\"async\" class=\"size-large wp-image-389535\" src=\"https:\/\/prensalibre-com-develop.go-vip.co\/guatevision\/wp-content\/uploads\/sites\/2\/2020\/12\/George-Floyd-02.jpg?quality=82&amp;w=760\" alt=\"\" width=\"760\" height=\"430\" srcset=\"https:\/\/prensalibre-com-develop.go-vip.co\/guatevision\/wp-content\/uploads\/sites\/2\/2020\/12\/George-Floyd-02.jpg 760w, https:\/\/prensalibre-com-develop.go-vip.co\/guatevision\/wp-content\/uploads\/sites\/2\/2020\/12\/George-Floyd-02.jpg?resize=300,170 300w, https:\/\/prensalibre-com-develop.go-vip.co\/guatevision\/wp-content\/uploads\/sites\/2\/2020\/12\/George-Floyd-02.jpg?resize=260,146 260w, https:\/\/prensalibre-com-develop.go-vip.co\/guatevision\/wp-content\/uploads\/sites\/2\/2020\/12\/George-Floyd-02.jpg?resize=150,85 150w\" sizes=\"auto, (max-width: 760px) 100vw, 760px\" \/><figcaption id=\"caption-attachment-389535\" class=\"wp-caption-text\">Ciudadanos exigen justicia en EE. UU. por el asesinato de George Floyd. (Foto: AFP)<\/figcaption><\/figure>\n<p>&nbsp;<\/p>\n<h3>5. H\u00e9ctor Su\u00e1rez<\/h3>\n<p>El actor y comediante mexicano H\u00e9ctor Su\u00e1rez muri\u00f3 el 2 de junio de 2020.<\/p>\n<p>El legendario comediante, de 81 a\u00f1os fue un revolucionario de la comedia en su pa\u00eds y mostr\u00f3 la cara m\u00e1s coplea de la sociedad a trav\u00e9s del humor.<\/p>\n<figure id=\"attachment_389538\" aria-describedby=\"caption-attachment-389538\" style=\"width: 760px\" class=\"wp-caption alignnone\"><img loading=\"lazy\" decoding=\"async\" class=\"size-large wp-image-389538\" src=\"https:\/\/prensalibre-com-develop.go-vip.co\/guatevision\/wp-content\/uploads\/sites\/2\/2020\/12\/hector_suarez-001.jpg?quality=82&amp;w=760\" alt=\"\" width=\"760\" height=\"430\" srcset=\"https:\/\/prensalibre-com-develop.go-vip.co\/guatevision\/wp-content\/uploads\/sites\/2\/2020\/12\/hector_suarez-001.jpg 760w, https:\/\/prensalibre-com-develop.go-vip.co\/guatevision\/wp-content\/uploads\/sites\/2\/2020\/12\/hector_suarez-001.jpg?resize=300,170 300w, https:\/\/prensalibre-com-develop.go-vip.co\/guatevision\/wp-content\/uploads\/sites\/2\/2020\/12\/hector_suarez-001.jpg?resize=260,146 260w, https:\/\/prensalibre-com-develop.go-vip.co\/guatevision\/wp-content\/uploads\/sites\/2\/2020\/12\/hector_suarez-001.jpg?resize=150,85 150w\" sizes=\"auto, (max-width: 760px) 100vw, 760px\" \/><figcaption id=\"caption-attachment-389538\" class=\"wp-caption-text\">El actor mexicano H\u00e9ctor Su\u00e1rez falleci\u00f3 a los 81 a\u00f1os. (Foto: EFE)<\/figcaption><\/figure>\n<p>Su\u00e1rez padec\u00eda c\u00e1ncer de vejiga desde 2015 y fue sometido a varios tratamientos m\u00e9dicos. Sin embargo, su familia no revel\u00f3 las causas de su muerte.<\/p>\n<p>Durante su exitosa carrera vivi\u00f3 un momento delicado, debido a las fuerte cr\u00edticas al gobierno de su pa\u00eds por la que sufri\u00f3 amenazas.<\/p>\n<h3>6. Pau Don\u00e9s<\/h3>\n<p>El cantante y compositor espa\u00f1ol Pau Don\u00e9s, vocalista del grupo Jarabe de Palo, muri\u00f3 el 9 de junio de 2020 a los 53 a\u00f1os en su casa de Bagergue, localidad situada en la provincia espa\u00f1ola de Lleida.<\/p>\n<p>El artista falleci\u00f3 consecuencia del c\u00e1ncer que le diagnosticaron en 2015 y contra el que luch\u00f3 desde entonces.<\/p>\n<figure id=\"attachment_389541\" aria-describedby=\"caption-attachment-389541\" style=\"width: 675px\" class=\"wp-caption alignnone\"><img loading=\"lazy\" decoding=\"async\" class=\"size-large wp-image-389541\" src=\"https:\/\/prensalibre-com-develop.go-vip.co\/guatevision\/wp-content\/uploads\/sites\/2\/2020\/12\/pau_Dones-1.jpg?quality=82&amp;w=675\" alt=\"\" width=\"675\" height=\"400\" srcset=\"https:\/\/prensalibre-com-develop.go-vip.co\/guatevision\/wp-content\/uploads\/sites\/2\/2020\/12\/pau_Dones-1.jpg 675w, https:\/\/prensalibre-com-develop.go-vip.co\/guatevision\/wp-content\/uploads\/sites\/2\/2020\/12\/pau_Dones-1.jpg?resize=300,178 300w, https:\/\/prensalibre-com-develop.go-vip.co\/guatevision\/wp-content\/uploads\/sites\/2\/2020\/12\/pau_Dones-1.jpg?resize=200,120 200w, https:\/\/prensalibre-com-develop.go-vip.co\/guatevision\/wp-content\/uploads\/sites\/2\/2020\/12\/pau_Dones-1.jpg?resize=150,89 150w\" sizes=\"auto, (max-width: 675px) 100vw, 675px\" \/><figcaption id=\"caption-attachment-389541\" class=\"wp-caption-text\">Pau Don\u00e9s hab\u00eda padecido c\u00e1ncer de colon en el 2015, del que fue operado dos veces. (Foto: EFE)<\/figcaption><\/figure>\n<p>En un breve comunicado publicado en las redes sociales, la familia Don\u00e9s inform\u00f3 del fallecimiento del m\u00fasico y mostr\u00f3 su agradecimiento al equipo m\u00e9dico y a todo el personal de los hospitales en los que fue tratado por \u201ctodo su trabajo y dedicaci\u00f3n durante todo este tiempo\u201d.<\/p>\n<h2>7. Naya Rivera<\/h2>\n<p>La actriz Naya Rivera fue reconocida por tu trabajo en la serie <em>Glee.<\/em> Sin embargo, este a\u00f1o sus admiradores clamaron por ayuda despu\u00e9s de conocer que la estrella hab\u00eda desaparecido.<\/p>\n<p>Rivera desapareci\u00f3 el 8 de julio \u00faltimo en el Lago Piru, ubicado en Los \u00c1ngeles, y luego de cinco d\u00edas, autoridades la dieron por muerta.<\/p>\n<figure id=\"attachment_389543\" aria-describedby=\"caption-attachment-389543\" style=\"width: 573px\" class=\"wp-caption alignnone\"><img loading=\"lazy\" decoding=\"async\" class=\"size-large wp-image-389543\" src=\"https:\/\/prensalibre-com-develop.go-vip.co\/guatevision\/wp-content\/uploads\/sites\/2\/2020\/12\/Naya-Rivera.jpg?quality=82&amp;w=573\" alt=\"\" width=\"573\" height=\"879\" srcset=\"https:\/\/prensalibre-com-develop.go-vip.co\/guatevision\/wp-content\/uploads\/sites\/2\/2020\/12\/Naya-Rivera.jpg 573w, https:\/\/prensalibre-com-develop.go-vip.co\/guatevision\/wp-content\/uploads\/sites\/2\/2020\/12\/Naya-Rivera.jpg?resize=196,300 196w, https:\/\/prensalibre-com-develop.go-vip.co\/guatevision\/wp-content\/uploads\/sites\/2\/2020\/12\/Naya-Rivera.jpg?resize=150,230 150w\" sizes=\"auto, (max-width: 573px) 100vw, 573px\" \/><figcaption id=\"caption-attachment-389543\" class=\"wp-caption-text\">Autoridades declararon muerta a Naya Rivera, el 8 de julio de 2020. (Foto: EFE)<\/figcaption><\/figure>\n<p>Se presume que la actriz se ahog\u00f3 entre las aguas de unos 10 metros de profundidad, aunque las autoridades tambi\u00e9n manejan otras teor\u00edas, como que qued\u00f3 atrapada entre la vegetaci\u00f3n que se encuentra en el fondo del lago o en uno de los remolinos que se forman en el manto acu\u00edfero.<\/p>\n<h3>8. Kelly Preston<\/h3>\n<p>La actriz Kelly Preston, esposa de John Travolta, muri\u00f3 el 12 de julio de 2020 a los 57 a\u00f1os.<\/p>\n<figure id=\"attachment_389545\" aria-describedby=\"caption-attachment-389545\" style=\"width: 800px\" class=\"wp-caption alignnone\"><img loading=\"lazy\" decoding=\"async\" class=\"size-large wp-image-389545\" src=\"https:\/\/prensalibre-com-develop.go-vip.co\/guatevision\/wp-content\/uploads\/sites\/2\/2020\/12\/Kelly-Preston.jpg?quality=82&amp;w=800\" alt=\"\" width=\"800\" height=\"445\" srcset=\"https:\/\/prensalibre-com-develop.go-vip.co\/guatevision\/wp-content\/uploads\/sites\/2\/2020\/12\/Kelly-Preston.jpg 800w, https:\/\/prensalibre-com-develop.go-vip.co\/guatevision\/wp-content\/uploads\/sites\/2\/2020\/12\/Kelly-Preston.jpg?resize=300,167 300w, https:\/\/prensalibre-com-develop.go-vip.co\/guatevision\/wp-content\/uploads\/sites\/2\/2020\/12\/Kelly-Preston.jpg?resize=768,427 768w, https:\/\/prensalibre-com-develop.go-vip.co\/guatevision\/wp-content\/uploads\/sites\/2\/2020\/12\/Kelly-Preston.jpg?resize=276,154 276w, https:\/\/prensalibre-com-develop.go-vip.co\/guatevision\/wp-content\/uploads\/sites\/2\/2020\/12\/Kelly-Preston.jpg?resize=260,146 260w, https:\/\/prensalibre-com-develop.go-vip.co\/guatevision\/wp-content\/uploads\/sites\/2\/2020\/12\/Kelly-Preston.jpg?resize=150,83 150w\" sizes=\"auto, (max-width: 800px) 100vw, 800px\" \/><figcaption id=\"caption-attachment-389545\" class=\"wp-caption-text\">La actriz Kelly Preston muri\u00f3 el 12 de julio de 2020. (Foto: EFE)<\/figcaption><\/figure>\n<p>\u201cMi hermosa esposa Kelly perdi\u00f3 su batalla de dos a\u00f1os contra el c\u00e1ncer de mama. Enfrent\u00f3 una valiente lucha con el amor y apoyo de muchos\u201d, public\u00f3 Travolta en Instagram.<\/p>\n<h2>9. Chadwick Boseman<\/h2>\n<p>El actor Chadwick Boseman falleci\u00f3 el 28 de agosto de 2020.<\/p>\n<p>Reconocido por su trabajo en <em>Black Panther<\/em>, el actor muri\u00f3 de c\u00e1ncer de colon, afirm\u00f3 su publicista.<\/p>\n<figure id=\"attachment_389547\" aria-describedby=\"caption-attachment-389547\" style=\"width: 650px\" class=\"wp-caption alignnone\"><img loading=\"lazy\" decoding=\"async\" class=\"size-large wp-image-389547\" src=\"https:\/\/prensalibre-com-develop.go-vip.co\/guatevision\/wp-content\/uploads\/sites\/2\/2020\/12\/chadwick_boseman_.jpg?quality=82&amp;w=650\" alt=\"\" width=\"650\" height=\"430\" srcset=\"https:\/\/prensalibre-com-develop.go-vip.co\/guatevision\/wp-content\/uploads\/sites\/2\/2020\/12\/chadwick_boseman_.jpg 650w, https:\/\/prensalibre-com-develop.go-vip.co\/guatevision\/wp-content\/uploads\/sites\/2\/2020\/12\/chadwick_boseman_.jpg?resize=300,198 300w, https:\/\/prensalibre-com-develop.go-vip.co\/guatevision\/wp-content\/uploads\/sites\/2\/2020\/12\/chadwick_boseman_.jpg?resize=150,99 150w\" sizes=\"auto, (max-width: 650px) 100vw, 650px\" \/><figcaption id=\"caption-attachment-389547\" class=\"wp-caption-text\">Chadwick Boseman falleci\u00f3 el 28 de agosto de 2020. (Foto: AFP)<\/figcaption><\/figure>\n<h2>10. Xavier Ort\u00edz<\/h2>\n<p>Xavier Ortiz, quien fue integrante del grupo Garibaldi y esposo de Patricia Manterola, falleci\u00f3 el 7 de septiembre de 2020 a los 48 a\u00f1os.<\/p>\n<p>Su compa\u00f1ero Sergio Mayer inform\u00f3 del deceso del cantante en su cuenta de Twitter y pidi\u00f3 respeto para su familia.<\/p>\n<figure id=\"attachment_389549\" aria-describedby=\"caption-attachment-389549\" style=\"width: 749px\" class=\"wp-caption alignnone\"><img loading=\"lazy\" decoding=\"async\" class=\"size-large wp-image-389549\" src=\"https:\/\/prensalibre-com-develop.go-vip.co\/guatevision\/wp-content\/uploads\/sites\/2\/2020\/12\/xavier-ortiz.jpg?quality=82&amp;w=749\" alt=\"\" width=\"749\" height=\"440\" srcset=\"https:\/\/prensalibre-com-develop.go-vip.co\/guatevision\/wp-content\/uploads\/sites\/2\/2020\/12\/xavier-ortiz.jpg 749w, https:\/\/prensalibre-com-develop.go-vip.co\/guatevision\/wp-content\/uploads\/sites\/2\/2020\/12\/xavier-ortiz.jpg?resize=300,176 300w, https:\/\/prensalibre-com-develop.go-vip.co\/guatevision\/wp-content\/uploads\/sites\/2\/2020\/12\/xavier-ortiz.jpg?resize=150,88 150w\" sizes=\"auto, (max-width: 749px) 100vw, 749px\" \/><figcaption id=\"caption-attachment-389549\" class=\"wp-caption-text\">Xavier Ortiz muri\u00f3 el 7 de septiembre de 2020. (Foto: Twitter)<\/figcaption><\/figure>\n<p>Seg\u00fan resultados de una necropsia, la fiscal\u00eda del estado de Jalisco, M\u00e9xico, confirm\u00f3 la versi\u00f3n manejada por medios locales sobre que Xavier Ortiz, exintengrante de Garibaldi se hab\u00eda suicidado.<\/p>\n<h2>11. Eddie Van Halen<\/h2>\n<p>Conocido internacionalmente por ser el guitarrista y miembro fundador de la banda de <em>hard rock <\/em>Van Halen, falleci\u00f3 el 6 de octubre de 2020 a los 65 a\u00f1os.<\/p>\n<p>Despu\u00e9s de haber enfrentado una larga batalla contra el c\u00e1ncer de garganta, seg\u00fan medios internacionales como <em>TMZ.<\/em><\/p>\n<figure id=\"attachment_389551\" aria-describedby=\"caption-attachment-389551\" style=\"width: 760px\" class=\"wp-caption alignnone\"><img loading=\"lazy\" decoding=\"async\" class=\"size-large wp-image-389551\" src=\"https:\/\/prensalibre-com-develop.go-vip.co\/guatevision\/wp-content\/uploads\/sites\/2\/2020\/12\/vanHalen.jpg?quality=82&amp;w=760\" alt=\"\" width=\"760\" height=\"430\" srcset=\"https:\/\/prensalibre-com-develop.go-vip.co\/guatevision\/wp-content\/uploads\/sites\/2\/2020\/12\/vanHalen.jpg 760w, https:\/\/prensalibre-com-develop.go-vip.co\/guatevision\/wp-content\/uploads\/sites\/2\/2020\/12\/vanHalen.jpg?resize=300,170 300w, https:\/\/prensalibre-com-develop.go-vip.co\/guatevision\/wp-content\/uploads\/sites\/2\/2020\/12\/vanHalen.jpg?resize=260,146 260w, https:\/\/prensalibre-com-develop.go-vip.co\/guatevision\/wp-content\/uploads\/sites\/2\/2020\/12\/vanHalen.jpg?resize=150,85 150w\" sizes=\"auto, (max-width: 760px) 100vw, 760px\" \/><figcaption id=\"caption-attachment-389551\" class=\"wp-caption-text\">Eddie Van Halen fallece tras larga batalla contra el c\u00e1ncer. (Foto: AFP)<\/figcaption><\/figure>\n<p>Su hijo, Wolfgang Van Halen, lo confirm\u00f3 en sus redes sociales y comparti\u00f3 un mensaje especial.<\/p>\n<h2>12. Sean Connery<\/h2>\n<p>El actor Sean Connery muri\u00f3 el 31 de octubre de 2020, a los 90 a\u00f1os.<\/p>\n<figure id=\"attachment_389558\" aria-describedby=\"caption-attachment-389558\" style=\"width: 760px\" class=\"wp-caption alignnone\"><img loading=\"lazy\" decoding=\"async\" class=\"size-large wp-image-389558\" src=\"https:\/\/prensalibre-com-develop.go-vip.co\/guatevision\/wp-content\/uploads\/sites\/2\/2020\/12\/sean_Connery.jpg?quality=82&amp;w=760\" alt=\"\" width=\"760\" height=\"430\" srcset=\"https:\/\/prensalibre-com-develop.go-vip.co\/guatevision\/wp-content\/uploads\/sites\/2\/2020\/12\/sean_Connery.jpg 760w, https:\/\/prensalibre-com-develop.go-vip.co\/guatevision\/wp-content\/uploads\/sites\/2\/2020\/12\/sean_Connery.jpg?resize=300,170 300w, https:\/\/prensalibre-com-develop.go-vip.co\/guatevision\/wp-content\/uploads\/sites\/2\/2020\/12\/sean_Connery.jpg?resize=260,146 260w, https:\/\/prensalibre-com-develop.go-vip.co\/guatevision\/wp-content\/uploads\/sites\/2\/2020\/12\/sean_Connery.jpg?resize=150,85 150w\" sizes=\"auto, (max-width: 760px) 100vw, 760px\" \/><figcaption id=\"caption-attachment-389558\" class=\"wp-caption-text\">Sean Connery obtuvo varios premios por sus destacados papeles en el cine. (Foto: EFE)<\/figcaption><\/figure>\n<p>La Estrella fue conocida sobre todo por sus interpretaciones de James Bond y muri\u00f3 debido a un infarto de miocardio mientras dorm\u00eda.<\/p>\n<h2>13. Diego Armando Maradona<\/h2>\n<p>El 25 de noviembre de 2020, el deporte sufri\u00f3 un luto. El astro argentino Diego Armando Maradona falleci\u00f3 a los 60 a\u00f1os, por un paro cardiorrespiratorio.<\/p>\n<figure id=\"attachment_389560\" aria-describedby=\"caption-attachment-389560\" style=\"width: 760px\" class=\"wp-caption alignnone\"><img loading=\"lazy\" decoding=\"async\" class=\"size-large wp-image-389560\" src=\"https:\/\/prensalibre-com-develop.go-vip.co\/guatevision\/wp-content\/uploads\/sites\/2\/2020\/12\/maradona.jpeg?quality=82&amp;w=760\" alt=\"\" width=\"760\" height=\"430\" srcset=\"https:\/\/prensalibre-com-develop.go-vip.co\/guatevision\/wp-content\/uploads\/sites\/2\/2020\/12\/maradona.jpeg 760w, https:\/\/prensalibre-com-develop.go-vip.co\/guatevision\/wp-content\/uploads\/sites\/2\/2020\/12\/maradona.jpeg?resize=300,170 300w, https:\/\/prensalibre-com-develop.go-vip.co\/guatevision\/wp-content\/uploads\/sites\/2\/2020\/12\/maradona.jpeg?resize=260,146 260w, https:\/\/prensalibre-com-develop.go-vip.co\/guatevision\/wp-content\/uploads\/sites\/2\/2020\/12\/maradona.jpeg?resize=150,85 150w\" sizes=\"auto, (max-width: 760px) 100vw, 760px\" \/><figcaption id=\"caption-attachment-389560\" class=\"wp-caption-text\">Diego Armando Maradona falleci\u00f3 el 25 de noviembre de 2020. (Foto: Hemeroteca PL)<\/figcaption><\/figure>\n<p>Su muerte impact\u00f3 en Argentina y en el mundo y dej\u00f3 hu\u00e9rfanas a las millones de personas que admiraron la carrera deportiva del considerado por muchos como el mejor jugador de futbol del planeta.<\/p>\n","protected":false},"excerpt":{"rendered":"<p>Varias personalidades fallecieron en el mundo en 2020.<\/p>\n","protected":false},"author":40,"featured_media":389562,"comment_status":"closed","ping_status":"closed","sticky":false,"template":"","format":"standard","meta":{"_jetpack_memberships_contains_paid_content":false,"footnotes":""},"categories":[39736],"etiqueta":[25397,180,45446,45389],"class_list":["post-389506","post","type-post","status-publish","format-standard","has-post-thumbnail","hentry","category-espectaculo","etiqueta-famosos","etiqueta-muerte","etiqueta-obituario-2020","etiqueta-resumen-2020"],"yoast_head":"<!-- This site is optimized with the Yoast SEO plugin v23.9 - https:\/\/yoast.com\/wordpress\/plugins\/seo\/ -->\n<title>Lista de famosos que murieron en el 2020 - Guatevision<\/title>\n<meta name=\"robots\" content=\"index, follow, max-snippet:-1, max-image-preview:large, max-video-preview:-1\" \/>\n<link rel=\"canonical\" href=\"https:\/\/prensalibre-com-develop.go-vip.co\/guatevision\/espectaculo\/lista-de-famosos-que-murieron-en-el-2020\" \/>\n<meta property=\"og:locale\" content=\"es_ES\" \/>\n<meta property=\"og:type\" content=\"article\" \/>\n<meta property=\"og:title\" content=\"Lista de famosos que murieron en el 2020 - Guatevision\" \/>\n<meta property=\"og:description\" content=\"Varias personalidades fallecieron en el mundo en 2020.\" \/>\n<meta property=\"og:url\" content=\"https:\/\/prensalibre-com-develop.go-vip.co\/guatevision\/espectaculo\/lista-de-famosos-que-murieron-en-el-2020\" \/>\n<meta property=\"og:site_name\" content=\"Guatevision\" \/>\n<meta property=\"article:published_time\" content=\"2020-12-15T02:01:08+00:00\" \/>\n<meta property=\"article:modified_time\" content=\"2020-12-15T16:54:08+00:00\" \/>\n<meta property=\"og:image\" content=\"https:\/\/prensalibre-com-develop.go-vip.co\/guatevision\/wp-content\/uploads\/sites\/2\/2020\/12\/obituario2020.jpg?quality=82\" \/>\n\t<meta property=\"og:image:width\" content=\"888\" \/>\n\t<meta property=\"og:image:height\" content=\"507\" \/>\n\t<meta property=\"og:image:type\" content=\"image\/jpeg\" \/>\n<meta name=\"author\" content=\"Keneth Cruz\" \/>\n<meta name=\"twitter:card\" content=\"summary_large_image\" \/>\n<meta name=\"twitter:label1\" content=\"Written by\" \/>\n\t<meta name=\"twitter:data1\" content=\"Keneth Cruz\" \/>\n\t<meta name=\"twitter:label2\" content=\"Est. reading time\" \/>\n\t<meta name=\"twitter:data2\" content=\"7 minutes\" \/>\n<script type=\"application\/ld+json\" class=\"yoast-schema-graph\">{\"@context\":\"https:\/\/schema.org\",\"@graph\":[{\"@type\":\"Article\",\"@id\":\"https:\/\/prensalibre-com-develop.go-vip.co\/guatevision\/espectaculo\/lista-de-famosos-que-murieron-en-el-2020#article\",\"isPartOf\":{\"@id\":\"https:\/\/prensalibre-com-develop.go-vip.co\/guatevision\/espectaculo\/lista-de-famosos-que-murieron-en-el-2020\"},\"author\":{\"name\":\"Keneth Cruz\",\"@id\":\"https:\/\/prensalibre-com-develop.go-vip.co\/guatevision\/#\/schema\/person\/77d37fb311bb0afd7ec2e3fb603a8396\"},\"headline\":\"Lista de famosos que murieron en el 2020\",\"datePublished\":\"2020-12-15T02:01:08+00:00\",\"dateModified\":\"2020-12-15T16:54:08+00:00\",\"mainEntityOfPage\":{\"@id\":\"https:\/\/prensalibre-com-develop.go-vip.co\/guatevision\/espectaculo\/lista-de-famosos-que-murieron-en-el-2020\"},\"wordCount\":1394,\"publisher\":{\"@id\":\"https:\/\/prensalibre-com-develop.go-vip.co\/guatevision\/#organization\"},\"image\":{\"@id\":\"https:\/\/prensalibre-com-develop.go-vip.co\/guatevision\/espectaculo\/lista-de-famosos-que-murieron-en-el-2020#primaryimage\"},\"thumbnailUrl\":\"https:\/\/prensalibre-com-develop.go-vip.co\/guatevision\/wp-content\/uploads\/sites\/2\/2020\/12\/obituario2020.jpg?quality=82\",\"articleSection\":[\"Espect\u00e1culos\"],\"inLanguage\":\"es-GT\"},{\"@type\":\"WebPage\",\"@id\":\"https:\/\/prensalibre-com-develop.go-vip.co\/guatevision\/espectaculo\/lista-de-famosos-que-murieron-en-el-2020\",\"url\":\"https:\/\/prensalibre-com-develop.go-vip.co\/guatevision\/espectaculo\/lista-de-famosos-que-murieron-en-el-2020\",\"name\":\"Lista de famosos que murieron en el 2020 - Guatevision\",\"isPartOf\":{\"@id\":\"https:\/\/prensalibre-com-develop.go-vip.co\/guatevision\/#website\"},\"primaryImageOfPage\":{\"@id\":\"https:\/\/prensalibre-com-develop.go-vip.co\/guatevision\/espectaculo\/lista-de-famosos-que-murieron-en-el-2020#primaryimage\"},\"image\":{\"@id\":\"https:\/\/prensalibre-com-develop.go-vip.co\/guatevision\/espectaculo\/lista-de-famosos-que-murieron-en-el-2020#primaryimage\"},\"thumbnailUrl\":\"https:\/\/prensalibre-com-develop.go-vip.co\/guatevision\/wp-content\/uploads\/sites\/2\/2020\/12\/obituario2020.jpg?quality=82\",\"datePublished\":\"2020-12-15T02:01:08+00:00\",\"dateModified\":\"2020-12-15T16:54:08+00:00\",\"inLanguage\":\"es-GT\",\"potentialAction\":[{\"@type\":\"ReadAction\",\"target\":[\"https:\/\/prensalibre-com-develop.go-vip.co\/guatevision\/espectaculo\/lista-de-famosos-que-murieron-en-el-2020\"]}]},{\"@type\":\"ImageObject\",\"inLanguage\":\"es-GT\",\"@id\":\"https:\/\/prensalibre-com-develop.go-vip.co\/guatevision\/espectaculo\/lista-de-famosos-que-murieron-en-el-2020#primaryimage\",\"url\":\"https:\/\/prensalibre-com-develop.go-vip.co\/guatevision\/wp-content\/uploads\/sites\/2\/2020\/12\/obituario2020.jpg?quality=82\",\"contentUrl\":\"https:\/\/prensalibre-com-develop.go-vip.co\/guatevision\/wp-content\/uploads\/sites\/2\/2020\/12\/obituario2020.jpg?quality=82\",\"width\":888,\"height\":507},{\"@type\":\"WebSite\",\"@id\":\"https:\/\/prensalibre-com-develop.go-vip.co\/guatevision\/#website\",\"url\":\"https:\/\/prensalibre-com-develop.go-vip.co\/guatevision\/\",\"name\":\"Guatevision\",\"description\":\"\u00a1Enciende Lo Bueno!\",\"publisher\":{\"@id\":\"https:\/\/prensalibre-com-develop.go-vip.co\/guatevision\/#organization\"},\"potentialAction\":[{\"@type\":\"SearchAction\",\"target\":{\"@type\":\"EntryPoint\",\"urlTemplate\":\"https:\/\/prensalibre-com-develop.go-vip.co\/guatevision\/?s={search_term_string}\"},\"query-input\":{\"@type\":\"PropertyValueSpecification\",\"valueRequired\":true,\"valueName\":\"search_term_string\"}}],\"inLanguage\":\"es-GT\"},{\"@type\":\"Organization\",\"@id\":\"https:\/\/prensalibre-com-develop.go-vip.co\/guatevision\/#organization\",\"name\":\"Guatevision\",\"url\":\"https:\/\/prensalibre-com-develop.go-vip.co\/guatevision\/\",\"logo\":{\"@type\":\"ImageObject\",\"inLanguage\":\"es-GT\",\"@id\":\"https:\/\/prensalibre-com-develop.go-vip.co\/guatevision\/#\/schema\/logo\/image\/\",\"url\":\"https:\/\/prensalibre-com-develop.go-vip.co\/guatevision\/wp-content\/uploads\/sites\/2\/2026\/04\/Diseno-sin-titulo.png?quality=82\",\"contentUrl\":\"https:\/\/prensalibre-com-develop.go-vip.co\/guatevision\/wp-content\/uploads\/sites\/2\/2026\/04\/Diseno-sin-titulo.png?quality=82\",\"width\":1000,\"height\":600,\"caption\":\"Guatevision\"},\"image\":{\"@id\":\"https:\/\/prensalibre-com-develop.go-vip.co\/guatevision\/#\/schema\/logo\/image\/\"}},{\"@type\":\"Person\",\"@id\":\"https:\/\/prensalibre-com-develop.go-vip.co\/guatevision\/#\/schema\/person\/77d37fb311bb0afd7ec2e3fb603a8396\",\"name\":\"Keneth Cruz\",\"image\":{\"@type\":\"ImageObject\",\"inLanguage\":\"es-GT\",\"@id\":\"https:\/\/prensalibre-com-develop.go-vip.co\/guatevision\/#\/schema\/person\/image\/d6a99dc01e8ffe567bbd662f5672e814\",\"url\":\"https:\/\/secure.gravatar.com\/avatar\/dc49fb09f5b313a1c35f970ff1d4ff24e4c0a0a2a1c6fccb7026a85dcc04d3b2?s=96&d=mm&r=g\",\"contentUrl\":\"https:\/\/secure.gravatar.com\/avatar\/dc49fb09f5b313a1c35f970ff1d4ff24e4c0a0a2a1c6fccb7026a85dcc04d3b2?s=96&d=mm&r=g\",\"caption\":\"Keneth Cruz\"},\"url\":\"https:\/\/prensalibre-com-develop.go-vip.co\/guatevision\/author\/kcruz\"}]}<\/script>\n<!-- \/ Yoast SEO plugin. -->","yoast_head_json":{"title":"Lista de famosos que murieron en el 2020 - Guatevision","robots":{"index":"index","follow":"follow","max-snippet":"max-snippet:-1","max-image-preview":"max-image-preview:large","max-video-preview":"max-video-preview:-1"},"canonical":"https:\/\/prensalibre-com-develop.go-vip.co\/guatevision\/espectaculo\/lista-de-famosos-que-murieron-en-el-2020","og_locale":"es_ES","og_type":"article","og_title":"Lista de famosos que murieron en el 2020 - Guatevision","og_description":"Varias personalidades fallecieron en el mundo en 2020.","og_url":"https:\/\/prensalibre-com-develop.go-vip.co\/guatevision\/espectaculo\/lista-de-famosos-que-murieron-en-el-2020","og_site_name":"Guatevision","article_published_time":"2020-12-15T02:01:08+00:00","article_modified_time":"2020-12-15T16:54:08+00:00","og_image":[{"width":888,"height":507,"url":"https:\/\/prensalibre-com-develop.go-vip.co\/guatevision\/wp-content\/uploads\/sites\/2\/2020\/12\/obituario2020.jpg?quality=82","type":"image\/jpeg"}],"author":"Keneth Cruz","twitter_card":"summary_large_image","twitter_misc":{"Written by":"Keneth Cruz","Est. reading time":"7 minutes"},"schema":{"@context":"https:\/\/schema.org","@graph":[{"@type":"Article","@id":"https:\/\/prensalibre-com-develop.go-vip.co\/guatevision\/espectaculo\/lista-de-famosos-que-murieron-en-el-2020#article","isPartOf":{"@id":"https:\/\/prensalibre-com-develop.go-vip.co\/guatevision\/espectaculo\/lista-de-famosos-que-murieron-en-el-2020"},"author":{"name":"Keneth Cruz","@id":"https:\/\/prensalibre-com-develop.go-vip.co\/guatevision\/#\/schema\/person\/77d37fb311bb0afd7ec2e3fb603a8396"},"headline":"Lista de famosos que murieron en el 2020","datePublished":"2020-12-15T02:01:08+00:00","dateModified":"2020-12-15T16:54:08+00:00","mainEntityOfPage":{"@id":"https:\/\/prensalibre-com-develop.go-vip.co\/guatevision\/espectaculo\/lista-de-famosos-que-murieron-en-el-2020"},"wordCount":1394,"publisher":{"@id":"https:\/\/prensalibre-com-develop.go-vip.co\/guatevision\/#organization"},"image":{"@id":"https:\/\/prensalibre-com-develop.go-vip.co\/guatevision\/espectaculo\/lista-de-famosos-que-murieron-en-el-2020#primaryimage"},"thumbnailUrl":"https:\/\/prensalibre-com-develop.go-vip.co\/guatevision\/wp-content\/uploads\/sites\/2\/2020\/12\/obituario2020.jpg?quality=82","articleSection":["Espect\u00e1culos"],"inLanguage":"es-GT"},{"@type":"WebPage","@id":"https:\/\/prensalibre-com-develop.go-vip.co\/guatevision\/espectaculo\/lista-de-famosos-que-murieron-en-el-2020","url":"https:\/\/prensalibre-com-develop.go-vip.co\/guatevision\/espectaculo\/lista-de-famosos-que-murieron-en-el-2020","name":"Lista de famosos que murieron en el 2020 - Guatevision","isPartOf":{"@id":"https:\/\/prensalibre-com-develop.go-vip.co\/guatevision\/#website"},"primaryImageOfPage":{"@id":"https:\/\/prensalibre-com-develop.go-vip.co\/guatevision\/espectaculo\/lista-de-famosos-que-murieron-en-el-2020#primaryimage"},"image":{"@id":"https:\/\/prensalibre-com-develop.go-vip.co\/guatevision\/espectaculo\/lista-de-famosos-que-murieron-en-el-2020#primaryimage"},"thumbnailUrl":"https:\/\/prensalibre-com-develop.go-vip.co\/guatevision\/wp-content\/uploads\/sites\/2\/2020\/12\/obituario2020.jpg?quality=82","datePublished":"2020-12-15T02:01:08+00:00","dateModified":"2020-12-15T16:54:08+00:00","inLanguage":"es-GT","potentialAction":[{"@type":"ReadAction","target":["https:\/\/prensalibre-com-develop.go-vip.co\/guatevision\/espectaculo\/lista-de-famosos-que-murieron-en-el-2020"]}]},{"@type":"ImageObject","inLanguage":"es-GT","@id":"https:\/\/prensalibre-com-develop.go-vip.co\/guatevision\/espectaculo\/lista-de-famosos-que-murieron-en-el-2020#primaryimage","url":"https:\/\/prensalibre-com-develop.go-vip.co\/guatevision\/wp-content\/uploads\/sites\/2\/2020\/12\/obituario2020.jpg?quality=82","contentUrl":"https:\/\/prensalibre-com-develop.go-vip.co\/guatevision\/wp-content\/uploads\/sites\/2\/2020\/12\/obituario2020.jpg?quality=82","width":888,"height":507},{"@type":"WebSite","@id":"https:\/\/prensalibre-com-develop.go-vip.co\/guatevision\/#website","url":"https:\/\/prensalibre-com-develop.go-vip.co\/guatevision\/","name":"Guatevision","description":"\u00a1Enciende Lo Bueno!","publisher":{"@id":"https:\/\/prensalibre-com-develop.go-vip.co\/guatevision\/#organization"},"potentialAction":[{"@type":"SearchAction","target":{"@type":"EntryPoint","urlTemplate":"https:\/\/prensalibre-com-develop.go-vip.co\/guatevision\/?s={search_term_string}"},"query-input":{"@type":"PropertyValueSpecification","valueRequired":true,"valueName":"search_term_string"}}],"inLanguage":"es-GT"},{"@type":"Organization","@id":"https:\/\/prensalibre-com-develop.go-vip.co\/guatevision\/#organization","name":"Guatevision","url":"https:\/\/prensalibre-com-develop.go-vip.co\/guatevision\/","logo":{"@type":"ImageObject","inLanguage":"es-GT","@id":"https:\/\/prensalibre-com-develop.go-vip.co\/guatevision\/#\/schema\/logo\/image\/","url":"https:\/\/prensalibre-com-develop.go-vip.co\/guatevision\/wp-content\/uploads\/sites\/2\/2026\/04\/Diseno-sin-titulo.png?quality=82","contentUrl":"https:\/\/prensalibre-com-develop.go-vip.co\/guatevision\/wp-content\/uploads\/sites\/2\/2026\/04\/Diseno-sin-titulo.png?quality=82","width":1000,"height":600,"caption":"Guatevision"},"image":{"@id":"https:\/\/prensalibre-com-develop.go-vip.co\/guatevision\/#\/schema\/logo\/image\/"}},{"@type":"Person","@id":"https:\/\/prensalibre-com-develop.go-vip.co\/guatevision\/#\/schema\/person\/77d37fb311bb0afd7ec2e3fb603a8396","name":"Keneth Cruz","image":{"@type":"ImageObject","inLanguage":"es-GT","@id":"https:\/\/prensalibre-com-develop.go-vip.co\/guatevision\/#\/schema\/person\/image\/d6a99dc01e8ffe567bbd662f5672e814","url":"https:\/\/secure.gravatar.com\/avatar\/dc49fb09f5b313a1c35f970ff1d4ff24e4c0a0a2a1c6fccb7026a85dcc04d3b2?s=96&d=mm&r=g","contentUrl":"https:\/\/secure.gravatar.com\/avatar\/dc49fb09f5b313a1c35f970ff1d4ff24e4c0a0a2a1c6fccb7026a85dcc04d3b2?s=96&d=mm&r=g","caption":"Keneth Cruz"},"url":"https:\/\/prensalibre-com-develop.go-vip.co\/guatevision\/author\/kcruz"}]}},"jetpack_featured_media_url":"https:\/\/prensalibre-com-develop.go-vip.co\/guatevision\/wp-content\/uploads\/sites\/2\/2020\/12\/obituario2020.jpg?quality=82","jetpack_sharing_enabled":true,"_links":{"self":[{"href":"https:\/\/prensalibre-com-develop.go-vip.co\/guatevision\/wp-json\/wp\/v2\/posts\/389506","targetHints":{"allow":["GET"]}}],"collection":[{"href":"https:\/\/prensalibre-com-develop.go-vip.co\/guatevision\/wp-json\/wp\/v2\/posts"}],"about":[{"href":"https:\/\/prensalibre-com-develop.go-vip.co\/guatevision\/wp-json\/wp\/v2\/types\/post"}],"author":[{"embeddable":true,"href":"https:\/\/prensalibre-com-develop.go-vip.co\/guatevision\/wp-json\/wp\/v2\/users\/40"}],"replies":[{"embeddable":true,"href":"https:\/\/prensalibre-com-develop.go-vip.co\/guatevision\/wp-json\/wp\/v2\/comments?post=389506"}],"version-history":[{"count":0,"href":"https:\/\/prensalibre-com-develop.go-vip.co\/guatevision\/wp-json\/wp\/v2\/posts\/389506\/revisions"}],"wp:featuredmedia":[{"embeddable":true,"href":"https:\/\/prensalibre-com-develop.go-vip.co\/guatevision\/wp-json\/wp\/v2\/media\/389562"}],"wp:attachment":[{"href":"https:\/\/prensalibre-com-develop.go-vip.co\/guatevision\/wp-json\/wp\/v2\/media?parent=389506"}],"wp:term":[{"taxonomy":"category","embeddable":true,"href":"https:\/\/prensalibre-com-develop.go-vip.co\/guatevision\/wp-json\/wp\/v2\/categories?post=389506"},{"taxonomy":"etiqueta","embeddable":true,"href":"https:\/\/prensalibre-com-develop.go-vip.co\/guatevision\/wp-json\/wp\/v2\/etiqueta?post=389506"}],"curies":[{"name":"wp","href":"https:\/\/api.w.org\/{rel}","templated":true}]}}