{"id":526077,"date":"2023-02-15T13:08:24","date_gmt":"2023-02-15T19:08:24","guid":{"rendered":"https:\/\/prensalibre-com-develop.go-vip.co\/guatevision\/?p=526077"},"modified":"2023-02-15T13:08:24","modified_gmt":"2023-02-15T19:08:24","slug":"dominicanos-tendran-que-presentar-visa-para-poder-ingresar-a-guatemala-breaking","status":"publish","type":"post","link":"https:\/\/prensalibre-com-develop.go-vip.co\/guatevision\/nacionales\/dominicanos-tendran-que-presentar-visa-para-poder-ingresar-a-guatemala-breaking","title":{"rendered":"Dominicanos tendr\u00e1n que presentar visa para poder ingresar a Guatemala"},"content":{"rendered":"<p>A partir de este 15 de febrero de 2023, los ciudadanos de Rep\u00fablica Dominicana que quieran ingresar al Guatemala por cualquier v\u00eda deber\u00e1n presentar una visa consular categor\u00eda B, con una vigencia m\u00ednima de 6 meses.<\/p>\n<div class=\"teads-adCall\">\n<div id=\"gradient-content\" class=\"sart-content\">\n\n<p>Los dominicanos que quieran ingresar ahora a Guatemala, deber\u00e1n solicitar una visa categor\u00eda B la cual deben gestionar en el consulado de Guatemala m\u00e1s cercano.<\/p>\n<\/div>\n<div id=\"tinypass_handler_banner_single\" class=\"tinypass_handler_banner_single\">\n<p>Autoridad Migratoria Nacional (AMN) public\u00f3 resoluci\u00f3n No. AMN 126-2023 en el que se resolvi\u00f3 el requerimiento del Ministerio de Relaciones Exteriores, quien solicit\u00f3 reinstaurar temporalmente el requisito de visa consular, para el ingreso de los nacionales de la Rep\u00fablica Dominicana portadores de pasaporte ordinario.<\/p>\n<\/div>\n<div id=\"tinypass_handler_single\" class=\"tinypass_handler_single sart-content\">\n<p>La Autoridad Migratoria Nacional, en Acta N\u00famero 02-2023 de fecha 24 de enero de 2023,\u00a0<a href=\"https:\/\/prensalibre-com-develop.go-vip.co\/guatevision\/nacionales\/guatemala-pedira-visa-a-dominicanos-por-frenar-flujo-migratorio-hacia-ee-uu\" target=\"_blank\" rel=\"noopener\">aprob\u00f3 el cambio de categor\u00eda A que corresponde a pa\u00edses exentos de visa a categor\u00eda B, visa consular, para los nacionales de Rep\u00fablica Dominicana<\/a>, pero este requisito entr\u00f3 en vigor este mi\u00e9rcoles 15 de febrero.<\/p>\n<\/div>\n<\/div>\n<div id=\"div-gpt-ad-pl_inl\" class=\"dfp-ad dfp-pl_inl\" data-ad-unit=\"pl_inl\" data-google-query-id=\"CJbAqN78l_0CFVGJgwgdMxkLyA\">\n<p>En la resoluci\u00f3n se menciona que el 27 de enero de 2017, el Consejo Nacional de Migraci\u00f3n, en acta de sesi\u00f3n, defini\u00f3 la ruta para que los dominicanos pasaran de tener que llenar el requisito de visa categor\u00eda B para entrar a Guatemala a una categor\u00eda A.<\/p>\n<section class=\"content-added seven-sixteenths mini-article\">\n<div class=\"related-stories slab-light \">\n<div>\n<p>Por medio del Acuerdo Ministerial n\u00famero 78-2017, el Ministerio de Gobernaci\u00f3n acord\u00f3 clasificar a los nacionales de la Rep\u00fablica Dominicana portadores de pasaporte ordinario a categor\u00eda A, lo que significa exentos de visa.<\/p>\n<p>Pero ahora volvieron resolvieron volver a clasificar \u201cde forma temporal\u201d en categor\u00eda B la visa que deber\u00e1n presentar los dominicanos.<\/p>\n<h2>Por la migraci\u00f3n irregular<\/h2>\n<p>El documento se\u00f1ala que: \u201cse ha reflejado una incongruencia en los registros de ingreso y egreso de los nacionales de Rep\u00fablica Dominicana al territorio nacional, de acuerdo con los datos estad\u00edsticos proporcionados por el Instituto Guatemalteco de Migraci\u00f3n, lo cual ha desvirtuado la calidad de turista o viajero, facilitando la migraci\u00f3n irregular, en tal virtud, resulta necesario por razones de inter\u00e9s nacional\u201d.<\/p>\n<p>La informaci\u00f3n se\u00f1ala que dicho requisito se socializ\u00f3 con los delegados de los 22 puestos fronterizos, por lo que a partir de este d\u00eda la visa consular debe presentarse, estampada en el pasaporte original con vigencia m\u00ednima de 6 meses.<\/p>\n<p>La resoluci\u00f3n de las autoridades se\u00f1ala que se faculta al Director General del Instituto Guatemalteco de Migraci\u00f3n, para que realice los procedimientos administrativos correspondientes a efecto de dar cumplimiento a lo dispuesto en la presente resoluci\u00f3n.<\/p>\n<p>En 2022 Guatemala rechaz\u00f3 el ingreso de mil 393 dominicanos por incumplir los requisitos, una cifra sobrepasa los 474 rechazados el 2021.<\/p>\n<p>La visa B se gestiona ante el Ministerio de Relaciones Exteriores por medio de la red consular y da derecho a ingresar, transitar y permanecer hasta 90 d\u00edas en territorio guatemalteco.<\/p>\n<\/div>\n<\/div>\n<\/section>\n<\/div>\n","protected":false},"excerpt":{"rendered":"<p>Autoridad migratoria de Guatemala inform\u00f3 que los dominicanos estaban exentos de visa, pero por una incongruencia en las cifras de ingreso y egreso de estos ciudadanos se tom\u00f3 la decisi\u00f3n de requerirles visa categor\u00eda B.<\/p>\n","protected":false},"author":7,"featured_media":517657,"comment_status":"closed","ping_status":"closed","sticky":false,"template":"","format":"standard","meta":{"_jetpack_memberships_contains_paid_content":false,"footnotes":""},"categories":[39733],"etiqueta":[25249,21657],"class_list":["post-526077","post","type-post","status-publish","format-standard","has-post-thumbnail","hentry","category-nacionales","etiqueta-aeropuerto-la-aurora","etiqueta-republica-dominicana"],"yoast_head":"<!-- This site is optimized with the Yoast SEO plugin v23.9 - https:\/\/yoast.com\/wordpress\/plugins\/seo\/ -->\n<title>Dominicanos tendr\u00e1n que presentar visa para poder ingresar a Guatemala - Guatevision<\/title>\n<meta name=\"robots\" content=\"index, follow, max-snippet:-1, max-image-preview:large, max-video-preview:-1\" \/>\n<link rel=\"canonical\" href=\"https:\/\/prensalibre-com-develop.go-vip.co\/guatevision\/nacionales\/dominicanos-tendran-que-presentar-visa-para-poder-ingresar-a-guatemala-breaking\" \/>\n<meta property=\"og:locale\" content=\"es_ES\" \/>\n<meta property=\"og:type\" content=\"article\" \/>\n<meta property=\"og:title\" content=\"Dominicanos tendr\u00e1n que presentar visa para poder ingresar a Guatemala - Guatevision\" \/>\n<meta property=\"og:description\" content=\"Autoridad migratoria de Guatemala inform\u00f3 que los dominicanos estaban exentos de visa, pero por una incongruencia en las cifras de ingreso y egreso de estos ciudadanos se tom\u00f3 la decisi\u00f3n de requerirles visa categor\u00eda B.\" \/>\n<meta property=\"og:url\" content=\"https:\/\/prensalibre-com-develop.go-vip.co\/guatevision\/nacionales\/dominicanos-tendran-que-presentar-visa-para-poder-ingresar-a-guatemala-breaking\" \/>\n<meta property=\"og:site_name\" content=\"Guatevision\" \/>\n<meta property=\"article:published_time\" content=\"2023-02-15T19:08:24+00:00\" \/>\n<meta property=\"og:image\" content=\"https:\/\/prensalibre-com-develop.go-vip.co\/guatevision\/wp-content\/uploads\/sites\/2\/2022\/12\/LA-AURORA.-4.png?quality=82\" \/>\n\t<meta property=\"og:image:width\" content=\"1272\" \/>\n\t<meta property=\"og:image:height\" content=\"698\" \/>\n\t<meta property=\"og:image:type\" content=\"image\/png\" \/>\n<meta name=\"author\" content=\"Julio Rom\u00e1n\" \/>\n<meta name=\"twitter:card\" content=\"summary_large_image\" \/>\n<meta name=\"twitter:label1\" content=\"Written by\" \/>\n\t<meta name=\"twitter:data1\" content=\"Julio Rom\u00e1n\" \/>\n\t<meta name=\"twitter:label2\" content=\"Est. reading time\" \/>\n\t<meta name=\"twitter:data2\" content=\"2 minutes\" \/>\n<script type=\"application\/ld+json\" class=\"yoast-schema-graph\">{\"@context\":\"https:\/\/schema.org\",\"@graph\":[{\"@type\":\"Article\",\"@id\":\"https:\/\/prensalibre-com-develop.go-vip.co\/guatevision\/nacionales\/dominicanos-tendran-que-presentar-visa-para-poder-ingresar-a-guatemala-breaking#article\",\"isPartOf\":{\"@id\":\"https:\/\/prensalibre-com-develop.go-vip.co\/guatevision\/nacionales\/dominicanos-tendran-que-presentar-visa-para-poder-ingresar-a-guatemala-breaking\"},\"author\":{\"name\":\"Julio Rom\u00e1n\",\"@id\":\"https:\/\/prensalibre-com-develop.go-vip.co\/guatevision\/#\/schema\/person\/091f7f7648532423a63d1415c82061da\"},\"headline\":\"Dominicanos tendr\u00e1n que presentar visa para poder ingresar a Guatemala\",\"datePublished\":\"2023-02-15T19:08:24+00:00\",\"dateModified\":\"2023-02-15T19:08:24+00:00\",\"mainEntityOfPage\":{\"@id\":\"https:\/\/prensalibre-com-develop.go-vip.co\/guatevision\/nacionales\/dominicanos-tendran-que-presentar-visa-para-poder-ingresar-a-guatemala-breaking\"},\"wordCount\":489,\"publisher\":{\"@id\":\"https:\/\/prensalibre-com-develop.go-vip.co\/guatevision\/#organization\"},\"image\":{\"@id\":\"https:\/\/prensalibre-com-develop.go-vip.co\/guatevision\/nacionales\/dominicanos-tendran-que-presentar-visa-para-poder-ingresar-a-guatemala-breaking#primaryimage\"},\"thumbnailUrl\":\"https:\/\/prensalibre-com-develop.go-vip.co\/guatevision\/wp-content\/uploads\/sites\/2\/2022\/12\/LA-AURORA.-4.png?quality=82\",\"articleSection\":[\"Nacionales\"],\"inLanguage\":\"es-GT\"},{\"@type\":\"WebPage\",\"@id\":\"https:\/\/prensalibre-com-develop.go-vip.co\/guatevision\/nacionales\/dominicanos-tendran-que-presentar-visa-para-poder-ingresar-a-guatemala-breaking\",\"url\":\"https:\/\/prensalibre-com-develop.go-vip.co\/guatevision\/nacionales\/dominicanos-tendran-que-presentar-visa-para-poder-ingresar-a-guatemala-breaking\",\"name\":\"Dominicanos tendr\u00e1n que presentar visa para poder ingresar a Guatemala - Guatevision\",\"isPartOf\":{\"@id\":\"https:\/\/prensalibre-com-develop.go-vip.co\/guatevision\/#website\"},\"primaryImageOfPage\":{\"@id\":\"https:\/\/prensalibre-com-develop.go-vip.co\/guatevision\/nacionales\/dominicanos-tendran-que-presentar-visa-para-poder-ingresar-a-guatemala-breaking#primaryimage\"},\"image\":{\"@id\":\"https:\/\/prensalibre-com-develop.go-vip.co\/guatevision\/nacionales\/dominicanos-tendran-que-presentar-visa-para-poder-ingresar-a-guatemala-breaking#primaryimage\"},\"thumbnailUrl\":\"https:\/\/prensalibre-com-develop.go-vip.co\/guatevision\/wp-content\/uploads\/sites\/2\/2022\/12\/LA-AURORA.-4.png?quality=82\",\"datePublished\":\"2023-02-15T19:08:24+00:00\",\"dateModified\":\"2023-02-15T19:08:24+00:00\",\"inLanguage\":\"es-GT\",\"potentialAction\":[{\"@type\":\"ReadAction\",\"target\":[\"https:\/\/prensalibre-com-develop.go-vip.co\/guatevision\/nacionales\/dominicanos-tendran-que-presentar-visa-para-poder-ingresar-a-guatemala-breaking\"]}]},{\"@type\":\"ImageObject\",\"inLanguage\":\"es-GT\",\"@id\":\"https:\/\/prensalibre-com-develop.go-vip.co\/guatevision\/nacionales\/dominicanos-tendran-que-presentar-visa-para-poder-ingresar-a-guatemala-breaking#primaryimage\",\"url\":\"https:\/\/prensalibre-com-develop.go-vip.co\/guatevision\/wp-content\/uploads\/sites\/2\/2022\/12\/LA-AURORA.-4.png?quality=82\",\"contentUrl\":\"https:\/\/prensalibre-com-develop.go-vip.co\/guatevision\/wp-content\/uploads\/sites\/2\/2022\/12\/LA-AURORA.-4.png?quality=82\",\"width\":1272,\"height\":698,\"caption\":\"El Aeropuerto Internacional La Aurora permaneci\u00f3 cerrado alguna horas por la ceniza lanzada por el Volc\u00e1n de Fuego este 11 de diciembre 2022. (Foto: Hemeroteca PL)\"},{\"@type\":\"WebSite\",\"@id\":\"https:\/\/prensalibre-com-develop.go-vip.co\/guatevision\/#website\",\"url\":\"https:\/\/prensalibre-com-develop.go-vip.co\/guatevision\/\",\"name\":\"Guatevision\",\"description\":\"\u00a1Enciende Lo Bueno!\",\"publisher\":{\"@id\":\"https:\/\/prensalibre-com-develop.go-vip.co\/guatevision\/#organization\"},\"potentialAction\":[{\"@type\":\"SearchAction\",\"target\":{\"@type\":\"EntryPoint\",\"urlTemplate\":\"https:\/\/prensalibre-com-develop.go-vip.co\/guatevision\/?s={search_term_string}\"},\"query-input\":{\"@type\":\"PropertyValueSpecification\",\"valueRequired\":true,\"valueName\":\"search_term_string\"}}],\"inLanguage\":\"es-GT\"},{\"@type\":\"Organization\",\"@id\":\"https:\/\/prensalibre-com-develop.go-vip.co\/guatevision\/#organization\",\"name\":\"Guatevision\",\"url\":\"https:\/\/prensalibre-com-develop.go-vip.co\/guatevision\/\",\"logo\":{\"@type\":\"ImageObject\",\"inLanguage\":\"es-GT\",\"@id\":\"https:\/\/prensalibre-com-develop.go-vip.co\/guatevision\/#\/schema\/logo\/image\/\",\"url\":\"https:\/\/prensalibre-com-develop.go-vip.co\/guatevision\/wp-content\/uploads\/sites\/2\/2026\/04\/Diseno-sin-titulo.png?quality=82\",\"contentUrl\":\"https:\/\/prensalibre-com-develop.go-vip.co\/guatevision\/wp-content\/uploads\/sites\/2\/2026\/04\/Diseno-sin-titulo.png?quality=82\",\"width\":1000,\"height\":600,\"caption\":\"Guatevision\"},\"image\":{\"@id\":\"https:\/\/prensalibre-com-develop.go-vip.co\/guatevision\/#\/schema\/logo\/image\/\"}},{\"@type\":\"Person\",\"@id\":\"https:\/\/prensalibre-com-develop.go-vip.co\/guatevision\/#\/schema\/person\/091f7f7648532423a63d1415c82061da\",\"name\":\"Julio Rom\u00e1n\",\"image\":{\"@type\":\"ImageObject\",\"inLanguage\":\"es-GT\",\"@id\":\"https:\/\/prensalibre-com-develop.go-vip.co\/guatevision\/#\/schema\/person\/image\/1e9f470c5e4c2ba229ccbbf4ca96f542\",\"url\":\"https:\/\/secure.gravatar.com\/avatar\/b4072de55810914c7b6eaa74beebdcb4bf42c650fcbaebc017fa2640308ae6d5?s=96&d=mm&r=g\",\"contentUrl\":\"https:\/\/secure.gravatar.com\/avatar\/b4072de55810914c7b6eaa74beebdcb4bf42c650fcbaebc017fa2640308ae6d5?s=96&d=mm&r=g\",\"caption\":\"Julio Rom\u00e1n\"},\"url\":\"https:\/\/prensalibre-com-develop.go-vip.co\/guatevision\/author\/jroman\"}]}<\/script>\n<!-- \/ Yoast SEO plugin. -->","yoast_head_json":{"title":"Dominicanos tendr\u00e1n que presentar visa para poder ingresar a Guatemala - Guatevision","robots":{"index":"index","follow":"follow","max-snippet":"max-snippet:-1","max-image-preview":"max-image-preview:large","max-video-preview":"max-video-preview:-1"},"canonical":"https:\/\/prensalibre-com-develop.go-vip.co\/guatevision\/nacionales\/dominicanos-tendran-que-presentar-visa-para-poder-ingresar-a-guatemala-breaking","og_locale":"es_ES","og_type":"article","og_title":"Dominicanos tendr\u00e1n que presentar visa para poder ingresar a Guatemala - Guatevision","og_description":"Autoridad migratoria de Guatemala inform\u00f3 que los dominicanos estaban exentos de visa, pero por una incongruencia en las cifras de ingreso y egreso de estos ciudadanos se tom\u00f3 la decisi\u00f3n de requerirles visa categor\u00eda B.","og_url":"https:\/\/prensalibre-com-develop.go-vip.co\/guatevision\/nacionales\/dominicanos-tendran-que-presentar-visa-para-poder-ingresar-a-guatemala-breaking","og_site_name":"Guatevision","article_published_time":"2023-02-15T19:08:24+00:00","og_image":[{"width":1272,"height":698,"url":"https:\/\/prensalibre-com-develop.go-vip.co\/guatevision\/wp-content\/uploads\/sites\/2\/2022\/12\/LA-AURORA.-4.png?quality=82","type":"image\/png"}],"author":"Julio Rom\u00e1n","twitter_card":"summary_large_image","twitter_misc":{"Written by":"Julio Rom\u00e1n","Est. reading time":"2 minutes"},"schema":{"@context":"https:\/\/schema.org","@graph":[{"@type":"Article","@id":"https:\/\/prensalibre-com-develop.go-vip.co\/guatevision\/nacionales\/dominicanos-tendran-que-presentar-visa-para-poder-ingresar-a-guatemala-breaking#article","isPartOf":{"@id":"https:\/\/prensalibre-com-develop.go-vip.co\/guatevision\/nacionales\/dominicanos-tendran-que-presentar-visa-para-poder-ingresar-a-guatemala-breaking"},"author":{"name":"Julio Rom\u00e1n","@id":"https:\/\/prensalibre-com-develop.go-vip.co\/guatevision\/#\/schema\/person\/091f7f7648532423a63d1415c82061da"},"headline":"Dominicanos tendr\u00e1n que presentar visa para poder ingresar a Guatemala","datePublished":"2023-02-15T19:08:24+00:00","dateModified":"2023-02-15T19:08:24+00:00","mainEntityOfPage":{"@id":"https:\/\/prensalibre-com-develop.go-vip.co\/guatevision\/nacionales\/dominicanos-tendran-que-presentar-visa-para-poder-ingresar-a-guatemala-breaking"},"wordCount":489,"publisher":{"@id":"https:\/\/prensalibre-com-develop.go-vip.co\/guatevision\/#organization"},"image":{"@id":"https:\/\/prensalibre-com-develop.go-vip.co\/guatevision\/nacionales\/dominicanos-tendran-que-presentar-visa-para-poder-ingresar-a-guatemala-breaking#primaryimage"},"thumbnailUrl":"https:\/\/prensalibre-com-develop.go-vip.co\/guatevision\/wp-content\/uploads\/sites\/2\/2022\/12\/LA-AURORA.-4.png?quality=82","articleSection":["Nacionales"],"inLanguage":"es-GT"},{"@type":"WebPage","@id":"https:\/\/prensalibre-com-develop.go-vip.co\/guatevision\/nacionales\/dominicanos-tendran-que-presentar-visa-para-poder-ingresar-a-guatemala-breaking","url":"https:\/\/prensalibre-com-develop.go-vip.co\/guatevision\/nacionales\/dominicanos-tendran-que-presentar-visa-para-poder-ingresar-a-guatemala-breaking","name":"Dominicanos tendr\u00e1n que presentar visa para poder ingresar a Guatemala - Guatevision","isPartOf":{"@id":"https:\/\/prensalibre-com-develop.go-vip.co\/guatevision\/#website"},"primaryImageOfPage":{"@id":"https:\/\/prensalibre-com-develop.go-vip.co\/guatevision\/nacionales\/dominicanos-tendran-que-presentar-visa-para-poder-ingresar-a-guatemala-breaking#primaryimage"},"image":{"@id":"https:\/\/prensalibre-com-develop.go-vip.co\/guatevision\/nacionales\/dominicanos-tendran-que-presentar-visa-para-poder-ingresar-a-guatemala-breaking#primaryimage"},"thumbnailUrl":"https:\/\/prensalibre-com-develop.go-vip.co\/guatevision\/wp-content\/uploads\/sites\/2\/2022\/12\/LA-AURORA.-4.png?quality=82","datePublished":"2023-02-15T19:08:24+00:00","dateModified":"2023-02-15T19:08:24+00:00","inLanguage":"es-GT","potentialAction":[{"@type":"ReadAction","target":["https:\/\/prensalibre-com-develop.go-vip.co\/guatevision\/nacionales\/dominicanos-tendran-que-presentar-visa-para-poder-ingresar-a-guatemala-breaking"]}]},{"@type":"ImageObject","inLanguage":"es-GT","@id":"https:\/\/prensalibre-com-develop.go-vip.co\/guatevision\/nacionales\/dominicanos-tendran-que-presentar-visa-para-poder-ingresar-a-guatemala-breaking#primaryimage","url":"https:\/\/prensalibre-com-develop.go-vip.co\/guatevision\/wp-content\/uploads\/sites\/2\/2022\/12\/LA-AURORA.-4.png?quality=82","contentUrl":"https:\/\/prensalibre-com-develop.go-vip.co\/guatevision\/wp-content\/uploads\/sites\/2\/2022\/12\/LA-AURORA.-4.png?quality=82","width":1272,"height":698,"caption":"El Aeropuerto Internacional La Aurora permaneci\u00f3 cerrado alguna horas por la ceniza lanzada por el Volc\u00e1n de Fuego este 11 de diciembre 2022. (Foto: Hemeroteca PL)"},{"@type":"WebSite","@id":"https:\/\/prensalibre-com-develop.go-vip.co\/guatevision\/#website","url":"https:\/\/prensalibre-com-develop.go-vip.co\/guatevision\/","name":"Guatevision","description":"\u00a1Enciende Lo Bueno!","publisher":{"@id":"https:\/\/prensalibre-com-develop.go-vip.co\/guatevision\/#organization"},"potentialAction":[{"@type":"SearchAction","target":{"@type":"EntryPoint","urlTemplate":"https:\/\/prensalibre-com-develop.go-vip.co\/guatevision\/?s={search_term_string}"},"query-input":{"@type":"PropertyValueSpecification","valueRequired":true,"valueName":"search_term_string"}}],"inLanguage":"es-GT"},{"@type":"Organization","@id":"https:\/\/prensalibre-com-develop.go-vip.co\/guatevision\/#organization","name":"Guatevision","url":"https:\/\/prensalibre-com-develop.go-vip.co\/guatevision\/","logo":{"@type":"ImageObject","inLanguage":"es-GT","@id":"https:\/\/prensalibre-com-develop.go-vip.co\/guatevision\/#\/schema\/logo\/image\/","url":"https:\/\/prensalibre-com-develop.go-vip.co\/guatevision\/wp-content\/uploads\/sites\/2\/2026\/04\/Diseno-sin-titulo.png?quality=82","contentUrl":"https:\/\/prensalibre-com-develop.go-vip.co\/guatevision\/wp-content\/uploads\/sites\/2\/2026\/04\/Diseno-sin-titulo.png?quality=82","width":1000,"height":600,"caption":"Guatevision"},"image":{"@id":"https:\/\/prensalibre-com-develop.go-vip.co\/guatevision\/#\/schema\/logo\/image\/"}},{"@type":"Person","@id":"https:\/\/prensalibre-com-develop.go-vip.co\/guatevision\/#\/schema\/person\/091f7f7648532423a63d1415c82061da","name":"Julio Rom\u00e1n","image":{"@type":"ImageObject","inLanguage":"es-GT","@id":"https:\/\/prensalibre-com-develop.go-vip.co\/guatevision\/#\/schema\/person\/image\/1e9f470c5e4c2ba229ccbbf4ca96f542","url":"https:\/\/secure.gravatar.com\/avatar\/b4072de55810914c7b6eaa74beebdcb4bf42c650fcbaebc017fa2640308ae6d5?s=96&d=mm&r=g","contentUrl":"https:\/\/secure.gravatar.com\/avatar\/b4072de55810914c7b6eaa74beebdcb4bf42c650fcbaebc017fa2640308ae6d5?s=96&d=mm&r=g","caption":"Julio Rom\u00e1n"},"url":"https:\/\/prensalibre-com-develop.go-vip.co\/guatevision\/author\/jroman"}]}},"jetpack_featured_media_url":"https:\/\/prensalibre-com-develop.go-vip.co\/guatevision\/wp-content\/uploads\/sites\/2\/2022\/12\/LA-AURORA.-4.png?quality=82","jetpack_sharing_enabled":true,"_links":{"self":[{"href":"https:\/\/prensalibre-com-develop.go-vip.co\/guatevision\/wp-json\/wp\/v2\/posts\/526077","targetHints":{"allow":["GET"]}}],"collection":[{"href":"https:\/\/prensalibre-com-develop.go-vip.co\/guatevision\/wp-json\/wp\/v2\/posts"}],"about":[{"href":"https:\/\/prensalibre-com-develop.go-vip.co\/guatevision\/wp-json\/wp\/v2\/types\/post"}],"author":[{"embeddable":true,"href":"https:\/\/prensalibre-com-develop.go-vip.co\/guatevision\/wp-json\/wp\/v2\/users\/7"}],"replies":[{"embeddable":true,"href":"https:\/\/prensalibre-com-develop.go-vip.co\/guatevision\/wp-json\/wp\/v2\/comments?post=526077"}],"version-history":[{"count":0,"href":"https:\/\/prensalibre-com-develop.go-vip.co\/guatevision\/wp-json\/wp\/v2\/posts\/526077\/revisions"}],"wp:featuredmedia":[{"embeddable":true,"href":"https:\/\/prensalibre-com-develop.go-vip.co\/guatevision\/wp-json\/wp\/v2\/media\/517657"}],"wp:attachment":[{"href":"https:\/\/prensalibre-com-develop.go-vip.co\/guatevision\/wp-json\/wp\/v2\/media?parent=526077"}],"wp:term":[{"taxonomy":"category","embeddable":true,"href":"https:\/\/prensalibre-com-develop.go-vip.co\/guatevision\/wp-json\/wp\/v2\/categories?post=526077"},{"taxonomy":"etiqueta","embeddable":true,"href":"https:\/\/prensalibre-com-develop.go-vip.co\/guatevision\/wp-json\/wp\/v2\/etiqueta?post=526077"}],"curies":[{"name":"wp","href":"https:\/\/api.w.org\/{rel}","templated":true}]}}