{"id":56419,"date":"2017-03-30T16:40:16","date_gmt":"2017-03-30T22:40:16","guid":{"rendered":"https:\/\/prensalibre-com-develop.go-vip.co\/guatevision\/?p=56419"},"modified":"2017-03-30T15:15:59","modified_gmt":"2017-03-30T21:15:59","slug":"escultor-del-busto-cristiano","status":"publish","type":"post","link":"https:\/\/prensalibre-com-develop.go-vip.co\/guatevision\/historico\/escultor-del-busto-cristiano","title":{"rendered":"El escultor del busto de Cristiano dice que al jugador &#8220;le gust\u00f3&#8221; su obra"},"content":{"rendered":"<p>El escultor del pol\u00e9mico busto con la cara de Cristiano Ronaldo, desvelado el mi\u00e9rcoles en el aeropuerto de Madeira y que suscit\u00f3 numerosas bromas en las redes sociales, defendi\u00f3 su obra, asegurando que al c\u00e9lebre futbolista &#8220;le gust\u00f3&#8221; el resultado.<\/p>\n\n<p>&#8220;No he recibido cr\u00edticas sobre el busto, los comentarios de mis amigos de Facebook han sido positivos&#8221;, declar\u00f3 el escultor madeirense Emanuel Santos a la radio portuguesa Renascen\u00e7a.<\/p>\n<p>&#8220;Tuvo la ocasi\u00f3n de hablar con Cristiano Ronaldo para saber lo que pensaba y me dijo que le gust\u00f3&#8221;, afirm\u00f3 el artista autodidacta de 40 a\u00f1os.<\/p>\n<p>&#8220;Cristiano simplemente pidi\u00f3 cambiar algunas arrugas demasiado marcadas, que le daban un aspecto m\u00e1s viejo, y que se quitaran para parecer m\u00e1s liso y m\u00e1s joven&#8221;, explic\u00f3 Santos.<\/p>\n<p>Los internautas y la prensa internacional se mostraron poco entusiasmados con el busto del jugador del Real Madrid, calific\u00e1ndolo en muchos casos de &#8220;horrible&#8221; e &#8220;inmundo&#8221;.<\/p>\n<p>&#8220;Representar a una persona p\u00fablica es un reto, sobre todo si no lo tienes cerca para tomar las medidas&#8221;, destac\u00f3 el artista, que trabaj\u00f3 con fotograf\u00edas del jugador.<\/p>\n<p>&#8220;Todo trabajo est\u00e1 sujeto a las cr\u00edticas, no se puede gustar a todos. Una escultura es una escultura, una fotocopia es una fotocopia&#8221;, se defendi\u00f3 Emanuel Santos, un exagente de entrevistas a personas en paro.<\/p>\n<p>En su ciudad natal de Funchal, Cristiano Ronaldo cuenta ahora con un aeropuerto con su nombre, un museo en su honor y una estatua de 3,40 metros de alto.<\/p>\n<p>\u00a9 Agence France-Presse<\/p>\n<figure id=\"attachment_56423\" aria-describedby=\"caption-attachment-56423\" style=\"width: 660px\" class=\"wp-caption aligncenter\"><img loading=\"lazy\" decoding=\"async\" class=\"size-full wp-image-56423\" src=\"https:\/\/prensalibre-com-develop.go-vip.co\/guatevision\/wp-content\/uploads\/2017\/03\/Cristiano-Ronaldo-2017-Aeropuerto.png\" alt=\"Foto: AFP\" width=\"660\" height=\"371\" srcset=\"https:\/\/prensalibre-com-develop.go-vip.co\/guatevision\/wp-content\/uploads\/sites\/2\/2017\/03\/Cristiano-Ronaldo-2017-Aeropuerto.png 660w, https:\/\/prensalibre-com-develop.go-vip.co\/guatevision\/wp-content\/uploads\/sites\/2\/2017\/03\/Cristiano-Ronaldo-2017-Aeropuerto.png?resize=300,169 300w, https:\/\/prensalibre-com-develop.go-vip.co\/guatevision\/wp-content\/uploads\/sites\/2\/2017\/03\/Cristiano-Ronaldo-2017-Aeropuerto.png?resize=276,154 276w, https:\/\/prensalibre-com-develop.go-vip.co\/guatevision\/wp-content\/uploads\/sites\/2\/2017\/03\/Cristiano-Ronaldo-2017-Aeropuerto.png?resize=260,146 260w, https:\/\/prensalibre-com-develop.go-vip.co\/guatevision\/wp-content\/uploads\/sites\/2\/2017\/03\/Cristiano-Ronaldo-2017-Aeropuerto.png?resize=150,84 150w\" sizes=\"auto, (max-width: 660px) 100vw, 660px\" \/><figcaption id=\"caption-attachment-56423\" class=\"wp-caption-text\">Foto: AFP<\/figcaption><\/figure>\n<p>Video canal de youtube: Diario AS<\/p>\n","protected":false},"excerpt":{"rendered":"","protected":false},"author":71,"featured_media":56420,"comment_status":"open","ping_status":"closed","sticky":false,"template":"","format":"standard","meta":{"_jetpack_memberships_contains_paid_content":false,"footnotes":""},"categories":[],"etiqueta":[],"class_list":["post-56419","post","type-post","status-publish","format-standard","has-post-thumbnail","hentry"],"yoast_head":"<!-- This site is optimized with the Yoast SEO plugin v23.9 - https:\/\/yoast.com\/wordpress\/plugins\/seo\/ -->\n<title>El escultor del busto de Cristiano dice que al jugador &quot;le gust\u00f3&quot; su obra<\/title>\n<meta name=\"description\" content=\"El escultor del pol\u00e9mico busto de Cristiano Ronaldo, desvelado el mi\u00e9rcoles en el aeropuerto de Madeira y que suscit\u00f3 numerosas bromas en redes sociales.\" \/>\n<meta name=\"robots\" content=\"index, follow, max-snippet:-1, max-image-preview:large, max-video-preview:-1\" \/>\n<link rel=\"canonical\" href=\"https:\/\/prensalibre-com-develop.go-vip.co\/guatevision\/historico\/escultor-del-busto-cristiano\" \/>\n<meta property=\"og:locale\" content=\"es_ES\" \/>\n<meta property=\"og:type\" content=\"article\" \/>\n<meta property=\"og:title\" content=\"El escultor del busto de Cristiano dice que al jugador &quot;le gust\u00f3&quot; su obra\" \/>\n<meta property=\"og:description\" content=\"El escultor del pol\u00e9mico busto de Cristiano Ronaldo, desvelado el mi\u00e9rcoles en el aeropuerto de Madeira y que suscit\u00f3 numerosas bromas en redes sociales.\" \/>\n<meta property=\"og:url\" content=\"https:\/\/prensalibre-com-develop.go-vip.co\/guatevision\/historico\/escultor-del-busto-cristiano\" \/>\n<meta property=\"og:site_name\" content=\"Guatevision\" \/>\n<meta property=\"article:published_time\" content=\"2017-03-30T22:40:16+00:00\" \/>\n<meta property=\"article:modified_time\" content=\"2017-03-30T21:15:59+00:00\" \/>\n<meta property=\"og:image\" content=\"https:\/\/prensalibre-com-develop.go-vip.co\/guatevision\/wp-content\/uploads\/sites\/2\/2017\/03\/Cristiano-Ronaldo-2017-2-Aeropuerto.png?quality=82\" \/>\n\t<meta property=\"og:image:width\" content=\"660\" \/>\n\t<meta property=\"og:image:height\" content=\"371\" \/>\n\t<meta property=\"og:image:type\" content=\"image\/png\" \/>\n<meta name=\"author\" content=\"Manuel Hern\u00e1ndez May\u00e9n\" \/>\n<meta name=\"twitter:card\" content=\"summary_large_image\" \/>\n<meta name=\"twitter:label1\" content=\"Written by\" \/>\n\t<meta name=\"twitter:data1\" content=\"Manuel Hern\u00e1ndez May\u00e9n\" \/>\n\t<meta name=\"twitter:label2\" content=\"Est. reading time\" \/>\n\t<meta name=\"twitter:data2\" content=\"1 minute\" \/>\n<script type=\"application\/ld+json\" class=\"yoast-schema-graph\">{\"@context\":\"https:\/\/schema.org\",\"@graph\":[{\"@type\":\"Article\",\"@id\":\"https:\/\/prensalibre-com-develop.go-vip.co\/guatevision\/historico\/escultor-del-busto-cristiano#article\",\"isPartOf\":{\"@id\":\"https:\/\/prensalibre-com-develop.go-vip.co\/guatevision\/historico\/escultor-del-busto-cristiano\"},\"author\":{\"name\":\"Manuel Hern\u00e1ndez May\u00e9n\",\"@id\":\"https:\/\/prensalibre-com-develop.go-vip.co\/guatevision\/#\/schema\/person\/5b34ef10da9eb6f366b1c186913efddd\"},\"headline\":\"El escultor del busto de Cristiano dice que al jugador &#8220;le gust\u00f3&#8221; su obra\",\"datePublished\":\"2017-03-30T22:40:16+00:00\",\"dateModified\":\"2017-03-30T21:15:59+00:00\",\"mainEntityOfPage\":{\"@id\":\"https:\/\/prensalibre-com-develop.go-vip.co\/guatevision\/historico\/escultor-del-busto-cristiano\"},\"wordCount\":283,\"commentCount\":0,\"publisher\":{\"@id\":\"https:\/\/prensalibre-com-develop.go-vip.co\/guatevision\/#organization\"},\"image\":{\"@id\":\"https:\/\/prensalibre-com-develop.go-vip.co\/guatevision\/historico\/escultor-del-busto-cristiano#primaryimage\"},\"thumbnailUrl\":\"https:\/\/prensalibre-com-develop.go-vip.co\/guatevision\/wp-content\/uploads\/sites\/2\/2017\/03\/Cristiano-Ronaldo-2017-2-Aeropuerto.png?quality=82\",\"keywords\":[\"CR7\",\"Cristiano Ronaldo\",\"Madeira\"],\"inLanguage\":\"es-GT\",\"potentialAction\":[{\"@type\":\"CommentAction\",\"name\":\"Comment\",\"target\":[\"https:\/\/prensalibre-com-develop.go-vip.co\/guatevision\/historico\/escultor-del-busto-cristiano#respond\"]}]},{\"@type\":\"WebPage\",\"@id\":\"https:\/\/prensalibre-com-develop.go-vip.co\/guatevision\/historico\/escultor-del-busto-cristiano\",\"url\":\"https:\/\/prensalibre-com-develop.go-vip.co\/guatevision\/historico\/escultor-del-busto-cristiano\",\"name\":\"El escultor del busto de Cristiano dice que al jugador \\\"le gust\u00f3\\\" su obra\",\"isPartOf\":{\"@id\":\"https:\/\/prensalibre-com-develop.go-vip.co\/guatevision\/#website\"},\"primaryImageOfPage\":{\"@id\":\"https:\/\/prensalibre-com-develop.go-vip.co\/guatevision\/historico\/escultor-del-busto-cristiano#primaryimage\"},\"image\":{\"@id\":\"https:\/\/prensalibre-com-develop.go-vip.co\/guatevision\/historico\/escultor-del-busto-cristiano#primaryimage\"},\"thumbnailUrl\":\"https:\/\/prensalibre-com-develop.go-vip.co\/guatevision\/wp-content\/uploads\/sites\/2\/2017\/03\/Cristiano-Ronaldo-2017-2-Aeropuerto.png?quality=82\",\"datePublished\":\"2017-03-30T22:40:16+00:00\",\"dateModified\":\"2017-03-30T21:15:59+00:00\",\"description\":\"El escultor del pol\u00e9mico busto de Cristiano Ronaldo, desvelado el mi\u00e9rcoles en el aeropuerto de Madeira y que suscit\u00f3 numerosas bromas en redes sociales.\",\"inLanguage\":\"es-GT\",\"potentialAction\":[{\"@type\":\"ReadAction\",\"target\":[\"https:\/\/prensalibre-com-develop.go-vip.co\/guatevision\/historico\/escultor-del-busto-cristiano\"]}]},{\"@type\":\"ImageObject\",\"inLanguage\":\"es-GT\",\"@id\":\"https:\/\/prensalibre-com-develop.go-vip.co\/guatevision\/historico\/escultor-del-busto-cristiano#primaryimage\",\"url\":\"https:\/\/prensalibre-com-develop.go-vip.co\/guatevision\/wp-content\/uploads\/sites\/2\/2017\/03\/Cristiano-Ronaldo-2017-2-Aeropuerto.png?quality=82\",\"contentUrl\":\"https:\/\/prensalibre-com-develop.go-vip.co\/guatevision\/wp-content\/uploads\/sites\/2\/2017\/03\/Cristiano-Ronaldo-2017-2-Aeropuerto.png?quality=82\",\"width\":660,\"height\":371,\"caption\":\"Foto: AFP\"},{\"@type\":\"WebSite\",\"@id\":\"https:\/\/prensalibre-com-develop.go-vip.co\/guatevision\/#website\",\"url\":\"https:\/\/prensalibre-com-develop.go-vip.co\/guatevision\/\",\"name\":\"Guatevision\",\"description\":\"\u00a1Enciende Lo Bueno!\",\"publisher\":{\"@id\":\"https:\/\/prensalibre-com-develop.go-vip.co\/guatevision\/#organization\"},\"potentialAction\":[{\"@type\":\"SearchAction\",\"target\":{\"@type\":\"EntryPoint\",\"urlTemplate\":\"https:\/\/prensalibre-com-develop.go-vip.co\/guatevision\/?s={search_term_string}\"},\"query-input\":{\"@type\":\"PropertyValueSpecification\",\"valueRequired\":true,\"valueName\":\"search_term_string\"}}],\"inLanguage\":\"es-GT\"},{\"@type\":\"Organization\",\"@id\":\"https:\/\/prensalibre-com-develop.go-vip.co\/guatevision\/#organization\",\"name\":\"Guatevision\",\"url\":\"https:\/\/prensalibre-com-develop.go-vip.co\/guatevision\/\",\"logo\":{\"@type\":\"ImageObject\",\"inLanguage\":\"es-GT\",\"@id\":\"https:\/\/prensalibre-com-develop.go-vip.co\/guatevision\/#\/schema\/logo\/image\/\",\"url\":\"https:\/\/prensalibre-com-develop.go-vip.co\/guatevision\/wp-content\/uploads\/sites\/2\/2026\/04\/Diseno-sin-titulo.png?quality=82\",\"contentUrl\":\"https:\/\/prensalibre-com-develop.go-vip.co\/guatevision\/wp-content\/uploads\/sites\/2\/2026\/04\/Diseno-sin-titulo.png?quality=82\",\"width\":1000,\"height\":600,\"caption\":\"Guatevision\"},\"image\":{\"@id\":\"https:\/\/prensalibre-com-develop.go-vip.co\/guatevision\/#\/schema\/logo\/image\/\"}},{\"@type\":\"Person\",\"@id\":\"https:\/\/prensalibre-com-develop.go-vip.co\/guatevision\/#\/schema\/person\/5b34ef10da9eb6f366b1c186913efddd\",\"name\":\"Manuel Hern\u00e1ndez May\u00e9n\",\"image\":{\"@type\":\"ImageObject\",\"inLanguage\":\"es-GT\",\"@id\":\"https:\/\/prensalibre-com-develop.go-vip.co\/guatevision\/#\/schema\/person\/image\/433265d8a81413206f8dd780c513ffd7\",\"url\":\"https:\/\/secure.gravatar.com\/avatar\/d6d67d029230e2c79470aabd3184418289f224c20a44e2beaa5864a18da50d01?s=96&d=mm&r=g\",\"contentUrl\":\"https:\/\/secure.gravatar.com\/avatar\/d6d67d029230e2c79470aabd3184418289f224c20a44e2beaa5864a18da50d01?s=96&d=mm&r=g\",\"caption\":\"Manuel Hern\u00e1ndez May\u00e9n\"},\"url\":\"https:\/\/prensalibre-com-develop.go-vip.co\/guatevision\/author\/mdhernandez\"}]}<\/script>\n<!-- \/ Yoast SEO plugin. -->","yoast_head_json":{"title":"El escultor del busto de Cristiano dice que al jugador \"le gust\u00f3\" su obra","description":"El escultor del pol\u00e9mico busto de Cristiano Ronaldo, desvelado el mi\u00e9rcoles en el aeropuerto de Madeira y que suscit\u00f3 numerosas bromas en redes sociales.","robots":{"index":"index","follow":"follow","max-snippet":"max-snippet:-1","max-image-preview":"max-image-preview:large","max-video-preview":"max-video-preview:-1"},"canonical":"https:\/\/prensalibre-com-develop.go-vip.co\/guatevision\/historico\/escultor-del-busto-cristiano","og_locale":"es_ES","og_type":"article","og_title":"El escultor del busto de Cristiano dice que al jugador \"le gust\u00f3\" su obra","og_description":"El escultor del pol\u00e9mico busto de Cristiano Ronaldo, desvelado el mi\u00e9rcoles en el aeropuerto de Madeira y que suscit\u00f3 numerosas bromas en redes sociales.","og_url":"https:\/\/prensalibre-com-develop.go-vip.co\/guatevision\/historico\/escultor-del-busto-cristiano","og_site_name":"Guatevision","article_published_time":"2017-03-30T22:40:16+00:00","article_modified_time":"2017-03-30T21:15:59+00:00","og_image":[{"width":660,"height":371,"url":"https:\/\/prensalibre-com-develop.go-vip.co\/guatevision\/wp-content\/uploads\/sites\/2\/2017\/03\/Cristiano-Ronaldo-2017-2-Aeropuerto.png?quality=82","type":"image\/png"}],"author":"Manuel Hern\u00e1ndez May\u00e9n","twitter_card":"summary_large_image","twitter_misc":{"Written by":"Manuel Hern\u00e1ndez May\u00e9n","Est. reading time":"1 minute"},"schema":{"@context":"https:\/\/schema.org","@graph":[{"@type":"Article","@id":"https:\/\/prensalibre-com-develop.go-vip.co\/guatevision\/historico\/escultor-del-busto-cristiano#article","isPartOf":{"@id":"https:\/\/prensalibre-com-develop.go-vip.co\/guatevision\/historico\/escultor-del-busto-cristiano"},"author":{"name":"Manuel Hern\u00e1ndez May\u00e9n","@id":"https:\/\/prensalibre-com-develop.go-vip.co\/guatevision\/#\/schema\/person\/5b34ef10da9eb6f366b1c186913efddd"},"headline":"El escultor del busto de Cristiano dice que al jugador &#8220;le gust\u00f3&#8221; su obra","datePublished":"2017-03-30T22:40:16+00:00","dateModified":"2017-03-30T21:15:59+00:00","mainEntityOfPage":{"@id":"https:\/\/prensalibre-com-develop.go-vip.co\/guatevision\/historico\/escultor-del-busto-cristiano"},"wordCount":283,"commentCount":0,"publisher":{"@id":"https:\/\/prensalibre-com-develop.go-vip.co\/guatevision\/#organization"},"image":{"@id":"https:\/\/prensalibre-com-develop.go-vip.co\/guatevision\/historico\/escultor-del-busto-cristiano#primaryimage"},"thumbnailUrl":"https:\/\/prensalibre-com-develop.go-vip.co\/guatevision\/wp-content\/uploads\/sites\/2\/2017\/03\/Cristiano-Ronaldo-2017-2-Aeropuerto.png?quality=82","keywords":["CR7","Cristiano Ronaldo","Madeira"],"inLanguage":"es-GT","potentialAction":[{"@type":"CommentAction","name":"Comment","target":["https:\/\/prensalibre-com-develop.go-vip.co\/guatevision\/historico\/escultor-del-busto-cristiano#respond"]}]},{"@type":"WebPage","@id":"https:\/\/prensalibre-com-develop.go-vip.co\/guatevision\/historico\/escultor-del-busto-cristiano","url":"https:\/\/prensalibre-com-develop.go-vip.co\/guatevision\/historico\/escultor-del-busto-cristiano","name":"El escultor del busto de Cristiano dice que al jugador \"le gust\u00f3\" su obra","isPartOf":{"@id":"https:\/\/prensalibre-com-develop.go-vip.co\/guatevision\/#website"},"primaryImageOfPage":{"@id":"https:\/\/prensalibre-com-develop.go-vip.co\/guatevision\/historico\/escultor-del-busto-cristiano#primaryimage"},"image":{"@id":"https:\/\/prensalibre-com-develop.go-vip.co\/guatevision\/historico\/escultor-del-busto-cristiano#primaryimage"},"thumbnailUrl":"https:\/\/prensalibre-com-develop.go-vip.co\/guatevision\/wp-content\/uploads\/sites\/2\/2017\/03\/Cristiano-Ronaldo-2017-2-Aeropuerto.png?quality=82","datePublished":"2017-03-30T22:40:16+00:00","dateModified":"2017-03-30T21:15:59+00:00","description":"El escultor del pol\u00e9mico busto de Cristiano Ronaldo, desvelado el mi\u00e9rcoles en el aeropuerto de Madeira y que suscit\u00f3 numerosas bromas en redes sociales.","inLanguage":"es-GT","potentialAction":[{"@type":"ReadAction","target":["https:\/\/prensalibre-com-develop.go-vip.co\/guatevision\/historico\/escultor-del-busto-cristiano"]}]},{"@type":"ImageObject","inLanguage":"es-GT","@id":"https:\/\/prensalibre-com-develop.go-vip.co\/guatevision\/historico\/escultor-del-busto-cristiano#primaryimage","url":"https:\/\/prensalibre-com-develop.go-vip.co\/guatevision\/wp-content\/uploads\/sites\/2\/2017\/03\/Cristiano-Ronaldo-2017-2-Aeropuerto.png?quality=82","contentUrl":"https:\/\/prensalibre-com-develop.go-vip.co\/guatevision\/wp-content\/uploads\/sites\/2\/2017\/03\/Cristiano-Ronaldo-2017-2-Aeropuerto.png?quality=82","width":660,"height":371,"caption":"Foto: AFP"},{"@type":"WebSite","@id":"https:\/\/prensalibre-com-develop.go-vip.co\/guatevision\/#website","url":"https:\/\/prensalibre-com-develop.go-vip.co\/guatevision\/","name":"Guatevision","description":"\u00a1Enciende Lo Bueno!","publisher":{"@id":"https:\/\/prensalibre-com-develop.go-vip.co\/guatevision\/#organization"},"potentialAction":[{"@type":"SearchAction","target":{"@type":"EntryPoint","urlTemplate":"https:\/\/prensalibre-com-develop.go-vip.co\/guatevision\/?s={search_term_string}"},"query-input":{"@type":"PropertyValueSpecification","valueRequired":true,"valueName":"search_term_string"}}],"inLanguage":"es-GT"},{"@type":"Organization","@id":"https:\/\/prensalibre-com-develop.go-vip.co\/guatevision\/#organization","name":"Guatevision","url":"https:\/\/prensalibre-com-develop.go-vip.co\/guatevision\/","logo":{"@type":"ImageObject","inLanguage":"es-GT","@id":"https:\/\/prensalibre-com-develop.go-vip.co\/guatevision\/#\/schema\/logo\/image\/","url":"https:\/\/prensalibre-com-develop.go-vip.co\/guatevision\/wp-content\/uploads\/sites\/2\/2026\/04\/Diseno-sin-titulo.png?quality=82","contentUrl":"https:\/\/prensalibre-com-develop.go-vip.co\/guatevision\/wp-content\/uploads\/sites\/2\/2026\/04\/Diseno-sin-titulo.png?quality=82","width":1000,"height":600,"caption":"Guatevision"},"image":{"@id":"https:\/\/prensalibre-com-develop.go-vip.co\/guatevision\/#\/schema\/logo\/image\/"}},{"@type":"Person","@id":"https:\/\/prensalibre-com-develop.go-vip.co\/guatevision\/#\/schema\/person\/5b34ef10da9eb6f366b1c186913efddd","name":"Manuel Hern\u00e1ndez May\u00e9n","image":{"@type":"ImageObject","inLanguage":"es-GT","@id":"https:\/\/prensalibre-com-develop.go-vip.co\/guatevision\/#\/schema\/person\/image\/433265d8a81413206f8dd780c513ffd7","url":"https:\/\/secure.gravatar.com\/avatar\/d6d67d029230e2c79470aabd3184418289f224c20a44e2beaa5864a18da50d01?s=96&d=mm&r=g","contentUrl":"https:\/\/secure.gravatar.com\/avatar\/d6d67d029230e2c79470aabd3184418289f224c20a44e2beaa5864a18da50d01?s=96&d=mm&r=g","caption":"Manuel Hern\u00e1ndez May\u00e9n"},"url":"https:\/\/prensalibre-com-develop.go-vip.co\/guatevision\/author\/mdhernandez"}]}},"jetpack_featured_media_url":"https:\/\/prensalibre-com-develop.go-vip.co\/guatevision\/wp-content\/uploads\/sites\/2\/2017\/03\/Cristiano-Ronaldo-2017-2-Aeropuerto.png?quality=82","jetpack_sharing_enabled":true,"_links":{"self":[{"href":"https:\/\/prensalibre-com-develop.go-vip.co\/guatevision\/wp-json\/wp\/v2\/posts\/56419","targetHints":{"allow":["GET"]}}],"collection":[{"href":"https:\/\/prensalibre-com-develop.go-vip.co\/guatevision\/wp-json\/wp\/v2\/posts"}],"about":[{"href":"https:\/\/prensalibre-com-develop.go-vip.co\/guatevision\/wp-json\/wp\/v2\/types\/post"}],"author":[{"embeddable":true,"href":"https:\/\/prensalibre-com-develop.go-vip.co\/guatevision\/wp-json\/wp\/v2\/users\/71"}],"replies":[{"embeddable":true,"href":"https:\/\/prensalibre-com-develop.go-vip.co\/guatevision\/wp-json\/wp\/v2\/comments?post=56419"}],"version-history":[{"count":0,"href":"https:\/\/prensalibre-com-develop.go-vip.co\/guatevision\/wp-json\/wp\/v2\/posts\/56419\/revisions"}],"wp:featuredmedia":[{"embeddable":true,"href":"https:\/\/prensalibre-com-develop.go-vip.co\/guatevision\/wp-json\/wp\/v2\/media\/56420"}],"wp:attachment":[{"href":"https:\/\/prensalibre-com-develop.go-vip.co\/guatevision\/wp-json\/wp\/v2\/media?parent=56419"}],"wp:term":[{"taxonomy":"category","embeddable":true,"href":"https:\/\/prensalibre-com-develop.go-vip.co\/guatevision\/wp-json\/wp\/v2\/categories?post=56419"},{"taxonomy":"etiqueta","embeddable":true,"href":"https:\/\/prensalibre-com-develop.go-vip.co\/guatevision\/wp-json\/wp\/v2\/etiqueta?post=56419"}],"curies":[{"name":"wp","href":"https:\/\/api.w.org\/{rel}","templated":true}]}}