{"id":79144,"date":"2017-05-23T21:27:51","date_gmt":"2017-05-24T03:27:51","guid":{"rendered":"https:\/\/prensalibre-com-develop.go-vip.co\/guatevision\/?p=79144"},"modified":"2017-05-23T21:27:51","modified_gmt":"2017-05-24T03:27:51","slug":"baldizon-vuelve","status":"publish","type":"post","link":"https:\/\/prensalibre-com-develop.go-vip.co\/guatevision\/historico\/baldizon-vuelve","title":{"rendered":"Baldiz\u00f3n reaparece con nuevo nombre y nueva imagen"},"content":{"rendered":"<p>De un momento a otro las redes sociales del excandidato presidencial Manuel Baldiz\u00f3n se reactivaron. Desde inicios de mayo sus cuentas de Twitter, Instagram y Facebook pusieron en marcha una estrategia que busca reactivar su imagen, <strong>esta vez bajo el nombre de Manuel Antonio Baldiz\u00f3n, con el alias MAN. Sus publicaciones van acompa\u00f1adas incluso de la etiqueta #MAN.<\/strong><\/p>\n\n<p>Anteriormente us\u00f3 otros t\u00edtulos como: Dr. Manuel Baldiz\u00f3n y Ciudadano Manuel Baldiz\u00f3n.<\/p>\n<p><iframe loading=\"lazy\" src=\"https:\/\/www.youtube.com\/embed\/cOvOB4iv6CQ\" width=\"560\" height=\"315\" frameborder=\"0\" allowfullscreen=\"allowfullscreen\"><\/iframe><\/p>\n<p>Con distintos estilos de gafas, un estilo incluso m\u00e1s juvenil y mensajes motivacionales, Baldiz\u00f3n pas\u00f3 de ser invisible a intentar captar miradas.<\/p>\n<p>Celia Luna, analista pol\u00edtica de As\u00edes, se\u00f1ala que <strong>por mucho que Manuel Baldiz\u00f3n se proyecte con una nueva imagen, sigue representando el mismo viejo liderazgo pol\u00edtico,<\/strong> el cual comenz\u00f3 a ser rechazado por la poblaci\u00f3n guatemalteca durante el a\u00f1o 2015.<\/p>\n<h3>Grupos de apoyo a Baldiz\u00f3n:<\/h3>\n<p>Otra p\u00e1gina creada recientemente se titula <a href=\"https:\/\/www.facebook.com\/amigosdemanuelantoniobaldizon\/\" target=\"_blank\">Amigos de Manuel Antonio<\/a>, AMA. en ella se hacen publicaciones de su trabajo como excongresista.<\/p>\n<p>Esta pr\u00e1ctica qued\u00f3 evidenciada tambi\u00e9n en la contienda pasada cuando cre\u00f3 asociaciones e incluso partidos pol\u00edticos sat\u00e9listes como forma de trasladarle apoyo.<\/p>\n<p>De llegar a participar como candidato, <strong>deber\u00e1 hacerlo con alguna agrupaci\u00f3n ya existente,<\/strong> pues los plazos para crear uno nuevo no le son suficientes.<\/p>\n<p><img loading=\"lazy\" decoding=\"async\" class=\"alignnone wp-image-79160 size-large\" src=\"https:\/\/prensalibre-com-develop.go-vip.co\/guatevision\/wp-content\/uploads\/2017\/05\/Screen-Shot-2017-05-23-at-9.17.15-PM-660x371.png\" alt=\"\" width=\"660\" height=\"371\" \/><\/p>\n<p>Luna agrega que los tiempos que quedan conforme a la Ley Electoral y de Partidos Pol\u00edticos son insuficientes para que el expresidenciable conforme un nuevo veh\u00edculo electoral.<\/p>\n<p>Aunque no ha externado su intenci\u00f3n de participar en la contienda de 2019, s\u00ed es un esfuerzo por promover su imagen.<\/p>\n","protected":false},"excerpt":{"rendered":"<p>Aunque las intenciones de la reaparici\u00f3n de Manuel Baldiz\u00f3n a\u00fan no son claras, buscan posicionar p\u00fablicamente la imagen del excandidato.<\/p>\n","protected":false},"author":218,"featured_media":79159,"comment_status":"open","ping_status":"closed","sticky":false,"template":"","format":"standard","meta":{"_jetpack_memberships_contains_paid_content":false,"footnotes":""},"categories":[],"etiqueta":[],"class_list":["post-79144","post","type-post","status-publish","format-standard","has-post-thumbnail","hentry"],"yoast_head":"<!-- This site is optimized with the Yoast SEO plugin v23.9 - https:\/\/yoast.com\/wordpress\/plugins\/seo\/ -->\n<title>Manuel Baldiz\u00f3n reaparece con nuevo nombre y nueva imagen<\/title>\n<meta name=\"description\" content=\"Aunque las intenciones de la reaparici\u00f3n de Manuel Baldiz\u00f3n a\u00fan no son claras, buscan posicionar p\u00fablicamente la imagen del excandidato.\" \/>\n<meta name=\"robots\" content=\"index, follow, max-snippet:-1, max-image-preview:large, max-video-preview:-1\" \/>\n<link rel=\"canonical\" href=\"https:\/\/prensalibre-com-develop.go-vip.co\/guatevision\/historico\/baldizon-vuelve\" \/>\n<meta property=\"og:locale\" content=\"es_ES\" \/>\n<meta property=\"og:type\" content=\"article\" \/>\n<meta property=\"og:title\" content=\"Manuel Baldiz\u00f3n reaparece con nuevo nombre y nueva imagen\" \/>\n<meta property=\"og:description\" content=\"Aunque las intenciones de la reaparici\u00f3n de Manuel Baldiz\u00f3n a\u00fan no son claras, buscan posicionar p\u00fablicamente la imagen del excandidato.\" \/>\n<meta property=\"og:url\" content=\"https:\/\/prensalibre-com-develop.go-vip.co\/guatevision\/historico\/baldizon-vuelve\" \/>\n<meta property=\"og:site_name\" content=\"Guatevision\" \/>\n<meta property=\"article:published_time\" content=\"2017-05-24T03:27:51+00:00\" \/>\n<meta property=\"og:image\" content=\"https:\/\/prensalibre-com-develop.go-vip.co\/guatevision\/wp-content\/uploads\/sites\/2\/2017\/05\/Screen-Shot-2017-05-23-at-9.04.29-PM.png?quality=82\" \/>\n\t<meta property=\"og:image:width\" content=\"1320\" \/>\n\t<meta property=\"og:image:height\" content=\"742\" \/>\n\t<meta property=\"og:image:type\" content=\"image\/png\" \/>\n<meta name=\"author\" content=\"Redacci\u00f3n Guatevisi\u00f3n\" \/>\n<meta name=\"twitter:card\" content=\"summary_large_image\" \/>\n<meta name=\"twitter:label1\" content=\"Written by\" \/>\n\t<meta name=\"twitter:data1\" content=\"Redacci\u00f3n Guatevisi\u00f3n\" \/>\n\t<meta name=\"twitter:label2\" content=\"Est. reading time\" \/>\n\t<meta name=\"twitter:data2\" content=\"1 minute\" \/>\n<script type=\"application\/ld+json\" class=\"yoast-schema-graph\">{\"@context\":\"https:\/\/schema.org\",\"@graph\":[{\"@type\":\"Article\",\"@id\":\"https:\/\/prensalibre-com-develop.go-vip.co\/guatevision\/historico\/baldizon-vuelve#article\",\"isPartOf\":{\"@id\":\"https:\/\/prensalibre-com-develop.go-vip.co\/guatevision\/historico\/baldizon-vuelve\"},\"author\":{\"name\":\"Redacci\u00f3n Guatevisi\u00f3n\",\"@id\":\"https:\/\/prensalibre-com-develop.go-vip.co\/guatevision\/#\/schema\/person\/7c26ea5ceee1b7266a573b2125e1c2aa\"},\"headline\":\"Baldiz\u00f3n reaparece con nuevo nombre y nueva imagen\",\"datePublished\":\"2017-05-24T03:27:51+00:00\",\"dateModified\":\"2017-05-24T03:27:51+00:00\",\"mainEntityOfPage\":{\"@id\":\"https:\/\/prensalibre-com-develop.go-vip.co\/guatevision\/historico\/baldizon-vuelve\"},\"wordCount\":284,\"commentCount\":0,\"publisher\":{\"@id\":\"https:\/\/prensalibre-com-develop.go-vip.co\/guatevision\/#organization\"},\"image\":{\"@id\":\"https:\/\/prensalibre-com-develop.go-vip.co\/guatevision\/historico\/baldizon-vuelve#primaryimage\"},\"thumbnailUrl\":\"https:\/\/prensalibre-com-develop.go-vip.co\/guatevision\/wp-content\/uploads\/sites\/2\/2017\/05\/Screen-Shot-2017-05-23-at-9.04.29-PM.png?quality=82\",\"keywords\":[\"campa\u00f1a\",\"candidatos\",\"Ley Electoral\",\"MAN\",\"Manuel Baldiz\u00f3n\",\"redes sociales\"],\"inLanguage\":\"es-GT\",\"potentialAction\":[{\"@type\":\"CommentAction\",\"name\":\"Comment\",\"target\":[\"https:\/\/prensalibre-com-develop.go-vip.co\/guatevision\/historico\/baldizon-vuelve#respond\"]}]},{\"@type\":\"WebPage\",\"@id\":\"https:\/\/prensalibre-com-develop.go-vip.co\/guatevision\/historico\/baldizon-vuelve\",\"url\":\"https:\/\/prensalibre-com-develop.go-vip.co\/guatevision\/historico\/baldizon-vuelve\",\"name\":\"Manuel Baldiz\u00f3n reaparece con nuevo nombre y nueva imagen\",\"isPartOf\":{\"@id\":\"https:\/\/prensalibre-com-develop.go-vip.co\/guatevision\/#website\"},\"primaryImageOfPage\":{\"@id\":\"https:\/\/prensalibre-com-develop.go-vip.co\/guatevision\/historico\/baldizon-vuelve#primaryimage\"},\"image\":{\"@id\":\"https:\/\/prensalibre-com-develop.go-vip.co\/guatevision\/historico\/baldizon-vuelve#primaryimage\"},\"thumbnailUrl\":\"https:\/\/prensalibre-com-develop.go-vip.co\/guatevision\/wp-content\/uploads\/sites\/2\/2017\/05\/Screen-Shot-2017-05-23-at-9.04.29-PM.png?quality=82\",\"datePublished\":\"2017-05-24T03:27:51+00:00\",\"dateModified\":\"2017-05-24T03:27:51+00:00\",\"description\":\"Aunque las intenciones de la reaparici\u00f3n de Manuel Baldiz\u00f3n a\u00fan no son claras, buscan posicionar p\u00fablicamente la imagen del excandidato.\",\"inLanguage\":\"es-GT\",\"potentialAction\":[{\"@type\":\"ReadAction\",\"target\":[\"https:\/\/prensalibre-com-develop.go-vip.co\/guatevision\/historico\/baldizon-vuelve\"]}]},{\"@type\":\"ImageObject\",\"inLanguage\":\"es-GT\",\"@id\":\"https:\/\/prensalibre-com-develop.go-vip.co\/guatevision\/historico\/baldizon-vuelve#primaryimage\",\"url\":\"https:\/\/prensalibre-com-develop.go-vip.co\/guatevision\/wp-content\/uploads\/sites\/2\/2017\/05\/Screen-Shot-2017-05-23-at-9.04.29-PM.png?quality=82\",\"contentUrl\":\"https:\/\/prensalibre-com-develop.go-vip.co\/guatevision\/wp-content\/uploads\/sites\/2\/2017\/05\/Screen-Shot-2017-05-23-at-9.04.29-PM.png?quality=82\",\"width\":1320,\"height\":742,\"caption\":\"Baldiz\u00f3n\"},{\"@type\":\"WebSite\",\"@id\":\"https:\/\/prensalibre-com-develop.go-vip.co\/guatevision\/#website\",\"url\":\"https:\/\/prensalibre-com-develop.go-vip.co\/guatevision\/\",\"name\":\"Guatevision\",\"description\":\"\u00a1Enciende Lo Bueno!\",\"publisher\":{\"@id\":\"https:\/\/prensalibre-com-develop.go-vip.co\/guatevision\/#organization\"},\"potentialAction\":[{\"@type\":\"SearchAction\",\"target\":{\"@type\":\"EntryPoint\",\"urlTemplate\":\"https:\/\/prensalibre-com-develop.go-vip.co\/guatevision\/?s={search_term_string}\"},\"query-input\":{\"@type\":\"PropertyValueSpecification\",\"valueRequired\":true,\"valueName\":\"search_term_string\"}}],\"inLanguage\":\"es-GT\"},{\"@type\":\"Organization\",\"@id\":\"https:\/\/prensalibre-com-develop.go-vip.co\/guatevision\/#organization\",\"name\":\"Guatevision\",\"url\":\"https:\/\/prensalibre-com-develop.go-vip.co\/guatevision\/\",\"logo\":{\"@type\":\"ImageObject\",\"inLanguage\":\"es-GT\",\"@id\":\"https:\/\/prensalibre-com-develop.go-vip.co\/guatevision\/#\/schema\/logo\/image\/\",\"url\":\"https:\/\/prensalibre-com-develop.go-vip.co\/guatevision\/wp-content\/uploads\/sites\/2\/2026\/04\/Diseno-sin-titulo.png?quality=82\",\"contentUrl\":\"https:\/\/prensalibre-com-develop.go-vip.co\/guatevision\/wp-content\/uploads\/sites\/2\/2026\/04\/Diseno-sin-titulo.png?quality=82\",\"width\":1000,\"height\":600,\"caption\":\"Guatevision\"},\"image\":{\"@id\":\"https:\/\/prensalibre-com-develop.go-vip.co\/guatevision\/#\/schema\/logo\/image\/\"}},{\"@type\":\"Person\",\"@id\":\"https:\/\/prensalibre-com-develop.go-vip.co\/guatevision\/#\/schema\/person\/7c26ea5ceee1b7266a573b2125e1c2aa\",\"name\":\"Redacci\u00f3n Guatevisi\u00f3n\",\"image\":{\"@type\":\"ImageObject\",\"inLanguage\":\"es-GT\",\"@id\":\"https:\/\/prensalibre-com-develop.go-vip.co\/guatevision\/#\/schema\/person\/image\/6d36cd161df0dff3760fc313fe2275f7\",\"url\":\"https:\/\/secure.gravatar.com\/avatar\/30137a0ea5fbd7114184dc546048a84bb0a0138981443c3af84a9d824dffdd9b?s=96&d=mm&r=g\",\"contentUrl\":\"https:\/\/secure.gravatar.com\/avatar\/30137a0ea5fbd7114184dc546048a84bb0a0138981443c3af84a9d824dffdd9b?s=96&d=mm&r=g\",\"caption\":\"Redacci\u00f3n Guatevisi\u00f3n\"},\"url\":\"https:\/\/prensalibre-com-develop.go-vip.co\/guatevision\/author\/redacciongtv\"}]}<\/script>\n<!-- \/ Yoast SEO plugin. -->","yoast_head_json":{"title":"Manuel Baldiz\u00f3n reaparece con nuevo nombre y nueva imagen","description":"Aunque las intenciones de la reaparici\u00f3n de Manuel Baldiz\u00f3n a\u00fan no son claras, buscan posicionar p\u00fablicamente la imagen del excandidato.","robots":{"index":"index","follow":"follow","max-snippet":"max-snippet:-1","max-image-preview":"max-image-preview:large","max-video-preview":"max-video-preview:-1"},"canonical":"https:\/\/prensalibre-com-develop.go-vip.co\/guatevision\/historico\/baldizon-vuelve","og_locale":"es_ES","og_type":"article","og_title":"Manuel Baldiz\u00f3n reaparece con nuevo nombre y nueva imagen","og_description":"Aunque las intenciones de la reaparici\u00f3n de Manuel Baldiz\u00f3n a\u00fan no son claras, buscan posicionar p\u00fablicamente la imagen del excandidato.","og_url":"https:\/\/prensalibre-com-develop.go-vip.co\/guatevision\/historico\/baldizon-vuelve","og_site_name":"Guatevision","article_published_time":"2017-05-24T03:27:51+00:00","og_image":[{"width":1320,"height":742,"url":"https:\/\/prensalibre-com-develop.go-vip.co\/guatevision\/wp-content\/uploads\/sites\/2\/2017\/05\/Screen-Shot-2017-05-23-at-9.04.29-PM.png?quality=82","type":"image\/png"}],"author":"Redacci\u00f3n Guatevisi\u00f3n","twitter_card":"summary_large_image","twitter_misc":{"Written by":"Redacci\u00f3n Guatevisi\u00f3n","Est. reading time":"1 minute"},"schema":{"@context":"https:\/\/schema.org","@graph":[{"@type":"Article","@id":"https:\/\/prensalibre-com-develop.go-vip.co\/guatevision\/historico\/baldizon-vuelve#article","isPartOf":{"@id":"https:\/\/prensalibre-com-develop.go-vip.co\/guatevision\/historico\/baldizon-vuelve"},"author":{"name":"Redacci\u00f3n Guatevisi\u00f3n","@id":"https:\/\/prensalibre-com-develop.go-vip.co\/guatevision\/#\/schema\/person\/7c26ea5ceee1b7266a573b2125e1c2aa"},"headline":"Baldiz\u00f3n reaparece con nuevo nombre y nueva imagen","datePublished":"2017-05-24T03:27:51+00:00","dateModified":"2017-05-24T03:27:51+00:00","mainEntityOfPage":{"@id":"https:\/\/prensalibre-com-develop.go-vip.co\/guatevision\/historico\/baldizon-vuelve"},"wordCount":284,"commentCount":0,"publisher":{"@id":"https:\/\/prensalibre-com-develop.go-vip.co\/guatevision\/#organization"},"image":{"@id":"https:\/\/prensalibre-com-develop.go-vip.co\/guatevision\/historico\/baldizon-vuelve#primaryimage"},"thumbnailUrl":"https:\/\/prensalibre-com-develop.go-vip.co\/guatevision\/wp-content\/uploads\/sites\/2\/2017\/05\/Screen-Shot-2017-05-23-at-9.04.29-PM.png?quality=82","keywords":["campa\u00f1a","candidatos","Ley Electoral","MAN","Manuel Baldiz\u00f3n","redes sociales"],"inLanguage":"es-GT","potentialAction":[{"@type":"CommentAction","name":"Comment","target":["https:\/\/prensalibre-com-develop.go-vip.co\/guatevision\/historico\/baldizon-vuelve#respond"]}]},{"@type":"WebPage","@id":"https:\/\/prensalibre-com-develop.go-vip.co\/guatevision\/historico\/baldizon-vuelve","url":"https:\/\/prensalibre-com-develop.go-vip.co\/guatevision\/historico\/baldizon-vuelve","name":"Manuel Baldiz\u00f3n reaparece con nuevo nombre y nueva imagen","isPartOf":{"@id":"https:\/\/prensalibre-com-develop.go-vip.co\/guatevision\/#website"},"primaryImageOfPage":{"@id":"https:\/\/prensalibre-com-develop.go-vip.co\/guatevision\/historico\/baldizon-vuelve#primaryimage"},"image":{"@id":"https:\/\/prensalibre-com-develop.go-vip.co\/guatevision\/historico\/baldizon-vuelve#primaryimage"},"thumbnailUrl":"https:\/\/prensalibre-com-develop.go-vip.co\/guatevision\/wp-content\/uploads\/sites\/2\/2017\/05\/Screen-Shot-2017-05-23-at-9.04.29-PM.png?quality=82","datePublished":"2017-05-24T03:27:51+00:00","dateModified":"2017-05-24T03:27:51+00:00","description":"Aunque las intenciones de la reaparici\u00f3n de Manuel Baldiz\u00f3n a\u00fan no son claras, buscan posicionar p\u00fablicamente la imagen del excandidato.","inLanguage":"es-GT","potentialAction":[{"@type":"ReadAction","target":["https:\/\/prensalibre-com-develop.go-vip.co\/guatevision\/historico\/baldizon-vuelve"]}]},{"@type":"ImageObject","inLanguage":"es-GT","@id":"https:\/\/prensalibre-com-develop.go-vip.co\/guatevision\/historico\/baldizon-vuelve#primaryimage","url":"https:\/\/prensalibre-com-develop.go-vip.co\/guatevision\/wp-content\/uploads\/sites\/2\/2017\/05\/Screen-Shot-2017-05-23-at-9.04.29-PM.png?quality=82","contentUrl":"https:\/\/prensalibre-com-develop.go-vip.co\/guatevision\/wp-content\/uploads\/sites\/2\/2017\/05\/Screen-Shot-2017-05-23-at-9.04.29-PM.png?quality=82","width":1320,"height":742,"caption":"Baldiz\u00f3n"},{"@type":"WebSite","@id":"https:\/\/prensalibre-com-develop.go-vip.co\/guatevision\/#website","url":"https:\/\/prensalibre-com-develop.go-vip.co\/guatevision\/","name":"Guatevision","description":"\u00a1Enciende Lo Bueno!","publisher":{"@id":"https:\/\/prensalibre-com-develop.go-vip.co\/guatevision\/#organization"},"potentialAction":[{"@type":"SearchAction","target":{"@type":"EntryPoint","urlTemplate":"https:\/\/prensalibre-com-develop.go-vip.co\/guatevision\/?s={search_term_string}"},"query-input":{"@type":"PropertyValueSpecification","valueRequired":true,"valueName":"search_term_string"}}],"inLanguage":"es-GT"},{"@type":"Organization","@id":"https:\/\/prensalibre-com-develop.go-vip.co\/guatevision\/#organization","name":"Guatevision","url":"https:\/\/prensalibre-com-develop.go-vip.co\/guatevision\/","logo":{"@type":"ImageObject","inLanguage":"es-GT","@id":"https:\/\/prensalibre-com-develop.go-vip.co\/guatevision\/#\/schema\/logo\/image\/","url":"https:\/\/prensalibre-com-develop.go-vip.co\/guatevision\/wp-content\/uploads\/sites\/2\/2026\/04\/Diseno-sin-titulo.png?quality=82","contentUrl":"https:\/\/prensalibre-com-develop.go-vip.co\/guatevision\/wp-content\/uploads\/sites\/2\/2026\/04\/Diseno-sin-titulo.png?quality=82","width":1000,"height":600,"caption":"Guatevision"},"image":{"@id":"https:\/\/prensalibre-com-develop.go-vip.co\/guatevision\/#\/schema\/logo\/image\/"}},{"@type":"Person","@id":"https:\/\/prensalibre-com-develop.go-vip.co\/guatevision\/#\/schema\/person\/7c26ea5ceee1b7266a573b2125e1c2aa","name":"Redacci\u00f3n Guatevisi\u00f3n","image":{"@type":"ImageObject","inLanguage":"es-GT","@id":"https:\/\/prensalibre-com-develop.go-vip.co\/guatevision\/#\/schema\/person\/image\/6d36cd161df0dff3760fc313fe2275f7","url":"https:\/\/secure.gravatar.com\/avatar\/30137a0ea5fbd7114184dc546048a84bb0a0138981443c3af84a9d824dffdd9b?s=96&d=mm&r=g","contentUrl":"https:\/\/secure.gravatar.com\/avatar\/30137a0ea5fbd7114184dc546048a84bb0a0138981443c3af84a9d824dffdd9b?s=96&d=mm&r=g","caption":"Redacci\u00f3n Guatevisi\u00f3n"},"url":"https:\/\/prensalibre-com-develop.go-vip.co\/guatevision\/author\/redacciongtv"}]}},"jetpack_featured_media_url":"https:\/\/prensalibre-com-develop.go-vip.co\/guatevision\/wp-content\/uploads\/sites\/2\/2017\/05\/Screen-Shot-2017-05-23-at-9.04.29-PM.png?quality=82","jetpack_sharing_enabled":true,"_links":{"self":[{"href":"https:\/\/prensalibre-com-develop.go-vip.co\/guatevision\/wp-json\/wp\/v2\/posts\/79144","targetHints":{"allow":["GET"]}}],"collection":[{"href":"https:\/\/prensalibre-com-develop.go-vip.co\/guatevision\/wp-json\/wp\/v2\/posts"}],"about":[{"href":"https:\/\/prensalibre-com-develop.go-vip.co\/guatevision\/wp-json\/wp\/v2\/types\/post"}],"author":[{"embeddable":true,"href":"https:\/\/prensalibre-com-develop.go-vip.co\/guatevision\/wp-json\/wp\/v2\/users\/218"}],"replies":[{"embeddable":true,"href":"https:\/\/prensalibre-com-develop.go-vip.co\/guatevision\/wp-json\/wp\/v2\/comments?post=79144"}],"version-history":[{"count":0,"href":"https:\/\/prensalibre-com-develop.go-vip.co\/guatevision\/wp-json\/wp\/v2\/posts\/79144\/revisions"}],"wp:featuredmedia":[{"embeddable":true,"href":"https:\/\/prensalibre-com-develop.go-vip.co\/guatevision\/wp-json\/wp\/v2\/media\/79159"}],"wp:attachment":[{"href":"https:\/\/prensalibre-com-develop.go-vip.co\/guatevision\/wp-json\/wp\/v2\/media?parent=79144"}],"wp:term":[{"taxonomy":"category","embeddable":true,"href":"https:\/\/prensalibre-com-develop.go-vip.co\/guatevision\/wp-json\/wp\/v2\/categories?post=79144"},{"taxonomy":"etiqueta","embeddable":true,"href":"https:\/\/prensalibre-com-develop.go-vip.co\/guatevision\/wp-json\/wp\/v2\/etiqueta?post=79144"}],"curies":[{"name":"wp","href":"https:\/\/api.w.org\/{rel}","templated":true}]}}