{"id":83962,"date":"2017-06-12T09:49:53","date_gmt":"2017-06-12T15:49:53","guid":{"rendered":"https:\/\/prensalibre-com-develop.go-vip.co\/guatevision\/?p=83962"},"modified":"2017-06-12T09:49:53","modified_gmt":"2017-06-12T15:49:53","slug":"reglas-oro-cuidado-cabello","status":"publish","type":"post","link":"https:\/\/prensalibre-com-develop.go-vip.co\/guatevision\/historico\/reglas-oro-cuidado-cabello","title":{"rendered":"Estas son algunas reglas de oro para el cuidado del cabello seg\u00fan el estilista de Jeniffer Aniston"},"content":{"rendered":"<p>Siempre hemos so\u00f1ado con tener el cabello hermoso, como el de toda celebridad, el estilista de Jennifer Aniston comparte algunas reglas de oro para el cuidado del cabello.<\/p>\n\n<p>El m\u00e9rito se lo lleva su estilista <strong>Chris McMillan<\/strong>, quien se ha encargado del styling de la actriz desde que actuaba en el famoso programa de televisi\u00f3n Friends.<\/p>\n<h3>Las\u00a0<strong>reglas m\u00e1s importantes del cabello<\/strong><\/h3>\n<p><strong>Aplica el champ\u00fa s\u00f3lo en la ra\u00edz y el acondicionador en las puntas<\/strong><\/p>\n<p>S\u00ed, parece obvio, pero no est\u00e1 de m\u00e1s repetirlo.<\/p>\n<p><strong>Si lo tienes el cabello ondulado o rizado, siempre intenta mantenerlo largo<\/strong><\/p>\n<p>Al cortarlo, s\u00f3lo elimina las puntas y vuelve a darle forma, as\u00ed tendr\u00e1 m\u00e1s movimiento natural del que crees.<\/p>\n<h3><strong>Cualquiera puede usar fleco<\/strong><\/h3>\n<p>A las personas que dicen tener la frente muy chica para llevar este estilo, yo siempre les digo: \u201cSelma Blair\u201d. El truco est\u00e1 en cortarlo correctamente; dependiendo del tama\u00f1o de la frente, entre m\u00e1s chica sea \u00e9sta, debe ser m\u00e1s angosto y empezar de m\u00e1s atr\u00e1s.<\/p>\n<figure id=\"attachment_83976\" aria-describedby=\"caption-attachment-83976\" style=\"width: 310px\" class=\"wp-caption aligncenter\"><img loading=\"lazy\" decoding=\"async\" class=\"size-medium wp-image-83976\" src=\"https:\/\/prensalibre-com-develop.go-vip.co\/guatevision\/wp-content\/uploads\/2017\/06\/2537eb62e4b3b7d2d9a90f69b111fff3-e1496763752804-310x175.jpg\" alt=\"Cualquier mujer puede usar un fleco, solo debes evaluar la forma de tu rosto para elegir el correcto.\" width=\"310\" height=\"175\" \/><figcaption id=\"caption-attachment-83976\" class=\"wp-caption-text\">Foto Pinterest<br \/>Cualquier mujer puede usar un fleco, solo debes evaluar la forma de tu rosto para elegir el correcto.<\/figcaption><\/figure>\n<p><strong>El protector solar es un excelente texturizador<\/strong><\/p>\n<p>En la playa el cabello est\u00e1 expuesto a los rayos solares , por eso, siempre aplica agua salada y bloqueador solar para peinar el cabello.<\/p>\n<p><strong>Incluso el punk-rock debe ser perfecto<\/strong><\/p>\n<p>El tono debe verse siempre bien. Sin importar que sea un rosa al estilo de la tendencia de arcoiris oculto o unas luces m\u00e1s discretas, el color no debe lucir deslavado por ning\u00fan motivo; al contrario, debe ser brilloso e intenso.<\/p>\n<p><strong>Lo maltratado es imposible de esconder<\/strong><\/p>\n<p>Si las puntas ya est\u00e1n abiertas y fr\u00e1giles, la \u00fanica opci\u00f3n es cortarlas, \u00a1sin piedad! Una vez que tu pelo est\u00e1 da\u00f1ado o quemado, no hay m\u00e1s remedio. En este caso, lo ideal ser\u00eda realizarte un corte lo antes posible.<\/p>\n<figure id=\"attachment_83977\" aria-describedby=\"caption-attachment-83977\" style=\"width: 311px\" class=\"wp-caption aligncenter\"><img loading=\"lazy\" decoding=\"async\" class=\"size-medium wp-image-83977\" src=\"https:\/\/prensalibre-com-develop.go-vip.co\/guatevision\/wp-content\/uploads\/2017\/06\/4-500x365-e1496763947979-311x175.jpeg\" alt=\"En este caso, lo ideal ser\u00eda realizarte un corte lo antes posible.\" width=\"311\" height=\"175\" \/><figcaption id=\"caption-attachment-83977\" class=\"wp-caption-text\">Foto Mujer Hoy<br \/>En este caso, lo ideal ser\u00eda realizarte un corte de cabello lo antes posible.<\/figcaption><\/figure>\n<p><strong>Cualquiera puede usar capas<\/strong><\/p>\n<p>Contrario a lo que piensa la mayor\u00eda, \u00e9stas funcionan en cualquier tipo de pelo. Son la mejor opci\u00f3n para darle volumen y, en el caso del que es muy pesado, lo hace m\u00e1s ligero.<\/p>\n<p><strong>Cuidado con las cantidades<\/strong><\/p>\n<p>El error #1 que comete la mayor\u00eda de las mujeres con los productos para peinar\u00a0no es que \u00e9ste sea el equivocado, sino que aplican de m\u00e1s. Por lo general, la cantidad recomendada para aplicar es similar al tama\u00f1o de una nuez.<\/p>\n<figure id=\"attachment_83978\" aria-describedby=\"caption-attachment-83978\" style=\"width: 338px\" class=\"wp-caption aligncenter\"><img loading=\"lazy\" decoding=\"async\" class=\"size-medium wp-image-83978\" src=\"https:\/\/prensalibre-com-develop.go-vip.co\/guatevision\/wp-content\/uploads\/2017\/06\/mitosdelshampoo-e1496764104292-338x175.jpg\" alt=\"No se debe abusar en el uso de los productos para peinar.\" width=\"338\" height=\"175\" \/><figcaption id=\"caption-attachment-83978\" class=\"wp-caption-text\">Foto Pinterest<br \/>No se debe abusar en el uso de los productos para peinar el cabello.<\/figcaption><\/figure>\n<p><b>C\u00f3rtatelo<\/b><strong>\u00a0m\u00e1s seguido<\/strong><\/p>\n<p>Si lo tienes corto, necesitas despuntarlo cada cuatro o seis semanas, pero si lo tienes m\u00e1s largo es recomendable hacerlo cada tres meses, aproximadamente.<\/p>\n<h5>Por Silvia C. L\u00f3pez Diaz tomado de <a href=\"http:\/\/www.glamour.mx\/belleza\/cabello\/articulos\/las-reglas-mas-importantes-del-cabello\/5830\" target=\"_blank\">Glamour<\/a><\/h5>\n<p>&nbsp;<\/p>\n","protected":false},"excerpt":{"rendered":"<p>Tener el cabello hermoso es el sue\u00f1o de muchas chicas, el estilista de Jennifer Aniston comparte algunas reglas de oro para el cuidado del cabello.<\/p>\n","protected":false},"author":218,"featured_media":26952,"comment_status":"open","ping_status":"closed","sticky":false,"template":"","format":"standard","meta":{"_jetpack_memberships_contains_paid_content":false,"footnotes":""},"categories":[],"etiqueta":[],"class_list":["post-83962","post","type-post","status-publish","format-standard","has-post-thumbnail","hentry"],"yoast_head":"<!-- This site is optimized with the Yoast SEO plugin v23.9 - https:\/\/yoast.com\/wordpress\/plugins\/seo\/ -->\n<title>Estas son algunas reglas de oro para el cuidado del cabello seg\u00fan el estilista de Jeniffer Aniston<\/title>\n<meta name=\"description\" content=\"Tener el cabello hermoso es el sue\u00f1o de muchas chicas, el estilista de Jennifer Aniston comparte algunas reglas de oro para el cuidado del cabello.\" \/>\n<meta name=\"robots\" content=\"index, follow, max-snippet:-1, max-image-preview:large, max-video-preview:-1\" \/>\n<link rel=\"canonical\" href=\"https:\/\/prensalibre-com-develop.go-vip.co\/guatevision\/historico\/reglas-oro-cuidado-cabello\" \/>\n<meta property=\"og:locale\" content=\"es_ES\" \/>\n<meta property=\"og:type\" content=\"article\" \/>\n<meta property=\"og:title\" content=\"Estas son algunas reglas de oro para el cuidado del cabello seg\u00fan el estilista de Jeniffer Aniston\" \/>\n<meta property=\"og:description\" content=\"Tener el cabello hermoso es el sue\u00f1o de muchas chicas, el estilista de Jennifer Aniston comparte algunas reglas de oro para el cuidado del cabello.\" \/>\n<meta property=\"og:url\" content=\"https:\/\/prensalibre-com-develop.go-vip.co\/guatevision\/historico\/reglas-oro-cuidado-cabello\" \/>\n<meta property=\"og:site_name\" content=\"Guatevision\" \/>\n<meta property=\"article:published_time\" content=\"2017-06-12T15:49:53+00:00\" \/>\n<meta property=\"og:image\" content=\"https:\/\/prensalibre-com-develop.go-vip.co\/guatevision\/wp-content\/uploads\/sites\/2\/2017\/01\/178744431.jpg?quality=82\" \/>\n\t<meta property=\"og:image:width\" content=\"659\" \/>\n\t<meta property=\"og:image:height\" content=\"371\" \/>\n\t<meta property=\"og:image:type\" content=\"image\/jpeg\" \/>\n<meta name=\"author\" content=\"Redacci\u00f3n Guatevisi\u00f3n\" \/>\n<meta name=\"twitter:card\" content=\"summary_large_image\" \/>\n<meta name=\"twitter:label1\" content=\"Written by\" \/>\n\t<meta name=\"twitter:data1\" content=\"Redacci\u00f3n Guatevisi\u00f3n\" \/>\n\t<meta name=\"twitter:label2\" content=\"Est. reading time\" \/>\n\t<meta name=\"twitter:data2\" content=\"3 minutes\" \/>\n<script type=\"application\/ld+json\" class=\"yoast-schema-graph\">{\"@context\":\"https:\/\/schema.org\",\"@graph\":[{\"@type\":\"Article\",\"@id\":\"https:\/\/prensalibre-com-develop.go-vip.co\/guatevision\/historico\/reglas-oro-cuidado-cabello#article\",\"isPartOf\":{\"@id\":\"https:\/\/prensalibre-com-develop.go-vip.co\/guatevision\/historico\/reglas-oro-cuidado-cabello\"},\"author\":{\"name\":\"Redacci\u00f3n Guatevisi\u00f3n\",\"@id\":\"https:\/\/prensalibre-com-develop.go-vip.co\/guatevision\/#\/schema\/person\/7c26ea5ceee1b7266a573b2125e1c2aa\"},\"headline\":\"Estas son algunas reglas de oro para el cuidado del cabello seg\u00fan el estilista de Jeniffer Aniston\",\"datePublished\":\"2017-06-12T15:49:53+00:00\",\"dateModified\":\"2017-06-12T15:49:53+00:00\",\"mainEntityOfPage\":{\"@id\":\"https:\/\/prensalibre-com-develop.go-vip.co\/guatevision\/historico\/reglas-oro-cuidado-cabello\"},\"wordCount\":530,\"commentCount\":0,\"publisher\":{\"@id\":\"https:\/\/prensalibre-com-develop.go-vip.co\/guatevision\/#organization\"},\"image\":{\"@id\":\"https:\/\/prensalibre-com-develop.go-vip.co\/guatevision\/historico\/reglas-oro-cuidado-cabello#primaryimage\"},\"thumbnailUrl\":\"https:\/\/prensalibre-com-develop.go-vip.co\/guatevision\/wp-content\/uploads\/sites\/2\/2017\/01\/178744431.jpg?quality=82\",\"keywords\":[\"belleza\",\"Cuidados del cabello\",\"Estilista\",\"Jennifer Aniston\",\"reglas de oro\"],\"inLanguage\":\"es-GT\",\"potentialAction\":[{\"@type\":\"CommentAction\",\"name\":\"Comment\",\"target\":[\"https:\/\/prensalibre-com-develop.go-vip.co\/guatevision\/historico\/reglas-oro-cuidado-cabello#respond\"]}]},{\"@type\":\"WebPage\",\"@id\":\"https:\/\/prensalibre-com-develop.go-vip.co\/guatevision\/historico\/reglas-oro-cuidado-cabello\",\"url\":\"https:\/\/prensalibre-com-develop.go-vip.co\/guatevision\/historico\/reglas-oro-cuidado-cabello\",\"name\":\"Estas son algunas reglas de oro para el cuidado del cabello seg\u00fan el estilista de Jeniffer Aniston\",\"isPartOf\":{\"@id\":\"https:\/\/prensalibre-com-develop.go-vip.co\/guatevision\/#website\"},\"primaryImageOfPage\":{\"@id\":\"https:\/\/prensalibre-com-develop.go-vip.co\/guatevision\/historico\/reglas-oro-cuidado-cabello#primaryimage\"},\"image\":{\"@id\":\"https:\/\/prensalibre-com-develop.go-vip.co\/guatevision\/historico\/reglas-oro-cuidado-cabello#primaryimage\"},\"thumbnailUrl\":\"https:\/\/prensalibre-com-develop.go-vip.co\/guatevision\/wp-content\/uploads\/sites\/2\/2017\/01\/178744431.jpg?quality=82\",\"datePublished\":\"2017-06-12T15:49:53+00:00\",\"dateModified\":\"2017-06-12T15:49:53+00:00\",\"description\":\"Tener el cabello hermoso es el sue\u00f1o de muchas chicas, el estilista de Jennifer Aniston comparte algunas reglas de oro para el cuidado del cabello.\",\"inLanguage\":\"es-GT\",\"potentialAction\":[{\"@type\":\"ReadAction\",\"target\":[\"https:\/\/prensalibre-com-develop.go-vip.co\/guatevision\/historico\/reglas-oro-cuidado-cabello\"]}]},{\"@type\":\"ImageObject\",\"inLanguage\":\"es-GT\",\"@id\":\"https:\/\/prensalibre-com-develop.go-vip.co\/guatevision\/historico\/reglas-oro-cuidado-cabello#primaryimage\",\"url\":\"https:\/\/prensalibre-com-develop.go-vip.co\/guatevision\/wp-content\/uploads\/sites\/2\/2017\/01\/178744431.jpg?quality=82\",\"contentUrl\":\"https:\/\/prensalibre-com-develop.go-vip.co\/guatevision\/wp-content\/uploads\/sites\/2\/2017\/01\/178744431.jpg?quality=82\",\"width\":659,\"height\":371,\"caption\":\"cabello planchado\"},{\"@type\":\"WebSite\",\"@id\":\"https:\/\/prensalibre-com-develop.go-vip.co\/guatevision\/#website\",\"url\":\"https:\/\/prensalibre-com-develop.go-vip.co\/guatevision\/\",\"name\":\"Guatevision\",\"description\":\"\u00a1Enciende Lo Bueno!\",\"publisher\":{\"@id\":\"https:\/\/prensalibre-com-develop.go-vip.co\/guatevision\/#organization\"},\"potentialAction\":[{\"@type\":\"SearchAction\",\"target\":{\"@type\":\"EntryPoint\",\"urlTemplate\":\"https:\/\/prensalibre-com-develop.go-vip.co\/guatevision\/?s={search_term_string}\"},\"query-input\":{\"@type\":\"PropertyValueSpecification\",\"valueRequired\":true,\"valueName\":\"search_term_string\"}}],\"inLanguage\":\"es-GT\"},{\"@type\":\"Organization\",\"@id\":\"https:\/\/prensalibre-com-develop.go-vip.co\/guatevision\/#organization\",\"name\":\"Guatevision\",\"url\":\"https:\/\/prensalibre-com-develop.go-vip.co\/guatevision\/\",\"logo\":{\"@type\":\"ImageObject\",\"inLanguage\":\"es-GT\",\"@id\":\"https:\/\/prensalibre-com-develop.go-vip.co\/guatevision\/#\/schema\/logo\/image\/\",\"url\":\"https:\/\/prensalibre-com-develop.go-vip.co\/guatevision\/wp-content\/uploads\/sites\/2\/2026\/04\/Diseno-sin-titulo.png?quality=82\",\"contentUrl\":\"https:\/\/prensalibre-com-develop.go-vip.co\/guatevision\/wp-content\/uploads\/sites\/2\/2026\/04\/Diseno-sin-titulo.png?quality=82\",\"width\":1000,\"height\":600,\"caption\":\"Guatevision\"},\"image\":{\"@id\":\"https:\/\/prensalibre-com-develop.go-vip.co\/guatevision\/#\/schema\/logo\/image\/\"}},{\"@type\":\"Person\",\"@id\":\"https:\/\/prensalibre-com-develop.go-vip.co\/guatevision\/#\/schema\/person\/7c26ea5ceee1b7266a573b2125e1c2aa\",\"name\":\"Redacci\u00f3n Guatevisi\u00f3n\",\"image\":{\"@type\":\"ImageObject\",\"inLanguage\":\"es-GT\",\"@id\":\"https:\/\/prensalibre-com-develop.go-vip.co\/guatevision\/#\/schema\/person\/image\/6d36cd161df0dff3760fc313fe2275f7\",\"url\":\"https:\/\/secure.gravatar.com\/avatar\/30137a0ea5fbd7114184dc546048a84bb0a0138981443c3af84a9d824dffdd9b?s=96&d=mm&r=g\",\"contentUrl\":\"https:\/\/secure.gravatar.com\/avatar\/30137a0ea5fbd7114184dc546048a84bb0a0138981443c3af84a9d824dffdd9b?s=96&d=mm&r=g\",\"caption\":\"Redacci\u00f3n Guatevisi\u00f3n\"},\"url\":\"https:\/\/prensalibre-com-develop.go-vip.co\/guatevision\/author\/redacciongtv\"}]}<\/script>\n<!-- \/ Yoast SEO plugin. -->","yoast_head_json":{"title":"Estas son algunas reglas de oro para el cuidado del cabello seg\u00fan el estilista de Jeniffer Aniston","description":"Tener el cabello hermoso es el sue\u00f1o de muchas chicas, el estilista de Jennifer Aniston comparte algunas reglas de oro para el cuidado del cabello.","robots":{"index":"index","follow":"follow","max-snippet":"max-snippet:-1","max-image-preview":"max-image-preview:large","max-video-preview":"max-video-preview:-1"},"canonical":"https:\/\/prensalibre-com-develop.go-vip.co\/guatevision\/historico\/reglas-oro-cuidado-cabello","og_locale":"es_ES","og_type":"article","og_title":"Estas son algunas reglas de oro para el cuidado del cabello seg\u00fan el estilista de Jeniffer Aniston","og_description":"Tener el cabello hermoso es el sue\u00f1o de muchas chicas, el estilista de Jennifer Aniston comparte algunas reglas de oro para el cuidado del cabello.","og_url":"https:\/\/prensalibre-com-develop.go-vip.co\/guatevision\/historico\/reglas-oro-cuidado-cabello","og_site_name":"Guatevision","article_published_time":"2017-06-12T15:49:53+00:00","og_image":[{"width":659,"height":371,"url":"https:\/\/prensalibre-com-develop.go-vip.co\/guatevision\/wp-content\/uploads\/sites\/2\/2017\/01\/178744431.jpg?quality=82","type":"image\/jpeg"}],"author":"Redacci\u00f3n Guatevisi\u00f3n","twitter_card":"summary_large_image","twitter_misc":{"Written by":"Redacci\u00f3n Guatevisi\u00f3n","Est. reading time":"3 minutes"},"schema":{"@context":"https:\/\/schema.org","@graph":[{"@type":"Article","@id":"https:\/\/prensalibre-com-develop.go-vip.co\/guatevision\/historico\/reglas-oro-cuidado-cabello#article","isPartOf":{"@id":"https:\/\/prensalibre-com-develop.go-vip.co\/guatevision\/historico\/reglas-oro-cuidado-cabello"},"author":{"name":"Redacci\u00f3n Guatevisi\u00f3n","@id":"https:\/\/prensalibre-com-develop.go-vip.co\/guatevision\/#\/schema\/person\/7c26ea5ceee1b7266a573b2125e1c2aa"},"headline":"Estas son algunas reglas de oro para el cuidado del cabello seg\u00fan el estilista de Jeniffer Aniston","datePublished":"2017-06-12T15:49:53+00:00","dateModified":"2017-06-12T15:49:53+00:00","mainEntityOfPage":{"@id":"https:\/\/prensalibre-com-develop.go-vip.co\/guatevision\/historico\/reglas-oro-cuidado-cabello"},"wordCount":530,"commentCount":0,"publisher":{"@id":"https:\/\/prensalibre-com-develop.go-vip.co\/guatevision\/#organization"},"image":{"@id":"https:\/\/prensalibre-com-develop.go-vip.co\/guatevision\/historico\/reglas-oro-cuidado-cabello#primaryimage"},"thumbnailUrl":"https:\/\/prensalibre-com-develop.go-vip.co\/guatevision\/wp-content\/uploads\/sites\/2\/2017\/01\/178744431.jpg?quality=82","keywords":["belleza","Cuidados del cabello","Estilista","Jennifer Aniston","reglas de oro"],"inLanguage":"es-GT","potentialAction":[{"@type":"CommentAction","name":"Comment","target":["https:\/\/prensalibre-com-develop.go-vip.co\/guatevision\/historico\/reglas-oro-cuidado-cabello#respond"]}]},{"@type":"WebPage","@id":"https:\/\/prensalibre-com-develop.go-vip.co\/guatevision\/historico\/reglas-oro-cuidado-cabello","url":"https:\/\/prensalibre-com-develop.go-vip.co\/guatevision\/historico\/reglas-oro-cuidado-cabello","name":"Estas son algunas reglas de oro para el cuidado del cabello seg\u00fan el estilista de Jeniffer Aniston","isPartOf":{"@id":"https:\/\/prensalibre-com-develop.go-vip.co\/guatevision\/#website"},"primaryImageOfPage":{"@id":"https:\/\/prensalibre-com-develop.go-vip.co\/guatevision\/historico\/reglas-oro-cuidado-cabello#primaryimage"},"image":{"@id":"https:\/\/prensalibre-com-develop.go-vip.co\/guatevision\/historico\/reglas-oro-cuidado-cabello#primaryimage"},"thumbnailUrl":"https:\/\/prensalibre-com-develop.go-vip.co\/guatevision\/wp-content\/uploads\/sites\/2\/2017\/01\/178744431.jpg?quality=82","datePublished":"2017-06-12T15:49:53+00:00","dateModified":"2017-06-12T15:49:53+00:00","description":"Tener el cabello hermoso es el sue\u00f1o de muchas chicas, el estilista de Jennifer Aniston comparte algunas reglas de oro para el cuidado del cabello.","inLanguage":"es-GT","potentialAction":[{"@type":"ReadAction","target":["https:\/\/prensalibre-com-develop.go-vip.co\/guatevision\/historico\/reglas-oro-cuidado-cabello"]}]},{"@type":"ImageObject","inLanguage":"es-GT","@id":"https:\/\/prensalibre-com-develop.go-vip.co\/guatevision\/historico\/reglas-oro-cuidado-cabello#primaryimage","url":"https:\/\/prensalibre-com-develop.go-vip.co\/guatevision\/wp-content\/uploads\/sites\/2\/2017\/01\/178744431.jpg?quality=82","contentUrl":"https:\/\/prensalibre-com-develop.go-vip.co\/guatevision\/wp-content\/uploads\/sites\/2\/2017\/01\/178744431.jpg?quality=82","width":659,"height":371,"caption":"cabello planchado"},{"@type":"WebSite","@id":"https:\/\/prensalibre-com-develop.go-vip.co\/guatevision\/#website","url":"https:\/\/prensalibre-com-develop.go-vip.co\/guatevision\/","name":"Guatevision","description":"\u00a1Enciende Lo Bueno!","publisher":{"@id":"https:\/\/prensalibre-com-develop.go-vip.co\/guatevision\/#organization"},"potentialAction":[{"@type":"SearchAction","target":{"@type":"EntryPoint","urlTemplate":"https:\/\/prensalibre-com-develop.go-vip.co\/guatevision\/?s={search_term_string}"},"query-input":{"@type":"PropertyValueSpecification","valueRequired":true,"valueName":"search_term_string"}}],"inLanguage":"es-GT"},{"@type":"Organization","@id":"https:\/\/prensalibre-com-develop.go-vip.co\/guatevision\/#organization","name":"Guatevision","url":"https:\/\/prensalibre-com-develop.go-vip.co\/guatevision\/","logo":{"@type":"ImageObject","inLanguage":"es-GT","@id":"https:\/\/prensalibre-com-develop.go-vip.co\/guatevision\/#\/schema\/logo\/image\/","url":"https:\/\/prensalibre-com-develop.go-vip.co\/guatevision\/wp-content\/uploads\/sites\/2\/2026\/04\/Diseno-sin-titulo.png?quality=82","contentUrl":"https:\/\/prensalibre-com-develop.go-vip.co\/guatevision\/wp-content\/uploads\/sites\/2\/2026\/04\/Diseno-sin-titulo.png?quality=82","width":1000,"height":600,"caption":"Guatevision"},"image":{"@id":"https:\/\/prensalibre-com-develop.go-vip.co\/guatevision\/#\/schema\/logo\/image\/"}},{"@type":"Person","@id":"https:\/\/prensalibre-com-develop.go-vip.co\/guatevision\/#\/schema\/person\/7c26ea5ceee1b7266a573b2125e1c2aa","name":"Redacci\u00f3n Guatevisi\u00f3n","image":{"@type":"ImageObject","inLanguage":"es-GT","@id":"https:\/\/prensalibre-com-develop.go-vip.co\/guatevision\/#\/schema\/person\/image\/6d36cd161df0dff3760fc313fe2275f7","url":"https:\/\/secure.gravatar.com\/avatar\/30137a0ea5fbd7114184dc546048a84bb0a0138981443c3af84a9d824dffdd9b?s=96&d=mm&r=g","contentUrl":"https:\/\/secure.gravatar.com\/avatar\/30137a0ea5fbd7114184dc546048a84bb0a0138981443c3af84a9d824dffdd9b?s=96&d=mm&r=g","caption":"Redacci\u00f3n Guatevisi\u00f3n"},"url":"https:\/\/prensalibre-com-develop.go-vip.co\/guatevision\/author\/redacciongtv"}]}},"jetpack_featured_media_url":"https:\/\/prensalibre-com-develop.go-vip.co\/guatevision\/wp-content\/uploads\/sites\/2\/2017\/01\/178744431.jpg?quality=82","jetpack_sharing_enabled":true,"_links":{"self":[{"href":"https:\/\/prensalibre-com-develop.go-vip.co\/guatevision\/wp-json\/wp\/v2\/posts\/83962","targetHints":{"allow":["GET"]}}],"collection":[{"href":"https:\/\/prensalibre-com-develop.go-vip.co\/guatevision\/wp-json\/wp\/v2\/posts"}],"about":[{"href":"https:\/\/prensalibre-com-develop.go-vip.co\/guatevision\/wp-json\/wp\/v2\/types\/post"}],"author":[{"embeddable":true,"href":"https:\/\/prensalibre-com-develop.go-vip.co\/guatevision\/wp-json\/wp\/v2\/users\/218"}],"replies":[{"embeddable":true,"href":"https:\/\/prensalibre-com-develop.go-vip.co\/guatevision\/wp-json\/wp\/v2\/comments?post=83962"}],"version-history":[{"count":0,"href":"https:\/\/prensalibre-com-develop.go-vip.co\/guatevision\/wp-json\/wp\/v2\/posts\/83962\/revisions"}],"wp:featuredmedia":[{"embeddable":true,"href":"https:\/\/prensalibre-com-develop.go-vip.co\/guatevision\/wp-json\/wp\/v2\/media\/26952"}],"wp:attachment":[{"href":"https:\/\/prensalibre-com-develop.go-vip.co\/guatevision\/wp-json\/wp\/v2\/media?parent=83962"}],"wp:term":[{"taxonomy":"category","embeddable":true,"href":"https:\/\/prensalibre-com-develop.go-vip.co\/guatevision\/wp-json\/wp\/v2\/categories?post=83962"},{"taxonomy":"etiqueta","embeddable":true,"href":"https:\/\/prensalibre-com-develop.go-vip.co\/guatevision\/wp-json\/wp\/v2\/etiqueta?post=83962"}],"curies":[{"name":"wp","href":"https:\/\/api.w.org\/{rel}","templated":true}]}}