{"id":950,"date":"2016-10-29T13:09:48","date_gmt":"2016-10-29T19:09:48","guid":{"rendered":"https:\/\/prensalibre-com-develop.go-vip.co\/guatevision\/?p=950"},"modified":"2016-10-29T13:13:45","modified_gmt":"2016-10-29T19:13:45","slug":"tragos-y-puros-el-dia-de-maximon","status":"publish","type":"post","link":"https:\/\/prensalibre-com-develop.go-vip.co\/guatevision\/historico\/tragos-y-puros-el-dia-de-maximon","title":{"rendered":"Tragos y puros, as\u00ed celebraron el d\u00eda de Maxim\u00f3n"},"content":{"rendered":"<p>Cientos de guatemaltecos abarrotaron este viernes un peque\u00f1o templo para adorar a Maxim\u00f3n o San Sim\u00f3n, un santo popular producto del sincretismo religioso. Venerado tambi\u00e9n por prostitutas, pandilleros y miembros del crimen organizado.<\/p>\n\n<p>La singular fiesta se celebra cada 28 de octubre de San Andr\u00e9s Itzapa, Chimaltenango, a unos 40 km al oeste de la capital de Guatemala, en honor al singular santo que no tiene el reconocimiento de la Iglesia cat\u00f3lica.<\/p>\n<figure id=\"attachment_945\" aria-describedby=\"caption-attachment-945\" style=\"width: 312px\" class=\"wp-caption alignnone\"><img loading=\"lazy\" decoding=\"async\" class=\"size-medium wp-image-945\" src=\"https:\/\/prensalibre-com-develop.go-vip.co\/guatevision\/wp-content\/uploads\/2016\/10\/000_HL32X-e1477767669868-312x175.jpg\" alt=\"Maxim\u00f3n\" width=\"312\" height=\"175\" \/><figcaption id=\"caption-attachment-945\" class=\"wp-caption-text\">El consumo de puros frente al altar de Maxim\u00f3n es una particularidad de esta celebraci\u00f3n. \/ AFP PHOTO \/ JOHAN ORDONEZ<\/figcaption><\/figure>\n<p>Los fieles hac\u00edan largas filas para llegar al santuario donde permanece la imagen del santo de madera, sentado en una silla y vestido con traje negro, camisa azul, corbata morada y sombrero.<\/p>\n<p>En estos d\u00edas de peregrinaci\u00f3n, el santo est\u00e1 cubierto con un pl\u00e1stico transparente, pues es costumbre que los fieles le lancen escupitajos de aguardiente a la cabeza y la cara, antes de suplicarle milagros y favores como salud, amor y dinero.<\/p>\n<p>Por los favores concedidos, como muestra de agradecimiento, los creyentes le lanzaban billetes de diferentes denominaciones y le dejaban raciones de comida.<\/p>\n<figure id=\"attachment_946\" aria-describedby=\"caption-attachment-946\" style=\"width: 312px\" class=\"wp-caption alignnone\"><img loading=\"lazy\" decoding=\"async\" class=\"size-medium wp-image-946\" src=\"https:\/\/prensalibre-com-develop.go-vip.co\/guatevision\/wp-content\/uploads\/2016\/10\/000_HL32J-e1477767531809-312x175.jpg\" alt=\"Maxim\u00f3n\" width=\"312\" height=\"175\" \/><figcaption id=\"caption-attachment-946\" class=\"wp-caption-text\">Acompa\u00f1ada de r\u00e9plicas de Maxim\u00f3n, esta mujer acudi\u00f3 a la celebraci\u00f3n del dia del Santo no reconocido por la Iglesia. \/ AFP PHOTO \/ JOHAN ORDONEZ<\/figcaption><\/figure>\n<p>Los rituales en torno a la fiesta del santo evidencian su car\u00e1cter sincr\u00e9tico: altares con frutas, flores y puros artesanales, velas y licor, combinan elementos de los cultos cat\u00f3lico e ind\u00edgena.<\/p>\n<p>El olor del tabaco y el aguardiente se mezcla con el de las hierbas arom\u00e1ticas que esparcen los &#8220;brujos&#8221; para alejar a los malos esp\u00edritus y atraer la prosperidad.<\/p>\n<h3>Maxim\u00f3n, &#8220;el imparcial&#8221;<\/h3>\n<p>Los gu\u00edas espirituales explican que San Sim\u00f3n recibe a todos, es imparcial y justo con sus seguidores por lo que es frecuente hallar entre los visitantes a prostitutas, narcotraficantes y pandilleros.<\/p>\n<p>Este viernes, entre los devotos hab\u00eda un grupo de seis hombres y dos mujeres que, por sus tatuajes y vestimenta, se revelan como integrantes de la violenta Mara Salvatrucha.<\/p>\n<figure id=\"attachment_947\" aria-describedby=\"caption-attachment-947\" style=\"width: 312px\" class=\"wp-caption alignnone\"><img loading=\"lazy\" decoding=\"async\" class=\"size-medium wp-image-947\" src=\"https:\/\/prensalibre-com-develop.go-vip.co\/guatevision\/wp-content\/uploads\/2016\/10\/000_HL2V4-e1477767468302-312x175.jpg\" alt=\"Maxim\u00f3n\" width=\"312\" height=\"175\" \/><figcaption id=\"caption-attachment-947\" class=\"wp-caption-text\">La genten or\u00f3 frente al altar de Maxim\u00f3n \/ AFP PHOTO \/ JOHAN ORDONEZ<\/figcaption><\/figure>\n<p>Una de las mujeres le dio de tomar aguardiente a la imagen y le moj\u00f3 la cabeza, mientras le dec\u00eda palabras de amor y le hac\u00eda ver que estaba &#8220;cumpliendo como a\u00f1os anteriores&#8221; con visitarlo para agradecerle por &#8220;lo bueno y malo que me has dado durante el a\u00f1o&#8221;.<\/p>\n<p>\u00a9 1994-2016 Agence France-Presse<\/p>\n<p><span style=\"border-radius: 2px; text-indent: 20px; width: auto; padding: 0px 4px 0px 0px; text-align: center; font: bold 11px\/20px 'Helvetica Neue',Helvetica,sans-serif; color: #ffffff; background: #bd081c no-repeat scroll 3px 50% \/ 14px 14px; position: absolute; opacity: 1; z-index: 8675309; display: none; cursor: pointer;\">Guardar<\/span><\/p>\n<p><span style=\"border-radius: 2px; text-indent: 20px; width: auto; padding: 0px 4px 0px 0px; text-align: center; font: bold 11px\/20px 'Helvetica Neue',Helvetica,sans-serif; color: #ffffff; background: #bd081c  no-repeat scroll 3px 50% \/ 14px 14px; position: absolute; opacity: 1; z-index: 8675309; display: none; cursor: pointer;\">Guardar<\/span><\/p>\n","protected":false},"excerpt":{"rendered":"","protected":false},"author":67,"featured_media":948,"comment_status":"open","ping_status":"open","sticky":false,"template":"","format":"standard","meta":{"_jetpack_memberships_contains_paid_content":false,"footnotes":""},"categories":[],"etiqueta":[],"class_list":["post-950","post","type-post","status-publish","format-standard","has-post-thumbnail","hentry"],"yoast_head":"<!-- This site is optimized with the Yoast SEO plugin v23.9 - https:\/\/yoast.com\/wordpress\/plugins\/seo\/ -->\n<title>Tragos y puros, as\u00ed celebraron el d\u00eda de Maxim\u00f3n en Itzapa<\/title>\n<meta name=\"description\" content=\"Con tragos y puros los fieles a Maxim\u00f3n celebraron su dia en San Andr\u00e9s Itzapa en Chimaltenango. En una muestra de sincretismo religioso.\" \/>\n<meta name=\"robots\" content=\"index, follow, max-snippet:-1, max-image-preview:large, max-video-preview:-1\" \/>\n<link rel=\"canonical\" href=\"https:\/\/prensalibre-com-develop.go-vip.co\/guatevision\/historico\/tragos-y-puros-el-dia-de-maximon\" \/>\n<meta property=\"og:locale\" content=\"es_ES\" \/>\n<meta property=\"og:type\" content=\"article\" \/>\n<meta property=\"og:title\" content=\"Tragos y puros, as\u00ed celebraron el d\u00eda de Maxim\u00f3n en Itzapa\" \/>\n<meta property=\"og:description\" content=\"Con tragos y puros los fieles a Maxim\u00f3n celebraron su dia en San Andr\u00e9s Itzapa en Chimaltenango. En una muestra de sincretismo religioso.\" \/>\n<meta property=\"og:url\" content=\"https:\/\/prensalibre-com-develop.go-vip.co\/guatevision\/historico\/tragos-y-puros-el-dia-de-maximon\" \/>\n<meta property=\"og:site_name\" content=\"Guatevision\" \/>\n<meta property=\"article:published_time\" content=\"2016-10-29T19:09:48+00:00\" \/>\n<meta property=\"article:modified_time\" content=\"2016-10-29T19:13:45+00:00\" \/>\n<meta property=\"og:image\" content=\"https:\/\/prensalibre-com-develop.go-vip.co\/guatevision\/wp-content\/uploads\/sites\/2\/2016\/10\/000_HL32B-e1477766940366.jpg?quality=82\" \/>\n\t<meta property=\"og:image:width\" content=\"660\" \/>\n\t<meta property=\"og:image:height\" content=\"370\" \/>\n\t<meta property=\"og:image:type\" content=\"image\/jpeg\" \/>\n<meta name=\"author\" content=\"Ur\u00edas Gamarro\" \/>\n<meta name=\"twitter:card\" content=\"summary_large_image\" \/>\n<meta name=\"twitter:label1\" content=\"Written by\" \/>\n\t<meta name=\"twitter:data1\" content=\"Ur\u00edas Gamarro\" \/>\n\t<meta name=\"twitter:label2\" content=\"Est. reading time\" \/>\n\t<meta name=\"twitter:data2\" content=\"2 minutes\" \/>\n<script type=\"application\/ld+json\" class=\"yoast-schema-graph\">{\"@context\":\"https:\/\/schema.org\",\"@graph\":[{\"@type\":\"Article\",\"@id\":\"https:\/\/prensalibre-com-develop.go-vip.co\/guatevision\/historico\/tragos-y-puros-el-dia-de-maximon#article\",\"isPartOf\":{\"@id\":\"https:\/\/prensalibre-com-develop.go-vip.co\/guatevision\/historico\/tragos-y-puros-el-dia-de-maximon\"},\"author\":{\"name\":\"Ur\u00edas Gamarro\",\"@id\":\"https:\/\/prensalibre-com-develop.go-vip.co\/guatevision\/#\/schema\/person\/6a02e75454b7218d75d47b40485a9180\"},\"headline\":\"Tragos y puros, as\u00ed celebraron el d\u00eda de Maxim\u00f3n\",\"datePublished\":\"2016-10-29T19:09:48+00:00\",\"dateModified\":\"2016-10-29T19:13:45+00:00\",\"mainEntityOfPage\":{\"@id\":\"https:\/\/prensalibre-com-develop.go-vip.co\/guatevision\/historico\/tragos-y-puros-el-dia-de-maximon\"},\"wordCount\":460,\"commentCount\":0,\"publisher\":{\"@id\":\"https:\/\/prensalibre-com-develop.go-vip.co\/guatevision\/#organization\"},\"image\":{\"@id\":\"https:\/\/prensalibre-com-develop.go-vip.co\/guatevision\/historico\/tragos-y-puros-el-dia-de-maximon#primaryimage\"},\"thumbnailUrl\":\"https:\/\/prensalibre-com-develop.go-vip.co\/guatevision\/wp-content\/uploads\/sites\/2\/2016\/10\/000_HL32B-e1477766940366.jpg?quality=82\",\"keywords\":[\"Cat\u00f3lico\",\"Celebraciones\",\"Chimaltenango\",\"Crimen Organizado\",\"Maxim\u00f3n\",\"Pandilleros\",\"Sincretismo\",\"Tradiciones Guatemala\",\"Tragos y Puros\"],\"inLanguage\":\"es-GT\",\"potentialAction\":[{\"@type\":\"CommentAction\",\"name\":\"Comment\",\"target\":[\"https:\/\/prensalibre-com-develop.go-vip.co\/guatevision\/historico\/tragos-y-puros-el-dia-de-maximon#respond\"]}]},{\"@type\":\"WebPage\",\"@id\":\"https:\/\/prensalibre-com-develop.go-vip.co\/guatevision\/historico\/tragos-y-puros-el-dia-de-maximon\",\"url\":\"https:\/\/prensalibre-com-develop.go-vip.co\/guatevision\/historico\/tragos-y-puros-el-dia-de-maximon\",\"name\":\"Tragos y puros, as\u00ed celebraron el d\u00eda de Maxim\u00f3n en Itzapa\",\"isPartOf\":{\"@id\":\"https:\/\/prensalibre-com-develop.go-vip.co\/guatevision\/#website\"},\"primaryImageOfPage\":{\"@id\":\"https:\/\/prensalibre-com-develop.go-vip.co\/guatevision\/historico\/tragos-y-puros-el-dia-de-maximon#primaryimage\"},\"image\":{\"@id\":\"https:\/\/prensalibre-com-develop.go-vip.co\/guatevision\/historico\/tragos-y-puros-el-dia-de-maximon#primaryimage\"},\"thumbnailUrl\":\"https:\/\/prensalibre-com-develop.go-vip.co\/guatevision\/wp-content\/uploads\/sites\/2\/2016\/10\/000_HL32B-e1477766940366.jpg?quality=82\",\"datePublished\":\"2016-10-29T19:09:48+00:00\",\"dateModified\":\"2016-10-29T19:13:45+00:00\",\"description\":\"Con tragos y puros los fieles a Maxim\u00f3n celebraron su dia en San Andr\u00e9s Itzapa en Chimaltenango. En una muestra de sincretismo religioso.\",\"inLanguage\":\"es-GT\",\"potentialAction\":[{\"@type\":\"ReadAction\",\"target\":[\"https:\/\/prensalibre-com-develop.go-vip.co\/guatevision\/historico\/tragos-y-puros-el-dia-de-maximon\"]}]},{\"@type\":\"ImageObject\",\"inLanguage\":\"es-GT\",\"@id\":\"https:\/\/prensalibre-com-develop.go-vip.co\/guatevision\/historico\/tragos-y-puros-el-dia-de-maximon#primaryimage\",\"url\":\"https:\/\/prensalibre-com-develop.go-vip.co\/guatevision\/wp-content\/uploads\/sites\/2\/2016\/10\/000_HL32B-e1477766940366.jpg?quality=82\",\"contentUrl\":\"https:\/\/prensalibre-com-develop.go-vip.co\/guatevision\/wp-content\/uploads\/sites\/2\/2016\/10\/000_HL32B-e1477766940366.jpg?quality=82\",\"width\":660,\"height\":370,\"caption\":\"A woman prays at the Temple of San Simon in the municipality of San Andres Iztapa in Chimaltenango, some 40 km west of Guatemala City, on October 28, 2016, during a pagan festival to honor the saint. Thousands of devotees bring cigarettes and spirits offerings to the saint --not recognized by the Catholic Church-- who is believed to be the protector of the homeless, prostitutes, alcoholics and drug-traffickers. \/ AFP PHOTO \/ JOHAN ORDONEZ\"},{\"@type\":\"WebSite\",\"@id\":\"https:\/\/prensalibre-com-develop.go-vip.co\/guatevision\/#website\",\"url\":\"https:\/\/prensalibre-com-develop.go-vip.co\/guatevision\/\",\"name\":\"Guatevision\",\"description\":\"\u00a1Enciende Lo Bueno!\",\"publisher\":{\"@id\":\"https:\/\/prensalibre-com-develop.go-vip.co\/guatevision\/#organization\"},\"potentialAction\":[{\"@type\":\"SearchAction\",\"target\":{\"@type\":\"EntryPoint\",\"urlTemplate\":\"https:\/\/prensalibre-com-develop.go-vip.co\/guatevision\/?s={search_term_string}\"},\"query-input\":{\"@type\":\"PropertyValueSpecification\",\"valueRequired\":true,\"valueName\":\"search_term_string\"}}],\"inLanguage\":\"es-GT\"},{\"@type\":\"Organization\",\"@id\":\"https:\/\/prensalibre-com-develop.go-vip.co\/guatevision\/#organization\",\"name\":\"Guatevision\",\"url\":\"https:\/\/prensalibre-com-develop.go-vip.co\/guatevision\/\",\"logo\":{\"@type\":\"ImageObject\",\"inLanguage\":\"es-GT\",\"@id\":\"https:\/\/prensalibre-com-develop.go-vip.co\/guatevision\/#\/schema\/logo\/image\/\",\"url\":\"https:\/\/prensalibre-com-develop.go-vip.co\/guatevision\/wp-content\/uploads\/sites\/2\/2026\/04\/Diseno-sin-titulo.png?quality=82\",\"contentUrl\":\"https:\/\/prensalibre-com-develop.go-vip.co\/guatevision\/wp-content\/uploads\/sites\/2\/2026\/04\/Diseno-sin-titulo.png?quality=82\",\"width\":1000,\"height\":600,\"caption\":\"Guatevision\"},\"image\":{\"@id\":\"https:\/\/prensalibre-com-develop.go-vip.co\/guatevision\/#\/schema\/logo\/image\/\"}},{\"@type\":\"Person\",\"@id\":\"https:\/\/prensalibre-com-develop.go-vip.co\/guatevision\/#\/schema\/person\/6a02e75454b7218d75d47b40485a9180\",\"name\":\"Ur\u00edas Gamarro\",\"image\":{\"@type\":\"ImageObject\",\"inLanguage\":\"es-GT\",\"@id\":\"https:\/\/prensalibre-com-develop.go-vip.co\/guatevision\/#\/schema\/person\/image\/744fdda814e98101e57fe41f33d40045\",\"url\":\"https:\/\/secure.gravatar.com\/avatar\/e0ccbbcb5f0dcf606343597951aa9ce1085b568039de56dddad95a75b314ca9b?s=96&d=mm&r=g\",\"contentUrl\":\"https:\/\/secure.gravatar.com\/avatar\/e0ccbbcb5f0dcf606343597951aa9ce1085b568039de56dddad95a75b314ca9b?s=96&d=mm&r=g\",\"caption\":\"Ur\u00edas Gamarro\"},\"url\":\"https:\/\/prensalibre-com-develop.go-vip.co\/guatevision\/author\/ugamarro\"}]}<\/script>\n<!-- \/ Yoast SEO plugin. -->","yoast_head_json":{"title":"Tragos y puros, as\u00ed celebraron el d\u00eda de Maxim\u00f3n en Itzapa","description":"Con tragos y puros los fieles a Maxim\u00f3n celebraron su dia en San Andr\u00e9s Itzapa en Chimaltenango. En una muestra de sincretismo religioso.","robots":{"index":"index","follow":"follow","max-snippet":"max-snippet:-1","max-image-preview":"max-image-preview:large","max-video-preview":"max-video-preview:-1"},"canonical":"https:\/\/prensalibre-com-develop.go-vip.co\/guatevision\/historico\/tragos-y-puros-el-dia-de-maximon","og_locale":"es_ES","og_type":"article","og_title":"Tragos y puros, as\u00ed celebraron el d\u00eda de Maxim\u00f3n en Itzapa","og_description":"Con tragos y puros los fieles a Maxim\u00f3n celebraron su dia en San Andr\u00e9s Itzapa en Chimaltenango. En una muestra de sincretismo religioso.","og_url":"https:\/\/prensalibre-com-develop.go-vip.co\/guatevision\/historico\/tragos-y-puros-el-dia-de-maximon","og_site_name":"Guatevision","article_published_time":"2016-10-29T19:09:48+00:00","article_modified_time":"2016-10-29T19:13:45+00:00","og_image":[{"width":660,"height":370,"url":"https:\/\/prensalibre-com-develop.go-vip.co\/guatevision\/wp-content\/uploads\/sites\/2\/2016\/10\/000_HL32B-e1477766940366.jpg?quality=82","type":"image\/jpeg"}],"author":"Ur\u00edas Gamarro","twitter_card":"summary_large_image","twitter_misc":{"Written by":"Ur\u00edas Gamarro","Est. reading time":"2 minutes"},"schema":{"@context":"https:\/\/schema.org","@graph":[{"@type":"Article","@id":"https:\/\/prensalibre-com-develop.go-vip.co\/guatevision\/historico\/tragos-y-puros-el-dia-de-maximon#article","isPartOf":{"@id":"https:\/\/prensalibre-com-develop.go-vip.co\/guatevision\/historico\/tragos-y-puros-el-dia-de-maximon"},"author":{"name":"Ur\u00edas Gamarro","@id":"https:\/\/prensalibre-com-develop.go-vip.co\/guatevision\/#\/schema\/person\/6a02e75454b7218d75d47b40485a9180"},"headline":"Tragos y puros, as\u00ed celebraron el d\u00eda de Maxim\u00f3n","datePublished":"2016-10-29T19:09:48+00:00","dateModified":"2016-10-29T19:13:45+00:00","mainEntityOfPage":{"@id":"https:\/\/prensalibre-com-develop.go-vip.co\/guatevision\/historico\/tragos-y-puros-el-dia-de-maximon"},"wordCount":460,"commentCount":0,"publisher":{"@id":"https:\/\/prensalibre-com-develop.go-vip.co\/guatevision\/#organization"},"image":{"@id":"https:\/\/prensalibre-com-develop.go-vip.co\/guatevision\/historico\/tragos-y-puros-el-dia-de-maximon#primaryimage"},"thumbnailUrl":"https:\/\/prensalibre-com-develop.go-vip.co\/guatevision\/wp-content\/uploads\/sites\/2\/2016\/10\/000_HL32B-e1477766940366.jpg?quality=82","keywords":["Cat\u00f3lico","Celebraciones","Chimaltenango","Crimen Organizado","Maxim\u00f3n","Pandilleros","Sincretismo","Tradiciones Guatemala","Tragos y Puros"],"inLanguage":"es-GT","potentialAction":[{"@type":"CommentAction","name":"Comment","target":["https:\/\/prensalibre-com-develop.go-vip.co\/guatevision\/historico\/tragos-y-puros-el-dia-de-maximon#respond"]}]},{"@type":"WebPage","@id":"https:\/\/prensalibre-com-develop.go-vip.co\/guatevision\/historico\/tragos-y-puros-el-dia-de-maximon","url":"https:\/\/prensalibre-com-develop.go-vip.co\/guatevision\/historico\/tragos-y-puros-el-dia-de-maximon","name":"Tragos y puros, as\u00ed celebraron el d\u00eda de Maxim\u00f3n en Itzapa","isPartOf":{"@id":"https:\/\/prensalibre-com-develop.go-vip.co\/guatevision\/#website"},"primaryImageOfPage":{"@id":"https:\/\/prensalibre-com-develop.go-vip.co\/guatevision\/historico\/tragos-y-puros-el-dia-de-maximon#primaryimage"},"image":{"@id":"https:\/\/prensalibre-com-develop.go-vip.co\/guatevision\/historico\/tragos-y-puros-el-dia-de-maximon#primaryimage"},"thumbnailUrl":"https:\/\/prensalibre-com-develop.go-vip.co\/guatevision\/wp-content\/uploads\/sites\/2\/2016\/10\/000_HL32B-e1477766940366.jpg?quality=82","datePublished":"2016-10-29T19:09:48+00:00","dateModified":"2016-10-29T19:13:45+00:00","description":"Con tragos y puros los fieles a Maxim\u00f3n celebraron su dia en San Andr\u00e9s Itzapa en Chimaltenango. En una muestra de sincretismo religioso.","inLanguage":"es-GT","potentialAction":[{"@type":"ReadAction","target":["https:\/\/prensalibre-com-develop.go-vip.co\/guatevision\/historico\/tragos-y-puros-el-dia-de-maximon"]}]},{"@type":"ImageObject","inLanguage":"es-GT","@id":"https:\/\/prensalibre-com-develop.go-vip.co\/guatevision\/historico\/tragos-y-puros-el-dia-de-maximon#primaryimage","url":"https:\/\/prensalibre-com-develop.go-vip.co\/guatevision\/wp-content\/uploads\/sites\/2\/2016\/10\/000_HL32B-e1477766940366.jpg?quality=82","contentUrl":"https:\/\/prensalibre-com-develop.go-vip.co\/guatevision\/wp-content\/uploads\/sites\/2\/2016\/10\/000_HL32B-e1477766940366.jpg?quality=82","width":660,"height":370,"caption":"A woman prays at the Temple of San Simon in the municipality of San Andres Iztapa in Chimaltenango, some 40 km west of Guatemala City, on October 28, 2016, during a pagan festival to honor the saint. Thousands of devotees bring cigarettes and spirits offerings to the saint --not recognized by the Catholic Church-- who is believed to be the protector of the homeless, prostitutes, alcoholics and drug-traffickers. \/ AFP PHOTO \/ JOHAN ORDONEZ"},{"@type":"WebSite","@id":"https:\/\/prensalibre-com-develop.go-vip.co\/guatevision\/#website","url":"https:\/\/prensalibre-com-develop.go-vip.co\/guatevision\/","name":"Guatevision","description":"\u00a1Enciende Lo Bueno!","publisher":{"@id":"https:\/\/prensalibre-com-develop.go-vip.co\/guatevision\/#organization"},"potentialAction":[{"@type":"SearchAction","target":{"@type":"EntryPoint","urlTemplate":"https:\/\/prensalibre-com-develop.go-vip.co\/guatevision\/?s={search_term_string}"},"query-input":{"@type":"PropertyValueSpecification","valueRequired":true,"valueName":"search_term_string"}}],"inLanguage":"es-GT"},{"@type":"Organization","@id":"https:\/\/prensalibre-com-develop.go-vip.co\/guatevision\/#organization","name":"Guatevision","url":"https:\/\/prensalibre-com-develop.go-vip.co\/guatevision\/","logo":{"@type":"ImageObject","inLanguage":"es-GT","@id":"https:\/\/prensalibre-com-develop.go-vip.co\/guatevision\/#\/schema\/logo\/image\/","url":"https:\/\/prensalibre-com-develop.go-vip.co\/guatevision\/wp-content\/uploads\/sites\/2\/2026\/04\/Diseno-sin-titulo.png?quality=82","contentUrl":"https:\/\/prensalibre-com-develop.go-vip.co\/guatevision\/wp-content\/uploads\/sites\/2\/2026\/04\/Diseno-sin-titulo.png?quality=82","width":1000,"height":600,"caption":"Guatevision"},"image":{"@id":"https:\/\/prensalibre-com-develop.go-vip.co\/guatevision\/#\/schema\/logo\/image\/"}},{"@type":"Person","@id":"https:\/\/prensalibre-com-develop.go-vip.co\/guatevision\/#\/schema\/person\/6a02e75454b7218d75d47b40485a9180","name":"Ur\u00edas Gamarro","image":{"@type":"ImageObject","inLanguage":"es-GT","@id":"https:\/\/prensalibre-com-develop.go-vip.co\/guatevision\/#\/schema\/person\/image\/744fdda814e98101e57fe41f33d40045","url":"https:\/\/secure.gravatar.com\/avatar\/e0ccbbcb5f0dcf606343597951aa9ce1085b568039de56dddad95a75b314ca9b?s=96&d=mm&r=g","contentUrl":"https:\/\/secure.gravatar.com\/avatar\/e0ccbbcb5f0dcf606343597951aa9ce1085b568039de56dddad95a75b314ca9b?s=96&d=mm&r=g","caption":"Ur\u00edas Gamarro"},"url":"https:\/\/prensalibre-com-develop.go-vip.co\/guatevision\/author\/ugamarro"}]}},"jetpack_featured_media_url":"https:\/\/prensalibre-com-develop.go-vip.co\/guatevision\/wp-content\/uploads\/sites\/2\/2016\/10\/000_HL32B-e1477766940366.jpg?quality=82","jetpack_sharing_enabled":true,"_links":{"self":[{"href":"https:\/\/prensalibre-com-develop.go-vip.co\/guatevision\/wp-json\/wp\/v2\/posts\/950","targetHints":{"allow":["GET"]}}],"collection":[{"href":"https:\/\/prensalibre-com-develop.go-vip.co\/guatevision\/wp-json\/wp\/v2\/posts"}],"about":[{"href":"https:\/\/prensalibre-com-develop.go-vip.co\/guatevision\/wp-json\/wp\/v2\/types\/post"}],"author":[{"embeddable":true,"href":"https:\/\/prensalibre-com-develop.go-vip.co\/guatevision\/wp-json\/wp\/v2\/users\/67"}],"replies":[{"embeddable":true,"href":"https:\/\/prensalibre-com-develop.go-vip.co\/guatevision\/wp-json\/wp\/v2\/comments?post=950"}],"version-history":[{"count":0,"href":"https:\/\/prensalibre-com-develop.go-vip.co\/guatevision\/wp-json\/wp\/v2\/posts\/950\/revisions"}],"wp:featuredmedia":[{"embeddable":true,"href":"https:\/\/prensalibre-com-develop.go-vip.co\/guatevision\/wp-json\/wp\/v2\/media\/948"}],"wp:attachment":[{"href":"https:\/\/prensalibre-com-develop.go-vip.co\/guatevision\/wp-json\/wp\/v2\/media?parent=950"}],"wp:term":[{"taxonomy":"category","embeddable":true,"href":"https:\/\/prensalibre-com-develop.go-vip.co\/guatevision\/wp-json\/wp\/v2\/categories?post=950"},{"taxonomy":"etiqueta","embeddable":true,"href":"https:\/\/prensalibre-com-develop.go-vip.co\/guatevision\/wp-json\/wp\/v2\/etiqueta?post=950"}],"curies":[{"name":"wp","href":"https:\/\/api.w.org\/{rel}","templated":true}]}}