{"id":9607,"date":"2016-11-19T10:00:22","date_gmt":"2016-11-19T16:00:22","guid":{"rendered":"https:\/\/prensalibre-com-develop.go-vip.co\/guatevision\/?p=9607"},"modified":"2016-11-24T12:42:36","modified_gmt":"2016-11-24T18:42:36","slug":"vuelta-lago-atitlan-inscribiste-evento","status":"publish","type":"post","link":"https:\/\/prensalibre-com-develop.go-vip.co\/guatevision\/historico\/vuelta-lago-atitlan-inscribiste-evento","title":{"rendered":"Vuelta al lago de Atitl\u00e1n, \u00bfya te inscribiste? Faltan 18 d\u00edas para este evento"},"content":{"rendered":"<p style=\"text-align: justify;\">&#8220;Vuelta al lago de Atitl\u00e1n&#8221;, es un evento deportivo que se realiza a\u00f1o con a\u00f1o y en este 2016 arriba a su edici\u00f3n n\u00famero 19.<\/p>\n<p style=\"text-align: justify;\">La vuelta al lago se realizar\u00e1 el 4 de diciembre y la actividad inicia a las 6 de la ma\u00f1ana.<\/p>\n<p style=\"text-align: justify;\">Si practicas ciclismo y te gustar\u00eda darle la vuelta al hermoso lago de Atitl\u00e1n,\u00a0 esta es una oportunidad a considerar.<\/p>\n\n<h3 style=\"text-align: justify;\"><strong>Requisitos para la inscripci\u00f3n:<br \/>\n<\/strong><\/h3>\n<ul style=\"text-align: justify;\">\n<li>Realizar el dep\u00f3sito con el valor de Q150.00 en BANRURAL, a la cuenta No. 3499007108 a nombre de Vuelta al Lago de Atitl\u00e1n<\/li>\n<li>Despu\u00e9s de realizar el dep\u00f3sito llamar a los telefonos: 46837593 y 34152530 para reportar tus datos.<\/li>\n<li>Debes contar con bicicleta<\/li>\n<li>Equipo de seguridad<\/li>\n<\/ul>\n<h3 style=\"text-align: justify;\">Datos que debes de presentar:<\/h3>\n<ul>\n<li style=\"text-align: justify;\">Nombre y apellido completos<\/li>\n<li style=\"text-align: justify;\">Edad<\/li>\n<li style=\"text-align: justify;\">Procedencia<\/li>\n<li style=\"text-align: justify;\">Talla de playera<\/li>\n<li style=\"text-align: justify;\">N\u00famero de tel\u00e9fono<\/li>\n<li style=\"text-align: justify;\">Direcci\u00f3n de correo electr\u00f3nico<\/li>\n<li style=\"text-align: justify;\">N\u00famero de boleta del dep\u00f3sito<\/li>\n<\/ul>\n<div id=\"carousel-9607-1217268982\" \n                    class=\"carousel slide carousel-fade\"  \n                    data-ride=\"carousel\" \n                    data-keyboard=\"false\" >\n\t\t\t\t\t\t<div class=\"carousel-inner\" role=\"listbox\"><div class=\"item  active\">\n\t\t\t\t\t<a href=\"https:\/\/prensalibre-com-develop.go-vip.co\/guatevision\/wp-content\/uploads\/sites\/2\/2016\/11\/14568208_920439868100112_7525206228165810651_n.jpg\" \n\t\t\t\t\tclass=\"foto\" style=\"background-image:url(https:\/\/prensalibre-com-develop.go-vip.co\/guatevision\/wp-content\/uploads\/sites\/2\/2016\/11\/14568208_920439868100112_7525206228165810651_n.jpg?quality=82&w=660);\" \n\t\t\t\t\tdata-toggle=\"lightbox\" \n\t\t\t\t\tdata-type=\"image\" \n\t\t\t\t\tdata-gallery=\"galeria9607-1217268982\"><\/a>\n\t\t\t\t\t\n\t\t\t\t\t<span class=\"pie-carousel\">Galer\u00eda: Foto 1 de 3<\/span>\n\t\t\t\t\t<\/div><div class=\"item  \">\n\t\t\t\t\t<a href=\"https:\/\/prensalibre-com-develop.go-vip.co\/guatevision\/wp-content\/uploads\/sites\/2\/2016\/11\/1424358_358671120943659_1646841437_n.jpg\" \n\t\t\t\t\tclass=\"foto\" style=\"background-image:url(https:\/\/prensalibre-com-develop.go-vip.co\/guatevision\/wp-content\/uploads\/sites\/2\/2016\/11\/1424358_358671120943659_1646841437_n.jpg?quality=82&w=660);\" \n\t\t\t\t\tdata-toggle=\"lightbox\" \n\t\t\t\t\tdata-type=\"image\" \n\t\t\t\t\tdata-gallery=\"galeria9607-1217268982\"><\/a>\n\t\t\t\t\t\n\t\t\t\t\t<span class=\"pie-carousel\">Galer\u00eda: Foto 2 de 3<\/span>\n\t\t\t\t\t<\/div><div class=\"item  \">\n\t\t\t\t\t<a href=\"https:\/\/prensalibre-com-develop.go-vip.co\/guatevision\/wp-content\/uploads\/sites\/2\/2016\/11\/14717329_915347135276052_6090588986455360314_n.jpg\" \n\t\t\t\t\tclass=\"foto\" style=\"background-image:url(https:\/\/prensalibre-com-develop.go-vip.co\/guatevision\/wp-content\/uploads\/sites\/2\/2016\/11\/14717329_915347135276052_6090588986455360314_n.jpg?quality=82&w=660);\" \n\t\t\t\t\tdata-toggle=\"lightbox\" \n\t\t\t\t\tdata-type=\"image\" \n\t\t\t\t\tdata-gallery=\"galeria9607-1217268982\"><\/a>\n\t\t\t\t\t\n\t\t\t\t\t<span class=\"pie-carousel\">Galer\u00eda: Foto 3 de 3<\/span>\n\t\t\t\t\t<\/div><\/div><div>\n\t\t\t\t<a class=\"left carousel-control\" href=\"#carousel-9607-1217268982\" role=\"button\" data-slide=\"prev\">\n\t\t\t        <i class=\"icon-arrow-left glyphicon glyphicon-chevron-right\"><\/i>\n\t\t\t        <span class=\"sr-only\">Previous<\/span><\/a>\n\t\t        <a class=\"right carousel-control\" href=\"#carousel-9607-1217268982\" role=\"button\" data-slide=\"next\">\n\t\t\t        <i class=\"icon-arrow-right glyphicon glyphicon-chevron-left\"><\/i>\n\t\t\t        <span class=\"sr-only\">Next<\/span><\/a>\n\t\t        <\/div>\n\t\t        <\/div>\n<p>Parte de la recaudaci\u00f3n ser\u00e1 para el beneficio de la 33\u00aa Cia de los Bomberos Voluntarios de Panajachel.<\/p>\n<p>&nbsp;<\/p>\n<ul>\n<li><strong>Por: Andrea de Le\u00f3n\u00a0<\/strong><\/li>\n<\/ul>\n<p>&nbsp;<\/p>\n","protected":false},"excerpt":{"rendered":"<p>Vuelta al lago de Atitl\u00e1n, a 18 d\u00edas para que este evento sea realizado, no te pierdas de esta actividad, disfruta con toda tu familia.<\/p>\n","protected":false},"author":218,"featured_media":9623,"comment_status":"open","ping_status":"open","sticky":false,"template":"","format":"standard","meta":{"_jetpack_newsletter_access":"","_jetpack_dont_email_post_to_subs":false,"_jetpack_newsletter_tier_id":0,"_jetpack_memberships_contains_paywalled_content":false,"_jetpack_memberships_contains_paid_content":false,"footnotes":"","jetpack_post_was_ever_published":false},"categories":[],"etiqueta":[],"class_list":["post-9607","post","type-post","status-publish","format-standard","has-post-thumbnail","hentry"],"yoast_head":"<!-- This site is optimized with the Yoast SEO plugin v23.9 - https:\/\/yoast.com\/wordpress\/plugins\/seo\/ -->\n<title>Vuelta al lago de Atitl\u00e1n, \u00bfya te inscribiste? faltan 18 d\u00edas para este evento<\/title>\n<meta name=\"description\" content=\"Vuelta al lago de Atitl\u00e1n, a 18 d\u00edas para que este evento sea realizado, no te pierdas de esta actividad, disfruta con toda tu familia.\" \/>\n<meta name=\"robots\" content=\"index, follow, max-snippet:-1, max-image-preview:large, max-video-preview:-1\" \/>\n<link rel=\"canonical\" href=\"https:\/\/prensalibre-com-develop.go-vip.co\/guatevision\/historico\/vuelta-lago-atitlan-inscribiste-evento\" \/>\n<meta property=\"og:locale\" content=\"es_ES\" \/>\n<meta property=\"og:type\" content=\"article\" \/>\n<meta property=\"og:title\" content=\"Vuelta al lago de Atitl\u00e1n, \u00bfya te inscribiste? faltan 18 d\u00edas para este evento\" \/>\n<meta property=\"og:description\" content=\"Vuelta al lago de Atitl\u00e1n, a 18 d\u00edas para que este evento sea realizado, no te pierdas de esta actividad, disfruta con toda tu familia.\" \/>\n<meta property=\"og:url\" content=\"https:\/\/prensalibre-com-develop.go-vip.co\/guatevision\/historico\/vuelta-lago-atitlan-inscribiste-evento\" \/>\n<meta property=\"og:site_name\" content=\"Guatevision\" \/>\n<meta property=\"article:published_time\" content=\"2016-11-19T16:00:22+00:00\" \/>\n<meta property=\"article:modified_time\" content=\"2016-11-24T18:42:36+00:00\" \/>\n<meta property=\"og:image\" content=\"https:\/\/prensalibre-com-develop.go-vip.co\/guatevision\/wp-content\/uploads\/sites\/2\/2016\/11\/14656316_915347505276015_6139285216491327695_n.jpg?quality=82\" \/>\n\t<meta property=\"og:image:width\" content=\"660\" \/>\n\t<meta property=\"og:image:height\" content=\"371\" \/>\n\t<meta property=\"og:image:type\" content=\"image\/jpeg\" \/>\n<meta name=\"author\" content=\"Redacci\u00f3n Guatevisi\u00f3n\" \/>\n<meta name=\"twitter:card\" content=\"summary_large_image\" \/>\n<meta name=\"twitter:label1\" content=\"Written by\" \/>\n\t<meta name=\"twitter:data1\" content=\"Redacci\u00f3n Guatevisi\u00f3n\" \/>\n\t<meta name=\"twitter:label2\" content=\"Est. reading time\" \/>\n\t<meta name=\"twitter:data2\" content=\"1 minute\" \/>\n<script type=\"application\/ld+json\" class=\"yoast-schema-graph\">{\"@context\":\"https:\/\/schema.org\",\"@graph\":[{\"@type\":\"Article\",\"@id\":\"https:\/\/prensalibre-com-develop.go-vip.co\/guatevision\/historico\/vuelta-lago-atitlan-inscribiste-evento#article\",\"isPartOf\":{\"@id\":\"https:\/\/prensalibre-com-develop.go-vip.co\/guatevision\/historico\/vuelta-lago-atitlan-inscribiste-evento\"},\"author\":{\"name\":\"Redacci\u00f3n Guatevisi\u00f3n\",\"@id\":\"https:\/\/prensalibre-com-develop.go-vip.co\/guatevision\/#\/schema\/person\/7c26ea5ceee1b7266a573b2125e1c2aa\"},\"headline\":\"Vuelta al lago de Atitl\u00e1n, \u00bfya te inscribiste? Faltan 18 d\u00edas para este evento\",\"datePublished\":\"2016-11-19T16:00:22+00:00\",\"dateModified\":\"2016-11-24T18:42:36+00:00\",\"mainEntityOfPage\":{\"@id\":\"https:\/\/prensalibre-com-develop.go-vip.co\/guatevision\/historico\/vuelta-lago-atitlan-inscribiste-evento\"},\"wordCount\":199,\"commentCount\":0,\"publisher\":{\"@id\":\"https:\/\/prensalibre-com-develop.go-vip.co\/guatevision\/#organization\"},\"image\":{\"@id\":\"https:\/\/prensalibre-com-develop.go-vip.co\/guatevision\/historico\/vuelta-lago-atitlan-inscribiste-evento#primaryimage\"},\"thumbnailUrl\":\"https:\/\/prensalibre-com-develop.go-vip.co\/guatevision\/wp-content\/uploads\/sites\/2\/2016\/11\/14656316_915347505276015_6139285216491327695_n.jpg\",\"keywords\":[\"bicicletas\",\"carrera\",\"deportes\",\"vuelta al lago\"],\"inLanguage\":\"es-GT\",\"potentialAction\":[{\"@type\":\"CommentAction\",\"name\":\"Comment\",\"target\":[\"https:\/\/prensalibre-com-develop.go-vip.co\/guatevision\/historico\/vuelta-lago-atitlan-inscribiste-evento#respond\"]}]},{\"@type\":\"WebPage\",\"@id\":\"https:\/\/prensalibre-com-develop.go-vip.co\/guatevision\/historico\/vuelta-lago-atitlan-inscribiste-evento\",\"url\":\"https:\/\/prensalibre-com-develop.go-vip.co\/guatevision\/historico\/vuelta-lago-atitlan-inscribiste-evento\",\"name\":\"Vuelta al lago de Atitl\u00e1n, \u00bfya te inscribiste? faltan 18 d\u00edas para este evento\",\"isPartOf\":{\"@id\":\"https:\/\/prensalibre-com-develop.go-vip.co\/guatevision\/#website\"},\"primaryImageOfPage\":{\"@id\":\"https:\/\/prensalibre-com-develop.go-vip.co\/guatevision\/historico\/vuelta-lago-atitlan-inscribiste-evento#primaryimage\"},\"image\":{\"@id\":\"https:\/\/prensalibre-com-develop.go-vip.co\/guatevision\/historico\/vuelta-lago-atitlan-inscribiste-evento#primaryimage\"},\"thumbnailUrl\":\"https:\/\/prensalibre-com-develop.go-vip.co\/guatevision\/wp-content\/uploads\/sites\/2\/2016\/11\/14656316_915347505276015_6139285216491327695_n.jpg\",\"datePublished\":\"2016-11-19T16:00:22+00:00\",\"dateModified\":\"2016-11-24T18:42:36+00:00\",\"description\":\"Vuelta al lago de Atitl\u00e1n, a 18 d\u00edas para que este evento sea realizado, no te pierdas de esta actividad, disfruta con toda tu familia.\",\"inLanguage\":\"es-GT\",\"potentialAction\":[{\"@type\":\"ReadAction\",\"target\":[\"https:\/\/prensalibre-com-develop.go-vip.co\/guatevision\/historico\/vuelta-lago-atitlan-inscribiste-evento\"]}]},{\"@type\":\"ImageObject\",\"inLanguage\":\"es-GT\",\"@id\":\"https:\/\/prensalibre-com-develop.go-vip.co\/guatevision\/historico\/vuelta-lago-atitlan-inscribiste-evento#primaryimage\",\"url\":\"https:\/\/prensalibre-com-develop.go-vip.co\/guatevision\/wp-content\/uploads\/sites\/2\/2016\/11\/14656316_915347505276015_6139285216491327695_n.jpg\",\"contentUrl\":\"https:\/\/prensalibre-com-develop.go-vip.co\/guatevision\/wp-content\/uploads\/sites\/2\/2016\/11\/14656316_915347505276015_6139285216491327695_n.jpg\",\"width\":660,\"height\":371,\"caption\":\"LAGO\"},{\"@type\":\"WebSite\",\"@id\":\"https:\/\/prensalibre-com-develop.go-vip.co\/guatevision\/#website\",\"url\":\"https:\/\/prensalibre-com-develop.go-vip.co\/guatevision\/\",\"name\":\"Guatevision\",\"description\":\"\u00a1Enciende Lo Bueno!\",\"publisher\":{\"@id\":\"https:\/\/prensalibre-com-develop.go-vip.co\/guatevision\/#organization\"},\"potentialAction\":[{\"@type\":\"SearchAction\",\"target\":{\"@type\":\"EntryPoint\",\"urlTemplate\":\"https:\/\/prensalibre-com-develop.go-vip.co\/guatevision\/?s={search_term_string}\"},\"query-input\":{\"@type\":\"PropertyValueSpecification\",\"valueRequired\":true,\"valueName\":\"search_term_string\"}}],\"inLanguage\":\"es-GT\"},{\"@type\":\"Organization\",\"@id\":\"https:\/\/prensalibre-com-develop.go-vip.co\/guatevision\/#organization\",\"name\":\"Guatevision\",\"url\":\"https:\/\/prensalibre-com-develop.go-vip.co\/guatevision\/\",\"logo\":{\"@type\":\"ImageObject\",\"inLanguage\":\"es-GT\",\"@id\":\"https:\/\/prensalibre-com-develop.go-vip.co\/guatevision\/#\/schema\/logo\/image\/\",\"url\":\"https:\/\/prensalibre-com-develop.go-vip.co\/guatevision\/wp-content\/uploads\/sites\/2\/2026\/04\/Diseno-sin-titulo.png\",\"contentUrl\":\"https:\/\/prensalibre-com-develop.go-vip.co\/guatevision\/wp-content\/uploads\/sites\/2\/2026\/04\/Diseno-sin-titulo.png\",\"width\":1000,\"height\":600,\"caption\":\"Guatevision\"},\"image\":{\"@id\":\"https:\/\/prensalibre-com-develop.go-vip.co\/guatevision\/#\/schema\/logo\/image\/\"}},{\"@type\":\"Person\",\"@id\":\"https:\/\/prensalibre-com-develop.go-vip.co\/guatevision\/#\/schema\/person\/7c26ea5ceee1b7266a573b2125e1c2aa\",\"name\":\"Redacci\u00f3n Guatevisi\u00f3n\",\"image\":{\"@type\":\"ImageObject\",\"inLanguage\":\"es-GT\",\"@id\":\"https:\/\/prensalibre-com-develop.go-vip.co\/guatevision\/#\/schema\/person\/image\/6d36cd161df0dff3760fc313fe2275f7\",\"url\":\"https:\/\/secure.gravatar.com\/avatar\/30137a0ea5fbd7114184dc546048a84bb0a0138981443c3af84a9d824dffdd9b?s=96&d=mm&r=g\",\"contentUrl\":\"https:\/\/secure.gravatar.com\/avatar\/30137a0ea5fbd7114184dc546048a84bb0a0138981443c3af84a9d824dffdd9b?s=96&d=mm&r=g\",\"caption\":\"Redacci\u00f3n Guatevisi\u00f3n\"},\"url\":\"https:\/\/prensalibre-com-develop.go-vip.co\/guatevision\/author\/redacciongtv\"}]}<\/script>\n<!-- \/ Yoast SEO plugin. -->","yoast_head_json":{"title":"Vuelta al lago de Atitl\u00e1n, \u00bfya te inscribiste? faltan 18 d\u00edas para este evento","description":"Vuelta al lago de Atitl\u00e1n, a 18 d\u00edas para que este evento sea realizado, no te pierdas de esta actividad, disfruta con toda tu familia.","robots":{"index":"index","follow":"follow","max-snippet":"max-snippet:-1","max-image-preview":"max-image-preview:large","max-video-preview":"max-video-preview:-1"},"canonical":"https:\/\/prensalibre-com-develop.go-vip.co\/guatevision\/historico\/vuelta-lago-atitlan-inscribiste-evento","og_locale":"es_ES","og_type":"article","og_title":"Vuelta al lago de Atitl\u00e1n, \u00bfya te inscribiste? faltan 18 d\u00edas para este evento","og_description":"Vuelta al lago de Atitl\u00e1n, a 18 d\u00edas para que este evento sea realizado, no te pierdas de esta actividad, disfruta con toda tu familia.","og_url":"https:\/\/prensalibre-com-develop.go-vip.co\/guatevision\/historico\/vuelta-lago-atitlan-inscribiste-evento","og_site_name":"Guatevision","article_published_time":"2016-11-19T16:00:22+00:00","article_modified_time":"2016-11-24T18:42:36+00:00","og_image":[{"width":660,"height":371,"url":"https:\/\/prensalibre-com-develop.go-vip.co\/guatevision\/wp-content\/uploads\/sites\/2\/2016\/11\/14656316_915347505276015_6139285216491327695_n.jpg?quality=82","type":"image\/jpeg"}],"author":"Redacci\u00f3n Guatevisi\u00f3n","twitter_card":"summary_large_image","twitter_misc":{"Written by":"Redacci\u00f3n Guatevisi\u00f3n","Est. reading time":"1 minute"},"schema":{"@context":"https:\/\/schema.org","@graph":[{"@type":"Article","@id":"https:\/\/prensalibre-com-develop.go-vip.co\/guatevision\/historico\/vuelta-lago-atitlan-inscribiste-evento#article","isPartOf":{"@id":"https:\/\/prensalibre-com-develop.go-vip.co\/guatevision\/historico\/vuelta-lago-atitlan-inscribiste-evento"},"author":{"name":"Redacci\u00f3n Guatevisi\u00f3n","@id":"https:\/\/prensalibre-com-develop.go-vip.co\/guatevision\/#\/schema\/person\/7c26ea5ceee1b7266a573b2125e1c2aa"},"headline":"Vuelta al lago de Atitl\u00e1n, \u00bfya te inscribiste? Faltan 18 d\u00edas para este evento","datePublished":"2016-11-19T16:00:22+00:00","dateModified":"2016-11-24T18:42:36+00:00","mainEntityOfPage":{"@id":"https:\/\/prensalibre-com-develop.go-vip.co\/guatevision\/historico\/vuelta-lago-atitlan-inscribiste-evento"},"wordCount":199,"commentCount":0,"publisher":{"@id":"https:\/\/prensalibre-com-develop.go-vip.co\/guatevision\/#organization"},"image":{"@id":"https:\/\/prensalibre-com-develop.go-vip.co\/guatevision\/historico\/vuelta-lago-atitlan-inscribiste-evento#primaryimage"},"thumbnailUrl":"https:\/\/prensalibre-com-develop.go-vip.co\/guatevision\/wp-content\/uploads\/sites\/2\/2016\/11\/14656316_915347505276015_6139285216491327695_n.jpg","keywords":["bicicletas","carrera","deportes","vuelta al lago"],"inLanguage":"es-GT","potentialAction":[{"@type":"CommentAction","name":"Comment","target":["https:\/\/prensalibre-com-develop.go-vip.co\/guatevision\/historico\/vuelta-lago-atitlan-inscribiste-evento#respond"]}]},{"@type":"WebPage","@id":"https:\/\/prensalibre-com-develop.go-vip.co\/guatevision\/historico\/vuelta-lago-atitlan-inscribiste-evento","url":"https:\/\/prensalibre-com-develop.go-vip.co\/guatevision\/historico\/vuelta-lago-atitlan-inscribiste-evento","name":"Vuelta al lago de Atitl\u00e1n, \u00bfya te inscribiste? faltan 18 d\u00edas para este evento","isPartOf":{"@id":"https:\/\/prensalibre-com-develop.go-vip.co\/guatevision\/#website"},"primaryImageOfPage":{"@id":"https:\/\/prensalibre-com-develop.go-vip.co\/guatevision\/historico\/vuelta-lago-atitlan-inscribiste-evento#primaryimage"},"image":{"@id":"https:\/\/prensalibre-com-develop.go-vip.co\/guatevision\/historico\/vuelta-lago-atitlan-inscribiste-evento#primaryimage"},"thumbnailUrl":"https:\/\/prensalibre-com-develop.go-vip.co\/guatevision\/wp-content\/uploads\/sites\/2\/2016\/11\/14656316_915347505276015_6139285216491327695_n.jpg","datePublished":"2016-11-19T16:00:22+00:00","dateModified":"2016-11-24T18:42:36+00:00","description":"Vuelta al lago de Atitl\u00e1n, a 18 d\u00edas para que este evento sea realizado, no te pierdas de esta actividad, disfruta con toda tu familia.","inLanguage":"es-GT","potentialAction":[{"@type":"ReadAction","target":["https:\/\/prensalibre-com-develop.go-vip.co\/guatevision\/historico\/vuelta-lago-atitlan-inscribiste-evento"]}]},{"@type":"ImageObject","inLanguage":"es-GT","@id":"https:\/\/prensalibre-com-develop.go-vip.co\/guatevision\/historico\/vuelta-lago-atitlan-inscribiste-evento#primaryimage","url":"https:\/\/prensalibre-com-develop.go-vip.co\/guatevision\/wp-content\/uploads\/sites\/2\/2016\/11\/14656316_915347505276015_6139285216491327695_n.jpg","contentUrl":"https:\/\/prensalibre-com-develop.go-vip.co\/guatevision\/wp-content\/uploads\/sites\/2\/2016\/11\/14656316_915347505276015_6139285216491327695_n.jpg","width":660,"height":371,"caption":"LAGO"},{"@type":"WebSite","@id":"https:\/\/prensalibre-com-develop.go-vip.co\/guatevision\/#website","url":"https:\/\/prensalibre-com-develop.go-vip.co\/guatevision\/","name":"Guatevision","description":"\u00a1Enciende Lo Bueno!","publisher":{"@id":"https:\/\/prensalibre-com-develop.go-vip.co\/guatevision\/#organization"},"potentialAction":[{"@type":"SearchAction","target":{"@type":"EntryPoint","urlTemplate":"https:\/\/prensalibre-com-develop.go-vip.co\/guatevision\/?s={search_term_string}"},"query-input":{"@type":"PropertyValueSpecification","valueRequired":true,"valueName":"search_term_string"}}],"inLanguage":"es-GT"},{"@type":"Organization","@id":"https:\/\/prensalibre-com-develop.go-vip.co\/guatevision\/#organization","name":"Guatevision","url":"https:\/\/prensalibre-com-develop.go-vip.co\/guatevision\/","logo":{"@type":"ImageObject","inLanguage":"es-GT","@id":"https:\/\/prensalibre-com-develop.go-vip.co\/guatevision\/#\/schema\/logo\/image\/","url":"https:\/\/prensalibre-com-develop.go-vip.co\/guatevision\/wp-content\/uploads\/sites\/2\/2026\/04\/Diseno-sin-titulo.png","contentUrl":"https:\/\/prensalibre-com-develop.go-vip.co\/guatevision\/wp-content\/uploads\/sites\/2\/2026\/04\/Diseno-sin-titulo.png","width":1000,"height":600,"caption":"Guatevision"},"image":{"@id":"https:\/\/prensalibre-com-develop.go-vip.co\/guatevision\/#\/schema\/logo\/image\/"}},{"@type":"Person","@id":"https:\/\/prensalibre-com-develop.go-vip.co\/guatevision\/#\/schema\/person\/7c26ea5ceee1b7266a573b2125e1c2aa","name":"Redacci\u00f3n Guatevisi\u00f3n","image":{"@type":"ImageObject","inLanguage":"es-GT","@id":"https:\/\/prensalibre-com-develop.go-vip.co\/guatevision\/#\/schema\/person\/image\/6d36cd161df0dff3760fc313fe2275f7","url":"https:\/\/secure.gravatar.com\/avatar\/30137a0ea5fbd7114184dc546048a84bb0a0138981443c3af84a9d824dffdd9b?s=96&d=mm&r=g","contentUrl":"https:\/\/secure.gravatar.com\/avatar\/30137a0ea5fbd7114184dc546048a84bb0a0138981443c3af84a9d824dffdd9b?s=96&d=mm&r=g","caption":"Redacci\u00f3n Guatevisi\u00f3n"},"url":"https:\/\/prensalibre-com-develop.go-vip.co\/guatevision\/author\/redacciongtv"}]}},"jetpack_sharing_enabled":true,"jetpack_featured_media_url":"https:\/\/prensalibre-com-develop.go-vip.co\/guatevision\/wp-content\/uploads\/sites\/2\/2016\/11\/14656316_915347505276015_6139285216491327695_n.jpg","_links":{"self":[{"href":"https:\/\/prensalibre-com-develop.go-vip.co\/guatevision\/wp-json\/wp\/v2\/posts\/9607","targetHints":{"allow":["GET"]}}],"collection":[{"href":"https:\/\/prensalibre-com-develop.go-vip.co\/guatevision\/wp-json\/wp\/v2\/posts"}],"about":[{"href":"https:\/\/prensalibre-com-develop.go-vip.co\/guatevision\/wp-json\/wp\/v2\/types\/post"}],"author":[{"embeddable":true,"href":"https:\/\/prensalibre-com-develop.go-vip.co\/guatevision\/wp-json\/wp\/v2\/users\/218"}],"replies":[{"embeddable":true,"href":"https:\/\/prensalibre-com-develop.go-vip.co\/guatevision\/wp-json\/wp\/v2\/comments?post=9607"}],"version-history":[{"count":0,"href":"https:\/\/prensalibre-com-develop.go-vip.co\/guatevision\/wp-json\/wp\/v2\/posts\/9607\/revisions"}],"wp:featuredmedia":[{"embeddable":true,"href":"https:\/\/prensalibre-com-develop.go-vip.co\/guatevision\/wp-json\/wp\/v2\/media\/9623"}],"wp:attachment":[{"href":"https:\/\/prensalibre-com-develop.go-vip.co\/guatevision\/wp-json\/wp\/v2\/media?parent=9607"}],"wp:term":[{"taxonomy":"category","embeddable":true,"href":"https:\/\/prensalibre-com-develop.go-vip.co\/guatevision\/wp-json\/wp\/v2\/categories?post=9607"},{"taxonomy":"etiqueta","embeddable":true,"href":"https:\/\/prensalibre-com-develop.go-vip.co\/guatevision\/wp-json\/wp\/v2\/etiqueta?post=9607"}],"curies":[{"name":"wp","href":"https:\/\/api.w.org\/{rel}","templated":true}]}}